{"id":185119,"date":"2021-12-25T18:39:57","date_gmt":"2021-12-25T21:39:57","guid":{"rendered":"https:\/\/aconteceunovale.com.br\/portal\/?p=185119"},"modified":"2021-12-26T11:42:39","modified_gmt":"2021-12-26T14:42:39","slug":"regiao-sul-da-bahia-tem-4-mil-desabrigados-por-chuvas","status":"publish","type":"post","link":"https:\/\/aconteceunovale.com.br\/portal\/?p=185119","title":{"rendered":"Regi\u00e3o Sul da Bahia tem 4 mil desabrigados por chuvas"},"content":{"rendered":"\n<p>Os n\u00fameros de desabrigados e desalojados no sul da Bahia por causa das chuvas que come\u00e7aram na \u00faltima quinta-feira (23\/12) v\u00eam aumentando. <\/p>\n\n\n\n<p>A Defesa Civil do estado e as prefeituras das cidades atingidas informaram ontem (25) que s\u00e3o quase 4,2 mil desabrigados e mais de 11,2 mil desalojados. Os feridos s\u00e3o 286 e 17 morreram nas enchentes. A popula\u00e7\u00e3o atingida chega perto de 380 mil pessoas de 66 munic\u00edpios, como Ilh\u00e9us, Porto Seguro, Prado e Vit\u00f3ria da Conquista.<\/p>\n\n\n\n<figure class=\"wp-block-gallery columns-1 is-cropped wp-block-gallery-1 is-layout-flex wp-block-gallery-is-layout-flex\"><ul class=\"blocks-gallery-grid\"><li class=\"blocks-gallery-item\"><figure><img loading=\"lazy\" decoding=\"async\" width=\"678\" height=\"406\" src=\"https:\/\/aconteceunovale.com.br\/portal\/wp-content\/uploads\/2021\/12\/chuva_bahia-1.jpg\" alt=\"\" data-id=\"185120\" data-full-url=\"https:\/\/aconteceunovale.com.br\/portal\/wp-content\/uploads\/2021\/12\/chuva_bahia-1.jpg\" data-link=\"https:\/\/aconteceunovale.com.br\/portal\/?attachment_id=185120\" class=\"wp-image-185120\" srcset=\"https:\/\/aconteceunovale.com.br\/portal\/wp-content\/uploads\/2021\/12\/chuva_bahia-1.jpg 678w, https:\/\/aconteceunovale.com.br\/portal\/wp-content\/uploads\/2021\/12\/chuva_bahia-1-300x180.jpg 300w\" sizes=\"auto, (max-width: 678px) 100vw, 678px\" \/><figcaption class=\"blocks-gallery-item__caption\"><em>Foto: Isac N\u00f3brega\/PR<\/em><\/figcaption><\/figure><\/li><\/ul><\/figure>\n\n\n\n<p>No Twitter, muitos moradores publicaram relatos e v\u00eddeos das inunda\u00e7\u00f5es. E o alerta sobre a regi\u00e3o deve continuar. Segundo o&nbsp; Instituto Nacional de Meteorologia (Inmet), a regi\u00e3o sul da Bahia continua com status de Perigo e Perigo Potencial para chuvas intensas.<\/p>\n\n\n\n<h2 class=\"wp-block-heading\">Mais chuvas<\/h2>\n\n\n\n<p>Nas \u00e1reas mais graves, existe a possibilidade de chuvas entre 30 e 60 mil\u00edmetros por hora e ventos entre 60 e 100 quil\u00f4metros por hora.<\/p>\n\n\n\n<p>De acordo com o Inmet, h\u00e1 risco de corte de energia el\u00e9trica, queda de galhos de \u00e1rvores, alagamentos e de descargas el\u00e9tricas.<\/p>\n\n\n\n<p>A Defesa Civil Nacional j\u00e1 liberou R$ 17,5 milh\u00f5es aos munic\u00edpios baianos afetados pelas chuvas para a\u00e7\u00f5es de resposta ao desastre natural e reconstru\u00e7\u00e3o de infraestrutura danificada.<\/p>\n\n\n\n<p>&#8212;&#8212;&#8212;&#8212;&#8212;&#8212;<br><em>Quer receber as not\u00edcias do <strong>Aconteceu no Vale<\/strong> em primeira m\u00e3o? Siga-nos no Facebook <a rel=\"noreferrer noopener\" href=\"http:\/\/facebook.com\/aconteceunovale\" target=\"_blank\">@aconteceunovale<\/a>, Twitter <a rel=\"noreferrer noopener\" href=\"https:\/\/twitter.com\/noticiadosvales\" target=\"_blank\">@noticiadosvales<\/a> e Instagram <a rel=\"noreferrer noopener\" href=\"https:\/\/www.instagram.com\/aconteceunovale\" target=\"_blank\">@aconteceunovale<\/a>.<\/em><\/p>\n","protected":false},"excerpt":{"rendered":"<p>Os n\u00fameros de desabrigados e desalojados no sul da Bahia por causa das chuvas que come\u00e7aram na \u00faltima quinta-feira (23\/12) v\u00eam aumentando. A Defesa Civil do estado e as prefeituras das cidades atingidas informaram ontem (25) que s\u00e3o quase 4,2 mil desabrigados e mais de 11,2 mil desalojados. Os feridos s\u00e3o 286 e 17 morreram [&hellip;]<\/p>\n","protected":false},"author":4,"featured_media":185120,"comment_status":"open","ping_status":"closed","sticky":false,"template":"","format":"standard","meta":{"amp_status":"","footnotes":""},"categories":[6],"tags":[138440,2379,256314,256315,256313,256312,1018,255778,22236,54659,423,33852,2842],"class_list":["post-185119","post","type-post","status-publish","format-standard","has-post-thumbnail","hentry","category-br","tag-ba","tag-bahia","tag-chuvas-na-bahia","tag-chuvas-no-sul-da-bahia","tag-desabrigados-na-bahia","tag-desabrigados-por-chuvas-na-bahia","tag-destaque","tag-enchentes-na-bahia","tag-ilheus","tag-inmet","tag-porto-seguro","tag-prado","tag-vitoria-da-conquista"],"_links":{"self":[{"href":"https:\/\/aconteceunovale.com.br\/portal\/index.php?rest_route=\/wp\/v2\/posts\/185119","targetHints":{"allow":["GET"]}}],"collection":[{"href":"https:\/\/aconteceunovale.com.br\/portal\/index.php?rest_route=\/wp\/v2\/posts"}],"about":[{"href":"https:\/\/aconteceunovale.com.br\/portal\/index.php?rest_route=\/wp\/v2\/types\/post"}],"author":[{"embeddable":true,"href":"https:\/\/aconteceunovale.com.br\/portal\/index.php?rest_route=\/wp\/v2\/users\/4"}],"replies":[{"embeddable":true,"href":"https:\/\/aconteceunovale.com.br\/portal\/index.php?rest_route=%2Fwp%2Fv2%2Fcomments&post=185119"}],"version-history":[{"count":2,"href":"https:\/\/aconteceunovale.com.br\/portal\/index.php?rest_route=\/wp\/v2\/posts\/185119\/revisions"}],"predecessor-version":[{"id":185123,"href":"https:\/\/aconteceunovale.com.br\/portal\/index.php?rest_route=\/wp\/v2\/posts\/185119\/revisions\/185123"}],"wp:featuredmedia":[{"embeddable":true,"href":"https:\/\/aconteceunovale.com.br\/portal\/index.php?rest_route=\/wp\/v2\/media\/185120"}],"wp:attachment":[{"href":"https:\/\/aconteceunovale.com.br\/portal\/index.php?rest_route=%2Fwp%2Fv2%2Fmedia&parent=185119"}],"wp:term":[{"taxonomy":"category","embeddable":true,"href":"https:\/\/aconteceunovale.com.br\/portal\/index.php?rest_route=%2Fwp%2Fv2%2Fcategories&post=185119"},{"taxonomy":"post_tag","embeddable":true,"href":"https:\/\/aconteceunovale.com.br\/portal\/index.php?rest_route=%2Fwp%2Fv2%2Ftags&post=185119"}],"curies":[{"name":"wp","href":"https:\/\/api.w.org\/{rel}","templated":true}]}}