{"id":185103,"date":"2021-12-24T15:18:58","date_gmt":"2021-12-24T18:18:58","guid":{"rendered":"https:\/\/aconteceunovale.com.br\/portal\/?p=185103"},"modified":"2021-12-24T15:21:31","modified_gmt":"2021-12-24T18:21:31","slug":"acidente-com-onibus-deixa-cinco-mortos-e-40-feridos-na-br-153","status":"publish","type":"post","link":"https:\/\/aconteceunovale.com.br\/portal\/?p=185103","title":{"rendered":"Acidente com \u00f4nibus deixa cinco mortos e v\u00e1rios feridos na BR-153"},"content":{"rendered":"\n<p>Cinco mortos e 40 feridos. Esse foi o saldo de um acidente com um \u00f4nibus na BR-153, em Aparecida de Goi\u00e2nia (GO), na madrugada desta\u00a0sexta-feira (24\/12\/2021). O ve\u00edculo da empresa Real Expresso caiu em um c\u00f3rrego ap\u00f3s bater em um carro e em um caminh\u00e3o. A trag\u00e9dia aconteceu no desvio pr\u00f3ximo a uma cratera na rodovia. Todos os sobreviventes j\u00e1 foram resgatados.<\/p>\n\n\n\n<figure class=\"wp-block-gallery columns-1 is-cropped wp-block-gallery-1 is-layout-flex wp-block-gallery-is-layout-flex\"><ul class=\"blocks-gallery-grid\"><li class=\"blocks-gallery-item\"><figure><img loading=\"lazy\" decoding=\"async\" width=\"678\" height=\"406\" src=\"https:\/\/aconteceunovale.com.br\/portal\/wp-content\/uploads\/2021\/12\/acidente_153.jpg\" alt=\"\" data-id=\"185104\" data-full-url=\"https:\/\/aconteceunovale.com.br\/portal\/wp-content\/uploads\/2021\/12\/acidente_153.jpg\" data-link=\"https:\/\/aconteceunovale.com.br\/portal\/?attachment_id=185104\" class=\"wp-image-185104\" srcset=\"https:\/\/aconteceunovale.com.br\/portal\/wp-content\/uploads\/2021\/12\/acidente_153.jpg 678w, https:\/\/aconteceunovale.com.br\/portal\/wp-content\/uploads\/2021\/12\/acidente_153-300x180.jpg 300w\" sizes=\"auto, (max-width: 678px) 100vw, 678px\" \/><figcaption class=\"blocks-gallery-item__caption\"><em>Foto: Corpo de Bombeiros Militar do estado de Goi\u00e1s \/ Divulga\u00e7\u00e3o<\/em><\/figcaption><\/figure><\/li><\/ul><\/figure>\n\n\n\n<p>De acordo com informa\u00e7\u00f5es da Triunfo Concebra, concession\u00e1ria que administra a rodovia, 46 pessoas estavam envolvidas no acidente. Al\u00e9m das v\u00edtimas do \u00f4nibus, o motorista do caminh\u00e3o tamb\u00e9m se feriu.<\/p>\n\n\n\n<p>A Pol\u00edcia Rodovi\u00e1ria Federal (PRF) informou que o \u00f4nibus saiu de S\u00e3o Paulo e seguia para Bras\u00edlia. Chovia no momento do acidente.<\/p>\n\n\n\n<p>Em nota, a Real Expresso lamentou a trag\u00e9dia e informou que suas equipes est\u00e3o dando todo o atendimento m\u00e9dico e hospitalar \u00e0s v\u00edtimas. Al\u00e9m disso, a empresa explicou que as causas do acidente ser\u00e3o apuradas internamente e tamb\u00e9m pelas investiga\u00e7\u00f5es oficiais.<\/p>\n\n\n\n<p>A Triunfo Concebra informou, ainda, que o \u00f4nibus n\u00e3o respeitou a sinaliza\u00e7\u00e3o e invadiu a divis\u00e3o entre as pistas da rodovia que est\u00e1 funcionando em sentido de m\u00e3o dupla, bateu na lateral de uma viatura da concession\u00e1ria e de frente a uma carreta.<\/p>\n\n\n\n<p>Os feridos foram levados para o Hospital de Urg\u00eancias de Goi\u00e2nia, Hospital de Urg\u00eancias de Aparecida de Goi\u00e2nia e unidades de pronto atendimento nas duas cidades. As pessoas que n\u00e3o se machucaram foram realocadas em outro \u00f4nibus da empresa.<\/p>\n\n\n\n<h2 class=\"wp-block-heading\">V\u00edtimas<\/h2>\n\n\n\n<ul class=\"wp-block-list\"><li>Dois homens de 74 anos<\/li><li>Mulher de 67 anos, esposa de um dos homens de 74 anos<\/li><li>Homem de 26 anos<\/li><li>Mulher ainda n\u00e3o identificada<\/li><\/ul>\n\n\n\n<p>&#8212;&#8212;&#8212;&#8212;&#8212;&#8212;<br><em>Quer receber as not\u00edcias do <strong>Aconteceu no Vale<\/strong> em primeira m\u00e3o? Siga-nos no Facebook <a rel=\"noreferrer noopener\" href=\"http:\/\/facebook.com\/aconteceunovale\" target=\"_blank\">@aconteceunovale<\/a>, Twitter <a rel=\"noreferrer noopener\" href=\"https:\/\/twitter.com\/noticiadosvales\" target=\"_blank\">@noticiadosvales<\/a> e Instagram <a rel=\"noreferrer noopener\" href=\"https:\/\/www.instagram.com\/aconteceunovale\" target=\"_blank\">@aconteceunovale<\/a>.<\/em><\/p>\n","protected":false},"excerpt":{"rendered":"<p>Cinco mortos e 40 feridos. Esse foi o saldo de um acidente com um \u00f4nibus na BR-153, em Aparecida de Goi\u00e2nia (GO), na madrugada desta\u00a0sexta-feira (24\/12\/2021). O ve\u00edculo da empresa Real Expresso caiu em um c\u00f3rrego ap\u00f3s bater em um carro e em um caminh\u00e3o. A trag\u00e9dia aconteceu no desvio pr\u00f3ximo a uma cratera na [&hellip;]<\/p>\n","protected":false},"author":4,"featured_media":185104,"comment_status":"open","ping_status":"closed","sticky":false,"template":"","format":"standard","meta":{"amp_status":"","footnotes":""},"categories":[6],"tags":[256298,256300,256290,256296,256295,256297,256293,256291,256292,256294,2378,49985,4606,1018,4609,14426,239,256299,2382,49988],"class_list":["post-185103","post","type-post","status-publish","format-standard","has-post-thumbnail","hentry","category-br","tag-acidente-com-onibus-da-real-expresso","tag-acidente-com-onibus-da-real-expresso-na-br-153","tag-acidente-com-onibus-deixa-cinco-mortos-e-varios-feridos-na-br-153","tag-acidente-com-onibus-em-goias","tag-acidente-com-onibus-na-br-153","tag-acidente-com-onibus-que-seguia-de-sao-paulo-para-brasilia","tag-acidente-em-aparecida-de-goiania","tag-acidente-na-br-153","tag-acidente-na-br-153-em-aparecida-de-goiania","tag-acidente-na-br-153-em-goias","tag-aparecida-de-goiania","tag-br-153","tag-brasilia","tag-destaque","tag-goiania","tag-goias","tag-prf","tag-real-expresso","tag-sao-paulo","tag-triunfo-concebra"],"_links":{"self":[{"href":"https:\/\/aconteceunovale.com.br\/portal\/index.php?rest_route=\/wp\/v2\/posts\/185103","targetHints":{"allow":["GET"]}}],"collection":[{"href":"https:\/\/aconteceunovale.com.br\/portal\/index.php?rest_route=\/wp\/v2\/posts"}],"about":[{"href":"https:\/\/aconteceunovale.com.br\/portal\/index.php?rest_route=\/wp\/v2\/types\/post"}],"author":[{"embeddable":true,"href":"https:\/\/aconteceunovale.com.br\/portal\/index.php?rest_route=\/wp\/v2\/users\/4"}],"replies":[{"embeddable":true,"href":"https:\/\/aconteceunovale.com.br\/portal\/index.php?rest_route=%2Fwp%2Fv2%2Fcomments&post=185103"}],"version-history":[{"count":2,"href":"https:\/\/aconteceunovale.com.br\/portal\/index.php?rest_route=\/wp\/v2\/posts\/185103\/revisions"}],"predecessor-version":[{"id":185106,"href":"https:\/\/aconteceunovale.com.br\/portal\/index.php?rest_route=\/wp\/v2\/posts\/185103\/revisions\/185106"}],"wp:featuredmedia":[{"embeddable":true,"href":"https:\/\/aconteceunovale.com.br\/portal\/index.php?rest_route=\/wp\/v2\/media\/185104"}],"wp:attachment":[{"href":"https:\/\/aconteceunovale.com.br\/portal\/index.php?rest_route=%2Fwp%2Fv2%2Fmedia&parent=185103"}],"wp:term":[{"taxonomy":"category","embeddable":true,"href":"https:\/\/aconteceunovale.com.br\/portal\/index.php?rest_route=%2Fwp%2Fv2%2Fcategories&post=185103"},{"taxonomy":"post_tag","embeddable":true,"href":"https:\/\/aconteceunovale.com.br\/portal\/index.php?rest_route=%2Fwp%2Fv2%2Ftags&post=185103"}],"curies":[{"name":"wp","href":"https:\/\/api.w.org\/{rel}","templated":true}]}}