{"id":185099,"date":"2021-12-24T11:13:58","date_gmt":"2021-12-24T14:13:58","guid":{"rendered":"https:\/\/aconteceunovale.com.br\/portal\/?p=185099"},"modified":"2021-12-24T11:15:42","modified_gmt":"2021-12-24T14:15:42","slug":"governador-diz-que-carnaval-na-bahia-em-2022-ficou-impossivel","status":"publish","type":"post","link":"https:\/\/aconteceunovale.com.br\/portal\/?p=185099","title":{"rendered":"Governador diz que carnaval na Bahia em 2022 ficou imposs\u00edvel"},"content":{"rendered":"\n<p>O governador da Bahia, Rui Costa, afirmou nesta quinta-feira (23\/12\/2021) que \u201cficou imposs\u00edvel\u201d a realiza\u00e7\u00e3o do carnaval no estado em 2022. O carnaval baiano, especialmente o de Salvador, \u00e9 um dos mais tradicionais e concorridos de todo o pa\u00eds.<\/p>\n\n\n\n<figure class=\"wp-block-gallery columns-1 is-cropped wp-block-gallery-1 is-layout-flex wp-block-gallery-is-layout-flex\"><ul class=\"blocks-gallery-grid\"><li class=\"blocks-gallery-item\"><figure><img loading=\"lazy\" decoding=\"async\" width=\"678\" height=\"406\" src=\"https:\/\/aconteceunovale.com.br\/portal\/wp-content\/uploads\/2021\/12\/carnaval_bahia.jpg\" alt=\"\" data-id=\"185100\" data-full-url=\"https:\/\/aconteceunovale.com.br\/portal\/wp-content\/uploads\/2021\/12\/carnaval_bahia.jpg\" data-link=\"https:\/\/aconteceunovale.com.br\/portal\/?attachment_id=185100\" class=\"wp-image-185100\" srcset=\"https:\/\/aconteceunovale.com.br\/portal\/wp-content\/uploads\/2021\/12\/carnaval_bahia.jpg 678w, https:\/\/aconteceunovale.com.br\/portal\/wp-content\/uploads\/2021\/12\/carnaval_bahia-300x180.jpg 300w\" sizes=\"auto, (max-width: 678px) 100vw, 678px\" \/><figcaption class=\"blocks-gallery-item__caption\"><em>Circuito Batatinha anima foli\u00f5es em Salvador &#8211; Foto: Valter Pontes\/Agecom\/via Ag\u00eancia Brasil<\/em><\/figcaption><\/figure><\/li><\/ul><\/figure>\n\n\n\n<p><em>\u201cSe, no in\u00edcio de dezembro, estava dif\u00edcil fazer o carnaval, agora ficou imposs\u00edvel. S\u00f3 uma pessoa completamente irrespons\u00e1vel autorizaria o carnaval nessas condi\u00e7\u00f5es. N\u00f3s continuamos tendo mortes pelo coronav\u00edrus e passamos a ter mortes por outro v\u00edrus da gripe\u201d, <\/em>afirmou Costa em um evento de inaugura\u00e7\u00e3o em um hospital.<\/p>\n\n\n\n<p>Costa reiterou que considera irresponsabilidade com a vida das pessoas falar sobre carnaval neste momento e, sem dar detalhes, sinalizou que a festa n\u00e3o seria poss\u00edvel da forma como era realizada antes da pandemia.<\/p>\n\n\n\n<p><em>\u201cN\u00e3o teremos carnaval neste modelo que a gente conhece de carnaval. N\u00e3o h\u00e1 nenhuma condi\u00e7\u00e3o de ter festa em larga escala. J\u00e1 temos risco suficiente admitindo festas com 5 mil pessoas, imagina com 3 milh\u00f5es de pessoas\u201d,<\/em> disse o governador, ao lembrar muitos pa\u00edses est\u00e3o aumentando o rigor quanto \u00e0 circula\u00e7\u00e3o de pessoas e fechando fronteiras.<img decoding=\"async\" src=\"https:\/\/agenciabrasil.ebc.com.br\/ebc.png?id=1433655&amp;o=node\"><img decoding=\"async\" src=\"https:\/\/agenciabrasil.ebc.com.br\/ebc.gif?id=1433655&amp;o=node\"><\/p>\n\n\n\n<h2 class=\"wp-block-heading\">Blocos<\/h2>\n\n\n\n<p>V\u00e1rios blocos j\u00e1 haviam anunciado que n\u00e3o desfilariam no ano que vem, adiando a participa\u00e7\u00e3o para o carnaval de 2023. \u00c9 o caso dos blocos Camale\u00e3o, comandado por Bel Marques (ex-Chiclete com Banana), Vumbora, Nana e da Quinta.<\/p>\n\n\n\n<p>No in\u00edcio do m\u00eas, o Bloco Eva, que tem mais de tr\u00eas d\u00e9cadas de hist\u00f3ria e lan\u00e7ou Ivete Sangalo no cen\u00e1rio musical, informou que n\u00e3o desfilaria em 2022.<em> \u201cEssa decis\u00e3o foi tomada por entendermos que n\u00e3o h\u00e1 mais o tempo h\u00e1bil necess\u00e1rio para a ado\u00e7\u00e3o de todas as medidas que garantam a entrega de servi\u00e7os e produtos\u201d,<\/em> dizia o bloco em nota.<\/p>\n\n\n\n<p>&#8212;&#8212;&#8212;&#8212;&#8212;&#8212;<br><em>Quer receber as not\u00edcias do <strong>Aconteceu no Vale<\/strong> em primeira m\u00e3o? Siga-nos no Facebook <a rel=\"noreferrer noopener\" href=\"http:\/\/facebook.com\/aconteceunovale\" target=\"_blank\">@aconteceunovale<\/a>, Twitter <a rel=\"noreferrer noopener\" href=\"https:\/\/twitter.com\/noticiadosvales\" target=\"_blank\">@noticiadosvales<\/a> e Instagram <a rel=\"noreferrer noopener\" href=\"https:\/\/www.instagram.com\/aconteceunovale\" target=\"_blank\">@aconteceunovale<\/a>.<\/em><\/p>\n","protected":false},"excerpt":{"rendered":"<p>O governador da Bahia, Rui Costa, afirmou nesta quinta-feira (23\/12\/2021) que \u201cficou imposs\u00edvel\u201d a realiza\u00e7\u00e3o do carnaval no estado em 2022. O carnaval baiano, especialmente o de Salvador, \u00e9 um dos mais tradicionais e concorridos de todo o pa\u00eds. \u201cSe, no in\u00edcio de dezembro, estava dif\u00edcil fazer o carnaval, agora ficou imposs\u00edvel. S\u00f3 uma pessoa [&hellip;]<\/p>\n","protected":false},"author":4,"featured_media":185100,"comment_status":"open","ping_status":"closed","sticky":false,"template":"","format":"standard","meta":{"amp_status":"","footnotes":""},"categories":[6,125],"tags":[2379,256288,4108,256254,256287,256285,255054,234961,1018,27830,256286,6531,256289],"class_list":["post-185099","post","type-post","status-publish","format-standard","has-post-thumbnail","hentry","category-br","category-noticias","tag-bahia","tag-cancelamento-do-carnaval-na-bahia","tag-carnaval","tag-carnaval-2022","tag-carnaval-2022-na-bahia","tag-carnaval-da-bahia","tag-carnaval-em-salvador","tag-carnaval-na-bahia","tag-destaque","tag-governador-da-bahia","tag-rui-costa","tag-salvador","tag-suspensao-do-carnaval-na-bahia"],"_links":{"self":[{"href":"https:\/\/aconteceunovale.com.br\/portal\/index.php?rest_route=\/wp\/v2\/posts\/185099","targetHints":{"allow":["GET"]}}],"collection":[{"href":"https:\/\/aconteceunovale.com.br\/portal\/index.php?rest_route=\/wp\/v2\/posts"}],"about":[{"href":"https:\/\/aconteceunovale.com.br\/portal\/index.php?rest_route=\/wp\/v2\/types\/post"}],"author":[{"embeddable":true,"href":"https:\/\/aconteceunovale.com.br\/portal\/index.php?rest_route=\/wp\/v2\/users\/4"}],"replies":[{"embeddable":true,"href":"https:\/\/aconteceunovale.com.br\/portal\/index.php?rest_route=%2Fwp%2Fv2%2Fcomments&post=185099"}],"version-history":[{"count":2,"href":"https:\/\/aconteceunovale.com.br\/portal\/index.php?rest_route=\/wp\/v2\/posts\/185099\/revisions"}],"predecessor-version":[{"id":185102,"href":"https:\/\/aconteceunovale.com.br\/portal\/index.php?rest_route=\/wp\/v2\/posts\/185099\/revisions\/185102"}],"wp:featuredmedia":[{"embeddable":true,"href":"https:\/\/aconteceunovale.com.br\/portal\/index.php?rest_route=\/wp\/v2\/media\/185100"}],"wp:attachment":[{"href":"https:\/\/aconteceunovale.com.br\/portal\/index.php?rest_route=%2Fwp%2Fv2%2Fmedia&parent=185099"}],"wp:term":[{"taxonomy":"category","embeddable":true,"href":"https:\/\/aconteceunovale.com.br\/portal\/index.php?rest_route=%2Fwp%2Fv2%2Fcategories&post=185099"},{"taxonomy":"post_tag","embeddable":true,"href":"https:\/\/aconteceunovale.com.br\/portal\/index.php?rest_route=%2Fwp%2Fv2%2Ftags&post=185099"}],"curies":[{"name":"wp","href":"https:\/\/api.w.org\/{rel}","templated":true}]}}