{"id":185078,"date":"2021-12-22T19:53:41","date_gmt":"2021-12-22T22:53:41","guid":{"rendered":"https:\/\/aconteceunovale.com.br\/portal\/?p=185078"},"modified":"2021-12-22T19:55:35","modified_gmt":"2021-12-22T22:55:35","slug":"bolsonaro-sanciona-lei-que-destina-r-300-milhoes-para-o-auxilio-gas","status":"publish","type":"post","link":"https:\/\/aconteceunovale.com.br\/portal\/?p=185078","title":{"rendered":"Bolsonaro sanciona lei que destina R$ 300 milh\u00f5es para o aux\u00edlio g\u00e1s"},"content":{"rendered":"\n<p>O presidente Jair Bolsonaro sancionou hoje (22\/12\/2021) o projeto de lei que abre cr\u00e9dito especial de R$ 300 milh\u00f5es para custear o aux\u00edlio g\u00e1s.<img decoding=\"async\" src=\"https:\/\/agenciabrasil.ebc.com.br\/ebc.png?id=1433523&amp;o=node\"><img decoding=\"async\" src=\"https:\/\/agenciabrasil.ebc.com.br\/ebc.gif?id=1433523&amp;o=node\"> Os recursos v\u00e3o ajudar fam\u00edlias de baixa renda na compra do g\u00e1s de cozinha com o equivalente a cerca de 40% do pre\u00e7o do botij\u00e3o. A mat\u00e9ria foi aprovada no\u00a0Congresso Nacional\u00a0na semana passada.<\/p>\n\n\n\n<figure class=\"wp-block-gallery columns-1 is-cropped wp-block-gallery-1 is-layout-flex wp-block-gallery-is-layout-flex\"><ul class=\"blocks-gallery-grid\"><li class=\"blocks-gallery-item\"><figure><img loading=\"lazy\" decoding=\"async\" width=\"678\" height=\"406\" src=\"https:\/\/aconteceunovale.com.br\/portal\/wp-content\/uploads\/2021\/12\/gas_de_cozinha.jpg\" alt=\"\" data-id=\"184503\" data-full-url=\"https:\/\/aconteceunovale.com.br\/portal\/wp-content\/uploads\/2021\/12\/gas_de_cozinha.jpg\" data-link=\"https:\/\/aconteceunovale.com.br\/portal\/?attachment_id=184503\" class=\"wp-image-184503\" srcset=\"https:\/\/aconteceunovale.com.br\/portal\/wp-content\/uploads\/2021\/12\/gas_de_cozinha.jpg 678w, https:\/\/aconteceunovale.com.br\/portal\/wp-content\/uploads\/2021\/12\/gas_de_cozinha-300x180.jpg 300w\" sizes=\"auto, (max-width: 678px) 100vw, 678px\" \/><figcaption class=\"blocks-gallery-item__caption\"><em>Foto: Marcello Casal Jr \/ Ag\u00eancia Brasil<\/em><\/figcaption><\/figure><\/li><\/ul><\/figure>\n\n\n\n<p>Segundo o governo federal, a previs\u00e3o \u00e9 que o benef\u00edcio alcance mais de cinco milh\u00f5es de fam\u00edlias de baixa renda em todo o pa\u00eds.<\/p>\n\n\n\n<p>Ser\u00e3o beneficiadas fam\u00edlias inscritas no Cadastro \u00danico para Programas Sociais do Governo Federal (Cad\u00danico), com renda familiar mensal&nbsp;<em>per capita<\/em>&nbsp;menor ou igual a meio sal\u00e1rio m\u00ednimo, ou que morem na mesma casa de benefici\u00e1rio do Benef\u00edcio de Presta\u00e7\u00e3o Continuada (BPC).<\/p>\n\n\n\n<p>O aux\u00edlio ser\u00e1 concedido preferencialmente \u00e0s fam\u00edlias com mulheres v\u00edtimas de viol\u00eancia dom\u00e9stica sob o monitoramento de medidas protetivas de urg\u00eancia.<\/p>\n\n\n\n<p>A prefer\u00eancia de pagamento ser\u00e1 para a mulher respons\u00e1vel pela fam\u00edlia. O aux\u00edlio do programa G\u00e1s dos Brasileiros deve ser concedido a cada bimestre.<\/p>\n\n\n\n<p>&#8212;&#8212;&#8212;&#8212;&#8212;&#8212;<br><em>Quer receber as not\u00edcias do <strong>Aconteceu no Vale<\/strong> em primeira m\u00e3o? Siga-nos no Facebook <a rel=\"noreferrer noopener\" href=\"http:\/\/facebook.com\/aconteceunovale\" target=\"_blank\">@aconteceunovale<\/a>, Twitter <a rel=\"noreferrer noopener\" href=\"https:\/\/twitter.com\/noticiadosvales\" target=\"_blank\">@noticiadosvales<\/a> e Instagram <a rel=\"noreferrer noopener\" href=\"https:\/\/www.instagram.com\/aconteceunovale\" target=\"_blank\">@aconteceunovale<\/a>.<\/em><\/p>\n","protected":false},"excerpt":{"rendered":"<p>O presidente Jair Bolsonaro sancionou hoje (22\/12\/2021) o projeto de lei que abre cr\u00e9dito especial de R$ 300 milh\u00f5es para custear o aux\u00edlio g\u00e1s. Os recursos v\u00e3o ajudar fam\u00edlias de baixa renda na compra do g\u00e1s de cozinha com o equivalente a cerca de 40% do pre\u00e7o do botij\u00e3o. A mat\u00e9ria foi aprovada no\u00a0Congresso Nacional\u00a0na [&hellip;]<\/p>\n","protected":false},"author":4,"featured_media":184503,"comment_status":"open","ping_status":"closed","sticky":false,"template":"","format":"standard","meta":{"amp_status":"","footnotes":""},"categories":[6],"tags":[252069,252067,20922,48796,252071,1018,252070,252068,254687,190881,255046,255045,255044,255043,21938,203331],"class_list":["post-185078","post","type-post","status-publish","format-standard","has-post-thumbnail","hentry","category-br","tag-auxilio-gas-de-cozinha","tag-auxilio-gas-social","tag-camara-dos-deputados","tag-congresso-nacional","tag-deputado-christiano-aureo","tag-destaque","tag-gas-de-cozinha-para-familias-de-baixa-renda","tag-gas-social","tag-lei-que-institui-o-auxilio-gas-e-sancionada","tag-ministerio-da-cidadania","tag-qual-o-valor-do-vale-gas","tag-quando-comeca-a-pagar-o-vale-gas","tag-quando-sera-pago-o-vale-gas","tag-quem-tem-direito-ao-vale-gas","tag-senado","tag-vale-gas"],"_links":{"self":[{"href":"https:\/\/aconteceunovale.com.br\/portal\/index.php?rest_route=\/wp\/v2\/posts\/185078","targetHints":{"allow":["GET"]}}],"collection":[{"href":"https:\/\/aconteceunovale.com.br\/portal\/index.php?rest_route=\/wp\/v2\/posts"}],"about":[{"href":"https:\/\/aconteceunovale.com.br\/portal\/index.php?rest_route=\/wp\/v2\/types\/post"}],"author":[{"embeddable":true,"href":"https:\/\/aconteceunovale.com.br\/portal\/index.php?rest_route=\/wp\/v2\/users\/4"}],"replies":[{"embeddable":true,"href":"https:\/\/aconteceunovale.com.br\/portal\/index.php?rest_route=%2Fwp%2Fv2%2Fcomments&post=185078"}],"version-history":[{"count":1,"href":"https:\/\/aconteceunovale.com.br\/portal\/index.php?rest_route=\/wp\/v2\/posts\/185078\/revisions"}],"predecessor-version":[{"id":185079,"href":"https:\/\/aconteceunovale.com.br\/portal\/index.php?rest_route=\/wp\/v2\/posts\/185078\/revisions\/185079"}],"wp:featuredmedia":[{"embeddable":true,"href":"https:\/\/aconteceunovale.com.br\/portal\/index.php?rest_route=\/wp\/v2\/media\/184503"}],"wp:attachment":[{"href":"https:\/\/aconteceunovale.com.br\/portal\/index.php?rest_route=%2Fwp%2Fv2%2Fmedia&parent=185078"}],"wp:term":[{"taxonomy":"category","embeddable":true,"href":"https:\/\/aconteceunovale.com.br\/portal\/index.php?rest_route=%2Fwp%2Fv2%2Fcategories&post=185078"},{"taxonomy":"post_tag","embeddable":true,"href":"https:\/\/aconteceunovale.com.br\/portal\/index.php?rest_route=%2Fwp%2Fv2%2Ftags&post=185078"}],"curies":[{"name":"wp","href":"https:\/\/api.w.org\/{rel}","templated":true}]}}