{"id":185074,"date":"2021-12-22T15:52:15","date_gmt":"2021-12-22T18:52:15","guid":{"rendered":"https:\/\/aconteceunovale.com.br\/portal\/?p=185074"},"modified":"2021-12-22T15:55:39","modified_gmt":"2021-12-22T18:55:39","slug":"ano-de-2022-tera-apenas-um-feriado-nacional-prolongado","status":"publish","type":"post","link":"https:\/\/aconteceunovale.com.br\/portal\/?p=185074","title":{"rendered":"Ano de 2022 ter\u00e1 apenas um feriado nacional prolongado"},"content":{"rendered":"\n<p>O ano de 2022 ter\u00e1 apenas um feriado nacional prolongado, a Paix\u00e3o de Cristo, dia&nbsp;15 de abril, que tradicionalmente cai em uma sexta-feira, podendo ser emendado com o fim de semana. Isso sem considerar os feriados estaduais e municipais e festejos como o carnaval, que \u00e9 ponto facultativo (algumas cidades adotam como feriado) e vai de segunda a quarta-feira, dias&nbsp;28 de fevereiro, 1\u00ba e&nbsp;2 de mar\u00e7o.<img decoding=\"async\" src=\"https:\/\/agenciabrasil.ebc.com.br\/ebc.png?id=1433428&amp;o=node\"><img decoding=\"async\" src=\"https:\/\/agenciabrasil.ebc.com.br\/ebc.gif?id=1433428&amp;o=node\"><\/p>\n\n\n\n<p>A portaria do Minist\u00e9rio da Economia, que estabelece os dias de descanso no \u00e2mbito da administra\u00e7\u00e3o p\u00fablica federal, foi publicada&nbsp;hoje&nbsp;(22) no&nbsp;<a href=\"https:\/\/www.in.gov.br\/en\/web\/dou\/-\/portaria-me-n-14.817-de-20-de-dezembro-de-2021-369345454\" target=\"_blank\" rel=\"noreferrer noopener\"><em>Di\u00e1rio Oficial da Uni\u00e3o<\/em><\/a>. Os feriados estaduais e municipais tamb\u00e9m ser\u00e3o observados nas respectivas localidades, e os servi\u00e7os considerados essenciais dever\u00e3o ser preservados nesses dias.<\/p>\n\n\n\n<p>Tr\u00eas feriados nacionais ser\u00e3o celebrados nos fins de semana, come\u00e7ando com 1\u00ba de janeiro, dia da Confraterniza\u00e7\u00e3o Universal e celebra\u00e7\u00e3o do Ano-Novo, que ser\u00e1 s\u00e1bado. Dias 1\u00ba de maio (Dia Mundial do Trabalho) e&nbsp;25 de dezembro&nbsp;(Natal) ser\u00e3o no&nbsp;domingo.<\/p>\n\n\n\n<p>Al\u00e9m desses, tamb\u00e9m s\u00e3o considerados feriados nacionais os dias\u00a021 de abril\u00a0(Tiradentes),\u00a07 de setembro\u00a0(Independ\u00eancia do Brasil),\u00a012 de outubro\u00a0(Nossa Senhora Aparecida),\u00a02 de novembro\u00a0(Finados) e\u00a015 de novembro\u00a0(Proclama\u00e7\u00e3o da Rep\u00fablica).\u00a0Na lista do Minist\u00e9rio da Economia tamb\u00e9m est\u00e3o os pontos facultativos de\u00a016 de junho\u00a0(Corpus Christi) e\u00a028 de outubro\u00a0(Dia do Servidor P\u00fablico).<\/p>\n\n\n\n<h3 class=\"has-text-align-center wp-block-heading\"><strong>Feriados nacionais e pontos facultativos de 2022<\/strong><\/h3>\n\n\n\n<div class=\"wp-block-image\"><figure class=\"aligncenter size-large\"><img loading=\"lazy\" decoding=\"async\" width=\"402\" height=\"450\" src=\"https:\/\/aconteceunovale.com.br\/portal\/wp-content\/uploads\/2021\/12\/feriados_2022_1.png\" alt=\"\" class=\"wp-image-185075\" srcset=\"https:\/\/aconteceunovale.com.br\/portal\/wp-content\/uploads\/2021\/12\/feriados_2022_1.png 402w, https:\/\/aconteceunovale.com.br\/portal\/wp-content\/uploads\/2021\/12\/feriados_2022_1-268x300.png 268w, https:\/\/aconteceunovale.com.br\/portal\/wp-content\/uploads\/2021\/12\/feriados_2022_1-375x420.png 375w\" sizes=\"auto, (max-width: 402px) 100vw, 402px\" \/><figcaption><em><span class=\"has-inline-color has-cyan-bluish-gray-color\">Arte: Ag\u00eancia Brasil<\/span><\/em><\/figcaption><\/figure><\/div>\n\n\n\n<p>&#8212;&#8212;&#8212;&#8212;&#8212;&#8212;<br><em>Quer receber as not\u00edcias do <strong>Aconteceu no Vale<\/strong> em primeira m\u00e3o? Siga-nos no Facebook <a rel=\"noreferrer noopener\" href=\"http:\/\/facebook.com\/aconteceunovale\" target=\"_blank\">@aconteceunovale<\/a>, Twitter <a rel=\"noreferrer noopener\" href=\"https:\/\/twitter.com\/noticiadosvales\" target=\"_blank\">@noticiadosvales<\/a> e Instagram <a rel=\"noreferrer noopener\" href=\"https:\/\/www.instagram.com\/aconteceunovale\" target=\"_blank\">@aconteceunovale<\/a>.<\/em><\/p>\n","protected":false},"excerpt":{"rendered":"<p>O ano de 2022 ter\u00e1 apenas um feriado nacional prolongado, a Paix\u00e3o de Cristo, dia&nbsp;15 de abril, que tradicionalmente cai em uma sexta-feira, podendo ser emendado com o fim de semana. Isso sem considerar os feriados estaduais e municipais e festejos como o carnaval, que \u00e9 ponto facultativo (algumas cidades adotam como feriado) e vai [&hellip;]<\/p>\n","protected":false},"author":4,"featured_media":185076,"comment_status":"open","ping_status":"closed","sticky":false,"template":"","format":"standard","meta":{"amp_status":"","footnotes":""},"categories":[6],"tags":[256252,256254,256259,1018,256263,256262,256258,256260,256261,256253,256250,256251,256265,256256,256266,256264,256255,256257],"class_list":["post-185074","post","type-post","status-publish","format-standard","has-post-thumbnail","hentry","category-br","tag-calendario-de-feriados-em-2022","tag-carnaval-2022","tag-corpus-christi-2022","tag-destaque","tag-dia-de-finados-2022","tag-dia-do-servidor-publico-2022","tag-dia-do-trabalho-2022","tag-feriado-da-independencia-em-2022","tag-feriado-da-padroeira-2022","tag-feriado-de-ano-novo-2022","tag-feriado-nacional-prolongado-em-2022","tag-feriados-em-2022","tag-natal-2022","tag-paixao-de-cristo-2022","tag-pontos-facultativos-em-2022","tag-proclamacao-da-republica-2022","tag-quarta-feira-de-cinzas-2022","tag-tiradentes-2022"],"_links":{"self":[{"href":"https:\/\/aconteceunovale.com.br\/portal\/index.php?rest_route=\/wp\/v2\/posts\/185074","targetHints":{"allow":["GET"]}}],"collection":[{"href":"https:\/\/aconteceunovale.com.br\/portal\/index.php?rest_route=\/wp\/v2\/posts"}],"about":[{"href":"https:\/\/aconteceunovale.com.br\/portal\/index.php?rest_route=\/wp\/v2\/types\/post"}],"author":[{"embeddable":true,"href":"https:\/\/aconteceunovale.com.br\/portal\/index.php?rest_route=\/wp\/v2\/users\/4"}],"replies":[{"embeddable":true,"href":"https:\/\/aconteceunovale.com.br\/portal\/index.php?rest_route=%2Fwp%2Fv2%2Fcomments&post=185074"}],"version-history":[{"count":1,"href":"https:\/\/aconteceunovale.com.br\/portal\/index.php?rest_route=\/wp\/v2\/posts\/185074\/revisions"}],"predecessor-version":[{"id":185077,"href":"https:\/\/aconteceunovale.com.br\/portal\/index.php?rest_route=\/wp\/v2\/posts\/185074\/revisions\/185077"}],"wp:featuredmedia":[{"embeddable":true,"href":"https:\/\/aconteceunovale.com.br\/portal\/index.php?rest_route=\/wp\/v2\/media\/185076"}],"wp:attachment":[{"href":"https:\/\/aconteceunovale.com.br\/portal\/index.php?rest_route=%2Fwp%2Fv2%2Fmedia&parent=185074"}],"wp:term":[{"taxonomy":"category","embeddable":true,"href":"https:\/\/aconteceunovale.com.br\/portal\/index.php?rest_route=%2Fwp%2Fv2%2Fcategories&post=185074"},{"taxonomy":"post_tag","embeddable":true,"href":"https:\/\/aconteceunovale.com.br\/portal\/index.php?rest_route=%2Fwp%2Fv2%2Ftags&post=185074"}],"curies":[{"name":"wp","href":"https:\/\/api.w.org\/{rel}","templated":true}]}}