{"id":185071,"date":"2021-12-22T11:58:36","date_gmt":"2021-12-22T14:58:36","guid":{"rendered":"https:\/\/aconteceunovale.com.br\/portal\/?p=185071"},"modified":"2021-12-22T12:02:11","modified_gmt":"2021-12-22T15:02:11","slug":"minas-deve-bater-recorde-historico-nas-exportacoes-do-agronegocio-em-2021","status":"publish","type":"post","link":"https:\/\/aconteceunovale.com.br\/portal\/?p=185071","title":{"rendered":"Minas deve bater recorde hist\u00f3rico nas exporta\u00e7\u00f5es do agroneg\u00f3cio em 2021"},"content":{"rendered":"\n<p class=\"wp-block-paragraph\">As exporta\u00e7\u00f5es do agroneg\u00f3cio mineiro somaram US$ 9,5 bilh\u00f5es no acumulado de janeiro a novembro deste ano. A expectativa \u00e9 de que as vendas internacionais do setor encerrem o ano ultrapassando a marca de US$ 10 bilh\u00f5es, superando o recorde hist\u00f3rico de US$ 9,7 bilh\u00f5es, registrado em 2011.<\/p>\n\n\n\n<figure class=\"wp-block-gallery columns-1 is-cropped wp-block-gallery-1 is-layout-flex wp-block-gallery-is-layout-flex\"><ul class=\"blocks-gallery-grid\"><li class=\"blocks-gallery-item\"><figure><img loading=\"lazy\" decoding=\"async\" width=\"678\" height=\"450\" src=\"https:\/\/aconteceunovale.com.br\/portal\/wp-content\/uploads\/2021\/12\/cafe_mg.jpg\" alt=\"\" data-id=\"185072\" data-full-url=\"https:\/\/aconteceunovale.com.br\/portal\/wp-content\/uploads\/2021\/12\/cafe_mg.jpg\" data-link=\"https:\/\/aconteceunovale.com.br\/portal\/?attachment_id=185072\" class=\"wp-image-185072\" srcset=\"https:\/\/aconteceunovale.com.br\/portal\/wp-content\/uploads\/2021\/12\/cafe_mg.jpg 678w, https:\/\/aconteceunovale.com.br\/portal\/wp-content\/uploads\/2021\/12\/cafe_mg-300x199.jpg 300w, https:\/\/aconteceunovale.com.br\/portal\/wp-content\/uploads\/2021\/12\/cafe_mg-633x420.jpg 633w\" sizes=\"auto, (max-width: 678px) 100vw, 678px\" \/><figcaption class=\"blocks-gallery-item__caption\"><em>Foto: Divulga\u00e7\u00e3o \/ Seapa-MG<\/em><\/figcaption><\/figure><\/li><\/ul><\/figure>\n\n\n\n<p class=\"wp-block-paragraph\">\u201cSe registrarmos em dezembro o valor m\u00e9dio do ano alcan\u00e7ado nas exporta\u00e7\u00f5es, em torno de US$ 800 milh\u00f5es, vamos fechar 2021 com valor hist\u00f3rico de US$ 10,3 bilh\u00f5es. O acumulado at\u00e9 novembro j\u00e1 \u00e9 o segundo melhor resultado da s\u00e9rie hist\u00f3rica, iniciada em 2005, mesmo contabilizando o registro total dos meses (janeiro a dezembro) dos anos anteriores\u201d, aponta a secret\u00e1ria de Estado de\u00a0Agricultura, Pecu\u00e1ria e Abastecimento, Ana Maria Valentini.<\/p>\n\n\n\n<p class=\"wp-block-paragraph\">O agroneg\u00f3cio respondeu por 26,1% das exporta\u00e7\u00f5es totais do estado, com crescimento de 19,2% em rela\u00e7\u00e3o ao per\u00edodo de janeiro a novembro de 2020. Ainda assim, houve queda de 2,2% no volume exportado, de 11,6 bilh\u00f5es de toneladas. A diferen\u00e7a se justifica pelo aumento do valor m\u00e9dio pago pelas commodities no mercado internacional, que alcan\u00e7ou cerca de US$ 816,32 a tonelada.&nbsp;&nbsp;<\/p>\n\n\n\n<h2 class=\"wp-block-heading\"><strong>Principais mercados<\/strong><\/h2>\n\n\n\n<p class=\"wp-block-paragraph\">Os principais destinos do agroneg\u00f3cio mineiro no per\u00edodo foram a China (US$ 2,6 bilh\u00f5es), os Estados Unidos (US$ 990 milh\u00f5es), a Alemanha (US$ 839 milh\u00f5es), a It\u00e1lia (US$ 423 milh\u00f5es) e o Jap\u00e3o (US$ 420 milh\u00f5es). Os produtos agropecu\u00e1rios mineiros alcan\u00e7aram 176 pa\u00edses no total.<\/p>\n\n\n\n<p class=\"wp-block-paragraph\">Principal item da pauta de exporta\u00e7\u00f5es do agroneg\u00f3cio mineiro, o caf\u00e9 representou 40,8% do total comercializado no per\u00edodo de janeiro a novembro. O volume exportado foi de 24,9 milh\u00f5es de sacas, que totalizaram US$ 3,9 bilh\u00f5es.<\/p>\n\n\n\n<p class=\"wp-block-paragraph\">As exporta\u00e7\u00f5es do complexo soja (gr\u00e3o, farelo e \u00f3leo) totalizaram US$ 2,3 bilh\u00f5es, com volume embarcado de 4,9 milh\u00f5es de toneladas. O setor registrou crescimento tanto no valor (+31,3%) quanto no volume (+2,3%).&nbsp;<\/p>\n\n\n\n<p class=\"wp-block-paragraph\">O setor sucroalcooleiro (a\u00e7\u00facar de cana ou beterraba, \u00e1lcool e demais a\u00e7\u00facares) obteve receita de US$ 1,1 bilh\u00e3o com o embarque de 3,3 milh\u00f5es de toneladas.<\/p>\n\n\n\n<h2 class=\"wp-block-heading\"><strong>Carnes<\/strong><\/h2>\n\n\n\n<p class=\"wp-block-paragraph\">As carnes mantiveram boa performance com o registro de US$ 1,08 bilh\u00e3o e 320 mil toneladas embarcadas para 110 diferentes mercados no mundo. O setor tem se mantido competitivo e, puxado pela alta do pre\u00e7o da commodity no mercado externo, obteve valoriza\u00e7\u00e3o na receita em todos os seus segmentos (bovino, frango, su\u00edno e demais carnes\/prepara\u00e7\u00f5es).<\/p>\n\n\n\n<p class=\"wp-block-paragraph\">Em rela\u00e7\u00e3o \u00e0s exporta\u00e7\u00f5es espec\u00edficas de carne bovina, a China manteve a lideran\u00e7a na comercializa\u00e7\u00e3o e aumentou em 10% a receita das compras de carne bovina mineira, alcan\u00e7ando US$ 480 milh\u00f5es, na compara\u00e7\u00e3o com o per\u00edodo de janeiro a novembro do ano anterior.&nbsp;<\/p>\n\n\n\n<p class=\"wp-block-paragraph\">\u201cAs compras aquecidas da China durante todo o ano ajudaram a manter o resultado do acumulado com bons n\u00fameros, mesmo com o embargo da carne bovina nos meses de setembro, outubro e novembro&#8221;, analisa a secret\u00e1ria Ana Valentini. Hong Kong seguiu no 2\u00ba lugar do ranking com US$ 75 milh\u00f5es.&nbsp;<\/p>\n\n\n\n<h2 class=\"wp-block-heading\"><strong>Ovos<\/strong><\/h2>\n\n\n\n<p class=\"wp-block-paragraph\">As vendas de ovos para o mercado externo somaram US$ 1,6 milh\u00e3o, crescimento de 11%. &nbsp; Enquanto pa\u00edses latinos como Equador, M\u00e9xico e Bol\u00edvia deixaram de comprar, outros parceiros estrearam na pauta, como Serra Leoa, Lib\u00e9ria, G\u00e2mbia e Jap\u00e3o.<\/p>\n\n\n\n<h2 class=\"wp-block-heading\"><strong>Produtos ap\u00edcolas<\/strong><\/h2>\n\n\n\n<p class=\"wp-block-paragraph\">As exporta\u00e7\u00f5es de produtos ap\u00edcolas foram de US$ 14,9 milh\u00f5es e 5,9 mil toneladas, crescimento de 150% e 105%, na receita e no volume, respectivamente. Os EUA lideram as compras do segmento representando 67% da fatia. O pa\u00eds americano tem sido o principal destino do mel mineiro. Mal\u00e1sia e Hong Kong foram pa\u00edses estreantes neste ano.<\/p>\n\n\n\n<h2 class=\"wp-block-heading\"><strong>Principais produtos exportados (janeiro a novembro)<\/strong><\/h2>\n\n\n\n<ul class=\"wp-block-list\"><li>Caf\u00e9: Valor: US$ 3,9 bilh\u00f5es \/ Volume: 24,9 milh\u00f5es de sacas<\/li><li>Complexo Soja: Valor: US$ 2,3 bilh\u00f5es \/ Volume: 4,9 milh\u00f5es de toneladas\u00a0<\/li><li>Carnes: Valor: US$ 1,1 bilh\u00e3o \/ Volume: 320 mil de toneladas<\/li><li>Complexo sucroalcooleiro: Valor: 1,1 bilh\u00e3o \/ Volume: 3,3 milh\u00f5es de toneladas.<\/li><\/ul>\n\n\n\n<p class=\"wp-block-paragraph\">&#8212;&#8212;&#8212;&#8212;&#8212;&#8212;<br><em>Quer receber as not\u00edcias do <strong>Aconteceu no Vale<\/strong> em primeira m\u00e3o? Siga-nos no Facebook <a rel=\"noreferrer noopener\" href=\"http:\/\/facebook.com\/aconteceunovale\" target=\"_blank\">@aconteceunovale<\/a>, Twitter <a rel=\"noreferrer noopener\" href=\"https:\/\/twitter.com\/noticiadosvales\" target=\"_blank\">@noticiadosvales<\/a> e Instagram <a rel=\"noreferrer noopener\" href=\"https:\/\/www.instagram.com\/aconteceunovale\" target=\"_blank\">@aconteceunovale<\/a>.<\/em><\/p>\n","protected":false},"excerpt":{"rendered":"<p>As exporta\u00e7\u00f5es do agroneg\u00f3cio mineiro somaram US$ 9,5 bilh\u00f5es no acumulado de janeiro a novembro deste ano. A expectativa \u00e9 de que as vendas internacionais do setor encerrem o ano ultrapassando a marca de US$ 10 bilh\u00f5es, superando o recorde hist\u00f3rico de US$ 9,7 bilh\u00f5es, registrado em 2011. \u201cSe registrarmos em dezembro o valor m\u00e9dio [&hellip;]<\/p>\n","protected":false},"author":4,"featured_media":185072,"comment_status":"open","ping_status":"closed","sticky":false,"template":"","format":"standard","meta":{"amp_status":"","footnotes":""},"categories":[123],"tags":[256246,26381,22396,190190,44519,134750,256247,30594,1018,15469,8446,256242,40840,26380,18920,18645,131,256248,256243,256244,256245,256249,214588,227377,256241],"class_list":["post-185071","post","type-post","status-publish","format-standard","has-post-thumbnail","hentry","category-gerais","tag-acucar-de-minas-gerais","tag-agronegocio-mineiro","tag-alemanha","tag-ana-maria-valentini","tag-balanca-comercial-de-minas-gerais","tag-cafe-de-minas-gerais","tag-carne-de-minas-gerais","tag-china","tag-destaque","tag-estados-unidos","tag-exportacoes-de-minas-gerais","tag-exportacoes-de-produtos-do-agronegocio-mineiro","tag-exportacoes-do-agronegocio-de-minas-gerais","tag-exportacoes-do-agronegocio-mineiro","tag-italia","tag-japao","tag-minas-gerais","tag-ovos-de-minas-gerais","tag-principais-mercados-dos-produtos-de-minas-gerais","tag-produtos-agropecuarios-de-minas-gerais","tag-produtos-agropecuarios-mineiros","tag-produtos-apicolas-de-minas-gerais","tag-seapa-mg","tag-soja-de-minas-gerais","tag-venda-de-produtos-do-agronegocio-mineiro"],"yoast_head":"<!-- This site is optimized with the Yoast SEO plugin v28.3 - https:\/\/yoast.com\/product\/yoast-seo-wordpress\/ -->\n<title>Minas deve bater recorde hist\u00f3rico nas exporta\u00e7\u00f5es do agroneg\u00f3cio em 2021 - Aconteceu no Vale<\/title>\n<meta name=\"robots\" content=\"index, follow, max-snippet:-1, max-image-preview:large, max-video-preview:-1\" \/>\n<link rel=\"canonical\" href=\"https:\/\/aconteceunovale.com.br\/portal\/?p=185071\" \/>\n<meta property=\"og:locale\" content=\"pt_BR\" \/>\n<meta property=\"og:type\" content=\"article\" \/>\n<meta property=\"og:title\" content=\"Minas deve bater recorde hist\u00f3rico nas exporta\u00e7\u00f5es do agroneg\u00f3cio em 2021 - Aconteceu no Vale\" \/>\n<meta property=\"og:description\" content=\"As exporta\u00e7\u00f5es do agroneg\u00f3cio mineiro somaram US$ 9,5 bilh\u00f5es no acumulado de janeiro a novembro deste ano. A expectativa \u00e9 de que as vendas internacionais do setor encerrem o ano ultrapassando a marca de US$ 10 bilh\u00f5es, superando o recorde hist\u00f3rico de US$ 9,7 bilh\u00f5es, registrado em 2011. \u201cSe registrarmos em dezembro o valor m\u00e9dio [&hellip;]\" \/>\n<meta property=\"og:url\" content=\"https:\/\/aconteceunovale.com.br\/portal\/?p=185071\" \/>\n<meta property=\"og:site_name\" content=\"Aconteceu no Vale\" \/>\n<meta property=\"article:publisher\" content=\"https:\/\/www.facebook.com\/aconteceunovale\/\" \/>\n<meta property=\"article:published_time\" content=\"2021-12-22T14:58:36+00:00\" \/>\n<meta property=\"article:modified_time\" content=\"2021-12-22T15:02:11+00:00\" \/>\n<meta property=\"og:image\" content=\"https:\/\/aconteceunovale.com.br\/portal\/wp-content\/uploads\/2021\/12\/cafe_mg.jpg\" \/>\n\t<meta property=\"og:image:width\" content=\"678\" \/>\n\t<meta property=\"og:image:height\" content=\"450\" \/>\n\t<meta property=\"og:image:type\" content=\"image\/jpeg\" \/>\n<meta name=\"author\" content=\"Reda\u00e7\u00e3o Aconteceu no Vale\" \/>\n<meta name=\"twitter:card\" content=\"summary_large_image\" \/>\n<meta name=\"twitter:creator\" content=\"@noticiadosvales\" \/>\n<meta name=\"twitter:site\" content=\"@noticiadosvales\" \/>\n<meta name=\"twitter:label1\" content=\"Escrito por\" \/>\n\t<meta name=\"twitter:data1\" content=\"Reda\u00e7\u00e3o Aconteceu no Vale\" \/>\n\t<meta name=\"twitter:label2\" content=\"Est. tempo de leitura\" \/>\n\t<meta name=\"twitter:data2\" content=\"3 minutos\" \/>\n<script type=\"application\/ld+json\" class=\"yoast-schema-graph\">{\"@context\":\"https:\\\/\\\/schema.org\",\"@graph\":[{\"@type\":\"Article\",\"@id\":\"https:\\\/\\\/aconteceunovale.com.br\\\/portal\\\/?p=185071#article\",\"isPartOf\":{\"@id\":\"https:\\\/\\\/aconteceunovale.com.br\\\/portal\\\/?p=185071\"},\"author\":{\"name\":\"Reda\u00e7\u00e3o Aconteceu no Vale\",\"@id\":\"https:\\\/\\\/aconteceunovale.com.br\\\/portal\\\/#\\\/schema\\\/person\\\/7d2f26d1483f8a63de73da1ee0754d35\"},\"headline\":\"Minas deve bater recorde hist\u00f3rico nas exporta\u00e7\u00f5es do agroneg\u00f3cio em 2021\",\"datePublished\":\"2021-12-22T14:58:36+00:00\",\"dateModified\":\"2021-12-22T15:02:11+00:00\",\"mainEntityOfPage\":{\"@id\":\"https:\\\/\\\/aconteceunovale.com.br\\\/portal\\\/?p=185071\"},\"wordCount\":695,\"commentCount\":0,\"image\":{\"@id\":\"https:\\\/\\\/aconteceunovale.com.br\\\/portal\\\/?p=185071#primaryimage\"},\"thumbnailUrl\":\"https:\\\/\\\/aconteceunovale.com.br\\\/portal\\\/wp-content\\\/uploads\\\/2021\\\/12\\\/cafe_mg.jpg\",\"keywords\":[\"A\u00e7\u00facar de Minas Gerais\",\"agroneg\u00f3cio mineiro\",\"Alemanha\",\"Ana Maria Valentini\",\"Balan\u00e7a comercial de Minas Gerais\",\"Caf\u00e9 de Minas Gerais\",\"Carne de Minas Gerais\",\"China\",\"destaque\",\"Estados Unidos\",\"Exporta\u00e7\u00f5es de Minas Gerais\",\"Exporta\u00e7\u00f5es de produtos do agroneg\u00f3cio mineiro\",\"exporta\u00e7\u00f5es do agroneg\u00f3cio de minas gerais\",\"Exporta\u00e7\u00f5es do agroneg\u00f3cio mineiro\",\"It\u00e1lia\",\"Jap\u00e3o\",\"Minas Gerais\",\"Ovos de Minas Gerais\",\"Principais mercados dos produtos de Minas Gerais\",\"Produtos agropecu\u00e1rios de Minas Gerais\",\"Produtos agropecu\u00e1rios mineiros\",\"Produtos ap\u00edcolas de Minas Gerais\",\"Seapa-MG\",\"Soja de Minas Gerais\",\"Venda de produtos do agroneg\u00f3cio mineiro\"],\"articleSection\":[\"Minas Gerais\"],\"inLanguage\":\"pt-BR\",\"potentialAction\":[{\"@type\":\"CommentAction\",\"name\":\"Comment\",\"target\":[\"https:\\\/\\\/aconteceunovale.com.br\\\/portal\\\/?p=185071#respond\"]}]},{\"@type\":\"WebPage\",\"@id\":\"https:\\\/\\\/aconteceunovale.com.br\\\/portal\\\/?p=185071\",\"url\":\"https:\\\/\\\/aconteceunovale.com.br\\\/portal\\\/?p=185071\",\"name\":\"Minas deve bater recorde hist\u00f3rico nas exporta\u00e7\u00f5es do agroneg\u00f3cio em 2021 - Aconteceu no Vale\",\"isPartOf\":{\"@id\":\"https:\\\/\\\/aconteceunovale.com.br\\\/portal\\\/#website\"},\"primaryImageOfPage\":{\"@id\":\"https:\\\/\\\/aconteceunovale.com.br\\\/portal\\\/?p=185071#primaryimage\"},\"image\":{\"@id\":\"https:\\\/\\\/aconteceunovale.com.br\\\/portal\\\/?p=185071#primaryimage\"},\"thumbnailUrl\":\"https:\\\/\\\/aconteceunovale.com.br\\\/portal\\\/wp-content\\\/uploads\\\/2021\\\/12\\\/cafe_mg.jpg\",\"datePublished\":\"2021-12-22T14:58:36+00:00\",\"dateModified\":\"2021-12-22T15:02:11+00:00\",\"author\":{\"@id\":\"https:\\\/\\\/aconteceunovale.com.br\\\/portal\\\/#\\\/schema\\\/person\\\/7d2f26d1483f8a63de73da1ee0754d35\"},\"breadcrumb\":{\"@id\":\"https:\\\/\\\/aconteceunovale.com.br\\\/portal\\\/?p=185071#breadcrumb\"},\"inLanguage\":\"pt-BR\",\"potentialAction\":[{\"@type\":\"ReadAction\",\"target\":[\"https:\\\/\\\/aconteceunovale.com.br\\\/portal\\\/?p=185071\"]}]},{\"@type\":\"ImageObject\",\"inLanguage\":\"pt-BR\",\"@id\":\"https:\\\/\\\/aconteceunovale.com.br\\\/portal\\\/?p=185071#primaryimage\",\"url\":\"https:\\\/\\\/aconteceunovale.com.br\\\/portal\\\/wp-content\\\/uploads\\\/2021\\\/12\\\/cafe_mg.jpg\",\"contentUrl\":\"https:\\\/\\\/aconteceunovale.com.br\\\/portal\\\/wp-content\\\/uploads\\\/2021\\\/12\\\/cafe_mg.jpg\",\"width\":678,\"height\":450},{\"@type\":\"BreadcrumbList\",\"@id\":\"https:\\\/\\\/aconteceunovale.com.br\\\/portal\\\/?p=185071#breadcrumb\",\"itemListElement\":[{\"@type\":\"ListItem\",\"position\":1,\"name\":\"In\u00edcio\",\"item\":\"https:\\\/\\\/aconteceunovale.com.br\\\/portal\\\/\"},{\"@type\":\"ListItem\",\"position\":2,\"name\":\"Minas deve bater recorde hist\u00f3rico nas exporta\u00e7\u00f5es do agroneg\u00f3cio em 2021\"}]},{\"@type\":\"WebSite\",\"@id\":\"https:\\\/\\\/aconteceunovale.com.br\\\/portal\\\/#website\",\"url\":\"https:\\\/\\\/aconteceunovale.com.br\\\/portal\\\/\",\"name\":\"Aconteceu no Vale\",\"description\":\"Portal de Not\u00edcias\",\"potentialAction\":[{\"@type\":\"SearchAction\",\"target\":{\"@type\":\"EntryPoint\",\"urlTemplate\":\"https:\\\/\\\/aconteceunovale.com.br\\\/portal\\\/?s={search_term_string}\"},\"query-input\":{\"@type\":\"PropertyValueSpecification\",\"valueRequired\":true,\"valueName\":\"search_term_string\"}}],\"inLanguage\":\"pt-BR\"},{\"@type\":\"Person\",\"@id\":\"https:\\\/\\\/aconteceunovale.com.br\\\/portal\\\/#\\\/schema\\\/person\\\/7d2f26d1483f8a63de73da1ee0754d35\",\"name\":\"Reda\u00e7\u00e3o Aconteceu no Vale\",\"description\":\"Equipe de reportagem do Aconteceu no Vale, portal de not\u00edcias do Vale do Jequitinhonha, em Minas Gerais. Cobrimos as 51 cidades do Vale desde 2013. Sugest\u00f5es de pauta e pedidos de corre\u00e7\u00e3o: contato@aconteceunovale.com.br\",\"url\":\"https:\\\/\\\/aconteceunovale.com.br\\\/portal\\\/?author=4\"}]}<\/script>\n<!-- \/ Yoast SEO plugin. -->","yoast_head_json":{"title":"Minas deve bater recorde hist\u00f3rico nas exporta\u00e7\u00f5es do agroneg\u00f3cio em 2021 - Aconteceu no Vale","robots":{"index":"index","follow":"follow","max-snippet":"max-snippet:-1","max-image-preview":"max-image-preview:large","max-video-preview":"max-video-preview:-1"},"canonical":"https:\/\/aconteceunovale.com.br\/portal\/?p=185071","og_locale":"pt_BR","og_type":"article","og_title":"Minas deve bater recorde hist\u00f3rico nas exporta\u00e7\u00f5es do agroneg\u00f3cio em 2021 - Aconteceu no Vale","og_description":"As exporta\u00e7\u00f5es do agroneg\u00f3cio mineiro somaram US$ 9,5 bilh\u00f5es no acumulado de janeiro a novembro deste ano. A expectativa \u00e9 de que as vendas internacionais do setor encerrem o ano ultrapassando a marca de US$ 10 bilh\u00f5es, superando o recorde hist\u00f3rico de US$ 9,7 bilh\u00f5es, registrado em 2011. \u201cSe registrarmos em dezembro o valor m\u00e9dio [&hellip;]","og_url":"https:\/\/aconteceunovale.com.br\/portal\/?p=185071","og_site_name":"Aconteceu no Vale","article_publisher":"https:\/\/www.facebook.com\/aconteceunovale\/","article_published_time":"2021-12-22T14:58:36+00:00","article_modified_time":"2021-12-22T15:02:11+00:00","og_image":[{"width":678,"height":450,"url":"https:\/\/aconteceunovale.com.br\/portal\/wp-content\/uploads\/2021\/12\/cafe_mg.jpg","type":"image\/jpeg"}],"author":"Reda\u00e7\u00e3o Aconteceu no Vale","twitter_card":"summary_large_image","twitter_creator":"@noticiadosvales","twitter_site":"@noticiadosvales","twitter_misc":{"Escrito por":"Reda\u00e7\u00e3o Aconteceu no Vale","Est. tempo de leitura":"3 minutos"},"schema":{"@context":"https:\/\/schema.org","@graph":[{"@type":"Article","@id":"https:\/\/aconteceunovale.com.br\/portal\/?p=185071#article","isPartOf":{"@id":"https:\/\/aconteceunovale.com.br\/portal\/?p=185071"},"author":{"name":"Reda\u00e7\u00e3o Aconteceu no Vale","@id":"https:\/\/aconteceunovale.com.br\/portal\/#\/schema\/person\/7d2f26d1483f8a63de73da1ee0754d35"},"headline":"Minas deve bater recorde hist\u00f3rico nas exporta\u00e7\u00f5es do agroneg\u00f3cio em 2021","datePublished":"2021-12-22T14:58:36+00:00","dateModified":"2021-12-22T15:02:11+00:00","mainEntityOfPage":{"@id":"https:\/\/aconteceunovale.com.br\/portal\/?p=185071"},"wordCount":695,"commentCount":0,"image":{"@id":"https:\/\/aconteceunovale.com.br\/portal\/?p=185071#primaryimage"},"thumbnailUrl":"https:\/\/aconteceunovale.com.br\/portal\/wp-content\/uploads\/2021\/12\/cafe_mg.jpg","keywords":["A\u00e7\u00facar de Minas Gerais","agroneg\u00f3cio mineiro","Alemanha","Ana Maria Valentini","Balan\u00e7a comercial de Minas Gerais","Caf\u00e9 de Minas Gerais","Carne de Minas Gerais","China","destaque","Estados Unidos","Exporta\u00e7\u00f5es de Minas Gerais","Exporta\u00e7\u00f5es de produtos do agroneg\u00f3cio mineiro","exporta\u00e7\u00f5es do agroneg\u00f3cio de minas gerais","Exporta\u00e7\u00f5es do agroneg\u00f3cio mineiro","It\u00e1lia","Jap\u00e3o","Minas Gerais","Ovos de Minas Gerais","Principais mercados dos produtos de Minas Gerais","Produtos agropecu\u00e1rios de Minas Gerais","Produtos agropecu\u00e1rios mineiros","Produtos ap\u00edcolas de Minas Gerais","Seapa-MG","Soja de Minas Gerais","Venda de produtos do agroneg\u00f3cio mineiro"],"articleSection":["Minas Gerais"],"inLanguage":"pt-BR","potentialAction":[{"@type":"CommentAction","name":"Comment","target":["https:\/\/aconteceunovale.com.br\/portal\/?p=185071#respond"]}]},{"@type":"WebPage","@id":"https:\/\/aconteceunovale.com.br\/portal\/?p=185071","url":"https:\/\/aconteceunovale.com.br\/portal\/?p=185071","name":"Minas deve bater recorde hist\u00f3rico nas exporta\u00e7\u00f5es do agroneg\u00f3cio em 2021 - Aconteceu no Vale","isPartOf":{"@id":"https:\/\/aconteceunovale.com.br\/portal\/#website"},"primaryImageOfPage":{"@id":"https:\/\/aconteceunovale.com.br\/portal\/?p=185071#primaryimage"},"image":{"@id":"https:\/\/aconteceunovale.com.br\/portal\/?p=185071#primaryimage"},"thumbnailUrl":"https:\/\/aconteceunovale.com.br\/portal\/wp-content\/uploads\/2021\/12\/cafe_mg.jpg","datePublished":"2021-12-22T14:58:36+00:00","dateModified":"2021-12-22T15:02:11+00:00","author":{"@id":"https:\/\/aconteceunovale.com.br\/portal\/#\/schema\/person\/7d2f26d1483f8a63de73da1ee0754d35"},"breadcrumb":{"@id":"https:\/\/aconteceunovale.com.br\/portal\/?p=185071#breadcrumb"},"inLanguage":"pt-BR","potentialAction":[{"@type":"ReadAction","target":["https:\/\/aconteceunovale.com.br\/portal\/?p=185071"]}]},{"@type":"ImageObject","inLanguage":"pt-BR","@id":"https:\/\/aconteceunovale.com.br\/portal\/?p=185071#primaryimage","url":"https:\/\/aconteceunovale.com.br\/portal\/wp-content\/uploads\/2021\/12\/cafe_mg.jpg","contentUrl":"https:\/\/aconteceunovale.com.br\/portal\/wp-content\/uploads\/2021\/12\/cafe_mg.jpg","width":678,"height":450},{"@type":"BreadcrumbList","@id":"https:\/\/aconteceunovale.com.br\/portal\/?p=185071#breadcrumb","itemListElement":[{"@type":"ListItem","position":1,"name":"In\u00edcio","item":"https:\/\/aconteceunovale.com.br\/portal\/"},{"@type":"ListItem","position":2,"name":"Minas deve bater recorde hist\u00f3rico nas exporta\u00e7\u00f5es do agroneg\u00f3cio em 2021"}]},{"@type":"WebSite","@id":"https:\/\/aconteceunovale.com.br\/portal\/#website","url":"https:\/\/aconteceunovale.com.br\/portal\/","name":"Aconteceu no Vale","description":"Portal de Not\u00edcias","potentialAction":[{"@type":"SearchAction","target":{"@type":"EntryPoint","urlTemplate":"https:\/\/aconteceunovale.com.br\/portal\/?s={search_term_string}"},"query-input":{"@type":"PropertyValueSpecification","valueRequired":true,"valueName":"search_term_string"}}],"inLanguage":"pt-BR"},{"@type":"Person","@id":"https:\/\/aconteceunovale.com.br\/portal\/#\/schema\/person\/7d2f26d1483f8a63de73da1ee0754d35","name":"Reda\u00e7\u00e3o Aconteceu no Vale","description":"Equipe de reportagem do Aconteceu no Vale, portal de not\u00edcias do Vale do Jequitinhonha, em Minas Gerais. Cobrimos as 51 cidades do Vale desde 2013. Sugest\u00f5es de pauta e pedidos de corre\u00e7\u00e3o: contato@aconteceunovale.com.br","url":"https:\/\/aconteceunovale.com.br\/portal\/?author=4"}]}},"_links":{"self":[{"href":"https:\/\/aconteceunovale.com.br\/portal\/index.php?rest_route=\/wp\/v2\/posts\/185071","targetHints":{"allow":["GET"]}}],"collection":[{"href":"https:\/\/aconteceunovale.com.br\/portal\/index.php?rest_route=\/wp\/v2\/posts"}],"about":[{"href":"https:\/\/aconteceunovale.com.br\/portal\/index.php?rest_route=\/wp\/v2\/types\/post"}],"author":[{"embeddable":true,"href":"https:\/\/aconteceunovale.com.br\/portal\/index.php?rest_route=\/wp\/v2\/users\/4"}],"replies":[{"embeddable":true,"href":"https:\/\/aconteceunovale.com.br\/portal\/index.php?rest_route=%2Fwp%2Fv2%2Fcomments&post=185071"}],"version-history":[{"count":1,"href":"https:\/\/aconteceunovale.com.br\/portal\/index.php?rest_route=\/wp\/v2\/posts\/185071\/revisions"}],"predecessor-version":[{"id":185073,"href":"https:\/\/aconteceunovale.com.br\/portal\/index.php?rest_route=\/wp\/v2\/posts\/185071\/revisions\/185073"}],"wp:featuredmedia":[{"embeddable":true,"href":"https:\/\/aconteceunovale.com.br\/portal\/index.php?rest_route=\/wp\/v2\/media\/185072"}],"wp:attachment":[{"href":"https:\/\/aconteceunovale.com.br\/portal\/index.php?rest_route=%2Fwp%2Fv2%2Fmedia&parent=185071"}],"wp:term":[{"taxonomy":"category","embeddable":true,"href":"https:\/\/aconteceunovale.com.br\/portal\/index.php?rest_route=%2Fwp%2Fv2%2Fcategories&post=185071"},{"taxonomy":"post_tag","embeddable":true,"href":"https:\/\/aconteceunovale.com.br\/portal\/index.php?rest_route=%2Fwp%2Fv2%2Ftags&post=185071"}],"curies":[{"name":"wp","href":"https:\/\/api.w.org\/{rel}","templated":true}]}}