{"id":185066,"date":"2021-12-22T11:36:48","date_gmt":"2021-12-22T14:36:48","guid":{"rendered":"https:\/\/aconteceunovale.com.br\/portal\/?p=185066"},"modified":"2021-12-22T11:38:06","modified_gmt":"2021-12-22T14:38:06","slug":"cefet-mg-oferece-tres-oportunidades-para-professor-substituto","status":"publish","type":"post","link":"https:\/\/aconteceunovale.com.br\/portal\/?p=185066","title":{"rendered":"CEFET-MG oferece tr\u00eas oportunidades para professor substituto"},"content":{"rendered":"\n<p>O CEFET-MG est\u00e1 com tr\u00eas vagas abertas para professor substituto, sendo duas para o\u00a0<em>campus\u00a0<\/em>Divin\u00f3polis e outra para Tim\u00f3teo. No Centro-Oeste, h\u00e1 uma oportunidade para graduados em Qu\u00edmica (<a href=\"https:\/\/www.segep.cefetmg.br\/wp-content\/uploads\/sites\/177\/2021\/12\/Edital_142_2021.pdf\" target=\"_blank\" rel=\"noreferrer noopener\">Edital n\u00ba 142<\/a>) e outra para formados em Engenharia de Computa\u00e7\u00e3o, Ci\u00eancia da Computa\u00e7\u00e3o, Sistemas de Informa\u00e7\u00e3o (<a href=\"https:\/\/www.segep.cefetmg.br\/wp-content\/uploads\/sites\/177\/2021\/12\/Edital_143_2021.pdf\" target=\"_blank\" rel=\"noreferrer noopener\">Edital n\u00ba 143<\/a>). J\u00e1 no Vale do A\u00e7o, a oportunidade \u00e9 para concluintes em Qu\u00edmica Industrial, Engenharia Metal\u00fargica, Engenharia de Materiais (<a href=\"https:\/\/www.segep.cefetmg.br\/wp-content\/uploads\/sites\/177\/2021\/12\/Edital_145_2021.pdf\" target=\"_blank\" rel=\"noreferrer noopener\">Edital n\u00ba 145<\/a>); para todas as vagas, pede-se especializa\u00e7\u00e3o, mestrado ou doutorado.<\/p>\n\n\n\n<p>Fique atento, pois o encerramento das inscri\u00e7\u00f5es ser\u00e1 em dias diferentes: dia 3 de janeiro para o Edital n\u00ba 145; dia 9, Edital n\u00ba 142; e dia 10, Edital n\u00ba 143. Leia os editais e saiba detalhes sobre as oportunidades. A sele\u00e7\u00e3o vai se dar pela an\u00e1lise do\u00a0<em>Curriculum vitae<\/em>, prova escrita e\/ou did\u00e1tica, seguida de argui\u00e7\u00e3o oral e\/ou entrevista realizada de forma presencial.<\/p>\n\n\n\n<p>A remunera\u00e7\u00e3o varia de R$ 2.236,32 a R$ 5.831,21, dependendo do grau de instru\u00e7\u00e3o do candidato selecionado e da carga hor\u00e1ria assumida.<\/p>\n\n\n\n<ul class=\"wp-block-list\"><li><a rel=\"noreferrer noopener\" href=\"https:\/\/www.segep.cefetmg.br\/wp-content\/uploads\/sites\/177\/2021\/12\/Edital_142_2021.pdf\" target=\"_blank\">Edital n\u00ba 142\/2021<\/a>\u00a0(Divin\u00f3polis \u2013 Departamento de Forma\u00e7\u00e3o Geral)<\/li><li><a rel=\"noreferrer noopener\" href=\"https:\/\/www.segep.cefetmg.br\/wp-content\/uploads\/sites\/177\/2021\/12\/Edital_143_2021.pdf\" target=\"_blank\">Edital n\u00ba 143\/2021<\/a>\u00a0(Divin\u00f3polis \u2013 Departamento de Inform\u00e1tica, Gest\u00e3o e Design)<\/li><li><a rel=\"noreferrer noopener\" href=\"https:\/\/www.segep.cefetmg.br\/wp-content\/uploads\/sites\/177\/2021\/12\/Edital_145_2021.pdf\" target=\"_blank\">Edital n\u00ba 145\/2021<\/a>\u00a0(Tim\u00f3teo \u2013 Departamento de Metalurgia e Qu\u00edmica)<\/li><\/ul>\n\n\n\n<p>&#8212;&#8212;&#8212;&#8212;&#8212;&#8212;<br><em>Quer receber as not\u00edcias do <strong>Aconteceu no Vale<\/strong> em primeira m\u00e3o? Siga-nos no Facebook <a rel=\"noreferrer noopener\" href=\"http:\/\/facebook.com\/aconteceunovale\" target=\"_blank\">@aconteceunovale<\/a>, Twitter <a rel=\"noreferrer noopener\" href=\"https:\/\/twitter.com\/noticiadosvales\" target=\"_blank\">@noticiadosvales<\/a> e Instagram <a rel=\"noreferrer noopener\" href=\"https:\/\/www.instagram.com\/aconteceunovale\" target=\"_blank\">@aconteceunovale<\/a>.<\/em><\/p>\n","protected":false},"excerpt":{"rendered":"<p>O CEFET-MG est\u00e1 com tr\u00eas vagas abertas para professor substituto, sendo duas para o\u00a0campus\u00a0Divin\u00f3polis e outra para Tim\u00f3teo. No Centro-Oeste, h\u00e1 uma oportunidade para graduados em Qu\u00edmica (Edital n\u00ba 142) e outra para formados em Engenharia de Computa\u00e7\u00e3o, Ci\u00eancia da Computa\u00e7\u00e3o, Sistemas de Informa\u00e7\u00e3o (Edital n\u00ba 143). J\u00e1 no Vale do A\u00e7o, a oportunidade \u00e9 [&hellip;]<\/p>\n","protected":false},"author":4,"featured_media":59493,"comment_status":"open","ping_status":"closed","sticky":false,"template":"","format":"standard","meta":{"amp_status":"","footnotes":""},"categories":[40237,40236,121,123],"tags":[45074,255107,255108,199,214639,1105,256232,256231],"class_list":["post-185066","post","type-post","status-publish","format-standard","has-post-thumbnail","hentry","category-concursos","category-empregos-2","category-leste","category-gerais","tag-cefet-mg","tag-cefet-mg-em-divinopolis","tag-cefet-mg-em-timoteo","tag-divinopolis","tag-oportunidade-no-cefet-mg","tag-timoteo","tag-vaga-no-cefet-mg","tag-vaga-para-professor-no-cefet-mg"],"_links":{"self":[{"href":"https:\/\/aconteceunovale.com.br\/portal\/index.php?rest_route=\/wp\/v2\/posts\/185066","targetHints":{"allow":["GET"]}}],"collection":[{"href":"https:\/\/aconteceunovale.com.br\/portal\/index.php?rest_route=\/wp\/v2\/posts"}],"about":[{"href":"https:\/\/aconteceunovale.com.br\/portal\/index.php?rest_route=\/wp\/v2\/types\/post"}],"author":[{"embeddable":true,"href":"https:\/\/aconteceunovale.com.br\/portal\/index.php?rest_route=\/wp\/v2\/users\/4"}],"replies":[{"embeddable":true,"href":"https:\/\/aconteceunovale.com.br\/portal\/index.php?rest_route=%2Fwp%2Fv2%2Fcomments&post=185066"}],"version-history":[{"count":1,"href":"https:\/\/aconteceunovale.com.br\/portal\/index.php?rest_route=\/wp\/v2\/posts\/185066\/revisions"}],"predecessor-version":[{"id":185067,"href":"https:\/\/aconteceunovale.com.br\/portal\/index.php?rest_route=\/wp\/v2\/posts\/185066\/revisions\/185067"}],"wp:featuredmedia":[{"embeddable":true,"href":"https:\/\/aconteceunovale.com.br\/portal\/index.php?rest_route=\/wp\/v2\/media\/59493"}],"wp:attachment":[{"href":"https:\/\/aconteceunovale.com.br\/portal\/index.php?rest_route=%2Fwp%2Fv2%2Fmedia&parent=185066"}],"wp:term":[{"taxonomy":"category","embeddable":true,"href":"https:\/\/aconteceunovale.com.br\/portal\/index.php?rest_route=%2Fwp%2Fv2%2Fcategories&post=185066"},{"taxonomy":"post_tag","embeddable":true,"href":"https:\/\/aconteceunovale.com.br\/portal\/index.php?rest_route=%2Fwp%2Fv2%2Ftags&post=185066"}],"curies":[{"name":"wp","href":"https:\/\/api.w.org\/{rel}","templated":true}]}}