{"id":185064,"date":"2021-12-22T08:51:59","date_gmt":"2021-12-22T11:51:59","guid":{"rendered":"https:\/\/aconteceunovale.com.br\/portal\/?p=185064"},"modified":"2021-12-22T08:52:13","modified_gmt":"2021-12-22T11:52:13","slug":"produtor-rural-podera-regularizar-cadastro-ambiental-pela-internet","status":"publish","type":"post","link":"https:\/\/aconteceunovale.com.br\/portal\/?p=185064","title":{"rendered":"Produtor rural poder\u00e1 regularizar cadastro ambiental pela internet"},"content":{"rendered":"\n<p class=\"wp-block-paragraph\">Produtores rurais poder\u00e3o aderir, de forma digital, a uma proposta de regulariza\u00e7\u00e3o ambiental e passar a ser monitorados a dist\u00e2ncia no cumprimento das exig\u00eancias do C\u00f3digo Florestal Brasileiro. Isso ser\u00e1 poss\u00edvel por meio do M\u00f3dulo de Regulariza\u00e7\u00e3o Ambiental do Sistema de Cadastro Ambiental Rural (Sicar), lan\u00e7ado\u00a0ontem (21\/12\/2021) pelo Servi\u00e7o Florestal Brasileiro, do Minist\u00e9rio da Agricultura, Pecu\u00e1ria e Abastecimento.<\/p>\n\n\n\n<p class=\"wp-block-paragraph\">Por meio da ferramenta, o produtor rural declarar\u00e1 de que forma cumprir\u00e1 as normas ambientais: por meio da recomposi\u00e7\u00e3o da vegeta\u00e7\u00e3o nativa, da compensa\u00e7\u00e3o de reservas legais ou da convers\u00e3o de san\u00e7\u00f5es administrativas emitidas at\u00e9 2008.<\/p>\n\n\n\n<p class=\"wp-block-paragraph\">Com base na op\u00e7\u00e3o escolhida, o M\u00f3dulo de Regulariza\u00e7\u00e3o Ambiental (MRA) encaminhar\u00e1 uma proposta de regulariza\u00e7\u00e3o ambiental, que dever\u00e1 ser apresentada ao \u00f3rg\u00e3o ambiental competente para a assinatura dos Termos de Compromissos.<\/p>\n\n\n\n<h2 class=\"wp-block-heading\">Tecnologia de sensoriamento remoto<\/h2>\n\n\n\n<p class=\"wp-block-paragraph\">Com a ades\u00e3o do produtor formalizada, o MRA passar\u00e1 a monitorar o cumprimento das declara\u00e7\u00f5es por meio da tecnologia de sensoriamento remoto. O produtor&nbsp;ter\u00e1 aux\u00edlio da plataforma WebAmbiente, da Empresa Brasileira de Pesquisa Agropecu\u00e1ria (Embrapa), que fornece orienta\u00e7\u00f5es t\u00e9cnicas e estrat\u00e9gias para a ades\u00e3o ao plano de regulariza\u00e7\u00e3o ambiental, como a escolha de variedades de \u00e1rvores para recompor a vegeta\u00e7\u00e3o.<br><br>\u201cNos encontramos em um momento decisivo da implementa\u00e7\u00e3o desta lei [do C\u00f3digo Florestal] e precisaremos de uni\u00e3o entre todos os elos para seguir um caminho de bom senso e de equil\u00edbrio garantindo que os desafios sociais, econ\u00f4micos e ambientais sejam abordados de forma integrada, assim como a legisla\u00e7\u00e3o prev\u00ea\u201d, destacou a ministra da Agricultura, Tereza Cristina, no lan\u00e7amento da ferramenta.<br><br>Tamb\u00e9m presente \u00e0 cerim\u00f4nia, o ministro do Meio Ambiente, Joaquim Leite, disse que a iniciativa \u00e9 importante para mostrar o compromisso dos produtores rurais com o meio ambiente. \u201c\u00c9 uma ferramenta importante para darmos mais um passo na dire\u00e7\u00e3o de mostrar que o produtor rural est\u00e1 preocupado com a sua regulariza\u00e7\u00e3o e compensa\u00e7\u00e3o de \u00e1reas e faz isso de forma muito eficiente\u201d, declarou.<\/p>\n\n\n\n<h2 class=\"wp-block-heading\">Interesse<\/h2>\n\n\n\n<p class=\"wp-block-paragraph\">Institu\u00eddo pelo C\u00f3digo Florestal Brasileiro, em 2012, o Cadastro Ambiental Rural (CAR) atualmente registra mais de 7,7 milh\u00f5es de propriedades rurais. Segundo o diretor de Regulariza\u00e7\u00e3o Ambiental do Servi\u00e7o Florestal, Jo\u00e3o Adrien, 58% dos produtores que aderiram ao Cadastro Ambiental Rural manifestaram interesse em entrar no PRA.<br><br>Em maio deste ano, o Servi\u00e7o Florestal lan\u00e7ou a ferramenta da An\u00e1lise Dinamizada do CAR, para que os estados possam analisar e qualificar as bases locais de cadastros de forma mais r\u00e1pida e segura. Os cadastros inscritos no Sistema de Cadastro Ambiental Rural passaram a ser analisados por lotes, em vez de serem examinados individualmente pelas equipes dos \u00f3rg\u00e3os ambientais estaduais.<\/p>\n\n\n\n<p class=\"wp-block-paragraph\">&#8212;&#8212;&#8212;&#8212;&#8212;&#8212;<br><em>Quer receber as not\u00edcias do <strong>Aconteceu no Vale<\/strong> em primeira m\u00e3o? Siga-nos no Facebook <a rel=\"noreferrer noopener\" href=\"http:\/\/facebook.com\/aconteceunovale\" target=\"_blank\">@aconteceunovale<\/a>, Twitter <a rel=\"noreferrer noopener\" href=\"https:\/\/twitter.com\/noticiadosvales\" target=\"_blank\">@noticiadosvales<\/a> e Instagram <a rel=\"noreferrer noopener\" href=\"https:\/\/www.instagram.com\/aconteceunovale\" target=\"_blank\">@aconteceunovale<\/a>.<\/em><\/p>\n","protected":false},"excerpt":{"rendered":"<p>Produtores rurais poder\u00e3o aderir, de forma digital, a uma proposta de regulariza\u00e7\u00e3o ambiental e passar a ser monitorados a dist\u00e2ncia no cumprimento das exig\u00eancias do C\u00f3digo Florestal Brasileiro. Isso ser\u00e1 poss\u00edvel por meio do M\u00f3dulo de Regulariza\u00e7\u00e3o Ambiental do Sistema de Cadastro Ambiental Rural (Sicar), lan\u00e7ado\u00a0ontem (21\/12\/2021) pelo Servi\u00e7o Florestal Brasileiro, do Minist\u00e9rio da Agricultura, [&hellip;]<\/p>\n","protected":false},"author":4,"featured_media":109705,"comment_status":"open","ping_status":"closed","sticky":false,"template":"","format":"standard","meta":{"amp_status":"","footnotes":""},"categories":[6],"tags":[25577,256224,8354,42405,256227,29596,23235,1829,91974,181281,256229,160465,256230,256226,256225,256228],"class_list":["post-185064","post","type-post","status-publish","format-standard","has-post-thumbnail","hentry","category-br","tag-agricultura","tag-cadastro-ambiental-pela-internet","tag-cadastro-ambiental-rural","tag-car","tag-codigo-florestal-brasileiro","tag-embrapa","tag-mapa","tag-meio-ambiente","tag-ministerio-da-agricultura","tag-ministerio-do-meio-ambiente","tag-mra","tag-produtores-rurais","tag-regularizacao-ambiental","tag-regularizacao-do-cadastro-ambiental","tag-regularizacao-do-cadastro-ambiental-pela-internet","tag-sicar"],"yoast_head":"<!-- This site is optimized with the Yoast SEO plugin v28.3 - https:\/\/yoast.com\/product\/yoast-seo-wordpress\/ -->\n<title>Produtor rural poder\u00e1 regularizar cadastro ambiental pela internet - Aconteceu no Vale<\/title>\n<meta name=\"robots\" content=\"index, follow, max-snippet:-1, max-image-preview:large, max-video-preview:-1\" \/>\n<link rel=\"canonical\" href=\"https:\/\/aconteceunovale.com.br\/portal\/?p=185064\" \/>\n<meta property=\"og:locale\" content=\"pt_BR\" \/>\n<meta property=\"og:type\" content=\"article\" \/>\n<meta property=\"og:title\" content=\"Produtor rural poder\u00e1 regularizar cadastro ambiental pela internet - Aconteceu no Vale\" \/>\n<meta property=\"og:description\" content=\"Produtores rurais poder\u00e3o aderir, de forma digital, a uma proposta de regulariza\u00e7\u00e3o ambiental e passar a ser monitorados a dist\u00e2ncia no cumprimento das exig\u00eancias do C\u00f3digo Florestal Brasileiro. Isso ser\u00e1 poss\u00edvel por meio do M\u00f3dulo de Regulariza\u00e7\u00e3o Ambiental do Sistema de Cadastro Ambiental Rural (Sicar), lan\u00e7ado\u00a0ontem (21\/12\/2021) pelo Servi\u00e7o Florestal Brasileiro, do Minist\u00e9rio da Agricultura, [&hellip;]\" \/>\n<meta property=\"og:url\" content=\"https:\/\/aconteceunovale.com.br\/portal\/?p=185064\" \/>\n<meta property=\"og:site_name\" content=\"Aconteceu no Vale\" \/>\n<meta property=\"article:publisher\" content=\"https:\/\/www.facebook.com\/aconteceunovale\/\" \/>\n<meta property=\"article:published_time\" content=\"2021-12-22T11:51:59+00:00\" \/>\n<meta property=\"article:modified_time\" content=\"2021-12-22T11:52:13+00:00\" \/>\n<meta property=\"og:image\" content=\"https:\/\/aconteceunovale.com.br\/portal\/wp-content\/uploads\/2017\/03\/integracao_lavourapecuaria.jpg\" \/>\n\t<meta property=\"og:image:width\" content=\"678\" \/>\n\t<meta property=\"og:image:height\" content=\"412\" \/>\n\t<meta property=\"og:image:type\" content=\"image\/jpeg\" \/>\n<meta name=\"author\" content=\"Reda\u00e7\u00e3o Aconteceu no Vale\" \/>\n<meta name=\"twitter:card\" content=\"summary_large_image\" \/>\n<meta name=\"twitter:creator\" content=\"@noticiadosvales\" \/>\n<meta name=\"twitter:site\" content=\"@noticiadosvales\" \/>\n<meta name=\"twitter:label1\" content=\"Escrito por\" \/>\n\t<meta name=\"twitter:data1\" content=\"Reda\u00e7\u00e3o Aconteceu no Vale\" \/>\n\t<meta name=\"twitter:label2\" content=\"Est. tempo de leitura\" \/>\n\t<meta name=\"twitter:data2\" content=\"2 minutos\" \/>\n<script type=\"application\/ld+json\" class=\"yoast-schema-graph\">{\"@context\":\"https:\\\/\\\/schema.org\",\"@graph\":[{\"@type\":\"Article\",\"@id\":\"https:\\\/\\\/aconteceunovale.com.br\\\/portal\\\/?p=185064#article\",\"isPartOf\":{\"@id\":\"https:\\\/\\\/aconteceunovale.com.br\\\/portal\\\/?p=185064\"},\"author\":{\"name\":\"Reda\u00e7\u00e3o Aconteceu no Vale\",\"@id\":\"https:\\\/\\\/aconteceunovale.com.br\\\/portal\\\/#\\\/schema\\\/person\\\/7d2f26d1483f8a63de73da1ee0754d35\"},\"headline\":\"Produtor rural poder\u00e1 regularizar cadastro ambiental pela internet\",\"datePublished\":\"2021-12-22T11:51:59+00:00\",\"dateModified\":\"2021-12-22T11:52:13+00:00\",\"mainEntityOfPage\":{\"@id\":\"https:\\\/\\\/aconteceunovale.com.br\\\/portal\\\/?p=185064\"},\"wordCount\":503,\"commentCount\":0,\"image\":{\"@id\":\"https:\\\/\\\/aconteceunovale.com.br\\\/portal\\\/?p=185064#primaryimage\"},\"thumbnailUrl\":\"https:\\\/\\\/aconteceunovale.com.br\\\/portal\\\/wp-content\\\/uploads\\\/2017\\\/03\\\/integracao_lavourapecuaria.jpg\",\"keywords\":[\"agricultura\",\"Cadastro Ambiental pela internet\",\"Cadastro Ambiental Rural\",\"CAR\",\"C\u00f3digo Florestal Brasileiro\",\"Embrapa\",\"Mapa\",\"Meio Ambiente\",\"Minist\u00e9rio da Agricultura\",\"Minist\u00e9rio do Meio Ambiente\",\"MRA\",\"produtores rurais\",\"Regulariza\u00e7\u00e3o Ambiental\",\"Regulariza\u00e7\u00e3o do cadastro ambiental\",\"Regulariza\u00e7\u00e3o do cadastro ambiental pela internet\",\"Sicar\"],\"articleSection\":[\"Brasil\"],\"inLanguage\":\"pt-BR\",\"potentialAction\":[{\"@type\":\"CommentAction\",\"name\":\"Comment\",\"target\":[\"https:\\\/\\\/aconteceunovale.com.br\\\/portal\\\/?p=185064#respond\"]}]},{\"@type\":\"WebPage\",\"@id\":\"https:\\\/\\\/aconteceunovale.com.br\\\/portal\\\/?p=185064\",\"url\":\"https:\\\/\\\/aconteceunovale.com.br\\\/portal\\\/?p=185064\",\"name\":\"Produtor rural poder\u00e1 regularizar cadastro ambiental pela internet - Aconteceu no Vale\",\"isPartOf\":{\"@id\":\"https:\\\/\\\/aconteceunovale.com.br\\\/portal\\\/#website\"},\"primaryImageOfPage\":{\"@id\":\"https:\\\/\\\/aconteceunovale.com.br\\\/portal\\\/?p=185064#primaryimage\"},\"image\":{\"@id\":\"https:\\\/\\\/aconteceunovale.com.br\\\/portal\\\/?p=185064#primaryimage\"},\"thumbnailUrl\":\"https:\\\/\\\/aconteceunovale.com.br\\\/portal\\\/wp-content\\\/uploads\\\/2017\\\/03\\\/integracao_lavourapecuaria.jpg\",\"datePublished\":\"2021-12-22T11:51:59+00:00\",\"dateModified\":\"2021-12-22T11:52:13+00:00\",\"author\":{\"@id\":\"https:\\\/\\\/aconteceunovale.com.br\\\/portal\\\/#\\\/schema\\\/person\\\/7d2f26d1483f8a63de73da1ee0754d35\"},\"breadcrumb\":{\"@id\":\"https:\\\/\\\/aconteceunovale.com.br\\\/portal\\\/?p=185064#breadcrumb\"},\"inLanguage\":\"pt-BR\",\"potentialAction\":[{\"@type\":\"ReadAction\",\"target\":[\"https:\\\/\\\/aconteceunovale.com.br\\\/portal\\\/?p=185064\"]}]},{\"@type\":\"ImageObject\",\"inLanguage\":\"pt-BR\",\"@id\":\"https:\\\/\\\/aconteceunovale.com.br\\\/portal\\\/?p=185064#primaryimage\",\"url\":\"https:\\\/\\\/aconteceunovale.com.br\\\/portal\\\/wp-content\\\/uploads\\\/2017\\\/03\\\/integracao_lavourapecuaria.jpg\",\"contentUrl\":\"https:\\\/\\\/aconteceunovale.com.br\\\/portal\\\/wp-content\\\/uploads\\\/2017\\\/03\\\/integracao_lavourapecuaria.jpg\",\"width\":678,\"height\":412},{\"@type\":\"BreadcrumbList\",\"@id\":\"https:\\\/\\\/aconteceunovale.com.br\\\/portal\\\/?p=185064#breadcrumb\",\"itemListElement\":[{\"@type\":\"ListItem\",\"position\":1,\"name\":\"In\u00edcio\",\"item\":\"https:\\\/\\\/aconteceunovale.com.br\\\/portal\\\/\"},{\"@type\":\"ListItem\",\"position\":2,\"name\":\"Produtor rural poder\u00e1 regularizar cadastro ambiental pela internet\"}]},{\"@type\":\"WebSite\",\"@id\":\"https:\\\/\\\/aconteceunovale.com.br\\\/portal\\\/#website\",\"url\":\"https:\\\/\\\/aconteceunovale.com.br\\\/portal\\\/\",\"name\":\"Aconteceu no Vale\",\"description\":\"Portal de Not\u00edcias\",\"potentialAction\":[{\"@type\":\"SearchAction\",\"target\":{\"@type\":\"EntryPoint\",\"urlTemplate\":\"https:\\\/\\\/aconteceunovale.com.br\\\/portal\\\/?s={search_term_string}\"},\"query-input\":{\"@type\":\"PropertyValueSpecification\",\"valueRequired\":true,\"valueName\":\"search_term_string\"}}],\"inLanguage\":\"pt-BR\"},{\"@type\":\"Person\",\"@id\":\"https:\\\/\\\/aconteceunovale.com.br\\\/portal\\\/#\\\/schema\\\/person\\\/7d2f26d1483f8a63de73da1ee0754d35\",\"name\":\"Reda\u00e7\u00e3o Aconteceu no Vale\",\"description\":\"Equipe de reportagem do Aconteceu no Vale, portal de not\u00edcias do Vale do Jequitinhonha, em Minas Gerais. Cobrimos as 51 cidades do Vale desde 2013. Sugest\u00f5es de pauta e pedidos de corre\u00e7\u00e3o: contato@aconteceunovale.com.br\",\"url\":\"https:\\\/\\\/aconteceunovale.com.br\\\/portal\\\/?author=4\"}]}<\/script>\n<!-- \/ Yoast SEO plugin. -->","yoast_head_json":{"title":"Produtor rural poder\u00e1 regularizar cadastro ambiental pela internet - Aconteceu no Vale","robots":{"index":"index","follow":"follow","max-snippet":"max-snippet:-1","max-image-preview":"max-image-preview:large","max-video-preview":"max-video-preview:-1"},"canonical":"https:\/\/aconteceunovale.com.br\/portal\/?p=185064","og_locale":"pt_BR","og_type":"article","og_title":"Produtor rural poder\u00e1 regularizar cadastro ambiental pela internet - Aconteceu no Vale","og_description":"Produtores rurais poder\u00e3o aderir, de forma digital, a uma proposta de regulariza\u00e7\u00e3o ambiental e passar a ser monitorados a dist\u00e2ncia no cumprimento das exig\u00eancias do C\u00f3digo Florestal Brasileiro. Isso ser\u00e1 poss\u00edvel por meio do M\u00f3dulo de Regulariza\u00e7\u00e3o Ambiental do Sistema de Cadastro Ambiental Rural (Sicar), lan\u00e7ado\u00a0ontem (21\/12\/2021) pelo Servi\u00e7o Florestal Brasileiro, do Minist\u00e9rio da Agricultura, [&hellip;]","og_url":"https:\/\/aconteceunovale.com.br\/portal\/?p=185064","og_site_name":"Aconteceu no Vale","article_publisher":"https:\/\/www.facebook.com\/aconteceunovale\/","article_published_time":"2021-12-22T11:51:59+00:00","article_modified_time":"2021-12-22T11:52:13+00:00","og_image":[{"width":678,"height":412,"url":"https:\/\/aconteceunovale.com.br\/portal\/wp-content\/uploads\/2017\/03\/integracao_lavourapecuaria.jpg","type":"image\/jpeg"}],"author":"Reda\u00e7\u00e3o Aconteceu no Vale","twitter_card":"summary_large_image","twitter_creator":"@noticiadosvales","twitter_site":"@noticiadosvales","twitter_misc":{"Escrito por":"Reda\u00e7\u00e3o Aconteceu no Vale","Est. tempo de leitura":"2 minutos"},"schema":{"@context":"https:\/\/schema.org","@graph":[{"@type":"Article","@id":"https:\/\/aconteceunovale.com.br\/portal\/?p=185064#article","isPartOf":{"@id":"https:\/\/aconteceunovale.com.br\/portal\/?p=185064"},"author":{"name":"Reda\u00e7\u00e3o Aconteceu no Vale","@id":"https:\/\/aconteceunovale.com.br\/portal\/#\/schema\/person\/7d2f26d1483f8a63de73da1ee0754d35"},"headline":"Produtor rural poder\u00e1 regularizar cadastro ambiental pela internet","datePublished":"2021-12-22T11:51:59+00:00","dateModified":"2021-12-22T11:52:13+00:00","mainEntityOfPage":{"@id":"https:\/\/aconteceunovale.com.br\/portal\/?p=185064"},"wordCount":503,"commentCount":0,"image":{"@id":"https:\/\/aconteceunovale.com.br\/portal\/?p=185064#primaryimage"},"thumbnailUrl":"https:\/\/aconteceunovale.com.br\/portal\/wp-content\/uploads\/2017\/03\/integracao_lavourapecuaria.jpg","keywords":["agricultura","Cadastro Ambiental pela internet","Cadastro Ambiental Rural","CAR","C\u00f3digo Florestal Brasileiro","Embrapa","Mapa","Meio Ambiente","Minist\u00e9rio da Agricultura","Minist\u00e9rio do Meio Ambiente","MRA","produtores rurais","Regulariza\u00e7\u00e3o Ambiental","Regulariza\u00e7\u00e3o do cadastro ambiental","Regulariza\u00e7\u00e3o do cadastro ambiental pela internet","Sicar"],"articleSection":["Brasil"],"inLanguage":"pt-BR","potentialAction":[{"@type":"CommentAction","name":"Comment","target":["https:\/\/aconteceunovale.com.br\/portal\/?p=185064#respond"]}]},{"@type":"WebPage","@id":"https:\/\/aconteceunovale.com.br\/portal\/?p=185064","url":"https:\/\/aconteceunovale.com.br\/portal\/?p=185064","name":"Produtor rural poder\u00e1 regularizar cadastro ambiental pela internet - Aconteceu no Vale","isPartOf":{"@id":"https:\/\/aconteceunovale.com.br\/portal\/#website"},"primaryImageOfPage":{"@id":"https:\/\/aconteceunovale.com.br\/portal\/?p=185064#primaryimage"},"image":{"@id":"https:\/\/aconteceunovale.com.br\/portal\/?p=185064#primaryimage"},"thumbnailUrl":"https:\/\/aconteceunovale.com.br\/portal\/wp-content\/uploads\/2017\/03\/integracao_lavourapecuaria.jpg","datePublished":"2021-12-22T11:51:59+00:00","dateModified":"2021-12-22T11:52:13+00:00","author":{"@id":"https:\/\/aconteceunovale.com.br\/portal\/#\/schema\/person\/7d2f26d1483f8a63de73da1ee0754d35"},"breadcrumb":{"@id":"https:\/\/aconteceunovale.com.br\/portal\/?p=185064#breadcrumb"},"inLanguage":"pt-BR","potentialAction":[{"@type":"ReadAction","target":["https:\/\/aconteceunovale.com.br\/portal\/?p=185064"]}]},{"@type":"ImageObject","inLanguage":"pt-BR","@id":"https:\/\/aconteceunovale.com.br\/portal\/?p=185064#primaryimage","url":"https:\/\/aconteceunovale.com.br\/portal\/wp-content\/uploads\/2017\/03\/integracao_lavourapecuaria.jpg","contentUrl":"https:\/\/aconteceunovale.com.br\/portal\/wp-content\/uploads\/2017\/03\/integracao_lavourapecuaria.jpg","width":678,"height":412},{"@type":"BreadcrumbList","@id":"https:\/\/aconteceunovale.com.br\/portal\/?p=185064#breadcrumb","itemListElement":[{"@type":"ListItem","position":1,"name":"In\u00edcio","item":"https:\/\/aconteceunovale.com.br\/portal\/"},{"@type":"ListItem","position":2,"name":"Produtor rural poder\u00e1 regularizar cadastro ambiental pela internet"}]},{"@type":"WebSite","@id":"https:\/\/aconteceunovale.com.br\/portal\/#website","url":"https:\/\/aconteceunovale.com.br\/portal\/","name":"Aconteceu no Vale","description":"Portal de Not\u00edcias","potentialAction":[{"@type":"SearchAction","target":{"@type":"EntryPoint","urlTemplate":"https:\/\/aconteceunovale.com.br\/portal\/?s={search_term_string}"},"query-input":{"@type":"PropertyValueSpecification","valueRequired":true,"valueName":"search_term_string"}}],"inLanguage":"pt-BR"},{"@type":"Person","@id":"https:\/\/aconteceunovale.com.br\/portal\/#\/schema\/person\/7d2f26d1483f8a63de73da1ee0754d35","name":"Reda\u00e7\u00e3o Aconteceu no Vale","description":"Equipe de reportagem do Aconteceu no Vale, portal de not\u00edcias do Vale do Jequitinhonha, em Minas Gerais. Cobrimos as 51 cidades do Vale desde 2013. Sugest\u00f5es de pauta e pedidos de corre\u00e7\u00e3o: contato@aconteceunovale.com.br","url":"https:\/\/aconteceunovale.com.br\/portal\/?author=4"}]}},"_links":{"self":[{"href":"https:\/\/aconteceunovale.com.br\/portal\/index.php?rest_route=\/wp\/v2\/posts\/185064","targetHints":{"allow":["GET"]}}],"collection":[{"href":"https:\/\/aconteceunovale.com.br\/portal\/index.php?rest_route=\/wp\/v2\/posts"}],"about":[{"href":"https:\/\/aconteceunovale.com.br\/portal\/index.php?rest_route=\/wp\/v2\/types\/post"}],"author":[{"embeddable":true,"href":"https:\/\/aconteceunovale.com.br\/portal\/index.php?rest_route=\/wp\/v2\/users\/4"}],"replies":[{"embeddable":true,"href":"https:\/\/aconteceunovale.com.br\/portal\/index.php?rest_route=%2Fwp%2Fv2%2Fcomments&post=185064"}],"version-history":[{"count":1,"href":"https:\/\/aconteceunovale.com.br\/portal\/index.php?rest_route=\/wp\/v2\/posts\/185064\/revisions"}],"predecessor-version":[{"id":185065,"href":"https:\/\/aconteceunovale.com.br\/portal\/index.php?rest_route=\/wp\/v2\/posts\/185064\/revisions\/185065"}],"wp:featuredmedia":[{"embeddable":true,"href":"https:\/\/aconteceunovale.com.br\/portal\/index.php?rest_route=\/wp\/v2\/media\/109705"}],"wp:attachment":[{"href":"https:\/\/aconteceunovale.com.br\/portal\/index.php?rest_route=%2Fwp%2Fv2%2Fmedia&parent=185064"}],"wp:term":[{"taxonomy":"category","embeddable":true,"href":"https:\/\/aconteceunovale.com.br\/portal\/index.php?rest_route=%2Fwp%2Fv2%2Fcategories&post=185064"},{"taxonomy":"post_tag","embeddable":true,"href":"https:\/\/aconteceunovale.com.br\/portal\/index.php?rest_route=%2Fwp%2Fv2%2Ftags&post=185064"}],"curies":[{"name":"wp","href":"https:\/\/api.w.org\/{rel}","templated":true}]}}