{"id":185062,"date":"2021-12-22T08:44:22","date_gmt":"2021-12-22T11:44:22","guid":{"rendered":"https:\/\/aconteceunovale.com.br\/portal\/?p=185062"},"modified":"2021-12-22T08:47:47","modified_gmt":"2021-12-22T11:47:47","slug":"congresso-nacional-aprova-orcamento-para-2022","status":"publish","type":"post","link":"https:\/\/aconteceunovale.com.br\/portal\/?p=185062","title":{"rendered":"Congresso Nacional aprova Or\u00e7amento para 2022"},"content":{"rendered":"\n<p class=\"wp-block-paragraph\">O Congresso Nacional aprovou na noite desta ter\u00e7a-feira (21\/12\/2021) o relat\u00f3rio final do projeto de lei or\u00e7ament\u00e1ria de 2022. A mat\u00e9ria segue para san\u00e7\u00e3o presidencial.<\/p>\n\n\n\n<p class=\"wp-block-paragraph\">O Or\u00e7amento do ano que vem prev\u00ea valor total da despesa para 2022 de R$ 4,82 trilh\u00f5es, dos quais R$ 1,88 trilh\u00e3o refere-se ao refinanciamento da d\u00edvida p\u00fablica.<\/p>\n\n\n\n<p class=\"wp-block-paragraph\">O texto foi aprovado em sess\u00e3o separada do Congresso Nacional, como tem acontecido em virtude da pandemia de Covid-19.\u00a0Entre os deputados, a proposta foi aprovada por 358 votos favor\u00e1veis e 97 contr\u00e1rios. No Senado, o texto passou por 51 votos a 20.<\/p>\n\n\n\n<p class=\"wp-block-paragraph\">O Or\u00e7amento para 2022 concede de mais R$ 2 bilh\u00f5es para reajuste de servidores do Poder Executivo, destina R$ 800 milh\u00f5es para o reajuste de agentes comunit\u00e1rios de sa\u00fade e fixa o Fundo Eleitoral em R$ 4,934 bilh\u00f5es. O aumento para os servidores j\u00e1 havia sido rejeitado pelo relator, deputado Hugo Leal (PSD-RJ), mas foi viabilizado ap\u00f3s acordo entre os parlamentares e cortes no Or\u00e7amento.<\/p>\n\n\n\n<p class=\"wp-block-paragraph\">O texto tamb\u00e9m prev\u00ea tem aumento para os recursos para educa\u00e7\u00e3o. O Or\u00e7amento prev\u00ea R$ 113,4 bilh\u00f5es na manuten\u00e7\u00e3o e no desenvolvimento do ensino em 2022. A complementa\u00e7\u00e3o da Uni\u00e3o ao Fundo Nacional da Educa\u00e7\u00e3o B\u00e1sica (Fundeb) ser\u00e1 de R$ 30,1 bilh\u00f5es.&nbsp;<\/p>\n\n\n\n<p class=\"wp-block-paragraph\">A proposta de Or\u00e7amento para 2022 estabelece o sal\u00e1rio m\u00ednimo no valor de R$ 1.210 para o pr\u00f3ximo ano. Esse montante representa aumento de 10,04% em rela\u00e7\u00e3o ao sal\u00e1rio m\u00ednimo atual de R$ 1,1 mil. A varia\u00e7\u00e3o corresponde \u00e0 proje\u00e7\u00e3o oficial da Secretaria de Pol\u00edtica Econ\u00f4mica (SPE) do Minist\u00e9rio da Economia para o \u00cdndice Nacional de Pre\u00e7os ao Consumidor (INPC) para este ano. O que indicaria mais um ano sem ganhos reais (reajuste acima da infla\u00e7\u00e3o).<\/p>\n\n\n\n<p class=\"wp-block-paragraph\">No projeto original do Poder Executivo, o financiamento de campanhas eleitorais teria R$ 2,1 bilh\u00f5es no ano que vem. O valor foi reajustado pelos parlamentares e, na primeira vers\u00e3o do relat\u00f3rio, seriam destinados R$ 5,1 bilh\u00f5es. O montante final que foi aprovado no Or\u00e7amento para o financiamento p\u00fablico para o pleito de 2022 foi R$ 4,9 bilh\u00f5es. Durante a vota\u00e7\u00e3o no Senado, parlamentares tentaram diminuir esse valor, mas foram derrotados.<\/p>\n\n\n\n<p class=\"wp-block-paragraph\">O Or\u00e7amento 2022 destina R$ 89 bilh\u00f5es para o pagamento do Aux\u00edlio Brasil, no valor de R$ 400 mensais por fam\u00edlia. No projeto original, enviado pelo Poder Executivo, destinava R$ 34,7 bilh\u00f5es. J\u00e1 as despesas com Sa\u00fade tiveram um crescimento de R$ 15 bilh\u00f5es em rela\u00e7\u00e3o \u00e0 proposta original encaminhada pelo Poder Executivo, chegando a mais de R$ 160 bilh\u00f5es.<\/p>\n\n\n\n<p class=\"wp-block-paragraph\">No relat\u00f3rio final, as emendas de relator somam R$ 16,5 bilh\u00f5es e v\u00e3o atender 30 programa\u00e7\u00f5es diferentes. As principais s\u00e3o custeio dos servi\u00e7os de aten\u00e7\u00e3o prim\u00e1ria \u00e0 sa\u00fade (R$ 4,68 bilh\u00f5es) e servi\u00e7os de assist\u00eancia hospitalar e ambulatorial (R$ 2,6 bilh\u00f5es).<\/p>\n\n\n\n<p class=\"wp-block-paragraph\">&#8212;&#8212;&#8212;&#8212;&#8212;&#8212;<br><em>Quer receber as not\u00edcias do <strong>Aconteceu no Vale<\/strong> em primeira m\u00e3o? Siga-nos no Facebook <a rel=\"noreferrer noopener\" href=\"http:\/\/facebook.com\/aconteceunovale\" target=\"_blank\">@aconteceunovale<\/a>, Twitter <a rel=\"noreferrer noopener\" href=\"https:\/\/twitter.com\/noticiadosvales\" target=\"_blank\">@noticiadosvales<\/a> e Instagram <a rel=\"noreferrer noopener\" href=\"https:\/\/www.instagram.com\/aconteceunovale\" target=\"_blank\">@aconteceunovale<\/a>.<\/em><\/p>\n","protected":false},"excerpt":{"rendered":"<p>O Congresso Nacional aprovou na noite desta ter\u00e7a-feira (21\/12\/2021) o relat\u00f3rio final do projeto de lei or\u00e7ament\u00e1ria de 2022. A mat\u00e9ria segue para san\u00e7\u00e3o presidencial. O Or\u00e7amento do ano que vem prev\u00ea valor total da despesa para 2022 de R$ 4,82 trilh\u00f5es, dos quais R$ 1,88 trilh\u00e3o refere-se ao refinanciamento da d\u00edvida p\u00fablica. O texto [&hellip;]<\/p>\n","protected":false},"author":4,"featured_media":176759,"comment_status":"open","ping_status":"closed","sticky":false,"template":"","format":"standard","meta":{"amp_status":"","footnotes":""},"categories":[6,40240],"tags":[100375,20922,48796,70435,1018,184405,26436,243252,184661,256163,256220,256221,71438,256222,256164,53605,256161,250316,256162,243249,250317,256223,228659,21938,250319,243250,250320],"class_list":["post-185062","post","type-post","status-publish","format-standard","has-post-thumbnail","hentry","category-br","category-politica","tag-bolsonaro","tag-camara-dos-deputados","tag-congresso-nacional","tag-deputado-hugo-leal","tag-destaque","tag-governo-bolsonaro","tag-jair-bolsonaro","tag-ldo-2022","tag-ministerio-da-economia","tag-orcamento-do-brasil-em-2022","tag-orcamento-do-brasil-para-2022","tag-orcamento-federal-para-2022","tag-pec-dos-precatorios","tag-proposta-do-orcamento-para-2022","tag-reajuste-do-salario","tag-reajuste-do-salario-minimo","tag-salario-2022","tag-salario-em-2022","tag-salario-minimo-de-r-1-210-em-2022","tag-salario-minimo-em-2022","tag-salario-minimo-para-2022","tag-salario-minimo-para-2022-ficara-em-r-1-210","tag-salario-proposto-pelo-governo-federal","tag-senado","tag-valor-do-salario-em-2022","tag-valor-do-salario-minimo-em-2022","tag-valor-do-salario-minimo-para-2022"],"yoast_head":"<!-- This site is optimized with the Yoast SEO plugin v28.3 - https:\/\/yoast.com\/product\/yoast-seo-wordpress\/ -->\n<title>Congresso Nacional aprova Or\u00e7amento para 2022 - Aconteceu no Vale<\/title>\n<meta name=\"robots\" content=\"index, follow, max-snippet:-1, max-image-preview:large, max-video-preview:-1\" \/>\n<link rel=\"canonical\" href=\"https:\/\/aconteceunovale.com.br\/portal\/?p=185062\" \/>\n<meta property=\"og:locale\" content=\"pt_BR\" \/>\n<meta property=\"og:type\" content=\"article\" \/>\n<meta property=\"og:title\" content=\"Congresso Nacional aprova Or\u00e7amento para 2022 - Aconteceu no Vale\" \/>\n<meta property=\"og:description\" content=\"O Congresso Nacional aprovou na noite desta ter\u00e7a-feira (21\/12\/2021) o relat\u00f3rio final do projeto de lei or\u00e7ament\u00e1ria de 2022. A mat\u00e9ria segue para san\u00e7\u00e3o presidencial. O Or\u00e7amento do ano que vem prev\u00ea valor total da despesa para 2022 de R$ 4,82 trilh\u00f5es, dos quais R$ 1,88 trilh\u00e3o refere-se ao refinanciamento da d\u00edvida p\u00fablica. O texto [&hellip;]\" \/>\n<meta property=\"og:url\" content=\"https:\/\/aconteceunovale.com.br\/portal\/?p=185062\" \/>\n<meta property=\"og:site_name\" content=\"Aconteceu no Vale\" \/>\n<meta property=\"article:publisher\" content=\"https:\/\/www.facebook.com\/aconteceunovale\/\" \/>\n<meta property=\"article:published_time\" content=\"2021-12-22T11:44:22+00:00\" \/>\n<meta property=\"article:modified_time\" content=\"2021-12-22T11:47:47+00:00\" \/>\n<meta property=\"og:image\" content=\"https:\/\/aconteceunovale.com.br\/portal\/wp-content\/uploads\/2021\/04\/camara_br.jpg\" \/>\n\t<meta property=\"og:image:width\" content=\"678\" \/>\n\t<meta property=\"og:image:height\" content=\"406\" \/>\n\t<meta property=\"og:image:type\" content=\"image\/jpeg\" \/>\n<meta name=\"author\" content=\"Reda\u00e7\u00e3o Aconteceu no Vale\" \/>\n<meta name=\"twitter:card\" content=\"summary_large_image\" \/>\n<meta name=\"twitter:creator\" content=\"@noticiadosvales\" \/>\n<meta name=\"twitter:site\" content=\"@noticiadosvales\" \/>\n<meta name=\"twitter:label1\" content=\"Escrito por\" \/>\n\t<meta name=\"twitter:data1\" content=\"Reda\u00e7\u00e3o Aconteceu no Vale\" \/>\n\t<meta name=\"twitter:label2\" content=\"Est. tempo de leitura\" \/>\n\t<meta name=\"twitter:data2\" content=\"3 minutos\" \/>\n<script type=\"application\/ld+json\" class=\"yoast-schema-graph\">{\"@context\":\"https:\\\/\\\/schema.org\",\"@graph\":[{\"@type\":\"Article\",\"@id\":\"https:\\\/\\\/aconteceunovale.com.br\\\/portal\\\/?p=185062#article\",\"isPartOf\":{\"@id\":\"https:\\\/\\\/aconteceunovale.com.br\\\/portal\\\/?p=185062\"},\"author\":{\"name\":\"Reda\u00e7\u00e3o Aconteceu no Vale\",\"@id\":\"https:\\\/\\\/aconteceunovale.com.br\\\/portal\\\/#\\\/schema\\\/person\\\/7d2f26d1483f8a63de73da1ee0754d35\"},\"headline\":\"Congresso Nacional aprova Or\u00e7amento para 2022\",\"datePublished\":\"2021-12-22T11:44:22+00:00\",\"dateModified\":\"2021-12-22T11:47:47+00:00\",\"mainEntityOfPage\":{\"@id\":\"https:\\\/\\\/aconteceunovale.com.br\\\/portal\\\/?p=185062\"},\"wordCount\":519,\"commentCount\":0,\"image\":{\"@id\":\"https:\\\/\\\/aconteceunovale.com.br\\\/portal\\\/?p=185062#primaryimage\"},\"thumbnailUrl\":\"https:\\\/\\\/aconteceunovale.com.br\\\/portal\\\/wp-content\\\/uploads\\\/2021\\\/04\\\/camara_br.jpg\",\"keywords\":[\"Bolsonaro\",\"C\u00e2mara dos Deputados\",\"Congresso Nacional\",\"deputado Hugo Leal\",\"destaque\",\"Governo Bolsonaro\",\"Jair Bolsonaro\",\"LDO 2022\",\"Minist\u00e9rio da Economia\",\"Or\u00e7amento do Brasil em 2022\",\"Or\u00e7amento do Brasil para 2022\",\"Or\u00e7amento federal para 2022\",\"PEC dos Precat\u00f3rios\",\"Proposta do or\u00e7amento para 2022\",\"Reajuste do sal\u00e1rio\",\"reajuste do sal\u00e1rio m\u00ednimo\",\"Sal\u00e1rio 2022\",\"Sal\u00e1rio em 2022\",\"Sal\u00e1rio m\u00ednimo de R$ 1.210 em 2022\",\"Sal\u00e1rio m\u00ednimo em 2022\",\"Sal\u00e1rio m\u00ednimo para 2022\",\"Sal\u00e1rio m\u00ednimo para 2022 ficar\u00e1 em R$ 1.210\",\"Sal\u00e1rio proposto pelo governo federal\",\"Senado\",\"Valor do sal\u00e1rio em 2022\",\"Valor do sal\u00e1rio m\u00ednimo em 2022\",\"Valor do Sal\u00e1rio m\u00ednimo para 2022\"],\"articleSection\":[\"Brasil\",\"Pol\u00edtica\"],\"inLanguage\":\"pt-BR\",\"potentialAction\":[{\"@type\":\"CommentAction\",\"name\":\"Comment\",\"target\":[\"https:\\\/\\\/aconteceunovale.com.br\\\/portal\\\/?p=185062#respond\"]}]},{\"@type\":\"WebPage\",\"@id\":\"https:\\\/\\\/aconteceunovale.com.br\\\/portal\\\/?p=185062\",\"url\":\"https:\\\/\\\/aconteceunovale.com.br\\\/portal\\\/?p=185062\",\"name\":\"Congresso Nacional aprova Or\u00e7amento para 2022 - Aconteceu no Vale\",\"isPartOf\":{\"@id\":\"https:\\\/\\\/aconteceunovale.com.br\\\/portal\\\/#website\"},\"primaryImageOfPage\":{\"@id\":\"https:\\\/\\\/aconteceunovale.com.br\\\/portal\\\/?p=185062#primaryimage\"},\"image\":{\"@id\":\"https:\\\/\\\/aconteceunovale.com.br\\\/portal\\\/?p=185062#primaryimage\"},\"thumbnailUrl\":\"https:\\\/\\\/aconteceunovale.com.br\\\/portal\\\/wp-content\\\/uploads\\\/2021\\\/04\\\/camara_br.jpg\",\"datePublished\":\"2021-12-22T11:44:22+00:00\",\"dateModified\":\"2021-12-22T11:47:47+00:00\",\"author\":{\"@id\":\"https:\\\/\\\/aconteceunovale.com.br\\\/portal\\\/#\\\/schema\\\/person\\\/7d2f26d1483f8a63de73da1ee0754d35\"},\"breadcrumb\":{\"@id\":\"https:\\\/\\\/aconteceunovale.com.br\\\/portal\\\/?p=185062#breadcrumb\"},\"inLanguage\":\"pt-BR\",\"potentialAction\":[{\"@type\":\"ReadAction\",\"target\":[\"https:\\\/\\\/aconteceunovale.com.br\\\/portal\\\/?p=185062\"]}]},{\"@type\":\"ImageObject\",\"inLanguage\":\"pt-BR\",\"@id\":\"https:\\\/\\\/aconteceunovale.com.br\\\/portal\\\/?p=185062#primaryimage\",\"url\":\"https:\\\/\\\/aconteceunovale.com.br\\\/portal\\\/wp-content\\\/uploads\\\/2021\\\/04\\\/camara_br.jpg\",\"contentUrl\":\"https:\\\/\\\/aconteceunovale.com.br\\\/portal\\\/wp-content\\\/uploads\\\/2021\\\/04\\\/camara_br.jpg\",\"width\":678,\"height\":406,\"caption\":\"Bras\u00edlia 60 Anos - Congresso Nacional\"},{\"@type\":\"BreadcrumbList\",\"@id\":\"https:\\\/\\\/aconteceunovale.com.br\\\/portal\\\/?p=185062#breadcrumb\",\"itemListElement\":[{\"@type\":\"ListItem\",\"position\":1,\"name\":\"In\u00edcio\",\"item\":\"https:\\\/\\\/aconteceunovale.com.br\\\/portal\\\/\"},{\"@type\":\"ListItem\",\"position\":2,\"name\":\"Congresso Nacional aprova Or\u00e7amento para 2022\"}]},{\"@type\":\"WebSite\",\"@id\":\"https:\\\/\\\/aconteceunovale.com.br\\\/portal\\\/#website\",\"url\":\"https:\\\/\\\/aconteceunovale.com.br\\\/portal\\\/\",\"name\":\"Aconteceu no Vale\",\"description\":\"Portal de Not\u00edcias\",\"potentialAction\":[{\"@type\":\"SearchAction\",\"target\":{\"@type\":\"EntryPoint\",\"urlTemplate\":\"https:\\\/\\\/aconteceunovale.com.br\\\/portal\\\/?s={search_term_string}\"},\"query-input\":{\"@type\":\"PropertyValueSpecification\",\"valueRequired\":true,\"valueName\":\"search_term_string\"}}],\"inLanguage\":\"pt-BR\"},{\"@type\":\"Person\",\"@id\":\"https:\\\/\\\/aconteceunovale.com.br\\\/portal\\\/#\\\/schema\\\/person\\\/7d2f26d1483f8a63de73da1ee0754d35\",\"name\":\"Reda\u00e7\u00e3o Aconteceu no Vale\",\"description\":\"Equipe de reportagem do Aconteceu no Vale, portal de not\u00edcias do Vale do Jequitinhonha, em Minas Gerais. Cobrimos as 51 cidades do Vale desde 2013. Sugest\u00f5es de pauta e pedidos de corre\u00e7\u00e3o: contato@aconteceunovale.com.br\",\"url\":\"https:\\\/\\\/aconteceunovale.com.br\\\/portal\\\/?author=4\"}]}<\/script>\n<!-- \/ Yoast SEO plugin. -->","yoast_head_json":{"title":"Congresso Nacional aprova Or\u00e7amento para 2022 - Aconteceu no Vale","robots":{"index":"index","follow":"follow","max-snippet":"max-snippet:-1","max-image-preview":"max-image-preview:large","max-video-preview":"max-video-preview:-1"},"canonical":"https:\/\/aconteceunovale.com.br\/portal\/?p=185062","og_locale":"pt_BR","og_type":"article","og_title":"Congresso Nacional aprova Or\u00e7amento para 2022 - Aconteceu no Vale","og_description":"O Congresso Nacional aprovou na noite desta ter\u00e7a-feira (21\/12\/2021) o relat\u00f3rio final do projeto de lei or\u00e7ament\u00e1ria de 2022. A mat\u00e9ria segue para san\u00e7\u00e3o presidencial. O Or\u00e7amento do ano que vem prev\u00ea valor total da despesa para 2022 de R$ 4,82 trilh\u00f5es, dos quais R$ 1,88 trilh\u00e3o refere-se ao refinanciamento da d\u00edvida p\u00fablica. O texto [&hellip;]","og_url":"https:\/\/aconteceunovale.com.br\/portal\/?p=185062","og_site_name":"Aconteceu no Vale","article_publisher":"https:\/\/www.facebook.com\/aconteceunovale\/","article_published_time":"2021-12-22T11:44:22+00:00","article_modified_time":"2021-12-22T11:47:47+00:00","og_image":[{"width":678,"height":406,"url":"https:\/\/aconteceunovale.com.br\/portal\/wp-content\/uploads\/2021\/04\/camara_br.jpg","type":"image\/jpeg"}],"author":"Reda\u00e7\u00e3o Aconteceu no Vale","twitter_card":"summary_large_image","twitter_creator":"@noticiadosvales","twitter_site":"@noticiadosvales","twitter_misc":{"Escrito por":"Reda\u00e7\u00e3o Aconteceu no Vale","Est. tempo de leitura":"3 minutos"},"schema":{"@context":"https:\/\/schema.org","@graph":[{"@type":"Article","@id":"https:\/\/aconteceunovale.com.br\/portal\/?p=185062#article","isPartOf":{"@id":"https:\/\/aconteceunovale.com.br\/portal\/?p=185062"},"author":{"name":"Reda\u00e7\u00e3o Aconteceu no Vale","@id":"https:\/\/aconteceunovale.com.br\/portal\/#\/schema\/person\/7d2f26d1483f8a63de73da1ee0754d35"},"headline":"Congresso Nacional aprova Or\u00e7amento para 2022","datePublished":"2021-12-22T11:44:22+00:00","dateModified":"2021-12-22T11:47:47+00:00","mainEntityOfPage":{"@id":"https:\/\/aconteceunovale.com.br\/portal\/?p=185062"},"wordCount":519,"commentCount":0,"image":{"@id":"https:\/\/aconteceunovale.com.br\/portal\/?p=185062#primaryimage"},"thumbnailUrl":"https:\/\/aconteceunovale.com.br\/portal\/wp-content\/uploads\/2021\/04\/camara_br.jpg","keywords":["Bolsonaro","C\u00e2mara dos Deputados","Congresso Nacional","deputado Hugo Leal","destaque","Governo Bolsonaro","Jair Bolsonaro","LDO 2022","Minist\u00e9rio da Economia","Or\u00e7amento do Brasil em 2022","Or\u00e7amento do Brasil para 2022","Or\u00e7amento federal para 2022","PEC dos Precat\u00f3rios","Proposta do or\u00e7amento para 2022","Reajuste do sal\u00e1rio","reajuste do sal\u00e1rio m\u00ednimo","Sal\u00e1rio 2022","Sal\u00e1rio em 2022","Sal\u00e1rio m\u00ednimo de R$ 1.210 em 2022","Sal\u00e1rio m\u00ednimo em 2022","Sal\u00e1rio m\u00ednimo para 2022","Sal\u00e1rio m\u00ednimo para 2022 ficar\u00e1 em R$ 1.210","Sal\u00e1rio proposto pelo governo federal","Senado","Valor do sal\u00e1rio em 2022","Valor do sal\u00e1rio m\u00ednimo em 2022","Valor do Sal\u00e1rio m\u00ednimo para 2022"],"articleSection":["Brasil","Pol\u00edtica"],"inLanguage":"pt-BR","potentialAction":[{"@type":"CommentAction","name":"Comment","target":["https:\/\/aconteceunovale.com.br\/portal\/?p=185062#respond"]}]},{"@type":"WebPage","@id":"https:\/\/aconteceunovale.com.br\/portal\/?p=185062","url":"https:\/\/aconteceunovale.com.br\/portal\/?p=185062","name":"Congresso Nacional aprova Or\u00e7amento para 2022 - Aconteceu no Vale","isPartOf":{"@id":"https:\/\/aconteceunovale.com.br\/portal\/#website"},"primaryImageOfPage":{"@id":"https:\/\/aconteceunovale.com.br\/portal\/?p=185062#primaryimage"},"image":{"@id":"https:\/\/aconteceunovale.com.br\/portal\/?p=185062#primaryimage"},"thumbnailUrl":"https:\/\/aconteceunovale.com.br\/portal\/wp-content\/uploads\/2021\/04\/camara_br.jpg","datePublished":"2021-12-22T11:44:22+00:00","dateModified":"2021-12-22T11:47:47+00:00","author":{"@id":"https:\/\/aconteceunovale.com.br\/portal\/#\/schema\/person\/7d2f26d1483f8a63de73da1ee0754d35"},"breadcrumb":{"@id":"https:\/\/aconteceunovale.com.br\/portal\/?p=185062#breadcrumb"},"inLanguage":"pt-BR","potentialAction":[{"@type":"ReadAction","target":["https:\/\/aconteceunovale.com.br\/portal\/?p=185062"]}]},{"@type":"ImageObject","inLanguage":"pt-BR","@id":"https:\/\/aconteceunovale.com.br\/portal\/?p=185062#primaryimage","url":"https:\/\/aconteceunovale.com.br\/portal\/wp-content\/uploads\/2021\/04\/camara_br.jpg","contentUrl":"https:\/\/aconteceunovale.com.br\/portal\/wp-content\/uploads\/2021\/04\/camara_br.jpg","width":678,"height":406,"caption":"Bras\u00edlia 60 Anos - Congresso Nacional"},{"@type":"BreadcrumbList","@id":"https:\/\/aconteceunovale.com.br\/portal\/?p=185062#breadcrumb","itemListElement":[{"@type":"ListItem","position":1,"name":"In\u00edcio","item":"https:\/\/aconteceunovale.com.br\/portal\/"},{"@type":"ListItem","position":2,"name":"Congresso Nacional aprova Or\u00e7amento para 2022"}]},{"@type":"WebSite","@id":"https:\/\/aconteceunovale.com.br\/portal\/#website","url":"https:\/\/aconteceunovale.com.br\/portal\/","name":"Aconteceu no Vale","description":"Portal de Not\u00edcias","potentialAction":[{"@type":"SearchAction","target":{"@type":"EntryPoint","urlTemplate":"https:\/\/aconteceunovale.com.br\/portal\/?s={search_term_string}"},"query-input":{"@type":"PropertyValueSpecification","valueRequired":true,"valueName":"search_term_string"}}],"inLanguage":"pt-BR"},{"@type":"Person","@id":"https:\/\/aconteceunovale.com.br\/portal\/#\/schema\/person\/7d2f26d1483f8a63de73da1ee0754d35","name":"Reda\u00e7\u00e3o Aconteceu no Vale","description":"Equipe de reportagem do Aconteceu no Vale, portal de not\u00edcias do Vale do Jequitinhonha, em Minas Gerais. Cobrimos as 51 cidades do Vale desde 2013. Sugest\u00f5es de pauta e pedidos de corre\u00e7\u00e3o: contato@aconteceunovale.com.br","url":"https:\/\/aconteceunovale.com.br\/portal\/?author=4"}]}},"_links":{"self":[{"href":"https:\/\/aconteceunovale.com.br\/portal\/index.php?rest_route=\/wp\/v2\/posts\/185062","targetHints":{"allow":["GET"]}}],"collection":[{"href":"https:\/\/aconteceunovale.com.br\/portal\/index.php?rest_route=\/wp\/v2\/posts"}],"about":[{"href":"https:\/\/aconteceunovale.com.br\/portal\/index.php?rest_route=\/wp\/v2\/types\/post"}],"author":[{"embeddable":true,"href":"https:\/\/aconteceunovale.com.br\/portal\/index.php?rest_route=\/wp\/v2\/users\/4"}],"replies":[{"embeddable":true,"href":"https:\/\/aconteceunovale.com.br\/portal\/index.php?rest_route=%2Fwp%2Fv2%2Fcomments&post=185062"}],"version-history":[{"count":1,"href":"https:\/\/aconteceunovale.com.br\/portal\/index.php?rest_route=\/wp\/v2\/posts\/185062\/revisions"}],"predecessor-version":[{"id":185063,"href":"https:\/\/aconteceunovale.com.br\/portal\/index.php?rest_route=\/wp\/v2\/posts\/185062\/revisions\/185063"}],"wp:featuredmedia":[{"embeddable":true,"href":"https:\/\/aconteceunovale.com.br\/portal\/index.php?rest_route=\/wp\/v2\/media\/176759"}],"wp:attachment":[{"href":"https:\/\/aconteceunovale.com.br\/portal\/index.php?rest_route=%2Fwp%2Fv2%2Fmedia&parent=185062"}],"wp:term":[{"taxonomy":"category","embeddable":true,"href":"https:\/\/aconteceunovale.com.br\/portal\/index.php?rest_route=%2Fwp%2Fv2%2Fcategories&post=185062"},{"taxonomy":"post_tag","embeddable":true,"href":"https:\/\/aconteceunovale.com.br\/portal\/index.php?rest_route=%2Fwp%2Fv2%2Ftags&post=185062"}],"curies":[{"name":"wp","href":"https:\/\/api.w.org\/{rel}","templated":true}]}}