{"id":185057,"date":"2021-12-21T20:41:04","date_gmt":"2021-12-21T23:41:04","guid":{"rendered":"https:\/\/aconteceunovale.com.br\/portal\/?p=185057"},"modified":"2021-12-21T20:42:29","modified_gmt":"2021-12-21T23:42:29","slug":"mais-de-28-mil-agricultores-familiares-de-minas-gerais-receberao-beneficio-do-garantia-safra","status":"publish","type":"post","link":"https:\/\/aconteceunovale.com.br\/portal\/?p=185057","title":{"rendered":"Mais de 28 mil agricultores familiares de Minas Gerais receber\u00e3o benef\u00edcio do Garantia-Safra"},"content":{"rendered":"\n<p class=\"wp-block-paragraph\">Um total de 28.137 agricultores familiares de 88 munic\u00edpios do semi\u00e1rido mineiro j\u00e1 est\u00e1\u00a0apto a receber o pagamento do Programa Garantia-Safra, referente \u00e0 safra 2020\/2021. O dep\u00f3sito\u00a0do benef\u00edcio come\u00e7ou em 10\/12 e ser\u00e1 efetuado em parcela \u00fanica de R$ 850.<\/p>\n\n\n\n<figure class=\"wp-block-gallery columns-1 is-cropped wp-block-gallery-1 is-layout-flex wp-block-gallery-is-layout-flex\"><ul class=\"blocks-gallery-grid\"><li class=\"blocks-gallery-item\"><figure><img loading=\"lazy\" decoding=\"async\" width=\"678\" height=\"252\" src=\"https:\/\/aconteceunovale.com.br\/portal\/wp-content\/uploads\/2021\/12\/mandioca.jpg\" alt=\"\" data-id=\"185058\" data-full-url=\"https:\/\/aconteceunovale.com.br\/portal\/wp-content\/uploads\/2021\/12\/mandioca.jpg\" data-link=\"https:\/\/aconteceunovale.com.br\/portal\/?attachment_id=185058\" class=\"wp-image-185058\" srcset=\"https:\/\/aconteceunovale.com.br\/portal\/wp-content\/uploads\/2021\/12\/mandioca.jpg 678w, https:\/\/aconteceunovale.com.br\/portal\/wp-content\/uploads\/2021\/12\/mandioca-300x112.jpg 300w\" sizes=\"auto, (max-width: 678px) 100vw, 678px\" \/><figcaption class=\"blocks-gallery-item__caption\"><em>Foto: Divulga\u00e7\u00e3o \/ Seapa-MG<\/em><\/figcaption><\/figure><\/li><\/ul><\/figure>\n\n\n\n<p class=\"wp-block-paragraph\">O benef\u00edcio ser\u00e1 transferido&nbsp;ao agricultor por meio da Poupan\u00e7a Social Digital da Caixa Econ\u00f4mica Federal &#8211; nova&nbsp;modalidade de pagamento que tem in\u00edcio a partir desta safra. \u201cO importante dessa modalidade \u00e9 que o agricultor n\u00e3o perder\u00e1 o prazo para o saque do aux\u00edlio\u201d, explica a coordenadora estadual do Programa Garantia-Safra na&nbsp;<a href=\"https:\/\/www.emater.mg.gov.br\/\" target=\"_blank\" rel=\"noreferrer noopener\">Emater-MG<\/a>, Eunice Ferreira.<\/p>\n\n\n\n<p class=\"wp-block-paragraph\">Eunice destaca tamb\u00e9m que o valor\u00a0s\u00f3\u00a0poder\u00e1 ser pago aos agricultores familiares de\u00a0munic\u00edpios que tenham\u00a0perda comprovada\u00a0de produ\u00e7\u00e3o igual ou superior a 50% na safra 2020\/2021. Ela ressalta, ainda, que o comprometimento do\u00a0Governo do Estado\u00a0e das prefeituras, com os respectivos aportes,\u00a0foi fundamental para garantir os repasses aos produtores rurais.<\/p>\n\n\n\n<h2 class=\"wp-block-heading\"><strong>Ades\u00e3o<\/strong><\/h2>\n\n\n\n<p class=\"wp-block-paragraph\">Segundo o superintendente de Desenvolvimento Agropecu\u00e1rio da\u00a0Secretaria de Estado de Agricultura, Pecu\u00e1ria e Abastecimento (Seapa), Jo\u00e3o Denilson Oliveira, para ter acesso ao benef\u00edcio \u00e9 preciso\u00a0que os agricultores tenham se inscrito no programa Garantia-Safra em setembro e efetuado o pagamento do aporte, no valor de R$ 17.<\/p>\n\n\n\n<p class=\"wp-block-paragraph\">Al\u00e9m disso, Oliveira lembra\u00a0que os munic\u00edpios devem ter aderido ao programa na safra 2020\/2021, assim como o Estado. O Garantia-Safra \u00e9 uma iniciativa da Uni\u00e3o\u00a0realizada em parceria com governos estaduais, municipais e agricultores familiares. \u201cEm Minas Gerais, n\u00f3s temos 99 munic\u00edpios inscritos. No momento, 88 munic\u00edpios j\u00e1 comprovaram as perdas\u201d, afirma o superintendente.<\/p>\n\n\n\n<p class=\"wp-block-paragraph\">Em fun\u00e7\u00e3o das dificuldades enfrentadas pelos agricultores com a seca e a continuidade da pandemia de covid-19, o governo federal segue com o pagamento&nbsp;em parcela \u00fanica, conforme a&nbsp;Portaria n\u00ba 263&nbsp;do Minist\u00e9rio da Agricultura, Pecu\u00e1ria e Abastecimento (Mapa),&nbsp;publicada em 8\/12\/2021.<\/p>\n\n\n\n<h2 class=\"wp-block-heading\"><strong>Objetivos<\/strong><\/h2>\n\n\n\n<p class=\"wp-block-paragraph\">Os agricultores que tiveram o benef\u00edcio bloqueado por ind\u00edcios de irregularidade pelo Tribunal das Contas da Uni\u00e3o (TCU) podem&nbsp;recorrer, no prazo de 30 dias contados a partir da publica\u00e7\u00e3o da portaria.<\/p>\n\n\n\n<p class=\"wp-block-paragraph\">O Garantia-Safra \u00e9 uma a\u00e7\u00e3o do Programa Nacional de Fortalecimento da Agricultura Familiar (Pronaf). O objetivo \u00e9 assegurar&nbsp;a seguran\u00e7a alimentar de agricultores familiares da regi\u00e3o Nordeste do pa\u00eds e de parte de Minas Gerais, em munic\u00edpios do Norte, e dos&nbsp;vales do Jequitinhonha e&nbsp;do Mucuri.<\/p>\n\n\n\n<p class=\"wp-block-paragraph\">T\u00eam direito \u00e0 inscri\u00e7\u00e3o no programa os agricultores com renda mensal de at\u00e9 um sal\u00e1rio m\u00ednimo e meio, com plantio entre 0,6 e 5 hectares de produtos como feij\u00e3o, milho, arroz, mandioca e algod\u00e3o, e que tiverem perdas comprovadas por estiagem ou excesso de chuva. O preju\u00edzo deve ser igual ou superior a 50% da produ\u00e7\u00e3o. \u00c9 necess\u00e1rio tamb\u00e9m que o agricultor possua a Declara\u00e7\u00e3o de Aptid\u00e3o ao Pronaf (DAP) ativa.<\/p>\n\n\n\n<h2 class=\"wp-block-heading\"><strong>Recurso<\/strong><\/h2>\n\n\n\n<p class=\"wp-block-paragraph\">A maior parte dos agricultores familiares contemplados pelo Garantia-Safra \u00e9 do semi\u00e1rido mineiro. O aux\u00edlio ajuda a amortecer os impactos da seca na regi\u00e3o. O recurso \u00e9 usado, principalmente, para repor gastos com as atividades agr\u00edcolas e a compra de alimentos para a fam\u00edlia e para os animais de cria\u00e7\u00e3o da propriedade.<\/p>\n\n\n\n<p class=\"wp-block-paragraph\">Manoel Paix\u00e3o Izidoro, produtor rural de Glaucil\u00e2ndia, no Norte de Minas, \u00e9 um dos agricultores beneficiados. \u201c\u00c9 uma renda a mais dentro de casa, d\u00e1 um sopro na gente, um empurr\u00e3ozinho. O que entra agora, a gente usa para o ano que vem e no gasto de limpa da ro\u00e7a\u201d, diz.&nbsp;Ele se inscreveu no programa com aux\u00edlio do escrit\u00f3rio local da Emater-MG,&nbsp;empresa&nbsp;vinculada \u00e0 Seapa.<\/p>\n\n\n\n<h2 class=\"wp-block-heading\"><strong>Brasil<\/strong><\/h2>\n\n\n\n<p class=\"wp-block-paragraph\">Ao todo, 432.010 mil agricultores familiares, de 624 munic\u00edpios, em sete estados brasileiros, receber\u00e3o o pagamento do Garantia-Safra referente \u00e0 safra 2020\/2021. Neste m\u00eas, ser\u00e3o pagos moradores\u00a0da Bahia, do Cear\u00e1, do Maranh\u00e3o, de Minas Gerais, da Para\u00edba, de Pernambuco e do Piau\u00ed. O montante autorizado chega\u00a0a mais de R$ 300 milh\u00f5es.<\/p>\n\n\n\n<p class=\"wp-block-paragraph\">&#8212;&#8212;&#8212;&#8212;&#8212;&#8212;<br><em>Quer receber as not\u00edcias do <strong>Aconteceu no Vale<\/strong> em primeira m\u00e3o? Siga-nos no Facebook <a rel=\"noreferrer noopener\" href=\"http:\/\/facebook.com\/aconteceunovale\" target=\"_blank\">@aconteceunovale<\/a>, Twitter <a rel=\"noreferrer noopener\" href=\"https:\/\/twitter.com\/noticiadosvales\" target=\"_blank\">@noticiadosvales<\/a> e Instagram <a rel=\"noreferrer noopener\" href=\"https:\/\/www.instagram.com\/aconteceunovale\" target=\"_blank\">@aconteceunovale<\/a>.<\/em><\/p>\n","protected":false},"excerpt":{"rendered":"<p>Um total de 28.137 agricultores familiares de 88 munic\u00edpios do semi\u00e1rido mineiro j\u00e1 est\u00e1\u00a0apto a receber o pagamento do Programa Garantia-Safra, referente \u00e0 safra 2020\/2021. O dep\u00f3sito\u00a0do benef\u00edcio come\u00e7ou em 10\/12 e ser\u00e1 efetuado em parcela \u00fanica de R$ 850. O benef\u00edcio ser\u00e1 transferido&nbsp;ao agricultor por meio da Poupan\u00e7a Social Digital da Caixa Econ\u00f4mica Federal [&hellip;]<\/p>\n","protected":false},"author":4,"featured_media":185058,"comment_status":"open","ping_status":"closed","sticky":false,"template":"","format":"standard","meta":{"amp_status":"","footnotes":""},"categories":[123],"tags":[157406,256218,1018,25775,256215,210709,256213,256216,23235,131,256217,256214,112248,256219,214588],"class_list":["post-185057","post","type-post","status-publish","format-standard","has-post-thumbnail","hentry","category-gerais","tag-adesao-ao-garantia-safra","tag-beneficio-do-garantia-safra","tag-destaque","tag-emater-mg","tag-eunice-ferreira","tag-garantia-safra-2","tag-garantia-safra-minas-gerais","tag-joao-denilson-oliveira","tag-mapa","tag-minas-gerais","tag-objetivos-do-garantia-safra","tag-pagamento-do-garantia-safra-em-minas-gerais","tag-programa-garantia-safra","tag-recurso-do-garantia-safra","tag-seapa-mg"],"yoast_head":"<!-- This site is optimized with the Yoast SEO plugin v28.3 - https:\/\/yoast.com\/product\/yoast-seo-wordpress\/ -->\n<title>Mais de 28 mil agricultores familiares de Minas Gerais receber\u00e3o benef\u00edcio do Garantia-Safra - Aconteceu no Vale<\/title>\n<meta name=\"robots\" content=\"index, follow, max-snippet:-1, max-image-preview:large, max-video-preview:-1\" \/>\n<link rel=\"canonical\" href=\"https:\/\/aconteceunovale.com.br\/portal\/?p=185057\" \/>\n<meta property=\"og:locale\" content=\"pt_BR\" \/>\n<meta property=\"og:type\" content=\"article\" \/>\n<meta property=\"og:title\" content=\"Mais de 28 mil agricultores familiares de Minas Gerais receber\u00e3o benef\u00edcio do Garantia-Safra - Aconteceu no Vale\" \/>\n<meta property=\"og:description\" content=\"Um total de 28.137 agricultores familiares de 88 munic\u00edpios do semi\u00e1rido mineiro j\u00e1 est\u00e1\u00a0apto a receber o pagamento do Programa Garantia-Safra, referente \u00e0 safra 2020\/2021. O dep\u00f3sito\u00a0do benef\u00edcio come\u00e7ou em 10\/12 e ser\u00e1 efetuado em parcela \u00fanica de R$ 850. O benef\u00edcio ser\u00e1 transferido&nbsp;ao agricultor por meio da Poupan\u00e7a Social Digital da Caixa Econ\u00f4mica Federal [&hellip;]\" \/>\n<meta property=\"og:url\" content=\"https:\/\/aconteceunovale.com.br\/portal\/?p=185057\" \/>\n<meta property=\"og:site_name\" content=\"Aconteceu no Vale\" \/>\n<meta property=\"article:publisher\" content=\"https:\/\/www.facebook.com\/aconteceunovale\/\" \/>\n<meta property=\"article:published_time\" content=\"2021-12-21T23:41:04+00:00\" \/>\n<meta property=\"article:modified_time\" content=\"2021-12-21T23:42:29+00:00\" \/>\n<meta property=\"og:image\" content=\"https:\/\/aconteceunovale.com.br\/portal\/wp-content\/uploads\/2021\/12\/mandioca.jpg\" \/>\n\t<meta property=\"og:image:width\" content=\"678\" \/>\n\t<meta property=\"og:image:height\" content=\"252\" \/>\n\t<meta property=\"og:image:type\" content=\"image\/jpeg\" \/>\n<meta name=\"author\" content=\"Reda\u00e7\u00e3o Aconteceu no Vale\" \/>\n<meta name=\"twitter:card\" content=\"summary_large_image\" \/>\n<meta name=\"twitter:creator\" content=\"@noticiadosvales\" \/>\n<meta name=\"twitter:site\" content=\"@noticiadosvales\" \/>\n<meta name=\"twitter:label1\" content=\"Escrito por\" \/>\n\t<meta name=\"twitter:data1\" content=\"Reda\u00e7\u00e3o Aconteceu no Vale\" \/>\n\t<meta name=\"twitter:label2\" content=\"Est. tempo de leitura\" \/>\n\t<meta name=\"twitter:data2\" content=\"3 minutos\" \/>\n<script type=\"application\/ld+json\" class=\"yoast-schema-graph\">{\"@context\":\"https:\\\/\\\/schema.org\",\"@graph\":[{\"@type\":\"Article\",\"@id\":\"https:\\\/\\\/aconteceunovale.com.br\\\/portal\\\/?p=185057#article\",\"isPartOf\":{\"@id\":\"https:\\\/\\\/aconteceunovale.com.br\\\/portal\\\/?p=185057\"},\"author\":{\"name\":\"Reda\u00e7\u00e3o Aconteceu no Vale\",\"@id\":\"https:\\\/\\\/aconteceunovale.com.br\\\/portal\\\/#\\\/schema\\\/person\\\/7d2f26d1483f8a63de73da1ee0754d35\"},\"headline\":\"Mais de 28 mil agricultores familiares de Minas Gerais receber\u00e3o benef\u00edcio do Garantia-Safra\",\"datePublished\":\"2021-12-21T23:41:04+00:00\",\"dateModified\":\"2021-12-21T23:42:29+00:00\",\"mainEntityOfPage\":{\"@id\":\"https:\\\/\\\/aconteceunovale.com.br\\\/portal\\\/?p=185057\"},\"wordCount\":713,\"commentCount\":0,\"image\":{\"@id\":\"https:\\\/\\\/aconteceunovale.com.br\\\/portal\\\/?p=185057#primaryimage\"},\"thumbnailUrl\":\"https:\\\/\\\/aconteceunovale.com.br\\\/portal\\\/wp-content\\\/uploads\\\/2021\\\/12\\\/mandioca.jpg\",\"keywords\":[\"Ades\u00e3o ao Garantia Safra\",\"Benef\u00edcio do Garantia-Safra\",\"destaque\",\"Emater-MG\",\"Eunice Ferreira\",\"Garantia-Safra\",\"Garantia-Safra Minas Gerais\",\"Jo\u00e3o Denilson Oliveira\",\"Mapa\",\"Minas Gerais\",\"Objetivos do Garantia-Safra\",\"Pagamento do Garantia-Safra em Minas Gerais\",\"programa Garantia-Safra\",\"Recurso do Garantia-Safra\",\"Seapa-MG\"],\"articleSection\":[\"Minas Gerais\"],\"inLanguage\":\"pt-BR\",\"potentialAction\":[{\"@type\":\"CommentAction\",\"name\":\"Comment\",\"target\":[\"https:\\\/\\\/aconteceunovale.com.br\\\/portal\\\/?p=185057#respond\"]}]},{\"@type\":\"WebPage\",\"@id\":\"https:\\\/\\\/aconteceunovale.com.br\\\/portal\\\/?p=185057\",\"url\":\"https:\\\/\\\/aconteceunovale.com.br\\\/portal\\\/?p=185057\",\"name\":\"Mais de 28 mil agricultores familiares de Minas Gerais receber\u00e3o benef\u00edcio do Garantia-Safra - Aconteceu no Vale\",\"isPartOf\":{\"@id\":\"https:\\\/\\\/aconteceunovale.com.br\\\/portal\\\/#website\"},\"primaryImageOfPage\":{\"@id\":\"https:\\\/\\\/aconteceunovale.com.br\\\/portal\\\/?p=185057#primaryimage\"},\"image\":{\"@id\":\"https:\\\/\\\/aconteceunovale.com.br\\\/portal\\\/?p=185057#primaryimage\"},\"thumbnailUrl\":\"https:\\\/\\\/aconteceunovale.com.br\\\/portal\\\/wp-content\\\/uploads\\\/2021\\\/12\\\/mandioca.jpg\",\"datePublished\":\"2021-12-21T23:41:04+00:00\",\"dateModified\":\"2021-12-21T23:42:29+00:00\",\"author\":{\"@id\":\"https:\\\/\\\/aconteceunovale.com.br\\\/portal\\\/#\\\/schema\\\/person\\\/7d2f26d1483f8a63de73da1ee0754d35\"},\"breadcrumb\":{\"@id\":\"https:\\\/\\\/aconteceunovale.com.br\\\/portal\\\/?p=185057#breadcrumb\"},\"inLanguage\":\"pt-BR\",\"potentialAction\":[{\"@type\":\"ReadAction\",\"target\":[\"https:\\\/\\\/aconteceunovale.com.br\\\/portal\\\/?p=185057\"]}]},{\"@type\":\"ImageObject\",\"inLanguage\":\"pt-BR\",\"@id\":\"https:\\\/\\\/aconteceunovale.com.br\\\/portal\\\/?p=185057#primaryimage\",\"url\":\"https:\\\/\\\/aconteceunovale.com.br\\\/portal\\\/wp-content\\\/uploads\\\/2021\\\/12\\\/mandioca.jpg\",\"contentUrl\":\"https:\\\/\\\/aconteceunovale.com.br\\\/portal\\\/wp-content\\\/uploads\\\/2021\\\/12\\\/mandioca.jpg\",\"width\":678,\"height\":252},{\"@type\":\"BreadcrumbList\",\"@id\":\"https:\\\/\\\/aconteceunovale.com.br\\\/portal\\\/?p=185057#breadcrumb\",\"itemListElement\":[{\"@type\":\"ListItem\",\"position\":1,\"name\":\"In\u00edcio\",\"item\":\"https:\\\/\\\/aconteceunovale.com.br\\\/portal\\\/\"},{\"@type\":\"ListItem\",\"position\":2,\"name\":\"Mais de 28 mil agricultores familiares de Minas Gerais receber\u00e3o benef\u00edcio do Garantia-Safra\"}]},{\"@type\":\"WebSite\",\"@id\":\"https:\\\/\\\/aconteceunovale.com.br\\\/portal\\\/#website\",\"url\":\"https:\\\/\\\/aconteceunovale.com.br\\\/portal\\\/\",\"name\":\"Aconteceu no Vale\",\"description\":\"Portal de Not\u00edcias\",\"potentialAction\":[{\"@type\":\"SearchAction\",\"target\":{\"@type\":\"EntryPoint\",\"urlTemplate\":\"https:\\\/\\\/aconteceunovale.com.br\\\/portal\\\/?s={search_term_string}\"},\"query-input\":{\"@type\":\"PropertyValueSpecification\",\"valueRequired\":true,\"valueName\":\"search_term_string\"}}],\"inLanguage\":\"pt-BR\"},{\"@type\":\"Person\",\"@id\":\"https:\\\/\\\/aconteceunovale.com.br\\\/portal\\\/#\\\/schema\\\/person\\\/7d2f26d1483f8a63de73da1ee0754d35\",\"name\":\"Reda\u00e7\u00e3o Aconteceu no Vale\",\"description\":\"Equipe de reportagem do Aconteceu no Vale, portal de not\u00edcias do Vale do Jequitinhonha, em Minas Gerais. Cobrimos as 51 cidades do Vale desde 2013. Sugest\u00f5es de pauta e pedidos de corre\u00e7\u00e3o: contato@aconteceunovale.com.br\",\"url\":\"https:\\\/\\\/aconteceunovale.com.br\\\/portal\\\/?author=4\"}]}<\/script>\n<!-- \/ Yoast SEO plugin. -->","yoast_head_json":{"title":"Mais de 28 mil agricultores familiares de Minas Gerais receber\u00e3o benef\u00edcio do Garantia-Safra - Aconteceu no Vale","robots":{"index":"index","follow":"follow","max-snippet":"max-snippet:-1","max-image-preview":"max-image-preview:large","max-video-preview":"max-video-preview:-1"},"canonical":"https:\/\/aconteceunovale.com.br\/portal\/?p=185057","og_locale":"pt_BR","og_type":"article","og_title":"Mais de 28 mil agricultores familiares de Minas Gerais receber\u00e3o benef\u00edcio do Garantia-Safra - Aconteceu no Vale","og_description":"Um total de 28.137 agricultores familiares de 88 munic\u00edpios do semi\u00e1rido mineiro j\u00e1 est\u00e1\u00a0apto a receber o pagamento do Programa Garantia-Safra, referente \u00e0 safra 2020\/2021. O dep\u00f3sito\u00a0do benef\u00edcio come\u00e7ou em 10\/12 e ser\u00e1 efetuado em parcela \u00fanica de R$ 850. O benef\u00edcio ser\u00e1 transferido&nbsp;ao agricultor por meio da Poupan\u00e7a Social Digital da Caixa Econ\u00f4mica Federal [&hellip;]","og_url":"https:\/\/aconteceunovale.com.br\/portal\/?p=185057","og_site_name":"Aconteceu no Vale","article_publisher":"https:\/\/www.facebook.com\/aconteceunovale\/","article_published_time":"2021-12-21T23:41:04+00:00","article_modified_time":"2021-12-21T23:42:29+00:00","og_image":[{"width":678,"height":252,"url":"https:\/\/aconteceunovale.com.br\/portal\/wp-content\/uploads\/2021\/12\/mandioca.jpg","type":"image\/jpeg"}],"author":"Reda\u00e7\u00e3o Aconteceu no Vale","twitter_card":"summary_large_image","twitter_creator":"@noticiadosvales","twitter_site":"@noticiadosvales","twitter_misc":{"Escrito por":"Reda\u00e7\u00e3o Aconteceu no Vale","Est. tempo de leitura":"3 minutos"},"schema":{"@context":"https:\/\/schema.org","@graph":[{"@type":"Article","@id":"https:\/\/aconteceunovale.com.br\/portal\/?p=185057#article","isPartOf":{"@id":"https:\/\/aconteceunovale.com.br\/portal\/?p=185057"},"author":{"name":"Reda\u00e7\u00e3o Aconteceu no Vale","@id":"https:\/\/aconteceunovale.com.br\/portal\/#\/schema\/person\/7d2f26d1483f8a63de73da1ee0754d35"},"headline":"Mais de 28 mil agricultores familiares de Minas Gerais receber\u00e3o benef\u00edcio do Garantia-Safra","datePublished":"2021-12-21T23:41:04+00:00","dateModified":"2021-12-21T23:42:29+00:00","mainEntityOfPage":{"@id":"https:\/\/aconteceunovale.com.br\/portal\/?p=185057"},"wordCount":713,"commentCount":0,"image":{"@id":"https:\/\/aconteceunovale.com.br\/portal\/?p=185057#primaryimage"},"thumbnailUrl":"https:\/\/aconteceunovale.com.br\/portal\/wp-content\/uploads\/2021\/12\/mandioca.jpg","keywords":["Ades\u00e3o ao Garantia Safra","Benef\u00edcio do Garantia-Safra","destaque","Emater-MG","Eunice Ferreira","Garantia-Safra","Garantia-Safra Minas Gerais","Jo\u00e3o Denilson Oliveira","Mapa","Minas Gerais","Objetivos do Garantia-Safra","Pagamento do Garantia-Safra em Minas Gerais","programa Garantia-Safra","Recurso do Garantia-Safra","Seapa-MG"],"articleSection":["Minas Gerais"],"inLanguage":"pt-BR","potentialAction":[{"@type":"CommentAction","name":"Comment","target":["https:\/\/aconteceunovale.com.br\/portal\/?p=185057#respond"]}]},{"@type":"WebPage","@id":"https:\/\/aconteceunovale.com.br\/portal\/?p=185057","url":"https:\/\/aconteceunovale.com.br\/portal\/?p=185057","name":"Mais de 28 mil agricultores familiares de Minas Gerais receber\u00e3o benef\u00edcio do Garantia-Safra - Aconteceu no Vale","isPartOf":{"@id":"https:\/\/aconteceunovale.com.br\/portal\/#website"},"primaryImageOfPage":{"@id":"https:\/\/aconteceunovale.com.br\/portal\/?p=185057#primaryimage"},"image":{"@id":"https:\/\/aconteceunovale.com.br\/portal\/?p=185057#primaryimage"},"thumbnailUrl":"https:\/\/aconteceunovale.com.br\/portal\/wp-content\/uploads\/2021\/12\/mandioca.jpg","datePublished":"2021-12-21T23:41:04+00:00","dateModified":"2021-12-21T23:42:29+00:00","author":{"@id":"https:\/\/aconteceunovale.com.br\/portal\/#\/schema\/person\/7d2f26d1483f8a63de73da1ee0754d35"},"breadcrumb":{"@id":"https:\/\/aconteceunovale.com.br\/portal\/?p=185057#breadcrumb"},"inLanguage":"pt-BR","potentialAction":[{"@type":"ReadAction","target":["https:\/\/aconteceunovale.com.br\/portal\/?p=185057"]}]},{"@type":"ImageObject","inLanguage":"pt-BR","@id":"https:\/\/aconteceunovale.com.br\/portal\/?p=185057#primaryimage","url":"https:\/\/aconteceunovale.com.br\/portal\/wp-content\/uploads\/2021\/12\/mandioca.jpg","contentUrl":"https:\/\/aconteceunovale.com.br\/portal\/wp-content\/uploads\/2021\/12\/mandioca.jpg","width":678,"height":252},{"@type":"BreadcrumbList","@id":"https:\/\/aconteceunovale.com.br\/portal\/?p=185057#breadcrumb","itemListElement":[{"@type":"ListItem","position":1,"name":"In\u00edcio","item":"https:\/\/aconteceunovale.com.br\/portal\/"},{"@type":"ListItem","position":2,"name":"Mais de 28 mil agricultores familiares de Minas Gerais receber\u00e3o benef\u00edcio do Garantia-Safra"}]},{"@type":"WebSite","@id":"https:\/\/aconteceunovale.com.br\/portal\/#website","url":"https:\/\/aconteceunovale.com.br\/portal\/","name":"Aconteceu no Vale","description":"Portal de Not\u00edcias","potentialAction":[{"@type":"SearchAction","target":{"@type":"EntryPoint","urlTemplate":"https:\/\/aconteceunovale.com.br\/portal\/?s={search_term_string}"},"query-input":{"@type":"PropertyValueSpecification","valueRequired":true,"valueName":"search_term_string"}}],"inLanguage":"pt-BR"},{"@type":"Person","@id":"https:\/\/aconteceunovale.com.br\/portal\/#\/schema\/person\/7d2f26d1483f8a63de73da1ee0754d35","name":"Reda\u00e7\u00e3o Aconteceu no Vale","description":"Equipe de reportagem do Aconteceu no Vale, portal de not\u00edcias do Vale do Jequitinhonha, em Minas Gerais. Cobrimos as 51 cidades do Vale desde 2013. Sugest\u00f5es de pauta e pedidos de corre\u00e7\u00e3o: contato@aconteceunovale.com.br","url":"https:\/\/aconteceunovale.com.br\/portal\/?author=4"}]}},"_links":{"self":[{"href":"https:\/\/aconteceunovale.com.br\/portal\/index.php?rest_route=\/wp\/v2\/posts\/185057","targetHints":{"allow":["GET"]}}],"collection":[{"href":"https:\/\/aconteceunovale.com.br\/portal\/index.php?rest_route=\/wp\/v2\/posts"}],"about":[{"href":"https:\/\/aconteceunovale.com.br\/portal\/index.php?rest_route=\/wp\/v2\/types\/post"}],"author":[{"embeddable":true,"href":"https:\/\/aconteceunovale.com.br\/portal\/index.php?rest_route=\/wp\/v2\/users\/4"}],"replies":[{"embeddable":true,"href":"https:\/\/aconteceunovale.com.br\/portal\/index.php?rest_route=%2Fwp%2Fv2%2Fcomments&post=185057"}],"version-history":[{"count":1,"href":"https:\/\/aconteceunovale.com.br\/portal\/index.php?rest_route=\/wp\/v2\/posts\/185057\/revisions"}],"predecessor-version":[{"id":185059,"href":"https:\/\/aconteceunovale.com.br\/portal\/index.php?rest_route=\/wp\/v2\/posts\/185057\/revisions\/185059"}],"wp:featuredmedia":[{"embeddable":true,"href":"https:\/\/aconteceunovale.com.br\/portal\/index.php?rest_route=\/wp\/v2\/media\/185058"}],"wp:attachment":[{"href":"https:\/\/aconteceunovale.com.br\/portal\/index.php?rest_route=%2Fwp%2Fv2%2Fmedia&parent=185057"}],"wp:term":[{"taxonomy":"category","embeddable":true,"href":"https:\/\/aconteceunovale.com.br\/portal\/index.php?rest_route=%2Fwp%2Fv2%2Fcategories&post=185057"},{"taxonomy":"post_tag","embeddable":true,"href":"https:\/\/aconteceunovale.com.br\/portal\/index.php?rest_route=%2Fwp%2Fv2%2Ftags&post=185057"}],"curies":[{"name":"wp","href":"https:\/\/api.w.org\/{rel}","templated":true}]}}