{"id":185051,"date":"2021-12-21T16:00:42","date_gmt":"2021-12-21T19:00:42","guid":{"rendered":"https:\/\/aconteceunovale.com.br\/portal\/?p=185051"},"modified":"2021-12-22T08:10:20","modified_gmt":"2021-12-22T11:10:20","slug":"jair-bolsonaro-promulga-texto-que-preve-r-57-bilhoes-para-campanhas-eleitorais-em-2022","status":"publish","type":"post","link":"https:\/\/aconteceunovale.com.br\/portal\/?p=185051","title":{"rendered":"Presidente promulga texto que prev\u00ea R$ 5,7 bi para campanhas eleitorais em 2022; confira a vota\u00e7\u00e3o dos parlamentares mineiros"},"content":{"rendered":"\n<p class=\"wp-block-paragraph\">O presidente Jair Bolsonaro promulgou o texto que prev\u00ea a amplia\u00e7\u00e3o do valor do Fundo Eleitoral para mais de R$ 5,7 bilh\u00f5es no ano que vem. A medida foi publicada&nbsp;hoje&nbsp;(21\/12\/2021) no&nbsp;<a rel=\"noreferrer noopener\" href=\"https:\/\/www.in.gov.br\/en\/web\/dou\/-\/lei-n-14.194-de-20-de-agosto-de-2021-368971424\" target=\"_blank\"><em>Di\u00e1rio Oficial da Uni\u00e3o<\/em><\/a>&nbsp;.<img decoding=\"async\" src=\"https:\/\/agenciabrasil.ebc.com.br\/ebc.png?id=1433267&amp;o=node\"><img decoding=\"async\" src=\"https:\/\/agenciabrasil.ebc.com.br\/ebc.gif?id=1433267&amp;o=node\"><\/p>\n\n\n\n<p class=\"wp-block-paragraph\">O valor estava previsto na&nbsp;Lei de Diretrizes Or\u00e7ament\u00e1rias&nbsp;(LDO) de 2022, aprovada pelo Congresso em julho. Em agosto, ao sancionar o texto, o presidente Bolsonaro&nbsp;vetou o trecho. O veto, entretanto, foi&nbsp;derrubado&nbsp;pelos parlamentares na semana passada.<\/p>\n\n\n\n<p class=\"wp-block-paragraph\">Os recursos do fundo s\u00e3o p\u00fablicos e divididos entre os partidos pol\u00edticos para financiar as campanhas eleitorais. De acordo com o texto, a verba ser\u00e1 vinculada ao or\u00e7amento do Tribunal Superior Eleitoral (TSE), correspondendo a 25% da soma dos or\u00e7amentos de 2021 e 2022.<\/p>\n\n\n\n<p class=\"wp-block-paragraph\">O Fundo Especial de Financiamento de Campanha, ou apenas Fundo Eleitoral, foi criado em 2017. Sua cria\u00e7\u00e3o se seguiu \u00e0 proibi\u00e7\u00e3o do financiamento privado de campanhas. Em 2015, o Supremo Tribunal Federal (STF)&nbsp;proibiu doa\u00e7\u00f5es&nbsp;de empresas a campanhas eleitorais, sob alega\u00e7\u00f5es de haver desequil\u00edbrio na disputa pol\u00edtica e exerc\u00edcio abusivo do poder econ\u00f4mico.<\/p>\n\n\n\n<p class=\"wp-block-paragraph\">Sem a verba privada para custear campanhas, foi criado o fundo. Ele \u00e9 composto de dota\u00e7\u00f5es or\u00e7ament\u00e1rias da Uni\u00e3o, repassadas ao TSE at\u00e9 o in\u00edcio do m\u00eas&nbsp;de junho, apenas em anos eleitorais. Em 2018, por exemplo, foi repassado aos partidos pouco mais de R$ 1,7 bilh\u00e3o do Fundo Eleitoral para as campanhas.<\/p>\n\n\n\n<h2 class=\"wp-block-heading\">Valor final na LOA<\/h2>\n\n\n\n<p class=\"wp-block-paragraph\">Ainda assim, o valor final a ser destinado ao financiamento da campanha no ano que vem ser\u00e1 definido na Lei Or\u00e7ament\u00e1ria Anual (LOA) de 2022. A medida est\u00e1&nbsp;em discuss\u00e3o&nbsp;na Comiss\u00e3o Mista do Or\u00e7amento (CMO) do Congresso e deve ser votada nesta&nbsp;ter\u00e7a-feira pelo colegiado, seguido da vota\u00e7\u00e3o em plen\u00e1rio pelos deputados e senadores.<\/p>\n\n\n\n<p class=\"wp-block-paragraph\">No parecer apresentado&nbsp;ontem&nbsp;(20) pelo relator-geral, deputado Hugo Leal (PSD-RJ), os recursos previstos para o Fundo Eleitoral s\u00e3o de R$ 5,1 bilh\u00f5es. Mas o valor ainda n\u00e3o \u00e9 consenso entre os parlamentares.<\/p>\n\n\n\n<h1 class=\"wp-block-heading\">Veja como cada parlamentar de Minas Gerais votou:<\/h1>\n\n\n\n<p class=\"wp-block-paragraph\"><strong>Entenda a vota\u00e7\u00e3o:<\/strong><\/p>\n\n\n\n<ul class=\"wp-block-list\"><li><strong>N\u00e3o <\/strong>= a favor da derrubada do veto, ou seja, a favor do fundo eleitoral de R$ 5,7 bilh\u00f5es<\/li><li><strong>Sim<\/strong> = a favor da manuten\u00e7\u00e3o do veto, ou seja, contra o fundo de R$ 5,7 bilh\u00f5es<\/li><\/ul>\n\n\n\n<p class=\"wp-block-paragraph\"><\/p>\n\n\n\n<p class=\"wp-block-paragraph\"><strong>Deputados:<\/strong><\/p>\n\n\n\n<ol class=\"wp-block-list\"><li>A\u00e9cio Neves (PSDB-MG) \u2013 N\u00e3o<\/li><li>Aelton Freitas (PL-MG) \u2013 N\u00e3o<\/li><li>Al\u00ea Silva (PSL-MG) \u2013 n\u00e3o votou<\/li><li>Andr\u00e9 Janones (Avante-MG) \u2013 Sim<\/li><li>\u00c1urea Carolina (PSOL-MG) \u2013 Sim<\/li><li>Bilac Pinto (DEM-MG) \u2013 Sim<\/li><li>Charlles Evangelista (PSL-MG) \u2013 N\u00e3o<\/li><li>Delegado Marcelo (PSL-MG) \u2013 n\u00e3o votou<\/li><li>Diego Andrade (PSD-MG) \u2013 N\u00e3o<\/li><li>Dimas Fabiano (PP-MG) \u2013 N\u00e3o<\/li><li>Domingos S\u00e1vio (PSDB-MG) \u2013 N\u00e3o<\/li><li>Dr. Frederico (Patriota-MG) \u2013 Sim<\/li><li>Eduardo Barbosa (PSDB-MG) \u2013 N\u00e3o<\/li><li>Emidinho Madeira (PSB-MG) \u2013 n\u00e3o votou<\/li><li>Eros Biondini (PROS-MG) \u2013 Sim<\/li><li>Euclydes Pettersen (PSC-MG) \u2013 N\u00e3o<\/li><li>F\u00e1bio Ramalho (MDB-MG) \u2013 N\u00e3o<\/li><li>Franco Cartafina (PP-MG) \u2013 N\u00e3o<\/li><li>Fred Costa (Patriota-MG) \u2013 N\u00e3o<\/li><li>Gilberto Abramo (Republicanos-MG) \u2013 N\u00e3o<\/li><li>Greyce Elias (Avante-MG) \u2013 N\u00e3o<\/li><li>Herc\u00edlio Coelho Diniz (MDB-MG) \u2013 N\u00e3o<\/li><li>Igor Timo (Podemos-MG) \u2013 Sim<\/li><li>J\u00falio Delgado (PSB-MG) \u2013 Sim<\/li><li>Junio Amaral (PSL-MG) \u2013 Sim<\/li><li>Lafayette Andrada (Republicanos-MG) \u2013 N\u00e3o<\/li><li>L\u00e9o Motta (PSL-MG) \u2013 Sim<\/li><li>Leonardo Monteiro (PT-MG) \u2013 N\u00e3o<\/li><li>Lincoln Portela (PL-MG) \u2013 N\u00e3o<\/li><li>Lucas Gonzalez (Novo-MG) \u2013 Sim<\/li><li>Luis Tib\u00e9 (Avante-MG) \u2013 N\u00e3o<\/li><li>Marcelo \u00c1lvaro (PSL-MG) \u2013 Sim<\/li><li>Marcelo Aro (PP-MG) \u2013 N\u00e3o<\/li><li>M\u00e1rio Heringer (PDT-MG) \u2013 N\u00e3o<\/li><li>Mauro Lopes (MDB-MG) \u2013 N\u00e3o<\/li><li>Misael Varella (PSD-MG) \u2013 n\u00e3o votou<\/li><li>Newton Cardoso Jr (MDB-MG) \u2013 N\u00e3o<\/li><li>Odair Cunha (PT-MG) \u2013 N\u00e3o<\/li><li>Padre Jo\u00e3o (PT-MG) \u2013 N\u00e3o<\/li><li>Patrus Ananias (PT-MG) \u2013 N\u00e3o<\/li><li>Paulo Abi-Ackel (PSDB-MG) \u2013 n\u00e3o votou<\/li><li>Paulo Guedes (PT-MG) \u2013 N\u00e3o<\/li><li>Pinheirinho (PP-MG) \u2013 N\u00e3o<\/li><li>Reginaldo Lopes (PT-MG) \u2013 N\u00e3o<\/li><li>Rodrigo de Castro (PSDB-MG) \u2013 N\u00e3o<\/li><li>Rog\u00e9rio Correia (PT-MG) \u2013 N\u00e3o<\/li><li>Stefano Aguiar (PSD-MG) \u2013 Sim<\/li><li>Subtenente Gonzaga (PDT-MG) \u2013 n\u00e3o votou<\/li><li>Tiago Mitraud (Novo-MG) \u2013 Sim<\/li><li>Vilson da Fetaemg (PSB-MG) \u2013 N\u00e3o<\/li><li>Weliton Prado (PROS-MG) \u2013 n\u00e3o votou<\/li><li>Z\u00e9 Silva (Solidaried-MG) \u2013 N\u00e3o<\/li><li>Z\u00e9 Vitor (PL-MG) \u2013 N\u00e3o<\/li><\/ol>\n\n\n\n<p class=\"wp-block-paragraph\"><\/p>\n\n\n\n<p class=\"wp-block-paragraph\"><strong>Senadores:<\/strong><\/p>\n\n\n\n<ul class=\"wp-block-list\"><li>Antonio Anastasia (PSD-MG) \u2013 N\u00e3o<\/li><li>Carlos Viana (PSD- MG) \u2013 N\u00e3o<\/li><\/ul>\n\n\n\n<p class=\"wp-block-paragraph\">&#8212;&#8212;&#8212;&#8212;&#8212;&#8212;<br><em>Quer receber as not\u00edcias do <strong>Aconteceu no Vale<\/strong> em primeira m\u00e3o? Siga-nos no Facebook <a rel=\"noreferrer noopener\" href=\"http:\/\/facebook.com\/aconteceunovale\" target=\"_blank\">@aconteceunovale<\/a>, Twitter <a rel=\"noreferrer noopener\" href=\"https:\/\/twitter.com\/noticiadosvales\" target=\"_blank\">@noticiadosvales<\/a> e Instagram <a rel=\"noreferrer noopener\" href=\"https:\/\/www.instagram.com\/aconteceunovale\" target=\"_blank\">@aconteceunovale<\/a>.<\/em><\/p>\n","protected":false},"excerpt":{"rendered":"<p>O presidente Jair Bolsonaro promulgou o texto que prev\u00ea a amplia\u00e7\u00e3o do valor do Fundo Eleitoral para mais de R$ 5,7 bilh\u00f5es no ano que vem. A medida foi publicada&nbsp;hoje&nbsp;(21\/12\/2021) no&nbsp;Di\u00e1rio Oficial da Uni\u00e3o&nbsp;. O valor estava previsto na&nbsp;Lei de Diretrizes Or\u00e7ament\u00e1rias&nbsp;(LDO) de 2022, aprovada pelo Congresso em julho. Em agosto, ao sancionar o texto, [&hellip;]<\/p>\n","protected":false},"author":4,"featured_media":73253,"comment_status":"open","ping_status":"closed","sticky":false,"template":"","format":"standard","meta":{"amp_status":"","footnotes":""},"categories":[6,249933,40240],"tags":[248025,248023,248022,248026,100375,48796,1018,71053,248148,4610,243248,53607,26436,256209,243252,248021,248024,243254,184661,243253,243251,243255,243249,243250,248147],"class_list":["post-185051","post","type-post","status-publish","format-standard","has-post-thumbnail","hentry","category-br","category-eleicoes-2022","category-politica","tag-aumento-do-fundo-eleitoral","tag-aumento-do-fundo-eleitoral-em-2022","tag-aumento-do-fundo-eleitoral-para-quase-r-6-bilhoes","tag-aumento-do-valor-do-fundo-eleitoral","tag-bolsonaro","tag-congresso-nacional","tag-destaque","tag-fundao","tag-fundao-eleitoral","tag-governo-federal","tag-governo-federal-propoe-salario-minimo-de-r-1-147-em-2022","tag-inpc","tag-jair-bolsonaro","tag-jair-bolsonaro-promulga-texto-que-preve-r-5-7-bilhoes-para-campanhas-eleitorais-em-2022","tag-ldo-2022","tag-ldo-de-2022","tag-lei-de-diretrizes-orcamentarias-2022","tag-minimo-de-2022","tag-ministerio-da-economia","tag-pldo-2022","tag-proposta-de-salario-minimo-para-2022","tag-salario-minimo-de-r-1-147-em-2022","tag-salario-minimo-em-2022","tag-valor-do-salario-minimo-em-2022","tag-veto-ao-fundo-eleitoral"],"yoast_head":"<!-- This site is optimized with the Yoast SEO plugin v28.3 - https:\/\/yoast.com\/product\/yoast-seo-wordpress\/ -->\n<title>Presidente promulga texto que prev\u00ea R$ 5,7 bi para campanhas eleitorais em 2022; confira a vota\u00e7\u00e3o dos parlamentares mineiros - Aconteceu no Vale<\/title>\n<meta name=\"robots\" content=\"index, follow, max-snippet:-1, max-image-preview:large, max-video-preview:-1\" \/>\n<link rel=\"canonical\" href=\"https:\/\/aconteceunovale.com.br\/portal\/?p=185051\" \/>\n<meta property=\"og:locale\" content=\"pt_BR\" \/>\n<meta property=\"og:type\" content=\"article\" \/>\n<meta property=\"og:title\" content=\"Presidente promulga texto que prev\u00ea R$ 5,7 bi para campanhas eleitorais em 2022; confira a vota\u00e7\u00e3o dos parlamentares mineiros - Aconteceu no Vale\" \/>\n<meta property=\"og:description\" content=\"O presidente Jair Bolsonaro promulgou o texto que prev\u00ea a amplia\u00e7\u00e3o do valor do Fundo Eleitoral para mais de R$ 5,7 bilh\u00f5es no ano que vem. A medida foi publicada&nbsp;hoje&nbsp;(21\/12\/2021) no&nbsp;Di\u00e1rio Oficial da Uni\u00e3o&nbsp;. O valor estava previsto na&nbsp;Lei de Diretrizes Or\u00e7ament\u00e1rias&nbsp;(LDO) de 2022, aprovada pelo Congresso em julho. Em agosto, ao sancionar o texto, [&hellip;]\" \/>\n<meta property=\"og:url\" content=\"https:\/\/aconteceunovale.com.br\/portal\/?p=185051\" \/>\n<meta property=\"og:site_name\" content=\"Aconteceu no Vale\" \/>\n<meta property=\"article:publisher\" content=\"https:\/\/www.facebook.com\/aconteceunovale\/\" \/>\n<meta property=\"article:published_time\" content=\"2021-12-21T19:00:42+00:00\" \/>\n<meta property=\"article:modified_time\" content=\"2021-12-22T11:10:20+00:00\" \/>\n<meta property=\"og:image\" content=\"https:\/\/aconteceunovale.com.br\/portal\/wp-content\/uploads\/2015\/11\/congresso.jpg\" \/>\n\t<meta property=\"og:image:width\" content=\"640\" \/>\n\t<meta property=\"og:image:height\" content=\"423\" \/>\n\t<meta property=\"og:image:type\" content=\"image\/jpeg\" \/>\n<meta name=\"author\" content=\"Reda\u00e7\u00e3o Aconteceu no Vale\" \/>\n<meta name=\"twitter:card\" content=\"summary_large_image\" \/>\n<meta name=\"twitter:creator\" content=\"@noticiadosvales\" \/>\n<meta name=\"twitter:site\" content=\"@noticiadosvales\" \/>\n<meta name=\"twitter:label1\" content=\"Escrito por\" \/>\n\t<meta name=\"twitter:data1\" content=\"Reda\u00e7\u00e3o Aconteceu no Vale\" \/>\n\t<meta name=\"twitter:label2\" content=\"Est. tempo de leitura\" \/>\n\t<meta name=\"twitter:data2\" content=\"3 minutos\" \/>\n<script type=\"application\/ld+json\" class=\"yoast-schema-graph\">{\"@context\":\"https:\\\/\\\/schema.org\",\"@graph\":[{\"@type\":\"Article\",\"@id\":\"https:\\\/\\\/aconteceunovale.com.br\\\/portal\\\/?p=185051#article\",\"isPartOf\":{\"@id\":\"https:\\\/\\\/aconteceunovale.com.br\\\/portal\\\/?p=185051\"},\"author\":{\"name\":\"Reda\u00e7\u00e3o Aconteceu no Vale\",\"@id\":\"https:\\\/\\\/aconteceunovale.com.br\\\/portal\\\/#\\\/schema\\\/person\\\/7d2f26d1483f8a63de73da1ee0754d35\"},\"headline\":\"Presidente promulga texto que prev\u00ea R$ 5,7 bi para campanhas eleitorais em 2022; confira a vota\u00e7\u00e3o dos parlamentares mineiros\",\"datePublished\":\"2021-12-21T19:00:42+00:00\",\"dateModified\":\"2021-12-22T11:10:20+00:00\",\"mainEntityOfPage\":{\"@id\":\"https:\\\/\\\/aconteceunovale.com.br\\\/portal\\\/?p=185051\"},\"wordCount\":730,\"commentCount\":1,\"image\":{\"@id\":\"https:\\\/\\\/aconteceunovale.com.br\\\/portal\\\/?p=185051#primaryimage\"},\"thumbnailUrl\":\"https:\\\/\\\/aconteceunovale.com.br\\\/portal\\\/wp-content\\\/uploads\\\/2015\\\/11\\\/congresso.jpg\",\"keywords\":[\"Aumento do fundo eleitoral\",\"Aumento do fundo eleitoral em 2022\",\"Aumento do fundo eleitoral para quase R$ 6 bilh\u00f5es\",\"Aumento do valor do fundo eleitoral\",\"Bolsonaro\",\"Congresso Nacional\",\"destaque\",\"fund\u00e3o\",\"Fund\u00e3o eleitoral\",\"Governo Federal\",\"Governo federal prop\u00f5e sal\u00e1rio m\u00ednimo de R$ 1.147 em 2022\",\"INPC\",\"Jair Bolsonaro\",\"Jair Bolsonaro promulga texto que prev\u00ea R$ 5.7 bilh\u00f5es para campanhas eleitorais em 2022\",\"LDO 2022\",\"LDO de 2022\",\"Lei de Diretrizes Or\u00e7ament\u00e1rias 2022\",\"M\u00ednimo de 2022\",\"Minist\u00e9rio da Economia\",\"PLDO 2022\",\"Proposta de sal\u00e1rio m\u00ednimo para 2022\",\"Sal\u00e1rio m\u00ednimo de R$ 1.147 em 2022\",\"Sal\u00e1rio m\u00ednimo em 2022\",\"Valor do sal\u00e1rio m\u00ednimo em 2022\",\"Veto ao fundo eleitoral\"],\"articleSection\":[\"Brasil\",\"Elei\u00e7\u00f5es 2022\",\"Pol\u00edtica\"],\"inLanguage\":\"pt-BR\",\"potentialAction\":[{\"@type\":\"CommentAction\",\"name\":\"Comment\",\"target\":[\"https:\\\/\\\/aconteceunovale.com.br\\\/portal\\\/?p=185051#respond\"]}]},{\"@type\":\"WebPage\",\"@id\":\"https:\\\/\\\/aconteceunovale.com.br\\\/portal\\\/?p=185051\",\"url\":\"https:\\\/\\\/aconteceunovale.com.br\\\/portal\\\/?p=185051\",\"name\":\"Presidente promulga texto que prev\u00ea R$ 5,7 bi para campanhas eleitorais em 2022; confira a vota\u00e7\u00e3o dos parlamentares mineiros - Aconteceu no Vale\",\"isPartOf\":{\"@id\":\"https:\\\/\\\/aconteceunovale.com.br\\\/portal\\\/#website\"},\"primaryImageOfPage\":{\"@id\":\"https:\\\/\\\/aconteceunovale.com.br\\\/portal\\\/?p=185051#primaryimage\"},\"image\":{\"@id\":\"https:\\\/\\\/aconteceunovale.com.br\\\/portal\\\/?p=185051#primaryimage\"},\"thumbnailUrl\":\"https:\\\/\\\/aconteceunovale.com.br\\\/portal\\\/wp-content\\\/uploads\\\/2015\\\/11\\\/congresso.jpg\",\"datePublished\":\"2021-12-21T19:00:42+00:00\",\"dateModified\":\"2021-12-22T11:10:20+00:00\",\"author\":{\"@id\":\"https:\\\/\\\/aconteceunovale.com.br\\\/portal\\\/#\\\/schema\\\/person\\\/7d2f26d1483f8a63de73da1ee0754d35\"},\"breadcrumb\":{\"@id\":\"https:\\\/\\\/aconteceunovale.com.br\\\/portal\\\/?p=185051#breadcrumb\"},\"inLanguage\":\"pt-BR\",\"potentialAction\":[{\"@type\":\"ReadAction\",\"target\":[\"https:\\\/\\\/aconteceunovale.com.br\\\/portal\\\/?p=185051\"]}]},{\"@type\":\"ImageObject\",\"inLanguage\":\"pt-BR\",\"@id\":\"https:\\\/\\\/aconteceunovale.com.br\\\/portal\\\/?p=185051#primaryimage\",\"url\":\"https:\\\/\\\/aconteceunovale.com.br\\\/portal\\\/wp-content\\\/uploads\\\/2015\\\/11\\\/congresso.jpg\",\"contentUrl\":\"https:\\\/\\\/aconteceunovale.com.br\\\/portal\\\/wp-content\\\/uploads\\\/2015\\\/11\\\/congresso.jpg\",\"width\":640,\"height\":423},{\"@type\":\"BreadcrumbList\",\"@id\":\"https:\\\/\\\/aconteceunovale.com.br\\\/portal\\\/?p=185051#breadcrumb\",\"itemListElement\":[{\"@type\":\"ListItem\",\"position\":1,\"name\":\"In\u00edcio\",\"item\":\"https:\\\/\\\/aconteceunovale.com.br\\\/portal\\\/\"},{\"@type\":\"ListItem\",\"position\":2,\"name\":\"Presidente promulga texto que prev\u00ea R$ 5,7 bi para campanhas eleitorais em 2022; confira a vota\u00e7\u00e3o dos parlamentares mineiros\"}]},{\"@type\":\"WebSite\",\"@id\":\"https:\\\/\\\/aconteceunovale.com.br\\\/portal\\\/#website\",\"url\":\"https:\\\/\\\/aconteceunovale.com.br\\\/portal\\\/\",\"name\":\"Aconteceu no Vale\",\"description\":\"Portal de Not\u00edcias\",\"potentialAction\":[{\"@type\":\"SearchAction\",\"target\":{\"@type\":\"EntryPoint\",\"urlTemplate\":\"https:\\\/\\\/aconteceunovale.com.br\\\/portal\\\/?s={search_term_string}\"},\"query-input\":{\"@type\":\"PropertyValueSpecification\",\"valueRequired\":true,\"valueName\":\"search_term_string\"}}],\"inLanguage\":\"pt-BR\"},{\"@type\":\"Person\",\"@id\":\"https:\\\/\\\/aconteceunovale.com.br\\\/portal\\\/#\\\/schema\\\/person\\\/7d2f26d1483f8a63de73da1ee0754d35\",\"name\":\"Reda\u00e7\u00e3o Aconteceu no Vale\",\"description\":\"Equipe de reportagem do Aconteceu no Vale, portal de not\u00edcias do Vale do Jequitinhonha, em Minas Gerais. Cobrimos as 51 cidades do Vale desde 2013. Sugest\u00f5es de pauta e pedidos de corre\u00e7\u00e3o: contato@aconteceunovale.com.br\",\"url\":\"https:\\\/\\\/aconteceunovale.com.br\\\/portal\\\/?author=4\"}]}<\/script>\n<!-- \/ Yoast SEO plugin. -->","yoast_head_json":{"title":"Presidente promulga texto que prev\u00ea R$ 5,7 bi para campanhas eleitorais em 2022; confira a vota\u00e7\u00e3o dos parlamentares mineiros - Aconteceu no Vale","robots":{"index":"index","follow":"follow","max-snippet":"max-snippet:-1","max-image-preview":"max-image-preview:large","max-video-preview":"max-video-preview:-1"},"canonical":"https:\/\/aconteceunovale.com.br\/portal\/?p=185051","og_locale":"pt_BR","og_type":"article","og_title":"Presidente promulga texto que prev\u00ea R$ 5,7 bi para campanhas eleitorais em 2022; confira a vota\u00e7\u00e3o dos parlamentares mineiros - Aconteceu no Vale","og_description":"O presidente Jair Bolsonaro promulgou o texto que prev\u00ea a amplia\u00e7\u00e3o do valor do Fundo Eleitoral para mais de R$ 5,7 bilh\u00f5es no ano que vem. A medida foi publicada&nbsp;hoje&nbsp;(21\/12\/2021) no&nbsp;Di\u00e1rio Oficial da Uni\u00e3o&nbsp;. O valor estava previsto na&nbsp;Lei de Diretrizes Or\u00e7ament\u00e1rias&nbsp;(LDO) de 2022, aprovada pelo Congresso em julho. Em agosto, ao sancionar o texto, [&hellip;]","og_url":"https:\/\/aconteceunovale.com.br\/portal\/?p=185051","og_site_name":"Aconteceu no Vale","article_publisher":"https:\/\/www.facebook.com\/aconteceunovale\/","article_published_time":"2021-12-21T19:00:42+00:00","article_modified_time":"2021-12-22T11:10:20+00:00","og_image":[{"width":640,"height":423,"url":"https:\/\/aconteceunovale.com.br\/portal\/wp-content\/uploads\/2015\/11\/congresso.jpg","type":"image\/jpeg"}],"author":"Reda\u00e7\u00e3o Aconteceu no Vale","twitter_card":"summary_large_image","twitter_creator":"@noticiadosvales","twitter_site":"@noticiadosvales","twitter_misc":{"Escrito por":"Reda\u00e7\u00e3o Aconteceu no Vale","Est. tempo de leitura":"3 minutos"},"schema":{"@context":"https:\/\/schema.org","@graph":[{"@type":"Article","@id":"https:\/\/aconteceunovale.com.br\/portal\/?p=185051#article","isPartOf":{"@id":"https:\/\/aconteceunovale.com.br\/portal\/?p=185051"},"author":{"name":"Reda\u00e7\u00e3o Aconteceu no Vale","@id":"https:\/\/aconteceunovale.com.br\/portal\/#\/schema\/person\/7d2f26d1483f8a63de73da1ee0754d35"},"headline":"Presidente promulga texto que prev\u00ea R$ 5,7 bi para campanhas eleitorais em 2022; confira a vota\u00e7\u00e3o dos parlamentares mineiros","datePublished":"2021-12-21T19:00:42+00:00","dateModified":"2021-12-22T11:10:20+00:00","mainEntityOfPage":{"@id":"https:\/\/aconteceunovale.com.br\/portal\/?p=185051"},"wordCount":730,"commentCount":1,"image":{"@id":"https:\/\/aconteceunovale.com.br\/portal\/?p=185051#primaryimage"},"thumbnailUrl":"https:\/\/aconteceunovale.com.br\/portal\/wp-content\/uploads\/2015\/11\/congresso.jpg","keywords":["Aumento do fundo eleitoral","Aumento do fundo eleitoral em 2022","Aumento do fundo eleitoral para quase R$ 6 bilh\u00f5es","Aumento do valor do fundo eleitoral","Bolsonaro","Congresso Nacional","destaque","fund\u00e3o","Fund\u00e3o eleitoral","Governo Federal","Governo federal prop\u00f5e sal\u00e1rio m\u00ednimo de R$ 1.147 em 2022","INPC","Jair Bolsonaro","Jair Bolsonaro promulga texto que prev\u00ea R$ 5.7 bilh\u00f5es para campanhas eleitorais em 2022","LDO 2022","LDO de 2022","Lei de Diretrizes Or\u00e7ament\u00e1rias 2022","M\u00ednimo de 2022","Minist\u00e9rio da Economia","PLDO 2022","Proposta de sal\u00e1rio m\u00ednimo para 2022","Sal\u00e1rio m\u00ednimo de R$ 1.147 em 2022","Sal\u00e1rio m\u00ednimo em 2022","Valor do sal\u00e1rio m\u00ednimo em 2022","Veto ao fundo eleitoral"],"articleSection":["Brasil","Elei\u00e7\u00f5es 2022","Pol\u00edtica"],"inLanguage":"pt-BR","potentialAction":[{"@type":"CommentAction","name":"Comment","target":["https:\/\/aconteceunovale.com.br\/portal\/?p=185051#respond"]}]},{"@type":"WebPage","@id":"https:\/\/aconteceunovale.com.br\/portal\/?p=185051","url":"https:\/\/aconteceunovale.com.br\/portal\/?p=185051","name":"Presidente promulga texto que prev\u00ea R$ 5,7 bi para campanhas eleitorais em 2022; confira a vota\u00e7\u00e3o dos parlamentares mineiros - Aconteceu no Vale","isPartOf":{"@id":"https:\/\/aconteceunovale.com.br\/portal\/#website"},"primaryImageOfPage":{"@id":"https:\/\/aconteceunovale.com.br\/portal\/?p=185051#primaryimage"},"image":{"@id":"https:\/\/aconteceunovale.com.br\/portal\/?p=185051#primaryimage"},"thumbnailUrl":"https:\/\/aconteceunovale.com.br\/portal\/wp-content\/uploads\/2015\/11\/congresso.jpg","datePublished":"2021-12-21T19:00:42+00:00","dateModified":"2021-12-22T11:10:20+00:00","author":{"@id":"https:\/\/aconteceunovale.com.br\/portal\/#\/schema\/person\/7d2f26d1483f8a63de73da1ee0754d35"},"breadcrumb":{"@id":"https:\/\/aconteceunovale.com.br\/portal\/?p=185051#breadcrumb"},"inLanguage":"pt-BR","potentialAction":[{"@type":"ReadAction","target":["https:\/\/aconteceunovale.com.br\/portal\/?p=185051"]}]},{"@type":"ImageObject","inLanguage":"pt-BR","@id":"https:\/\/aconteceunovale.com.br\/portal\/?p=185051#primaryimage","url":"https:\/\/aconteceunovale.com.br\/portal\/wp-content\/uploads\/2015\/11\/congresso.jpg","contentUrl":"https:\/\/aconteceunovale.com.br\/portal\/wp-content\/uploads\/2015\/11\/congresso.jpg","width":640,"height":423},{"@type":"BreadcrumbList","@id":"https:\/\/aconteceunovale.com.br\/portal\/?p=185051#breadcrumb","itemListElement":[{"@type":"ListItem","position":1,"name":"In\u00edcio","item":"https:\/\/aconteceunovale.com.br\/portal\/"},{"@type":"ListItem","position":2,"name":"Presidente promulga texto que prev\u00ea R$ 5,7 bi para campanhas eleitorais em 2022; confira a vota\u00e7\u00e3o dos parlamentares mineiros"}]},{"@type":"WebSite","@id":"https:\/\/aconteceunovale.com.br\/portal\/#website","url":"https:\/\/aconteceunovale.com.br\/portal\/","name":"Aconteceu no Vale","description":"Portal de Not\u00edcias","potentialAction":[{"@type":"SearchAction","target":{"@type":"EntryPoint","urlTemplate":"https:\/\/aconteceunovale.com.br\/portal\/?s={search_term_string}"},"query-input":{"@type":"PropertyValueSpecification","valueRequired":true,"valueName":"search_term_string"}}],"inLanguage":"pt-BR"},{"@type":"Person","@id":"https:\/\/aconteceunovale.com.br\/portal\/#\/schema\/person\/7d2f26d1483f8a63de73da1ee0754d35","name":"Reda\u00e7\u00e3o Aconteceu no Vale","description":"Equipe de reportagem do Aconteceu no Vale, portal de not\u00edcias do Vale do Jequitinhonha, em Minas Gerais. Cobrimos as 51 cidades do Vale desde 2013. Sugest\u00f5es de pauta e pedidos de corre\u00e7\u00e3o: contato@aconteceunovale.com.br","url":"https:\/\/aconteceunovale.com.br\/portal\/?author=4"}]}},"_links":{"self":[{"href":"https:\/\/aconteceunovale.com.br\/portal\/index.php?rest_route=\/wp\/v2\/posts\/185051","targetHints":{"allow":["GET"]}}],"collection":[{"href":"https:\/\/aconteceunovale.com.br\/portal\/index.php?rest_route=\/wp\/v2\/posts"}],"about":[{"href":"https:\/\/aconteceunovale.com.br\/portal\/index.php?rest_route=\/wp\/v2\/types\/post"}],"author":[{"embeddable":true,"href":"https:\/\/aconteceunovale.com.br\/portal\/index.php?rest_route=\/wp\/v2\/users\/4"}],"replies":[{"embeddable":true,"href":"https:\/\/aconteceunovale.com.br\/portal\/index.php?rest_route=%2Fwp%2Fv2%2Fcomments&post=185051"}],"version-history":[{"count":4,"href":"https:\/\/aconteceunovale.com.br\/portal\/index.php?rest_route=\/wp\/v2\/posts\/185051\/revisions"}],"predecessor-version":[{"id":185061,"href":"https:\/\/aconteceunovale.com.br\/portal\/index.php?rest_route=\/wp\/v2\/posts\/185051\/revisions\/185061"}],"wp:featuredmedia":[{"embeddable":true,"href":"https:\/\/aconteceunovale.com.br\/portal\/index.php?rest_route=\/wp\/v2\/media\/73253"}],"wp:attachment":[{"href":"https:\/\/aconteceunovale.com.br\/portal\/index.php?rest_route=%2Fwp%2Fv2%2Fmedia&parent=185051"}],"wp:term":[{"taxonomy":"category","embeddable":true,"href":"https:\/\/aconteceunovale.com.br\/portal\/index.php?rest_route=%2Fwp%2Fv2%2Fcategories&post=185051"},{"taxonomy":"post_tag","embeddable":true,"href":"https:\/\/aconteceunovale.com.br\/portal\/index.php?rest_route=%2Fwp%2Fv2%2Ftags&post=185051"}],"curies":[{"name":"wp","href":"https:\/\/api.w.org\/{rel}","templated":true}]}}