{"id":185049,"date":"2021-12-21T12:13:09","date_gmt":"2021-12-21T15:13:09","guid":{"rendered":"https:\/\/aconteceunovale.com.br\/portal\/?p=185049"},"modified":"2021-12-21T12:13:24","modified_gmt":"2021-12-21T15:13:24","slug":"um-evento-cancelado-e-melhor-que-uma-vida-cancelada-diz-diretor-da-oms","status":"publish","type":"post","link":"https:\/\/aconteceunovale.com.br\/portal\/?p=185049","title":{"rendered":"&#8220;Um evento cancelado \u00e9 melhor que uma vida cancelada&#8221;, diz diretor da OMS"},"content":{"rendered":"\n<p class=\"wp-block-paragraph\">A Organiza\u00e7\u00e3o Mundial da Sa\u00fade (OMS) pediu\u00a0\u00e0s fam\u00edlias que repensem o Natal face ao r\u00e1pido avan\u00e7o da variante \u00d4micron. \u201cUm evento cancelado \u00e9 melhor que uma vida cancelada\u201d, afirmou o diretor-geral da organiza\u00e7\u00e3o, Tedros Adhanom Ghebreyesus.<\/p>\n\n\n\n<p class=\"wp-block-paragraph\">Ele alertou para as aglomera\u00e7\u00f5es&nbsp;durante a \u00e9poca festiva que se aproxima, lembrando&nbsp;que elas podem levar a um \u201caumento de casos, \u00e0 sobrecarga dos sistemas de sa\u00fada e a mais mortes\u201d por covid-19.<\/p>\n\n\n\n<p class=\"wp-block-paragraph\">\u201cTodos n\u00f3s queremos voltar ao normal. A forma mais r\u00e1pida de conseguir passa pela tomada de decis\u00f5es dif\u00edceis, por l\u00edderes, para&nbsp;defender&nbsp;a todos. Em alguns casos vai significar cancelar ou adiar eventos\u201d, explicou Ghebreyesus em entrevista coletiva&nbsp;nessa&nbsp;segunda-feira.<\/p>\n\n\n\n<p class=\"wp-block-paragraph\">\u201cUm evento cancelado \u00e9 melhor do que uma vida cancelada. \u00c9 melhor cancelar agora e celebrar depois do que celebrar agora e lamentar depois\u201d, afirmou.<\/p>\n\n\n\n<p class=\"wp-block-paragraph\">Adhanom explicou que atualmente existem evid\u00eancias de que esta nova variante est\u00e1 se dispersando significativamente, mais r\u00e1pido\u201d do que a estirpe anterior, a Delta, causando&nbsp;infe\u00e7\u00f5es em pessoas j\u00e1 vacinadas ou que se recuperaram da covid-19.<\/p>\n\n\n\n<p class=\"wp-block-paragraph\">\u201c\u00c9 mais prov\u00e1vel que as pessoas vacinadas ou recuperadas da covid-19 possam ser infectadas ou reinfectadas\u201d, disse Tedros.<\/p>\n\n\n\n<p class=\"wp-block-paragraph\">Dessa forma, a OMS considera \u201cinsensato\u201d concluir que a \u00d4micron \u00e9 uma variante \u201cmais branda\u201d. &#8220;\u00c9 insensato pensar que esta \u00e9 uma variante branda, que n\u00e3o causar\u00e1 doen\u00e7as graves, porque com os n\u00fameros aumentando, todos os sistemas de sa\u00fade estar\u00e3o sob press\u00e3o&#8221;, disse Soumya Swaminathan, cientista-chefe da OMS. A organiza\u00e7\u00e3o&nbsp;deu, no entanto, alguma esperan\u00e7a ao considerar que a pandemia, que j\u00e1 causou mais de 5,6 milh\u00f5es de mortes em todo o mundo, poder\u00e1 acabar em 2022, se 70% da popula\u00e7\u00e3o mundial estiverem vacinados&nbsp;at\u00e9 meados do pr\u00f3ximo ano.<\/p>\n\n\n\n<p class=\"wp-block-paragraph\">\u201cN\u00f3s esperamos que essa doen\u00e7a passe a ser relativamente branda, que seja facilmente prevenida, que seja facilmente tratada\u201d, disse Mike Ryan, principal especialista em emerg\u00eancias da OMS. \u201cSe conseguirmos manter a transmiss\u00e3o do v\u00edrus ao m\u00ednimo, poderemos acabar com a pandemia\u201d, declarou.<\/p>\n\n\n\n<p class=\"wp-block-paragraph\">Tedros tamb\u00e9m afirmou que a China \u2013 pa\u00eds onde o v\u00edrus SARS-CoV-2 foi detectado pela primeira vez \u2013 deve fornecer mais dados relacionados \u00e0 origem da covid-19 para ajudar na futura pol\u00edtica de combate a pandemias.<br><br>\u201cPrecisamos continuar at\u00e9 conhecer as origens, precisamos de nos esfor\u00e7ar mais porque devemos aprender com o que aconteceu para fazer melhor no futuro\u201d, disse o diretor-geral da OMS.<br><br>\u201c2022 deve ser o ano em que acabaremos com a pandemia\u201d, acrescentou.<\/p>\n\n\n\n<p class=\"wp-block-paragraph\">&#8212;&#8212;&#8212;&#8212;&#8212;&#8212;<br><em>Quer receber as not\u00edcias do <strong>Aconteceu no Vale<\/strong> em primeira m\u00e3o? Siga-nos no Facebook <a rel=\"noreferrer noopener\" href=\"http:\/\/facebook.com\/aconteceunovale\" target=\"_blank\">@aconteceunovale<\/a>, Twitter <a rel=\"noreferrer noopener\" href=\"https:\/\/twitter.com\/noticiadosvales\" target=\"_blank\">@noticiadosvales<\/a> e Instagram <a rel=\"noreferrer noopener\" href=\"https:\/\/www.instagram.com\/aconteceunovale\" target=\"_blank\">@aconteceunovale<\/a>.<\/em><\/p>\n","protected":false},"excerpt":{"rendered":"<p>A Organiza\u00e7\u00e3o Mundial da Sa\u00fade (OMS) pediu\u00a0\u00e0s fam\u00edlias que repensem o Natal face ao r\u00e1pido avan\u00e7o da variante \u00d4micron. \u201cUm evento cancelado \u00e9 melhor que uma vida cancelada\u201d, afirmou o diretor-geral da organiza\u00e7\u00e3o, Tedros Adhanom Ghebreyesus. Ele alertou para as aglomera\u00e7\u00f5es&nbsp;durante a \u00e9poca festiva que se aproxima, lembrando&nbsp;que elas podem levar a um \u201caumento de [&hellip;]<\/p>\n","protected":false},"author":4,"featured_media":177091,"comment_status":"open","ping_status":"closed","sticky":false,"template":"","format":"standard","meta":{"amp_status":"","footnotes":""},"categories":[125,28848],"tags":[256208,256206,256207,214884,216498,1154,215653,254969,23476,23479,140166,219312,188330,254970],"class_list":["post-185049","post","type-post","status-publish","format-standard","has-post-thumbnail","hentry","category-noticias","category-mundo","tag-avanco-da-variante-omicron","tag-cancelamento-de-eventos","tag-cancelamento-de-eventos-no-natal","tag-coronavirus","tag-covid-19","tag-natal","tag-novo-coronavirus","tag-omicron","tag-oms","tag-organizacao-mundial-da-saude","tag-pandemia","tag-sars-cov-2","tag-tedros-adhanom-ghebreyesus","tag-variante-omicron"],"yoast_head":"<!-- This site is optimized with the Yoast SEO plugin v28.3 - https:\/\/yoast.com\/product\/yoast-seo-wordpress\/ -->\n<title>&quot;Um evento cancelado \u00e9 melhor que uma vida cancelada&quot;, diz diretor da OMS - Aconteceu no Vale<\/title>\n<meta name=\"robots\" content=\"index, follow, max-snippet:-1, max-image-preview:large, max-video-preview:-1\" \/>\n<link rel=\"canonical\" href=\"https:\/\/aconteceunovale.com.br\/portal\/?p=185049\" \/>\n<meta property=\"og:locale\" content=\"pt_BR\" \/>\n<meta property=\"og:type\" content=\"article\" \/>\n<meta property=\"og:title\" content=\"&quot;Um evento cancelado \u00e9 melhor que uma vida cancelada&quot;, diz diretor da OMS - Aconteceu no Vale\" \/>\n<meta property=\"og:description\" content=\"A Organiza\u00e7\u00e3o Mundial da Sa\u00fade (OMS) pediu\u00a0\u00e0s fam\u00edlias que repensem o Natal face ao r\u00e1pido avan\u00e7o da variante \u00d4micron. \u201cUm evento cancelado \u00e9 melhor que uma vida cancelada\u201d, afirmou o diretor-geral da organiza\u00e7\u00e3o, Tedros Adhanom Ghebreyesus. Ele alertou para as aglomera\u00e7\u00f5es&nbsp;durante a \u00e9poca festiva que se aproxima, lembrando&nbsp;que elas podem levar a um \u201caumento de [&hellip;]\" \/>\n<meta property=\"og:url\" content=\"https:\/\/aconteceunovale.com.br\/portal\/?p=185049\" \/>\n<meta property=\"og:site_name\" content=\"Aconteceu no Vale\" \/>\n<meta property=\"article:publisher\" content=\"https:\/\/www.facebook.com\/aconteceunovale\/\" \/>\n<meta property=\"article:published_time\" content=\"2021-12-21T15:13:09+00:00\" \/>\n<meta property=\"article:modified_time\" content=\"2021-12-21T15:13:24+00:00\" \/>\n<meta property=\"og:image\" content=\"https:\/\/aconteceunovale.com.br\/portal\/wp-content\/uploads\/2021\/04\/tedros.jpg\" \/>\n\t<meta property=\"og:image:width\" content=\"678\" \/>\n\t<meta property=\"og:image:height\" content=\"406\" \/>\n\t<meta property=\"og:image:type\" content=\"image\/jpeg\" \/>\n<meta name=\"author\" content=\"Reda\u00e7\u00e3o Aconteceu no Vale\" \/>\n<meta name=\"twitter:card\" content=\"summary_large_image\" \/>\n<meta name=\"twitter:creator\" content=\"@noticiadosvales\" \/>\n<meta name=\"twitter:site\" content=\"@noticiadosvales\" \/>\n<meta name=\"twitter:label1\" content=\"Escrito por\" \/>\n\t<meta name=\"twitter:data1\" content=\"Reda\u00e7\u00e3o Aconteceu no Vale\" \/>\n\t<meta name=\"twitter:label2\" content=\"Est. tempo de leitura\" \/>\n\t<meta name=\"twitter:data2\" content=\"2 minutos\" \/>\n<script type=\"application\/ld+json\" class=\"yoast-schema-graph\">{\"@context\":\"https:\\\/\\\/schema.org\",\"@graph\":[{\"@type\":\"Article\",\"@id\":\"https:\\\/\\\/aconteceunovale.com.br\\\/portal\\\/?p=185049#article\",\"isPartOf\":{\"@id\":\"https:\\\/\\\/aconteceunovale.com.br\\\/portal\\\/?p=185049\"},\"author\":{\"name\":\"Reda\u00e7\u00e3o Aconteceu no Vale\",\"@id\":\"https:\\\/\\\/aconteceunovale.com.br\\\/portal\\\/#\\\/schema\\\/person\\\/7d2f26d1483f8a63de73da1ee0754d35\"},\"headline\":\"&#8220;Um evento cancelado \u00e9 melhor que uma vida cancelada&#8221;, diz diretor da OMS\",\"datePublished\":\"2021-12-21T15:13:09+00:00\",\"dateModified\":\"2021-12-21T15:13:24+00:00\",\"mainEntityOfPage\":{\"@id\":\"https:\\\/\\\/aconteceunovale.com.br\\\/portal\\\/?p=185049\"},\"wordCount\":465,\"commentCount\":0,\"image\":{\"@id\":\"https:\\\/\\\/aconteceunovale.com.br\\\/portal\\\/?p=185049#primaryimage\"},\"thumbnailUrl\":\"https:\\\/\\\/aconteceunovale.com.br\\\/portal\\\/wp-content\\\/uploads\\\/2021\\\/04\\\/tedros.jpg\",\"keywords\":[\"Avan\u00e7o da variante \u00d4micron\",\"Cancelamento de eventos\",\"Cancelamento de eventos no Natal\",\"Coronav\u00edrus\",\"COVID-19\",\"natal\",\"Novo coronav\u00edrus\",\"Omicron\",\"OMS\",\"Organiza\u00e7\u00e3o Mundial da Sa\u00fade\",\"pandemia\",\"Sars-Cov-2\",\"Tedros Adhanom Ghebreyesus\",\"Variante Omicron\"],\"articleSection\":[\"Eventos\",\"Mundo\"],\"inLanguage\":\"pt-BR\",\"potentialAction\":[{\"@type\":\"CommentAction\",\"name\":\"Comment\",\"target\":[\"https:\\\/\\\/aconteceunovale.com.br\\\/portal\\\/?p=185049#respond\"]}]},{\"@type\":\"WebPage\",\"@id\":\"https:\\\/\\\/aconteceunovale.com.br\\\/portal\\\/?p=185049\",\"url\":\"https:\\\/\\\/aconteceunovale.com.br\\\/portal\\\/?p=185049\",\"name\":\"\\\"Um evento cancelado \u00e9 melhor que uma vida cancelada\\\", diz diretor da OMS - Aconteceu no Vale\",\"isPartOf\":{\"@id\":\"https:\\\/\\\/aconteceunovale.com.br\\\/portal\\\/#website\"},\"primaryImageOfPage\":{\"@id\":\"https:\\\/\\\/aconteceunovale.com.br\\\/portal\\\/?p=185049#primaryimage\"},\"image\":{\"@id\":\"https:\\\/\\\/aconteceunovale.com.br\\\/portal\\\/?p=185049#primaryimage\"},\"thumbnailUrl\":\"https:\\\/\\\/aconteceunovale.com.br\\\/portal\\\/wp-content\\\/uploads\\\/2021\\\/04\\\/tedros.jpg\",\"datePublished\":\"2021-12-21T15:13:09+00:00\",\"dateModified\":\"2021-12-21T15:13:24+00:00\",\"author\":{\"@id\":\"https:\\\/\\\/aconteceunovale.com.br\\\/portal\\\/#\\\/schema\\\/person\\\/7d2f26d1483f8a63de73da1ee0754d35\"},\"breadcrumb\":{\"@id\":\"https:\\\/\\\/aconteceunovale.com.br\\\/portal\\\/?p=185049#breadcrumb\"},\"inLanguage\":\"pt-BR\",\"potentialAction\":[{\"@type\":\"ReadAction\",\"target\":[\"https:\\\/\\\/aconteceunovale.com.br\\\/portal\\\/?p=185049\"]}]},{\"@type\":\"ImageObject\",\"inLanguage\":\"pt-BR\",\"@id\":\"https:\\\/\\\/aconteceunovale.com.br\\\/portal\\\/?p=185049#primaryimage\",\"url\":\"https:\\\/\\\/aconteceunovale.com.br\\\/portal\\\/wp-content\\\/uploads\\\/2021\\\/04\\\/tedros.jpg\",\"contentUrl\":\"https:\\\/\\\/aconteceunovale.com.br\\\/portal\\\/wp-content\\\/uploads\\\/2021\\\/04\\\/tedros.jpg\",\"width\":678,\"height\":406,\"caption\":\"Diretor-geral da OMS, Tedros Adhanom\"},{\"@type\":\"BreadcrumbList\",\"@id\":\"https:\\\/\\\/aconteceunovale.com.br\\\/portal\\\/?p=185049#breadcrumb\",\"itemListElement\":[{\"@type\":\"ListItem\",\"position\":1,\"name\":\"In\u00edcio\",\"item\":\"https:\\\/\\\/aconteceunovale.com.br\\\/portal\\\/\"},{\"@type\":\"ListItem\",\"position\":2,\"name\":\"&#8220;Um evento cancelado \u00e9 melhor que uma vida cancelada&#8221;, diz diretor da OMS\"}]},{\"@type\":\"WebSite\",\"@id\":\"https:\\\/\\\/aconteceunovale.com.br\\\/portal\\\/#website\",\"url\":\"https:\\\/\\\/aconteceunovale.com.br\\\/portal\\\/\",\"name\":\"Aconteceu no Vale\",\"description\":\"Portal de Not\u00edcias\",\"potentialAction\":[{\"@type\":\"SearchAction\",\"target\":{\"@type\":\"EntryPoint\",\"urlTemplate\":\"https:\\\/\\\/aconteceunovale.com.br\\\/portal\\\/?s={search_term_string}\"},\"query-input\":{\"@type\":\"PropertyValueSpecification\",\"valueRequired\":true,\"valueName\":\"search_term_string\"}}],\"inLanguage\":\"pt-BR\"},{\"@type\":\"Person\",\"@id\":\"https:\\\/\\\/aconteceunovale.com.br\\\/portal\\\/#\\\/schema\\\/person\\\/7d2f26d1483f8a63de73da1ee0754d35\",\"name\":\"Reda\u00e7\u00e3o Aconteceu no Vale\",\"description\":\"Equipe de reportagem do Aconteceu no Vale, portal de not\u00edcias do Vale do Jequitinhonha, em Minas Gerais. Cobrimos as 51 cidades do Vale desde 2013. Sugest\u00f5es de pauta e pedidos de corre\u00e7\u00e3o: contato@aconteceunovale.com.br\",\"url\":\"https:\\\/\\\/aconteceunovale.com.br\\\/portal\\\/?author=4\"}]}<\/script>\n<!-- \/ Yoast SEO plugin. -->","yoast_head_json":{"title":"\"Um evento cancelado \u00e9 melhor que uma vida cancelada\", diz diretor da OMS - Aconteceu no Vale","robots":{"index":"index","follow":"follow","max-snippet":"max-snippet:-1","max-image-preview":"max-image-preview:large","max-video-preview":"max-video-preview:-1"},"canonical":"https:\/\/aconteceunovale.com.br\/portal\/?p=185049","og_locale":"pt_BR","og_type":"article","og_title":"\"Um evento cancelado \u00e9 melhor que uma vida cancelada\", diz diretor da OMS - Aconteceu no Vale","og_description":"A Organiza\u00e7\u00e3o Mundial da Sa\u00fade (OMS) pediu\u00a0\u00e0s fam\u00edlias que repensem o Natal face ao r\u00e1pido avan\u00e7o da variante \u00d4micron. \u201cUm evento cancelado \u00e9 melhor que uma vida cancelada\u201d, afirmou o diretor-geral da organiza\u00e7\u00e3o, Tedros Adhanom Ghebreyesus. Ele alertou para as aglomera\u00e7\u00f5es&nbsp;durante a \u00e9poca festiva que se aproxima, lembrando&nbsp;que elas podem levar a um \u201caumento de [&hellip;]","og_url":"https:\/\/aconteceunovale.com.br\/portal\/?p=185049","og_site_name":"Aconteceu no Vale","article_publisher":"https:\/\/www.facebook.com\/aconteceunovale\/","article_published_time":"2021-12-21T15:13:09+00:00","article_modified_time":"2021-12-21T15:13:24+00:00","og_image":[{"width":678,"height":406,"url":"https:\/\/aconteceunovale.com.br\/portal\/wp-content\/uploads\/2021\/04\/tedros.jpg","type":"image\/jpeg"}],"author":"Reda\u00e7\u00e3o Aconteceu no Vale","twitter_card":"summary_large_image","twitter_creator":"@noticiadosvales","twitter_site":"@noticiadosvales","twitter_misc":{"Escrito por":"Reda\u00e7\u00e3o Aconteceu no Vale","Est. tempo de leitura":"2 minutos"},"schema":{"@context":"https:\/\/schema.org","@graph":[{"@type":"Article","@id":"https:\/\/aconteceunovale.com.br\/portal\/?p=185049#article","isPartOf":{"@id":"https:\/\/aconteceunovale.com.br\/portal\/?p=185049"},"author":{"name":"Reda\u00e7\u00e3o Aconteceu no Vale","@id":"https:\/\/aconteceunovale.com.br\/portal\/#\/schema\/person\/7d2f26d1483f8a63de73da1ee0754d35"},"headline":"&#8220;Um evento cancelado \u00e9 melhor que uma vida cancelada&#8221;, diz diretor da OMS","datePublished":"2021-12-21T15:13:09+00:00","dateModified":"2021-12-21T15:13:24+00:00","mainEntityOfPage":{"@id":"https:\/\/aconteceunovale.com.br\/portal\/?p=185049"},"wordCount":465,"commentCount":0,"image":{"@id":"https:\/\/aconteceunovale.com.br\/portal\/?p=185049#primaryimage"},"thumbnailUrl":"https:\/\/aconteceunovale.com.br\/portal\/wp-content\/uploads\/2021\/04\/tedros.jpg","keywords":["Avan\u00e7o da variante \u00d4micron","Cancelamento de eventos","Cancelamento de eventos no Natal","Coronav\u00edrus","COVID-19","natal","Novo coronav\u00edrus","Omicron","OMS","Organiza\u00e7\u00e3o Mundial da Sa\u00fade","pandemia","Sars-Cov-2","Tedros Adhanom Ghebreyesus","Variante Omicron"],"articleSection":["Eventos","Mundo"],"inLanguage":"pt-BR","potentialAction":[{"@type":"CommentAction","name":"Comment","target":["https:\/\/aconteceunovale.com.br\/portal\/?p=185049#respond"]}]},{"@type":"WebPage","@id":"https:\/\/aconteceunovale.com.br\/portal\/?p=185049","url":"https:\/\/aconteceunovale.com.br\/portal\/?p=185049","name":"\"Um evento cancelado \u00e9 melhor que uma vida cancelada\", diz diretor da OMS - Aconteceu no Vale","isPartOf":{"@id":"https:\/\/aconteceunovale.com.br\/portal\/#website"},"primaryImageOfPage":{"@id":"https:\/\/aconteceunovale.com.br\/portal\/?p=185049#primaryimage"},"image":{"@id":"https:\/\/aconteceunovale.com.br\/portal\/?p=185049#primaryimage"},"thumbnailUrl":"https:\/\/aconteceunovale.com.br\/portal\/wp-content\/uploads\/2021\/04\/tedros.jpg","datePublished":"2021-12-21T15:13:09+00:00","dateModified":"2021-12-21T15:13:24+00:00","author":{"@id":"https:\/\/aconteceunovale.com.br\/portal\/#\/schema\/person\/7d2f26d1483f8a63de73da1ee0754d35"},"breadcrumb":{"@id":"https:\/\/aconteceunovale.com.br\/portal\/?p=185049#breadcrumb"},"inLanguage":"pt-BR","potentialAction":[{"@type":"ReadAction","target":["https:\/\/aconteceunovale.com.br\/portal\/?p=185049"]}]},{"@type":"ImageObject","inLanguage":"pt-BR","@id":"https:\/\/aconteceunovale.com.br\/portal\/?p=185049#primaryimage","url":"https:\/\/aconteceunovale.com.br\/portal\/wp-content\/uploads\/2021\/04\/tedros.jpg","contentUrl":"https:\/\/aconteceunovale.com.br\/portal\/wp-content\/uploads\/2021\/04\/tedros.jpg","width":678,"height":406,"caption":"Diretor-geral da OMS, Tedros Adhanom"},{"@type":"BreadcrumbList","@id":"https:\/\/aconteceunovale.com.br\/portal\/?p=185049#breadcrumb","itemListElement":[{"@type":"ListItem","position":1,"name":"In\u00edcio","item":"https:\/\/aconteceunovale.com.br\/portal\/"},{"@type":"ListItem","position":2,"name":"&#8220;Um evento cancelado \u00e9 melhor que uma vida cancelada&#8221;, diz diretor da OMS"}]},{"@type":"WebSite","@id":"https:\/\/aconteceunovale.com.br\/portal\/#website","url":"https:\/\/aconteceunovale.com.br\/portal\/","name":"Aconteceu no Vale","description":"Portal de Not\u00edcias","potentialAction":[{"@type":"SearchAction","target":{"@type":"EntryPoint","urlTemplate":"https:\/\/aconteceunovale.com.br\/portal\/?s={search_term_string}"},"query-input":{"@type":"PropertyValueSpecification","valueRequired":true,"valueName":"search_term_string"}}],"inLanguage":"pt-BR"},{"@type":"Person","@id":"https:\/\/aconteceunovale.com.br\/portal\/#\/schema\/person\/7d2f26d1483f8a63de73da1ee0754d35","name":"Reda\u00e7\u00e3o Aconteceu no Vale","description":"Equipe de reportagem do Aconteceu no Vale, portal de not\u00edcias do Vale do Jequitinhonha, em Minas Gerais. Cobrimos as 51 cidades do Vale desde 2013. Sugest\u00f5es de pauta e pedidos de corre\u00e7\u00e3o: contato@aconteceunovale.com.br","url":"https:\/\/aconteceunovale.com.br\/portal\/?author=4"}]}},"_links":{"self":[{"href":"https:\/\/aconteceunovale.com.br\/portal\/index.php?rest_route=\/wp\/v2\/posts\/185049","targetHints":{"allow":["GET"]}}],"collection":[{"href":"https:\/\/aconteceunovale.com.br\/portal\/index.php?rest_route=\/wp\/v2\/posts"}],"about":[{"href":"https:\/\/aconteceunovale.com.br\/portal\/index.php?rest_route=\/wp\/v2\/types\/post"}],"author":[{"embeddable":true,"href":"https:\/\/aconteceunovale.com.br\/portal\/index.php?rest_route=\/wp\/v2\/users\/4"}],"replies":[{"embeddable":true,"href":"https:\/\/aconteceunovale.com.br\/portal\/index.php?rest_route=%2Fwp%2Fv2%2Fcomments&post=185049"}],"version-history":[{"count":1,"href":"https:\/\/aconteceunovale.com.br\/portal\/index.php?rest_route=\/wp\/v2\/posts\/185049\/revisions"}],"predecessor-version":[{"id":185050,"href":"https:\/\/aconteceunovale.com.br\/portal\/index.php?rest_route=\/wp\/v2\/posts\/185049\/revisions\/185050"}],"wp:featuredmedia":[{"embeddable":true,"href":"https:\/\/aconteceunovale.com.br\/portal\/index.php?rest_route=\/wp\/v2\/media\/177091"}],"wp:attachment":[{"href":"https:\/\/aconteceunovale.com.br\/portal\/index.php?rest_route=%2Fwp%2Fv2%2Fmedia&parent=185049"}],"wp:term":[{"taxonomy":"category","embeddable":true,"href":"https:\/\/aconteceunovale.com.br\/portal\/index.php?rest_route=%2Fwp%2Fv2%2Fcategories&post=185049"},{"taxonomy":"post_tag","embeddable":true,"href":"https:\/\/aconteceunovale.com.br\/portal\/index.php?rest_route=%2Fwp%2Fv2%2Ftags&post=185049"}],"curies":[{"name":"wp","href":"https:\/\/api.w.org\/{rel}","templated":true}]}}