{"id":185041,"date":"2021-12-21T11:51:59","date_gmt":"2021-12-21T14:51:59","guid":{"rendered":"https:\/\/aconteceunovale.com.br\/portal\/?p=185041"},"modified":"2021-12-21T11:59:35","modified_gmt":"2021-12-21T14:59:35","slug":"verao-comeca-hoje-no-brasil","status":"publish","type":"post","link":"https:\/\/aconteceunovale.com.br\/portal\/?p=185041","title":{"rendered":"Ver\u00e3o come\u00e7a hoje no Brasil"},"content":{"rendered":"\n<p class=\"wp-block-paragraph\">Come\u00e7a nesta ter\u00e7a-feira (21\/12\/2021), \u00e0s 12h59 (hor\u00e1rio de Bras\u00edlia), o ver\u00e3o no Hemisf\u00e9rio Sul. Marcada pela eleva\u00e7\u00e3o da temperatura em todo o pa\u00eds, em fun\u00e7\u00e3o da posi\u00e7\u00e3o do Sol mais ao sul, a esta\u00e7\u00e3o tem dias mais longos que as noites, al\u00e9m de\u00a0mudan\u00e7as r\u00e1pidas nas condi\u00e7\u00f5es de tempo, como\u00a0chuva forte, queda de granizo, vento com intensidade (moderada\u00a0a forte) e descargas el\u00e9tricas. A esta\u00e7\u00e3o termina no dia\u00a020 de mar\u00e7o de 2022, \u00e0s 12h33, dando lugar ao outono.<\/p>\n\n\n\n<figure class=\"wp-block-gallery columns-1 is-cropped wp-block-gallery-1 is-layout-flex wp-block-gallery-is-layout-flex\"><ul class=\"blocks-gallery-grid\"><li class=\"blocks-gallery-item\"><figure><img loading=\"lazy\" decoding=\"async\" width=\"678\" height=\"406\" src=\"https:\/\/aconteceunovale.com.br\/portal\/wp-content\/uploads\/2021\/12\/verao_brasil.jpg\" alt=\"\" data-id=\"185042\" data-full-url=\"https:\/\/aconteceunovale.com.br\/portal\/wp-content\/uploads\/2021\/12\/verao_brasil.jpg\" data-link=\"https:\/\/aconteceunovale.com.br\/portal\/?attachment_id=185042\" class=\"wp-image-185042\" srcset=\"https:\/\/aconteceunovale.com.br\/portal\/wp-content\/uploads\/2021\/12\/verao_brasil.jpg 678w, https:\/\/aconteceunovale.com.br\/portal\/wp-content\/uploads\/2021\/12\/verao_brasil-300x180.jpg 300w\" sizes=\"auto, (max-width: 678px) 100vw, 678px\" \/><figcaption class=\"blocks-gallery-item__caption\"><em>Banhistas no Rio de Janeiro &#8211; Foto: Fernando Fraz\u00e3o\/Ag\u00eancia Brasil<\/em><\/figcaption><\/figure><\/li><\/ul><\/figure>\n\n\n\n<p class=\"wp-block-paragraph\">De acordo com o progn\u00f3stico clim\u00e1tico divulgado pelo Instituto Nacional de Meteorologia (Inmet) e o Instituto Nacional de Pesquisas Espaciais (Inpe), as chuvas no ver\u00e3o ser\u00e3o acima da m\u00e9dia na maior parte do pa\u00eds, com exce\u00e7\u00e3o do extremo sul do Rio Grande do Sul, nordeste de Roraima e leste do Nordeste.<\/p>\n\n\n\n<p class=\"wp-block-paragraph\">Segundo o boletim, nas regi\u00f5es Sudeste e Centro-Oeste, as chuvas ser\u00e3o ocasionadas principalmente pela atua\u00e7\u00e3o da Zona de Converg\u00eancia do Atl\u00e2ntico Sul (ZCAS), enquanto no norte das regi\u00f5es Nordeste e Norte, a Zona de Converg\u00eancia Intertropical (ZCIT) \u00e9 a respons\u00e1vel pela ocorr\u00eancia de chuvas.<\/p>\n\n\n\n<p class=\"wp-block-paragraph\">Em m\u00e9dia, os maiores volumes de precipita\u00e7\u00e3o podem ser observados sobre as regi\u00f5es Norte e Centro-Oeste, com totais na faixa entre 700 e 1.100 mm.<\/p>\n\n\n\n<p class=\"wp-block-paragraph\">De acordo com o progn\u00f3stico, h\u00e1 uma probabilidade superior a 60% de que se mantenha o fen\u00f4meno La Ni\u00f1a durante o ver\u00e3o, podendo atingir a intensidade de moderado entre este m\u00eas de dezembro&nbsp;e janeiro\/2022.<\/p>\n\n\n\n<p class=\"wp-block-paragraph\">&#8212;&#8212;&#8212;&#8212;&#8212;&#8212;<br><em>Quer receber as not\u00edcias do <strong>Aconteceu no Vale<\/strong> em primeira m\u00e3o? Siga-nos no Facebook <a rel=\"noreferrer noopener\" href=\"http:\/\/facebook.com\/aconteceunovale\" target=\"_blank\">@aconteceunovale<\/a>, Twitter <a rel=\"noreferrer noopener\" href=\"https:\/\/twitter.com\/noticiadosvales\" target=\"_blank\">@noticiadosvales<\/a> e Instagram <a rel=\"noreferrer noopener\" href=\"https:\/\/www.instagram.com\/aconteceunovale\" target=\"_blank\">@aconteceunovale<\/a>.<\/em><\/p>\n","protected":false},"excerpt":{"rendered":"<p>Come\u00e7a nesta ter\u00e7a-feira (21\/12\/2021), \u00e0s 12h59 (hor\u00e1rio de Bras\u00edlia), o ver\u00e3o no Hemisf\u00e9rio Sul. Marcada pela eleva\u00e7\u00e3o da temperatura em todo o pa\u00eds, em fun\u00e7\u00e3o da posi\u00e7\u00e3o do Sol mais ao sul, a esta\u00e7\u00e3o tem dias mais longos que as noites, al\u00e9m de\u00a0mudan\u00e7as r\u00e1pidas nas condi\u00e7\u00f5es de tempo, como\u00a0chuva forte, queda de granizo, vento com [&hellip;]<\/p>\n","protected":false},"author":4,"featured_media":185042,"comment_status":"open","ping_status":"closed","sticky":false,"template":"","format":"standard","meta":{"amp_status":"","footnotes":""},"categories":[6],"tags":[4785,256187,256184,54659,27111,256188,165655,256186,256183,131460,256185],"class_list":["post-185041","post","type-post","status-publish","format-standard","has-post-thumbnail","hentry","category-br","tag-brasil","tag-clima-no-verao-do-brasil","tag-inicio-do-verao-no-brasil","tag-inmet","tag-inpe","tag-la-nina-no-brasil","tag-previsao-do-tempo-para-o-verao-no-brasil","tag-temperatura-no-verao-do-brasil","tag-verao-comeca-hoje-no-brasil","tag-verao-no-brasil","tag-verao-no-hemisferio-sul"],"yoast_head":"<!-- This site is optimized with the Yoast SEO plugin v28.3 - https:\/\/yoast.com\/product\/yoast-seo-wordpress\/ -->\n<title>Ver\u00e3o come\u00e7a hoje no Brasil - Aconteceu no Vale<\/title>\n<meta name=\"robots\" content=\"index, follow, max-snippet:-1, max-image-preview:large, max-video-preview:-1\" \/>\n<link rel=\"canonical\" href=\"https:\/\/aconteceunovale.com.br\/portal\/?p=185041\" \/>\n<meta property=\"og:locale\" content=\"pt_BR\" \/>\n<meta property=\"og:type\" content=\"article\" \/>\n<meta property=\"og:title\" content=\"Ver\u00e3o come\u00e7a hoje no Brasil - Aconteceu no Vale\" \/>\n<meta property=\"og:description\" content=\"Come\u00e7a nesta ter\u00e7a-feira (21\/12\/2021), \u00e0s 12h59 (hor\u00e1rio de Bras\u00edlia), o ver\u00e3o no Hemisf\u00e9rio Sul. Marcada pela eleva\u00e7\u00e3o da temperatura em todo o pa\u00eds, em fun\u00e7\u00e3o da posi\u00e7\u00e3o do Sol mais ao sul, a esta\u00e7\u00e3o tem dias mais longos que as noites, al\u00e9m de\u00a0mudan\u00e7as r\u00e1pidas nas condi\u00e7\u00f5es de tempo, como\u00a0chuva forte, queda de granizo, vento com [&hellip;]\" \/>\n<meta property=\"og:url\" content=\"https:\/\/aconteceunovale.com.br\/portal\/?p=185041\" \/>\n<meta property=\"og:site_name\" content=\"Aconteceu no Vale\" \/>\n<meta property=\"article:publisher\" content=\"https:\/\/www.facebook.com\/aconteceunovale\/\" \/>\n<meta property=\"article:published_time\" content=\"2021-12-21T14:51:59+00:00\" \/>\n<meta property=\"article:modified_time\" content=\"2021-12-21T14:59:35+00:00\" \/>\n<meta property=\"og:image\" content=\"https:\/\/aconteceunovale.com.br\/portal\/wp-content\/uploads\/2021\/12\/verao_brasil.jpg\" \/>\n\t<meta property=\"og:image:width\" content=\"678\" \/>\n\t<meta property=\"og:image:height\" content=\"406\" \/>\n\t<meta property=\"og:image:type\" content=\"image\/jpeg\" \/>\n<meta name=\"author\" content=\"Reda\u00e7\u00e3o Aconteceu no Vale\" \/>\n<meta name=\"twitter:card\" content=\"summary_large_image\" \/>\n<meta name=\"twitter:creator\" content=\"@noticiadosvales\" \/>\n<meta name=\"twitter:site\" content=\"@noticiadosvales\" \/>\n<meta name=\"twitter:label1\" content=\"Escrito por\" \/>\n\t<meta name=\"twitter:data1\" content=\"Reda\u00e7\u00e3o Aconteceu no Vale\" \/>\n\t<meta name=\"twitter:label2\" content=\"Est. tempo de leitura\" \/>\n\t<meta name=\"twitter:data2\" content=\"2 minutos\" \/>\n<script type=\"application\/ld+json\" class=\"yoast-schema-graph\">{\"@context\":\"https:\\\/\\\/schema.org\",\"@graph\":[{\"@type\":\"Article\",\"@id\":\"https:\\\/\\\/aconteceunovale.com.br\\\/portal\\\/?p=185041#article\",\"isPartOf\":{\"@id\":\"https:\\\/\\\/aconteceunovale.com.br\\\/portal\\\/?p=185041\"},\"author\":{\"name\":\"Reda\u00e7\u00e3o Aconteceu no Vale\",\"@id\":\"https:\\\/\\\/aconteceunovale.com.br\\\/portal\\\/#\\\/schema\\\/person\\\/7d2f26d1483f8a63de73da1ee0754d35\"},\"headline\":\"Ver\u00e3o come\u00e7a hoje no Brasil\",\"datePublished\":\"2021-12-21T14:51:59+00:00\",\"dateModified\":\"2021-12-21T14:59:35+00:00\",\"mainEntityOfPage\":{\"@id\":\"https:\\\/\\\/aconteceunovale.com.br\\\/portal\\\/?p=185041\"},\"wordCount\":314,\"commentCount\":0,\"image\":{\"@id\":\"https:\\\/\\\/aconteceunovale.com.br\\\/portal\\\/?p=185041#primaryimage\"},\"thumbnailUrl\":\"https:\\\/\\\/aconteceunovale.com.br\\\/portal\\\/wp-content\\\/uploads\\\/2021\\\/12\\\/verao_brasil.jpg\",\"keywords\":[\"brasil\",\"Clima no ver\u00e3o do Brasil\",\"In\u00edcio do ver\u00e3o no Brasil\",\"Inmet\",\"INPE\",\"La Ni\u00f1a no Brasil\",\"Previs\u00e3o do tempo para o ver\u00e3o no Brasil\",\"Temperatura no ver\u00e3o do Brasil\",\"Ver\u00e3o come\u00e7a hoje no Brasil\",\"Ver\u00e3o no Brasil\",\"Ver\u00e3o no hemisf\u00e9rio Sul\"],\"articleSection\":[\"Brasil\"],\"inLanguage\":\"pt-BR\",\"potentialAction\":[{\"@type\":\"CommentAction\",\"name\":\"Comment\",\"target\":[\"https:\\\/\\\/aconteceunovale.com.br\\\/portal\\\/?p=185041#respond\"]}]},{\"@type\":\"WebPage\",\"@id\":\"https:\\\/\\\/aconteceunovale.com.br\\\/portal\\\/?p=185041\",\"url\":\"https:\\\/\\\/aconteceunovale.com.br\\\/portal\\\/?p=185041\",\"name\":\"Ver\u00e3o come\u00e7a hoje no Brasil - Aconteceu no Vale\",\"isPartOf\":{\"@id\":\"https:\\\/\\\/aconteceunovale.com.br\\\/portal\\\/#website\"},\"primaryImageOfPage\":{\"@id\":\"https:\\\/\\\/aconteceunovale.com.br\\\/portal\\\/?p=185041#primaryimage\"},\"image\":{\"@id\":\"https:\\\/\\\/aconteceunovale.com.br\\\/portal\\\/?p=185041#primaryimage\"},\"thumbnailUrl\":\"https:\\\/\\\/aconteceunovale.com.br\\\/portal\\\/wp-content\\\/uploads\\\/2021\\\/12\\\/verao_brasil.jpg\",\"datePublished\":\"2021-12-21T14:51:59+00:00\",\"dateModified\":\"2021-12-21T14:59:35+00:00\",\"author\":{\"@id\":\"https:\\\/\\\/aconteceunovale.com.br\\\/portal\\\/#\\\/schema\\\/person\\\/7d2f26d1483f8a63de73da1ee0754d35\"},\"breadcrumb\":{\"@id\":\"https:\\\/\\\/aconteceunovale.com.br\\\/portal\\\/?p=185041#breadcrumb\"},\"inLanguage\":\"pt-BR\",\"potentialAction\":[{\"@type\":\"ReadAction\",\"target\":[\"https:\\\/\\\/aconteceunovale.com.br\\\/portal\\\/?p=185041\"]}]},{\"@type\":\"ImageObject\",\"inLanguage\":\"pt-BR\",\"@id\":\"https:\\\/\\\/aconteceunovale.com.br\\\/portal\\\/?p=185041#primaryimage\",\"url\":\"https:\\\/\\\/aconteceunovale.com.br\\\/portal\\\/wp-content\\\/uploads\\\/2021\\\/12\\\/verao_brasil.jpg\",\"contentUrl\":\"https:\\\/\\\/aconteceunovale.com.br\\\/portal\\\/wp-content\\\/uploads\\\/2021\\\/12\\\/verao_brasil.jpg\",\"width\":678,\"height\":406,\"caption\":\"Banhistas no Arpoador curtem dia de ver\u00e3o com 39,5\u00ba C e sensa\u00e7\u00e3o t\u00e9rmica de 50,7\u00ba C.\"},{\"@type\":\"BreadcrumbList\",\"@id\":\"https:\\\/\\\/aconteceunovale.com.br\\\/portal\\\/?p=185041#breadcrumb\",\"itemListElement\":[{\"@type\":\"ListItem\",\"position\":1,\"name\":\"In\u00edcio\",\"item\":\"https:\\\/\\\/aconteceunovale.com.br\\\/portal\\\/\"},{\"@type\":\"ListItem\",\"position\":2,\"name\":\"Ver\u00e3o come\u00e7a hoje no Brasil\"}]},{\"@type\":\"WebSite\",\"@id\":\"https:\\\/\\\/aconteceunovale.com.br\\\/portal\\\/#website\",\"url\":\"https:\\\/\\\/aconteceunovale.com.br\\\/portal\\\/\",\"name\":\"Aconteceu no Vale\",\"description\":\"Portal de Not\u00edcias\",\"potentialAction\":[{\"@type\":\"SearchAction\",\"target\":{\"@type\":\"EntryPoint\",\"urlTemplate\":\"https:\\\/\\\/aconteceunovale.com.br\\\/portal\\\/?s={search_term_string}\"},\"query-input\":{\"@type\":\"PropertyValueSpecification\",\"valueRequired\":true,\"valueName\":\"search_term_string\"}}],\"inLanguage\":\"pt-BR\"},{\"@type\":\"Person\",\"@id\":\"https:\\\/\\\/aconteceunovale.com.br\\\/portal\\\/#\\\/schema\\\/person\\\/7d2f26d1483f8a63de73da1ee0754d35\",\"name\":\"Reda\u00e7\u00e3o Aconteceu no Vale\",\"description\":\"Equipe de reportagem do Aconteceu no Vale, portal de not\u00edcias do Vale do Jequitinhonha, em Minas Gerais. Cobrimos as 51 cidades do Vale desde 2013. Sugest\u00f5es de pauta e pedidos de corre\u00e7\u00e3o: contato@aconteceunovale.com.br\",\"url\":\"https:\\\/\\\/aconteceunovale.com.br\\\/portal\\\/?author=4\"}]}<\/script>\n<!-- \/ Yoast SEO plugin. -->","yoast_head_json":{"title":"Ver\u00e3o come\u00e7a hoje no Brasil - Aconteceu no Vale","robots":{"index":"index","follow":"follow","max-snippet":"max-snippet:-1","max-image-preview":"max-image-preview:large","max-video-preview":"max-video-preview:-1"},"canonical":"https:\/\/aconteceunovale.com.br\/portal\/?p=185041","og_locale":"pt_BR","og_type":"article","og_title":"Ver\u00e3o come\u00e7a hoje no Brasil - Aconteceu no Vale","og_description":"Come\u00e7a nesta ter\u00e7a-feira (21\/12\/2021), \u00e0s 12h59 (hor\u00e1rio de Bras\u00edlia), o ver\u00e3o no Hemisf\u00e9rio Sul. Marcada pela eleva\u00e7\u00e3o da temperatura em todo o pa\u00eds, em fun\u00e7\u00e3o da posi\u00e7\u00e3o do Sol mais ao sul, a esta\u00e7\u00e3o tem dias mais longos que as noites, al\u00e9m de\u00a0mudan\u00e7as r\u00e1pidas nas condi\u00e7\u00f5es de tempo, como\u00a0chuva forte, queda de granizo, vento com [&hellip;]","og_url":"https:\/\/aconteceunovale.com.br\/portal\/?p=185041","og_site_name":"Aconteceu no Vale","article_publisher":"https:\/\/www.facebook.com\/aconteceunovale\/","article_published_time":"2021-12-21T14:51:59+00:00","article_modified_time":"2021-12-21T14:59:35+00:00","og_image":[{"width":678,"height":406,"url":"https:\/\/aconteceunovale.com.br\/portal\/wp-content\/uploads\/2021\/12\/verao_brasil.jpg","type":"image\/jpeg"}],"author":"Reda\u00e7\u00e3o Aconteceu no Vale","twitter_card":"summary_large_image","twitter_creator":"@noticiadosvales","twitter_site":"@noticiadosvales","twitter_misc":{"Escrito por":"Reda\u00e7\u00e3o Aconteceu no Vale","Est. tempo de leitura":"2 minutos"},"schema":{"@context":"https:\/\/schema.org","@graph":[{"@type":"Article","@id":"https:\/\/aconteceunovale.com.br\/portal\/?p=185041#article","isPartOf":{"@id":"https:\/\/aconteceunovale.com.br\/portal\/?p=185041"},"author":{"name":"Reda\u00e7\u00e3o Aconteceu no Vale","@id":"https:\/\/aconteceunovale.com.br\/portal\/#\/schema\/person\/7d2f26d1483f8a63de73da1ee0754d35"},"headline":"Ver\u00e3o come\u00e7a hoje no Brasil","datePublished":"2021-12-21T14:51:59+00:00","dateModified":"2021-12-21T14:59:35+00:00","mainEntityOfPage":{"@id":"https:\/\/aconteceunovale.com.br\/portal\/?p=185041"},"wordCount":314,"commentCount":0,"image":{"@id":"https:\/\/aconteceunovale.com.br\/portal\/?p=185041#primaryimage"},"thumbnailUrl":"https:\/\/aconteceunovale.com.br\/portal\/wp-content\/uploads\/2021\/12\/verao_brasil.jpg","keywords":["brasil","Clima no ver\u00e3o do Brasil","In\u00edcio do ver\u00e3o no Brasil","Inmet","INPE","La Ni\u00f1a no Brasil","Previs\u00e3o do tempo para o ver\u00e3o no Brasil","Temperatura no ver\u00e3o do Brasil","Ver\u00e3o come\u00e7a hoje no Brasil","Ver\u00e3o no Brasil","Ver\u00e3o no hemisf\u00e9rio Sul"],"articleSection":["Brasil"],"inLanguage":"pt-BR","potentialAction":[{"@type":"CommentAction","name":"Comment","target":["https:\/\/aconteceunovale.com.br\/portal\/?p=185041#respond"]}]},{"@type":"WebPage","@id":"https:\/\/aconteceunovale.com.br\/portal\/?p=185041","url":"https:\/\/aconteceunovale.com.br\/portal\/?p=185041","name":"Ver\u00e3o come\u00e7a hoje no Brasil - Aconteceu no Vale","isPartOf":{"@id":"https:\/\/aconteceunovale.com.br\/portal\/#website"},"primaryImageOfPage":{"@id":"https:\/\/aconteceunovale.com.br\/portal\/?p=185041#primaryimage"},"image":{"@id":"https:\/\/aconteceunovale.com.br\/portal\/?p=185041#primaryimage"},"thumbnailUrl":"https:\/\/aconteceunovale.com.br\/portal\/wp-content\/uploads\/2021\/12\/verao_brasil.jpg","datePublished":"2021-12-21T14:51:59+00:00","dateModified":"2021-12-21T14:59:35+00:00","author":{"@id":"https:\/\/aconteceunovale.com.br\/portal\/#\/schema\/person\/7d2f26d1483f8a63de73da1ee0754d35"},"breadcrumb":{"@id":"https:\/\/aconteceunovale.com.br\/portal\/?p=185041#breadcrumb"},"inLanguage":"pt-BR","potentialAction":[{"@type":"ReadAction","target":["https:\/\/aconteceunovale.com.br\/portal\/?p=185041"]}]},{"@type":"ImageObject","inLanguage":"pt-BR","@id":"https:\/\/aconteceunovale.com.br\/portal\/?p=185041#primaryimage","url":"https:\/\/aconteceunovale.com.br\/portal\/wp-content\/uploads\/2021\/12\/verao_brasil.jpg","contentUrl":"https:\/\/aconteceunovale.com.br\/portal\/wp-content\/uploads\/2021\/12\/verao_brasil.jpg","width":678,"height":406,"caption":"Banhistas no Arpoador curtem dia de ver\u00e3o com 39,5\u00ba C e sensa\u00e7\u00e3o t\u00e9rmica de 50,7\u00ba C."},{"@type":"BreadcrumbList","@id":"https:\/\/aconteceunovale.com.br\/portal\/?p=185041#breadcrumb","itemListElement":[{"@type":"ListItem","position":1,"name":"In\u00edcio","item":"https:\/\/aconteceunovale.com.br\/portal\/"},{"@type":"ListItem","position":2,"name":"Ver\u00e3o come\u00e7a hoje no Brasil"}]},{"@type":"WebSite","@id":"https:\/\/aconteceunovale.com.br\/portal\/#website","url":"https:\/\/aconteceunovale.com.br\/portal\/","name":"Aconteceu no Vale","description":"Portal de Not\u00edcias","potentialAction":[{"@type":"SearchAction","target":{"@type":"EntryPoint","urlTemplate":"https:\/\/aconteceunovale.com.br\/portal\/?s={search_term_string}"},"query-input":{"@type":"PropertyValueSpecification","valueRequired":true,"valueName":"search_term_string"}}],"inLanguage":"pt-BR"},{"@type":"Person","@id":"https:\/\/aconteceunovale.com.br\/portal\/#\/schema\/person\/7d2f26d1483f8a63de73da1ee0754d35","name":"Reda\u00e7\u00e3o Aconteceu no Vale","description":"Equipe de reportagem do Aconteceu no Vale, portal de not\u00edcias do Vale do Jequitinhonha, em Minas Gerais. Cobrimos as 51 cidades do Vale desde 2013. Sugest\u00f5es de pauta e pedidos de corre\u00e7\u00e3o: contato@aconteceunovale.com.br","url":"https:\/\/aconteceunovale.com.br\/portal\/?author=4"}]}},"_links":{"self":[{"href":"https:\/\/aconteceunovale.com.br\/portal\/index.php?rest_route=\/wp\/v2\/posts\/185041","targetHints":{"allow":["GET"]}}],"collection":[{"href":"https:\/\/aconteceunovale.com.br\/portal\/index.php?rest_route=\/wp\/v2\/posts"}],"about":[{"href":"https:\/\/aconteceunovale.com.br\/portal\/index.php?rest_route=\/wp\/v2\/types\/post"}],"author":[{"embeddable":true,"href":"https:\/\/aconteceunovale.com.br\/portal\/index.php?rest_route=\/wp\/v2\/users\/4"}],"replies":[{"embeddable":true,"href":"https:\/\/aconteceunovale.com.br\/portal\/index.php?rest_route=%2Fwp%2Fv2%2Fcomments&post=185041"}],"version-history":[{"count":2,"href":"https:\/\/aconteceunovale.com.br\/portal\/index.php?rest_route=\/wp\/v2\/posts\/185041\/revisions"}],"predecessor-version":[{"id":185046,"href":"https:\/\/aconteceunovale.com.br\/portal\/index.php?rest_route=\/wp\/v2\/posts\/185041\/revisions\/185046"}],"wp:featuredmedia":[{"embeddable":true,"href":"https:\/\/aconteceunovale.com.br\/portal\/index.php?rest_route=\/wp\/v2\/media\/185042"}],"wp:attachment":[{"href":"https:\/\/aconteceunovale.com.br\/portal\/index.php?rest_route=%2Fwp%2Fv2%2Fmedia&parent=185041"}],"wp:term":[{"taxonomy":"category","embeddable":true,"href":"https:\/\/aconteceunovale.com.br\/portal\/index.php?rest_route=%2Fwp%2Fv2%2Fcategories&post=185041"},{"taxonomy":"post_tag","embeddable":true,"href":"https:\/\/aconteceunovale.com.br\/portal\/index.php?rest_route=%2Fwp%2Fv2%2Ftags&post=185041"}],"curies":[{"name":"wp","href":"https:\/\/api.w.org\/{rel}","templated":true}]}}