{"id":185035,"date":"2021-12-20T18:54:47","date_gmt":"2021-12-20T21:54:47","guid":{"rendered":"https:\/\/aconteceunovale.com.br\/portal\/?p=185035"},"modified":"2021-12-20T18:56:13","modified_gmt":"2021-12-20T21:56:13","slug":"relator-propoe-salario-minimo-de-r-1-210-em-2022","status":"publish","type":"post","link":"https:\/\/aconteceunovale.com.br\/portal\/?p=185035","title":{"rendered":"Relator prop\u00f5e sal\u00e1rio m\u00ednimo de R$ 1.210 em 2022"},"content":{"rendered":"\n<p class=\"wp-block-paragraph\">O relator do projeto de lei do Or\u00e7amento de 2022, deputado Hugo Leal (PSD-RJ), prop\u00f4s o sal\u00e1rio m\u00ednimo no valor de R$ 1.210 para o pr\u00f3ximo ano. O valor consta do parecer apresentado\u00a0hoje\u00a0(20\/12\/2021) na Comiss\u00e3o Mista de Or\u00e7amento (CMO) do Congresso.<\/p>\n\n\n\n<p class=\"wp-block-paragraph\">Esse montante representa aumento de 10,04% em rela\u00e7\u00e3o ao sal\u00e1rio m\u00ednimo atual de R$ 1,1 mil. A varia\u00e7\u00e3o corresponde \u00e0 proje\u00e7\u00e3o oficial da Secretaria de Pol\u00edtica Econ\u00f4mica (SPE) do Minist\u00e9rio da Economia para o \u00cdndice Nacional de Pre\u00e7os ao Consumidor (INPC) para este ano. O que indicaria mais um ano sem ganhos reais (reajuste acima da infla\u00e7\u00e3o).<br><br>No entanto, o pr\u00f3prio parecer menciona que a proje\u00e7\u00e3o est\u00e1 defasada e cita uma previs\u00e3o atualizada de 10,18% para o INPC. Caso esse valor prevale\u00e7a, o sal\u00e1rio m\u00ednimo subiria para R$ 1.212 no pr\u00f3ximo ano. A proposta original do governo, enviada em agosto, previa sal\u00e1rio m\u00ednimo de R$ 1.169, mas n\u00e3o contemplava a infla\u00e7\u00e3o acima do previsto no segundo semestre deste ano, provocada principalmente pelo reajuste da energia e dos combust\u00edveis.<br><br>O relat\u00f3rio de Hugo Leal precisa ser aprovado pela CMO e depois pelo plen\u00e1rio do Congresso, em sess\u00e3o conjunta da C\u00e2mara e do Senado. A\u00a0vota\u00e7\u00e3o\u00a0de\u00a0hoje\u00a0na CMO foi adiada.<\/p>\n\n\n\n<p class=\"wp-block-paragraph\">Mesmo sem aumento real (acima da infla\u00e7\u00e3o), o valor exato do sal\u00e1rio m\u00ednimo s\u00f3 ser\u00e1 conhecido no fim\u00a0de janeiro, ap\u00f3s a divulga\u00e7\u00e3o do INPC [\u00cdndice Nacional de Pre\u00e7os ao Consumidor] consolidado de 2021 pelo Instituto Brasileiro de Geografia e Estat\u00edstica (IBGE).<\/p>\n\n\n\n<h2 class=\"wp-block-heading\">Sem reajuste<\/h2>\n\n\n\n<p class=\"wp-block-paragraph\">Hugo Leal rejeitou o pedido do Minist\u00e9rio da Economia para incluir, em seu parecer, um reajuste salarial para servidores. Na semana passada, a pasta enviou um of\u00edcio com pedido para reservar R$ 2,8 bilh\u00f5es do\u00a0Or\u00e7amento\u00a0do pr\u00f3ximo ano para reajustar o sal\u00e1rio de algumas categorias.<br><br>Desse total, R$ 2,5 bilh\u00f5es viriam do Or\u00e7amento prim\u00e1rio (formado pela arrecada\u00e7\u00e3o de tributos) para pagar os reajustes. Os R$ 355 milh\u00f5es restantes sairiam da emiss\u00e3o de t\u00edtulos p\u00fablicos para financiar o aumento da contribui\u00e7\u00e3o da Uni\u00e3o para a Previd\u00eancia dos servidores.<br><br>O documento n\u00e3o informa que categorias ser\u00e3o atendidas. No entanto, no \u00faltimo dia 14, o presidente Jair Bolsonaro tinha prometido\u00a0aumentos salariais\u00a0para policiais federais, policiais rodovi\u00e1rios federais e agentes penitenci\u00e1rios.<br><br>Nesta tarde, Hugo Leal e a presidente da CMO, senadora Rose de Freitas (MDB-ES), re\u00fanem-se com o ministro da Economia, Paulo Guedes, para tentar chegar a um acordo e destravar a vota\u00e7\u00e3o.<\/p>\n\n\n\n<h2 class=\"wp-block-heading\">PEC dos Precat\u00f3rios<\/h2>\n\n\n\n<p class=\"wp-block-paragraph\">O parecer do relator Hugo Leal prev\u00ea R$ 113,1 bilh\u00f5es, a previs\u00e3o de espa\u00e7o fiscal (espa\u00e7o para gastos) aberto pela promulga\u00e7\u00e3o da Proposta de Emenda \u00e0 Constitui\u00e7\u00e3o (PEC) dos Precat\u00f3rios. Originalmente, o Minist\u00e9rio da Economia previa\u00a0espa\u00e7o de R$ 106,1 bilh\u00f5es.<br><br>Dos R$ 113,1 bilh\u00f5es totais, o Poder Executivo contar\u00e1 com R$ 110 bilh\u00f5es. Os R$ 3,1 bilh\u00f5es restantes ser\u00e3o abertos para os Poderes Legislativo e Judici\u00e1rio, Minist\u00e9rio P\u00fablico Federal e Defensoria P\u00fablica da Uni\u00e3o.<br><br>A maior parte do espa\u00e7o fiscal, R$ 89 bilh\u00f5es, ser\u00e1 usada para custear o Aux\u00edlio Brasil de R$ 400 para cerca de 17,9 milh\u00f5es de fam\u00edlias. O restante ser\u00e1 usado para financiar o reajuste dos benef\u00edcios da Previd\u00eancia Social, que tamb\u00e9m segue o INPC e cuja estimativa de gastos subiu com o aumento da infla\u00e7\u00e3o. O espa\u00e7o fiscal tamb\u00e9m viabilizar\u00e1 o reajuste do seguro-desemprego e de benef\u00edcios de assist\u00eancia social, como o Benef\u00edcio de Presta\u00e7\u00e3o Continuada (BPC).<\/p>\n\n\n\n<p class=\"wp-block-paragraph\">&#8212;&#8212;&#8212;&#8212;&#8212;&#8212;<br><em>Quer receber as not\u00edcias do <strong>Aconteceu no Vale<\/strong> em primeira m\u00e3o? Siga-nos no Facebook <a rel=\"noreferrer noopener\" href=\"http:\/\/facebook.com\/aconteceunovale\" target=\"_blank\">@aconteceunovale<\/a>, Twitter <a rel=\"noreferrer noopener\" href=\"https:\/\/twitter.com\/noticiadosvales\" target=\"_blank\">@noticiadosvales<\/a> e Instagram <a rel=\"noreferrer noopener\" href=\"https:\/\/www.instagram.com\/aconteceunovale\" target=\"_blank\">@aconteceunovale<\/a>.<\/em><\/p>\n","protected":false},"excerpt":{"rendered":"<p>O relator do projeto de lei do Or\u00e7amento de 2022, deputado Hugo Leal (PSD-RJ), prop\u00f4s o sal\u00e1rio m\u00ednimo no valor de R$ 1.210 para o pr\u00f3ximo ano. O valor consta do parecer apresentado\u00a0hoje\u00a0(20\/12\/2021) na Comiss\u00e3o Mista de Or\u00e7amento (CMO) do Congresso. Esse montante representa aumento de 10,04% em rela\u00e7\u00e3o ao sal\u00e1rio m\u00ednimo atual de R$ [&hellip;]<\/p>\n","protected":false},"author":4,"featured_media":133149,"comment_status":"open","ping_status":"closed","sticky":false,"template":"","format":"standard","meta":{"amp_status":"","footnotes":""},"categories":[6],"tags":[48796,70435,1018,184661,256163,71438,256164,53605,256161,256162,243249,250319,243250],"class_list":["post-185035","post","type-post","status-publish","format-standard","has-post-thumbnail","hentry","category-br","tag-congresso-nacional","tag-deputado-hugo-leal","tag-destaque","tag-ministerio-da-economia","tag-orcamento-do-brasil-em-2022","tag-pec-dos-precatorios","tag-reajuste-do-salario","tag-reajuste-do-salario-minimo","tag-salario-2022","tag-salario-minimo-de-r-1-210-em-2022","tag-salario-minimo-em-2022","tag-valor-do-salario-em-2022","tag-valor-do-salario-minimo-em-2022"],"yoast_head":"<!-- This site is optimized with the Yoast SEO plugin v28.3 - https:\/\/yoast.com\/product\/yoast-seo-wordpress\/ -->\n<title>Relator prop\u00f5e sal\u00e1rio m\u00ednimo de R$ 1.210 em 2022 - Aconteceu no Vale<\/title>\n<meta name=\"robots\" content=\"index, follow, max-snippet:-1, max-image-preview:large, max-video-preview:-1\" \/>\n<link rel=\"canonical\" href=\"https:\/\/aconteceunovale.com.br\/portal\/?p=185035\" \/>\n<meta property=\"og:locale\" content=\"pt_BR\" \/>\n<meta property=\"og:type\" content=\"article\" \/>\n<meta property=\"og:title\" content=\"Relator prop\u00f5e sal\u00e1rio m\u00ednimo de R$ 1.210 em 2022 - Aconteceu no Vale\" \/>\n<meta property=\"og:description\" content=\"O relator do projeto de lei do Or\u00e7amento de 2022, deputado Hugo Leal (PSD-RJ), prop\u00f4s o sal\u00e1rio m\u00ednimo no valor de R$ 1.210 para o pr\u00f3ximo ano. O valor consta do parecer apresentado\u00a0hoje\u00a0(20\/12\/2021) na Comiss\u00e3o Mista de Or\u00e7amento (CMO) do Congresso. Esse montante representa aumento de 10,04% em rela\u00e7\u00e3o ao sal\u00e1rio m\u00ednimo atual de R$ [&hellip;]\" \/>\n<meta property=\"og:url\" content=\"https:\/\/aconteceunovale.com.br\/portal\/?p=185035\" \/>\n<meta property=\"og:site_name\" content=\"Aconteceu no Vale\" \/>\n<meta property=\"article:publisher\" content=\"https:\/\/www.facebook.com\/aconteceunovale\/\" \/>\n<meta property=\"article:published_time\" content=\"2021-12-20T21:54:47+00:00\" \/>\n<meta property=\"article:modified_time\" content=\"2021-12-20T21:56:13+00:00\" \/>\n<meta property=\"og:image\" content=\"https:\/\/aconteceunovale.com.br\/portal\/wp-content\/uploads\/2018\/06\/ctps_dinheiro.png\" \/>\n\t<meta property=\"og:image:width\" content=\"600\" \/>\n\t<meta property=\"og:image:height\" content=\"314\" \/>\n\t<meta property=\"og:image:type\" content=\"image\/png\" \/>\n<meta name=\"author\" content=\"Reda\u00e7\u00e3o Aconteceu no Vale\" \/>\n<meta name=\"twitter:card\" content=\"summary_large_image\" \/>\n<meta name=\"twitter:creator\" content=\"@noticiadosvales\" \/>\n<meta name=\"twitter:site\" content=\"@noticiadosvales\" \/>\n<meta name=\"twitter:label1\" content=\"Escrito por\" \/>\n\t<meta name=\"twitter:data1\" content=\"Reda\u00e7\u00e3o Aconteceu no Vale\" \/>\n\t<meta name=\"twitter:label2\" content=\"Est. tempo de leitura\" \/>\n\t<meta name=\"twitter:data2\" content=\"3 minutos\" \/>\n<script type=\"application\/ld+json\" class=\"yoast-schema-graph\">{\"@context\":\"https:\\\/\\\/schema.org\",\"@graph\":[{\"@type\":\"Article\",\"@id\":\"https:\\\/\\\/aconteceunovale.com.br\\\/portal\\\/?p=185035#article\",\"isPartOf\":{\"@id\":\"https:\\\/\\\/aconteceunovale.com.br\\\/portal\\\/?p=185035\"},\"author\":{\"name\":\"Reda\u00e7\u00e3o Aconteceu no Vale\",\"@id\":\"https:\\\/\\\/aconteceunovale.com.br\\\/portal\\\/#\\\/schema\\\/person\\\/7d2f26d1483f8a63de73da1ee0754d35\"},\"headline\":\"Relator prop\u00f5e sal\u00e1rio m\u00ednimo de R$ 1.210 em 2022\",\"datePublished\":\"2021-12-20T21:54:47+00:00\",\"dateModified\":\"2021-12-20T21:56:13+00:00\",\"mainEntityOfPage\":{\"@id\":\"https:\\\/\\\/aconteceunovale.com.br\\\/portal\\\/?p=185035\"},\"wordCount\":662,\"commentCount\":0,\"image\":{\"@id\":\"https:\\\/\\\/aconteceunovale.com.br\\\/portal\\\/?p=185035#primaryimage\"},\"thumbnailUrl\":\"https:\\\/\\\/aconteceunovale.com.br\\\/portal\\\/wp-content\\\/uploads\\\/2018\\\/06\\\/ctps_dinheiro.png\",\"keywords\":[\"Congresso Nacional\",\"deputado Hugo Leal\",\"destaque\",\"Minist\u00e9rio da Economia\",\"Or\u00e7amento do Brasil em 2022\",\"PEC dos Precat\u00f3rios\",\"Reajuste do sal\u00e1rio\",\"reajuste do sal\u00e1rio m\u00ednimo\",\"Sal\u00e1rio 2022\",\"Sal\u00e1rio m\u00ednimo de R$ 1.210 em 2022\",\"Sal\u00e1rio m\u00ednimo em 2022\",\"Valor do sal\u00e1rio em 2022\",\"Valor do sal\u00e1rio m\u00ednimo em 2022\"],\"articleSection\":[\"Brasil\"],\"inLanguage\":\"pt-BR\",\"potentialAction\":[{\"@type\":\"CommentAction\",\"name\":\"Comment\",\"target\":[\"https:\\\/\\\/aconteceunovale.com.br\\\/portal\\\/?p=185035#respond\"]}]},{\"@type\":\"WebPage\",\"@id\":\"https:\\\/\\\/aconteceunovale.com.br\\\/portal\\\/?p=185035\",\"url\":\"https:\\\/\\\/aconteceunovale.com.br\\\/portal\\\/?p=185035\",\"name\":\"Relator prop\u00f5e sal\u00e1rio m\u00ednimo de R$ 1.210 em 2022 - Aconteceu no Vale\",\"isPartOf\":{\"@id\":\"https:\\\/\\\/aconteceunovale.com.br\\\/portal\\\/#website\"},\"primaryImageOfPage\":{\"@id\":\"https:\\\/\\\/aconteceunovale.com.br\\\/portal\\\/?p=185035#primaryimage\"},\"image\":{\"@id\":\"https:\\\/\\\/aconteceunovale.com.br\\\/portal\\\/?p=185035#primaryimage\"},\"thumbnailUrl\":\"https:\\\/\\\/aconteceunovale.com.br\\\/portal\\\/wp-content\\\/uploads\\\/2018\\\/06\\\/ctps_dinheiro.png\",\"datePublished\":\"2021-12-20T21:54:47+00:00\",\"dateModified\":\"2021-12-20T21:56:13+00:00\",\"author\":{\"@id\":\"https:\\\/\\\/aconteceunovale.com.br\\\/portal\\\/#\\\/schema\\\/person\\\/7d2f26d1483f8a63de73da1ee0754d35\"},\"breadcrumb\":{\"@id\":\"https:\\\/\\\/aconteceunovale.com.br\\\/portal\\\/?p=185035#breadcrumb\"},\"inLanguage\":\"pt-BR\",\"potentialAction\":[{\"@type\":\"ReadAction\",\"target\":[\"https:\\\/\\\/aconteceunovale.com.br\\\/portal\\\/?p=185035\"]}]},{\"@type\":\"ImageObject\",\"inLanguage\":\"pt-BR\",\"@id\":\"https:\\\/\\\/aconteceunovale.com.br\\\/portal\\\/?p=185035#primaryimage\",\"url\":\"https:\\\/\\\/aconteceunovale.com.br\\\/portal\\\/wp-content\\\/uploads\\\/2018\\\/06\\\/ctps_dinheiro.png\",\"contentUrl\":\"https:\\\/\\\/aconteceunovale.com.br\\\/portal\\\/wp-content\\\/uploads\\\/2018\\\/06\\\/ctps_dinheiro.png\",\"width\":600,\"height\":314},{\"@type\":\"BreadcrumbList\",\"@id\":\"https:\\\/\\\/aconteceunovale.com.br\\\/portal\\\/?p=185035#breadcrumb\",\"itemListElement\":[{\"@type\":\"ListItem\",\"position\":1,\"name\":\"In\u00edcio\",\"item\":\"https:\\\/\\\/aconteceunovale.com.br\\\/portal\\\/\"},{\"@type\":\"ListItem\",\"position\":2,\"name\":\"Relator prop\u00f5e sal\u00e1rio m\u00ednimo de R$ 1.210 em 2022\"}]},{\"@type\":\"WebSite\",\"@id\":\"https:\\\/\\\/aconteceunovale.com.br\\\/portal\\\/#website\",\"url\":\"https:\\\/\\\/aconteceunovale.com.br\\\/portal\\\/\",\"name\":\"Aconteceu no Vale\",\"description\":\"Portal de Not\u00edcias\",\"potentialAction\":[{\"@type\":\"SearchAction\",\"target\":{\"@type\":\"EntryPoint\",\"urlTemplate\":\"https:\\\/\\\/aconteceunovale.com.br\\\/portal\\\/?s={search_term_string}\"},\"query-input\":{\"@type\":\"PropertyValueSpecification\",\"valueRequired\":true,\"valueName\":\"search_term_string\"}}],\"inLanguage\":\"pt-BR\"},{\"@type\":\"Person\",\"@id\":\"https:\\\/\\\/aconteceunovale.com.br\\\/portal\\\/#\\\/schema\\\/person\\\/7d2f26d1483f8a63de73da1ee0754d35\",\"name\":\"Reda\u00e7\u00e3o Aconteceu no Vale\",\"description\":\"Equipe de reportagem do Aconteceu no Vale, portal de not\u00edcias do Vale do Jequitinhonha, em Minas Gerais. Cobrimos as 51 cidades do Vale desde 2013. Sugest\u00f5es de pauta e pedidos de corre\u00e7\u00e3o: contato@aconteceunovale.com.br\",\"url\":\"https:\\\/\\\/aconteceunovale.com.br\\\/portal\\\/?author=4\"}]}<\/script>\n<!-- \/ Yoast SEO plugin. -->","yoast_head_json":{"title":"Relator prop\u00f5e sal\u00e1rio m\u00ednimo de R$ 1.210 em 2022 - Aconteceu no Vale","robots":{"index":"index","follow":"follow","max-snippet":"max-snippet:-1","max-image-preview":"max-image-preview:large","max-video-preview":"max-video-preview:-1"},"canonical":"https:\/\/aconteceunovale.com.br\/portal\/?p=185035","og_locale":"pt_BR","og_type":"article","og_title":"Relator prop\u00f5e sal\u00e1rio m\u00ednimo de R$ 1.210 em 2022 - Aconteceu no Vale","og_description":"O relator do projeto de lei do Or\u00e7amento de 2022, deputado Hugo Leal (PSD-RJ), prop\u00f4s o sal\u00e1rio m\u00ednimo no valor de R$ 1.210 para o pr\u00f3ximo ano. O valor consta do parecer apresentado\u00a0hoje\u00a0(20\/12\/2021) na Comiss\u00e3o Mista de Or\u00e7amento (CMO) do Congresso. Esse montante representa aumento de 10,04% em rela\u00e7\u00e3o ao sal\u00e1rio m\u00ednimo atual de R$ [&hellip;]","og_url":"https:\/\/aconteceunovale.com.br\/portal\/?p=185035","og_site_name":"Aconteceu no Vale","article_publisher":"https:\/\/www.facebook.com\/aconteceunovale\/","article_published_time":"2021-12-20T21:54:47+00:00","article_modified_time":"2021-12-20T21:56:13+00:00","og_image":[{"width":600,"height":314,"url":"https:\/\/aconteceunovale.com.br\/portal\/wp-content\/uploads\/2018\/06\/ctps_dinheiro.png","type":"image\/png"}],"author":"Reda\u00e7\u00e3o Aconteceu no Vale","twitter_card":"summary_large_image","twitter_creator":"@noticiadosvales","twitter_site":"@noticiadosvales","twitter_misc":{"Escrito por":"Reda\u00e7\u00e3o Aconteceu no Vale","Est. tempo de leitura":"3 minutos"},"schema":{"@context":"https:\/\/schema.org","@graph":[{"@type":"Article","@id":"https:\/\/aconteceunovale.com.br\/portal\/?p=185035#article","isPartOf":{"@id":"https:\/\/aconteceunovale.com.br\/portal\/?p=185035"},"author":{"name":"Reda\u00e7\u00e3o Aconteceu no Vale","@id":"https:\/\/aconteceunovale.com.br\/portal\/#\/schema\/person\/7d2f26d1483f8a63de73da1ee0754d35"},"headline":"Relator prop\u00f5e sal\u00e1rio m\u00ednimo de R$ 1.210 em 2022","datePublished":"2021-12-20T21:54:47+00:00","dateModified":"2021-12-20T21:56:13+00:00","mainEntityOfPage":{"@id":"https:\/\/aconteceunovale.com.br\/portal\/?p=185035"},"wordCount":662,"commentCount":0,"image":{"@id":"https:\/\/aconteceunovale.com.br\/portal\/?p=185035#primaryimage"},"thumbnailUrl":"https:\/\/aconteceunovale.com.br\/portal\/wp-content\/uploads\/2018\/06\/ctps_dinheiro.png","keywords":["Congresso Nacional","deputado Hugo Leal","destaque","Minist\u00e9rio da Economia","Or\u00e7amento do Brasil em 2022","PEC dos Precat\u00f3rios","Reajuste do sal\u00e1rio","reajuste do sal\u00e1rio m\u00ednimo","Sal\u00e1rio 2022","Sal\u00e1rio m\u00ednimo de R$ 1.210 em 2022","Sal\u00e1rio m\u00ednimo em 2022","Valor do sal\u00e1rio em 2022","Valor do sal\u00e1rio m\u00ednimo em 2022"],"articleSection":["Brasil"],"inLanguage":"pt-BR","potentialAction":[{"@type":"CommentAction","name":"Comment","target":["https:\/\/aconteceunovale.com.br\/portal\/?p=185035#respond"]}]},{"@type":"WebPage","@id":"https:\/\/aconteceunovale.com.br\/portal\/?p=185035","url":"https:\/\/aconteceunovale.com.br\/portal\/?p=185035","name":"Relator prop\u00f5e sal\u00e1rio m\u00ednimo de R$ 1.210 em 2022 - Aconteceu no Vale","isPartOf":{"@id":"https:\/\/aconteceunovale.com.br\/portal\/#website"},"primaryImageOfPage":{"@id":"https:\/\/aconteceunovale.com.br\/portal\/?p=185035#primaryimage"},"image":{"@id":"https:\/\/aconteceunovale.com.br\/portal\/?p=185035#primaryimage"},"thumbnailUrl":"https:\/\/aconteceunovale.com.br\/portal\/wp-content\/uploads\/2018\/06\/ctps_dinheiro.png","datePublished":"2021-12-20T21:54:47+00:00","dateModified":"2021-12-20T21:56:13+00:00","author":{"@id":"https:\/\/aconteceunovale.com.br\/portal\/#\/schema\/person\/7d2f26d1483f8a63de73da1ee0754d35"},"breadcrumb":{"@id":"https:\/\/aconteceunovale.com.br\/portal\/?p=185035#breadcrumb"},"inLanguage":"pt-BR","potentialAction":[{"@type":"ReadAction","target":["https:\/\/aconteceunovale.com.br\/portal\/?p=185035"]}]},{"@type":"ImageObject","inLanguage":"pt-BR","@id":"https:\/\/aconteceunovale.com.br\/portal\/?p=185035#primaryimage","url":"https:\/\/aconteceunovale.com.br\/portal\/wp-content\/uploads\/2018\/06\/ctps_dinheiro.png","contentUrl":"https:\/\/aconteceunovale.com.br\/portal\/wp-content\/uploads\/2018\/06\/ctps_dinheiro.png","width":600,"height":314},{"@type":"BreadcrumbList","@id":"https:\/\/aconteceunovale.com.br\/portal\/?p=185035#breadcrumb","itemListElement":[{"@type":"ListItem","position":1,"name":"In\u00edcio","item":"https:\/\/aconteceunovale.com.br\/portal\/"},{"@type":"ListItem","position":2,"name":"Relator prop\u00f5e sal\u00e1rio m\u00ednimo de R$ 1.210 em 2022"}]},{"@type":"WebSite","@id":"https:\/\/aconteceunovale.com.br\/portal\/#website","url":"https:\/\/aconteceunovale.com.br\/portal\/","name":"Aconteceu no Vale","description":"Portal de Not\u00edcias","potentialAction":[{"@type":"SearchAction","target":{"@type":"EntryPoint","urlTemplate":"https:\/\/aconteceunovale.com.br\/portal\/?s={search_term_string}"},"query-input":{"@type":"PropertyValueSpecification","valueRequired":true,"valueName":"search_term_string"}}],"inLanguage":"pt-BR"},{"@type":"Person","@id":"https:\/\/aconteceunovale.com.br\/portal\/#\/schema\/person\/7d2f26d1483f8a63de73da1ee0754d35","name":"Reda\u00e7\u00e3o Aconteceu no Vale","description":"Equipe de reportagem do Aconteceu no Vale, portal de not\u00edcias do Vale do Jequitinhonha, em Minas Gerais. Cobrimos as 51 cidades do Vale desde 2013. Sugest\u00f5es de pauta e pedidos de corre\u00e7\u00e3o: contato@aconteceunovale.com.br","url":"https:\/\/aconteceunovale.com.br\/portal\/?author=4"}]}},"_links":{"self":[{"href":"https:\/\/aconteceunovale.com.br\/portal\/index.php?rest_route=\/wp\/v2\/posts\/185035","targetHints":{"allow":["GET"]}}],"collection":[{"href":"https:\/\/aconteceunovale.com.br\/portal\/index.php?rest_route=\/wp\/v2\/posts"}],"about":[{"href":"https:\/\/aconteceunovale.com.br\/portal\/index.php?rest_route=\/wp\/v2\/types\/post"}],"author":[{"embeddable":true,"href":"https:\/\/aconteceunovale.com.br\/portal\/index.php?rest_route=\/wp\/v2\/users\/4"}],"replies":[{"embeddable":true,"href":"https:\/\/aconteceunovale.com.br\/portal\/index.php?rest_route=%2Fwp%2Fv2%2Fcomments&post=185035"}],"version-history":[{"count":1,"href":"https:\/\/aconteceunovale.com.br\/portal\/index.php?rest_route=\/wp\/v2\/posts\/185035\/revisions"}],"predecessor-version":[{"id":185036,"href":"https:\/\/aconteceunovale.com.br\/portal\/index.php?rest_route=\/wp\/v2\/posts\/185035\/revisions\/185036"}],"wp:featuredmedia":[{"embeddable":true,"href":"https:\/\/aconteceunovale.com.br\/portal\/index.php?rest_route=\/wp\/v2\/media\/133149"}],"wp:attachment":[{"href":"https:\/\/aconteceunovale.com.br\/portal\/index.php?rest_route=%2Fwp%2Fv2%2Fmedia&parent=185035"}],"wp:term":[{"taxonomy":"category","embeddable":true,"href":"https:\/\/aconteceunovale.com.br\/portal\/index.php?rest_route=%2Fwp%2Fv2%2Fcategories&post=185035"},{"taxonomy":"post_tag","embeddable":true,"href":"https:\/\/aconteceunovale.com.br\/portal\/index.php?rest_route=%2Fwp%2Fv2%2Ftags&post=185035"}],"curies":[{"name":"wp","href":"https:\/\/api.w.org\/{rel}","templated":true}]}}