{"id":184866,"date":"2021-12-15T16:17:00","date_gmt":"2021-12-15T19:17:00","guid":{"rendered":"https:\/\/aconteceunovale.com.br\/portal\/?p=184866"},"modified":"2021-12-15T16:19:41","modified_gmt":"2021-12-15T19:19:41","slug":"artesanato-do-vale-do-jequitinhonha-tem-identidade-valorizada-em-exposicao-no-rio","status":"publish","type":"post","link":"https:\/\/aconteceunovale.com.br\/portal\/?p=184866","title":{"rendered":"Artesanato do Vale do Jequitinhonha tem identidade valorizada em exposi\u00e7\u00e3o no Rio"},"content":{"rendered":"\n<p class=\"wp-block-paragraph\">Ser\u00e1 aberta nesta quinta-feira (16\/12\/2021), no Centro Sebrae de Refer\u00eancia do Artesanato Brasileiro (Crab), no Centro do Rio de Janeiro (RJ), a exposi\u00e7\u00e3o\u00a0\u201cPelas \u00e1guas do Jequitinhonha me deixei levar\u201d, que re\u00fane pe\u00e7as em cer\u00e2mica de 130 artes\u00e3s mineiras do Vale do Jequitinhonha. A exibi\u00e7\u00e3o das obras vai\u00a0at\u00e9 6\/3\/2022, das 10h \u00e0s 16h. A entrada \u00e9 gratuita.<\/p>\n\n\n\n<figure class=\"wp-block-gallery aligncenter columns-1 is-cropped wp-block-gallery-1 is-layout-flex wp-block-gallery-is-layout-flex\"><ul class=\"blocks-gallery-grid\"><li class=\"blocks-gallery-item\"><figure><img loading=\"lazy\" decoding=\"async\" width=\"675\" height=\"450\" src=\"https:\/\/aconteceunovale.com.br\/portal\/wp-content\/uploads\/2021\/12\/artesanato_vale.jpg\" alt=\"\" data-id=\"184867\" data-full-url=\"https:\/\/aconteceunovale.com.br\/portal\/wp-content\/uploads\/2021\/12\/artesanato_vale.jpg\" data-link=\"https:\/\/aconteceunovale.com.br\/portal\/?attachment_id=184867\" class=\"wp-image-184867\" srcset=\"https:\/\/aconteceunovale.com.br\/portal\/wp-content\/uploads\/2021\/12\/artesanato_vale.jpg 675w, https:\/\/aconteceunovale.com.br\/portal\/wp-content\/uploads\/2021\/12\/artesanato_vale-300x200.jpg 300w, https:\/\/aconteceunovale.com.br\/portal\/wp-content\/uploads\/2021\/12\/artesanato_vale-630x420.jpg 630w\" sizes=\"auto, (max-width: 675px) 100vw, 675px\" \/><figcaption class=\"blocks-gallery-item__caption\"><em>Foto: Matheus Fonseca \/ Sede<\/em>-MG<\/figcaption><\/figure><\/li><\/ul><\/figure>\n\n\n\n<p class=\"wp-block-paragraph\">A exposi\u00e7\u00e3o faz parte das a\u00e7\u00f5es do Sebrae Minas para divulgar a marca territ\u00f3rio, lan\u00e7ada, em outubro deste ano, com o prop\u00f3sito de valorizar a origem e a identidade da regi\u00e3o.\u00a0A iniciativa,\u00a0tem o apoio do Governo de Minas, por meio da Secretaria de Estado de Desenvolvimento Econ\u00f4mico (Sede), via Diretoria de Artesanato e Instituto de Desenvolvimento do Norte e Nordeste de Minas Gerais (Idene).<\/p>\n\n\n\n<p class=\"wp-block-paragraph\">Para o secret\u00e1rio adjunto de Desenvolvimento Econ\u00f4mico de Minas Gerais, Guilherme Duarte, a mostra&nbsp;\u00e9 uma justa homenagem aos ceramistas de tradi\u00e7\u00e3o da regi\u00e3o do Vale do Jequitinhonha, reconhecidamente um dos mais relevantes polos de produ\u00e7\u00e3o artesanal do Brasil e do mundo.<\/p>\n\n\n\n<h2 class=\"wp-block-heading\"><strong>Oportunidade de comercializa\u00e7\u00e3o<\/strong><\/h2>\n\n\n\n<p class=\"wp-block-paragraph\">\u201cA exposi\u00e7\u00e3o ser\u00e1 uma oportunidade para comercializar&nbsp;a cole\u00e7\u00e3o, aproveitando a alta temporada de ver\u00e3o no Rio de Janeiro e o momento de retorno econ\u00f4mico e de neg\u00f3cios para os artes\u00e3os, acessando o segundo maior mercado consumidor do Brasil\u201d, pontua Guilherme Duarte, que, junto com o superintendente de Potencialidades Regionais da Sede, Frederico Amaral, acompanha a&nbsp;cerim\u00f4nia de inaugura\u00e7\u00e3o e o trabalho de artes\u00e3s do Vale do Jequitinhonha que participam&nbsp;de oficinas .<\/p>\n\n\n\n<p class=\"wp-block-paragraph\">\u201cPelas \u00e1guas do Jequitinhonha me deixei levar\u201d&nbsp;tem a curadoria de Ricardo Gomes Lima, professor e pesquisador do Centro Nacional de Cultura Popular. As pe\u00e7as expostas tamb\u00e9m estar\u00e3o \u00e0 venda&nbsp;na loja do Crab, com destaque para as tradicionais bonecas em cer\u00e2mica.<\/p>\n\n\n\n<h2 class=\"wp-block-heading\"><strong>Vitrine do artesanato<\/strong><\/h2>\n\n\n\n<p class=\"wp-block-paragraph\">O&nbsp;diretor-geral do Idene, Carlos Alexandre Gon\u00e7alves, lembra que o instituto fornece apoio&nbsp;ao artesanato mineiro, especialmente no Vale do Jequitinhonha. \u201cNossa arte est\u00e1 sendo exposta em&nbsp;um dos mais renomados espa\u00e7os do setor no&nbsp;Brasil. Reconhecemos que essa atividade tem import\u00e2ncia cultural, econ\u00f4mica e social para Minas Gerais\u201d, afirma.<\/p>\n\n\n\n<p class=\"wp-block-paragraph\">As&nbsp;vitrines do espa\u00e7o&nbsp;tamb\u00e9m&nbsp;re\u00fanem&nbsp;pe\u00e7as decorativas e utilit\u00e1rios dom\u00e9sticos feitos por artes\u00e3s das comunidades de Coqueiro Campo, Campo Alegre (distritos de Turmalina), Cachoeira do Fanado (distrito de Minas Novas) e Santana do Ara\u00e7ua\u00ed (distrito de Ponto dos Volantes).<\/p>\n\n\n\n<h2 class=\"wp-block-heading\"><strong>Marca territ\u00f3rio<\/strong><\/h2>\n\n\n\n<p class=\"wp-block-paragraph\">\u201cVale do Jequitinhonha\u201d foi a primeira \u2018marca territ\u00f3rio\u2019 criada para o artesanato em Minas Gerais. Foi lan\u00e7ada&nbsp;este ano pelo Conselho das Artes\u00e3s do Jequitinhonha em parceria com o Sebrae Minas. A iniciativa faz parte da estrat\u00e9gia para posicionar a regi\u00e3o, divulgar sua identidade e&nbsp;a&nbsp;origem do territ\u00f3rio como diferencial competitivo,&nbsp;contribuindo para o desenvolvimento econ\u00f4mico local.<\/p>\n\n\n\n<p class=\"wp-block-paragraph\">Al\u00e9m da parceria para o desenvolvimento da \u2018marca territ\u00f3rio\u2019, o Sebrae Minas tem atuado em iniciativas de apoio ao acesso a mercados do artesanato regional, dando mais visibilidade e divulga\u00e7\u00e3o aos artes\u00e3os do Vale do Jequitinhonha, em grandes eventos do setor.<\/p>\n\n\n\n<p class=\"wp-block-paragraph\">Os artes\u00e3os t\u00eam tamb\u00e9m acesso \u00e0s solu\u00e7\u00f5es voltadas para a gest\u00e3o dos neg\u00f3cios e novas metodologias de trabalho que utilizam a inova\u00e7\u00e3o e o design para o desenvolvimento de novas cole\u00e7\u00f5es e produtos, priorizando sempre a origem e a tradi\u00e7\u00e3o local, al\u00e9m da promo\u00e7\u00e3o da cultura de coopera\u00e7\u00e3o entre as associa\u00e7\u00f5es de artes\u00e3os.<\/p>\n\n\n\n<h2 class=\"wp-block-heading\"><strong>Sobre o Crab<\/strong><\/h2>\n\n\n\n<p class=\"wp-block-paragraph\">O Centro Sebrae de Refer\u00eancia do Artesanato Brasileiro (Crab), criado em mar\u00e7o de 2016, tem como miss\u00e3o promover o artesanato nacional e contribuir para qualificar a imagem dos produtos feitos \u00e0 m\u00e3o no Brasil. Suas galerias abrigam uma cole\u00e7\u00e3o permanente de 1,5 mil&nbsp;itens que representam a express\u00e3o da cultura popular e da criatividade brasileira.<\/p>\n\n\n\n<h2 class=\"wp-block-heading\"><strong>Servi\u00e7o<\/strong><\/h2>\n\n\n\n<p class=\"wp-block-paragraph\"><strong>Exposi\u00e7\u00e3o \u201cPelas \u00e1guas do Jequitinhonha me deixei levar\u201d<\/strong><\/p>\n\n\n\n<p class=\"wp-block-paragraph\"><strong>Inaugura\u00e7\u00e3o:<\/strong>&nbsp;16\/12\/2021 (quinta-feira), \u00e0s 17h<\/p>\n\n\n\n<p class=\"wp-block-paragraph\"><strong>Abertura ao p\u00fablico:<\/strong>&nbsp;a partir das 10h do dia&nbsp;17\/12\/2021<\/p>\n\n\n\n<p class=\"wp-block-paragraph\"><strong>Local:<\/strong>&nbsp;&nbsp;Crab &#8211;&nbsp;Pra\u00e7a Tiradentes 67, Centro \u2013 Rio de Janeiro (RJ)<\/p>\n\n\n\n<p class=\"wp-block-paragraph\"><strong>Entrada gratuita<\/strong><\/p>\n\n\n\n<p class=\"wp-block-paragraph\">Informa\u00e7\u00f5es:\u00a0<a href=\"http:\/\/www.crab.sebrae.com.br\/\" target=\"_blank\" rel=\"noreferrer noopener\">www.crab.sebrae.com.br<\/a><\/p>\n\n\n\n<p class=\"wp-block-paragraph\">&#8212;&#8212;&#8212;&#8212;&#8212;&#8212;<br><em>Quer receber as not\u00edcias do <strong>Aconteceu no Vale<\/strong> em primeira m\u00e3o? Siga-nos no Facebook <a rel=\"noreferrer noopener\" href=\"http:\/\/facebook.com\/aconteceunovale\" target=\"_blank\">@aconteceunovale<\/a>, Twitter <a rel=\"noreferrer noopener\" href=\"https:\/\/twitter.com\/noticiadosvales\" target=\"_blank\">@noticiadosvales<\/a> e Instagram <a rel=\"noreferrer noopener\" href=\"https:\/\/www.instagram.com\/aconteceunovale\" target=\"_blank\">@aconteceunovale<\/a>.<\/em><\/p>\n","protected":false},"excerpt":{"rendered":"<p>Ser\u00e1 aberta nesta quinta-feira (16\/12\/2021), no Centro Sebrae de Refer\u00eancia do Artesanato Brasileiro (Crab), no Centro do Rio de Janeiro (RJ), a exposi\u00e7\u00e3o\u00a0\u201cPelas \u00e1guas do Jequitinhonha me deixei levar\u201d, que re\u00fane pe\u00e7as em cer\u00e2mica de 130 artes\u00e3s mineiras do Vale do Jequitinhonha. A exibi\u00e7\u00e3o das obras vai\u00a0at\u00e9 6\/3\/2022, das 10h \u00e0s 16h. A entrada \u00e9 [&hellip;]<\/p>\n","protected":false},"author":4,"featured_media":184867,"comment_status":"open","ping_status":"closed","sticky":false,"template":"","format":"standard","meta":{"amp_status":"","footnotes":""},"categories":[6,125,120],"tags":[204325,1223,76965,253554,130478,255901,255897,253553,255896,1018,255899,220765,6546,34122,272,255895,34252,253550,137,255898,444,127550,58317,1104,99860,10909,44759,220764,178,133,255894,255900],"class_list":["post-184866","post","type-post","status-publish","format-standard","has-post-thumbnail","hentry","category-br","category-noticias","category-jequi","tag-artesanato-brasileiro","tag-artesanato-do-vale-do-jequitinhonha","tag-artesanato-mineiro","tag-cachoeira-do-fanado","tag-campo-alegre","tag-carlos-alexandre-goncalves","tag-centro-sebrae-de-referencia-do-artesanato-brasileiro","tag-coqueiro-do-campo","tag-crab","tag-destaque","tag-exposicao-pelas-aguas-do-jequitinhonha-me-deixei-levar","tag-frederico-amaral","tag-governo-de-minas","tag-guilherme-duarte","tag-idene","tag-identidade-do-artesanato-do-vale-do-jequitinhonha","tag-jequitinhonha","tag-marca-territorio-do-artesanato-do-vale-do-jequitinhonha","tag-minas-novas","tag-pelas-aguas-do-jequitinhonha-me-deixei-levar","tag-ponto-dos-volantes","tag-ricardo-gomes-lima","tag-rio","tag-rio-de-janeiro","tag-rj","tag-santana-do-aracuai","tag-sebrae-minas","tag-sede-mg","tag-turmalina","tag-vale-do-jequitinhonha","tag-valorizacao-do-artesanato-do-vale-do-jequitinhonha","tag-vitrine-do-artesanato"],"yoast_head":"<!-- This site is optimized with the Yoast SEO plugin v28.3 - https:\/\/yoast.com\/product\/yoast-seo-wordpress\/ -->\n<title>Artesanato do Vale do Jequitinhonha tem identidade valorizada em exposi\u00e7\u00e3o no Rio - Aconteceu no Vale<\/title>\n<meta name=\"robots\" content=\"index, follow, max-snippet:-1, max-image-preview:large, max-video-preview:-1\" \/>\n<link rel=\"canonical\" href=\"https:\/\/aconteceunovale.com.br\/portal\/?p=184866\" \/>\n<meta property=\"og:locale\" content=\"pt_BR\" \/>\n<meta property=\"og:type\" content=\"article\" \/>\n<meta property=\"og:title\" content=\"Artesanato do Vale do Jequitinhonha tem identidade valorizada em exposi\u00e7\u00e3o no Rio - Aconteceu no Vale\" \/>\n<meta property=\"og:description\" content=\"Ser\u00e1 aberta nesta quinta-feira (16\/12\/2021), no Centro Sebrae de Refer\u00eancia do Artesanato Brasileiro (Crab), no Centro do Rio de Janeiro (RJ), a exposi\u00e7\u00e3o\u00a0\u201cPelas \u00e1guas do Jequitinhonha me deixei levar\u201d, que re\u00fane pe\u00e7as em cer\u00e2mica de 130 artes\u00e3s mineiras do Vale do Jequitinhonha. A exibi\u00e7\u00e3o das obras vai\u00a0at\u00e9 6\/3\/2022, das 10h \u00e0s 16h. A entrada \u00e9 [&hellip;]\" \/>\n<meta property=\"og:url\" content=\"https:\/\/aconteceunovale.com.br\/portal\/?p=184866\" \/>\n<meta property=\"og:site_name\" content=\"Aconteceu no Vale\" \/>\n<meta property=\"article:publisher\" content=\"https:\/\/www.facebook.com\/aconteceunovale\/\" \/>\n<meta property=\"article:published_time\" content=\"2021-12-15T19:17:00+00:00\" \/>\n<meta property=\"article:modified_time\" content=\"2021-12-15T19:19:41+00:00\" \/>\n<meta property=\"og:image\" content=\"https:\/\/aconteceunovale.com.br\/portal\/wp-content\/uploads\/2021\/12\/artesanato_vale.jpg\" \/>\n\t<meta property=\"og:image:width\" content=\"675\" \/>\n\t<meta property=\"og:image:height\" content=\"450\" \/>\n\t<meta property=\"og:image:type\" content=\"image\/jpeg\" \/>\n<meta name=\"author\" content=\"Reda\u00e7\u00e3o Aconteceu no Vale\" \/>\n<meta name=\"twitter:card\" content=\"summary_large_image\" \/>\n<meta name=\"twitter:creator\" content=\"@noticiadosvales\" \/>\n<meta name=\"twitter:site\" content=\"@noticiadosvales\" \/>\n<meta name=\"twitter:label1\" content=\"Escrito por\" \/>\n\t<meta name=\"twitter:data1\" content=\"Reda\u00e7\u00e3o Aconteceu no Vale\" \/>\n\t<meta name=\"twitter:label2\" content=\"Est. tempo de leitura\" \/>\n\t<meta name=\"twitter:data2\" content=\"4 minutos\" \/>\n<script type=\"application\/ld+json\" class=\"yoast-schema-graph\">{\"@context\":\"https:\\\/\\\/schema.org\",\"@graph\":[{\"@type\":\"Article\",\"@id\":\"https:\\\/\\\/aconteceunovale.com.br\\\/portal\\\/?p=184866#article\",\"isPartOf\":{\"@id\":\"https:\\\/\\\/aconteceunovale.com.br\\\/portal\\\/?p=184866\"},\"author\":{\"name\":\"Reda\u00e7\u00e3o Aconteceu no Vale\",\"@id\":\"https:\\\/\\\/aconteceunovale.com.br\\\/portal\\\/#\\\/schema\\\/person\\\/7d2f26d1483f8a63de73da1ee0754d35\"},\"headline\":\"Artesanato do Vale do Jequitinhonha tem identidade valorizada em exposi\u00e7\u00e3o no Rio\",\"datePublished\":\"2021-12-15T19:17:00+00:00\",\"dateModified\":\"2021-12-15T19:19:41+00:00\",\"mainEntityOfPage\":{\"@id\":\"https:\\\/\\\/aconteceunovale.com.br\\\/portal\\\/?p=184866\"},\"wordCount\":767,\"commentCount\":0,\"image\":{\"@id\":\"https:\\\/\\\/aconteceunovale.com.br\\\/portal\\\/?p=184866#primaryimage\"},\"thumbnailUrl\":\"https:\\\/\\\/aconteceunovale.com.br\\\/portal\\\/wp-content\\\/uploads\\\/2021\\\/12\\\/artesanato_vale.jpg\",\"keywords\":[\"Artesanato Brasileiro\",\"artesanato do vale do jequitinhonha\",\"Artesanato mineiro\",\"Cachoeira do Fanado\",\"Campo Alegre\",\"Carlos Alexandre Gon\u00e7alves\",\"Centro Sebrae de Refer\u00eancia do Artesanato Brasileiro\",\"Coqueiro do Campo\",\"Crab\",\"destaque\",\"Exposi\u00e7\u00e3o Pelas \u00e1guas do Jequitinhonha me deixei levar\",\"Frederico Amaral\",\"Governo de Minas\",\"Guilherme Duarte\",\"Idene\",\"Identidade do Artesanato do Vale do Jequitinhonha\",\"Jequitinhonha\",\"Marca territ\u00f3rio do Artesanato do Vale do Jequitinhonha\",\"Minas Novas\",\"Pelas \u00e1guas do Jequitinhonha me deixei levar\",\"Ponto dos Volantes\",\"Ricardo Gomes Lima\",\"rio\",\"Rio de Janeiro\",\"RJ\",\"Santana do Ara\u00e7ua\u00ed\",\"Sebrae Minas\",\"Sede-MG\",\"Turmalina\",\"Vale do Jequitinhonha\",\"Valoriza\u00e7\u00e3o do Artesanato do Vale do Jequitinhonha\",\"Vitrine do Artesanato\"],\"articleSection\":[\"Brasil\",\"Eventos\",\"Vale do Jequitinhonha\"],\"inLanguage\":\"pt-BR\",\"potentialAction\":[{\"@type\":\"CommentAction\",\"name\":\"Comment\",\"target\":[\"https:\\\/\\\/aconteceunovale.com.br\\\/portal\\\/?p=184866#respond\"]}]},{\"@type\":\"WebPage\",\"@id\":\"https:\\\/\\\/aconteceunovale.com.br\\\/portal\\\/?p=184866\",\"url\":\"https:\\\/\\\/aconteceunovale.com.br\\\/portal\\\/?p=184866\",\"name\":\"Artesanato do Vale do Jequitinhonha tem identidade valorizada em exposi\u00e7\u00e3o no Rio - Aconteceu no Vale\",\"isPartOf\":{\"@id\":\"https:\\\/\\\/aconteceunovale.com.br\\\/portal\\\/#website\"},\"primaryImageOfPage\":{\"@id\":\"https:\\\/\\\/aconteceunovale.com.br\\\/portal\\\/?p=184866#primaryimage\"},\"image\":{\"@id\":\"https:\\\/\\\/aconteceunovale.com.br\\\/portal\\\/?p=184866#primaryimage\"},\"thumbnailUrl\":\"https:\\\/\\\/aconteceunovale.com.br\\\/portal\\\/wp-content\\\/uploads\\\/2021\\\/12\\\/artesanato_vale.jpg\",\"datePublished\":\"2021-12-15T19:17:00+00:00\",\"dateModified\":\"2021-12-15T19:19:41+00:00\",\"author\":{\"@id\":\"https:\\\/\\\/aconteceunovale.com.br\\\/portal\\\/#\\\/schema\\\/person\\\/7d2f26d1483f8a63de73da1ee0754d35\"},\"breadcrumb\":{\"@id\":\"https:\\\/\\\/aconteceunovale.com.br\\\/portal\\\/?p=184866#breadcrumb\"},\"inLanguage\":\"pt-BR\",\"potentialAction\":[{\"@type\":\"ReadAction\",\"target\":[\"https:\\\/\\\/aconteceunovale.com.br\\\/portal\\\/?p=184866\"]}]},{\"@type\":\"ImageObject\",\"inLanguage\":\"pt-BR\",\"@id\":\"https:\\\/\\\/aconteceunovale.com.br\\\/portal\\\/?p=184866#primaryimage\",\"url\":\"https:\\\/\\\/aconteceunovale.com.br\\\/portal\\\/wp-content\\\/uploads\\\/2021\\\/12\\\/artesanato_vale.jpg\",\"contentUrl\":\"https:\\\/\\\/aconteceunovale.com.br\\\/portal\\\/wp-content\\\/uploads\\\/2021\\\/12\\\/artesanato_vale.jpg\",\"width\":675,\"height\":450},{\"@type\":\"BreadcrumbList\",\"@id\":\"https:\\\/\\\/aconteceunovale.com.br\\\/portal\\\/?p=184866#breadcrumb\",\"itemListElement\":[{\"@type\":\"ListItem\",\"position\":1,\"name\":\"In\u00edcio\",\"item\":\"https:\\\/\\\/aconteceunovale.com.br\\\/portal\\\/\"},{\"@type\":\"ListItem\",\"position\":2,\"name\":\"Artesanato do Vale do Jequitinhonha tem identidade valorizada em exposi\u00e7\u00e3o no Rio\"}]},{\"@type\":\"WebSite\",\"@id\":\"https:\\\/\\\/aconteceunovale.com.br\\\/portal\\\/#website\",\"url\":\"https:\\\/\\\/aconteceunovale.com.br\\\/portal\\\/\",\"name\":\"Aconteceu no Vale\",\"description\":\"Portal de Not\u00edcias\",\"potentialAction\":[{\"@type\":\"SearchAction\",\"target\":{\"@type\":\"EntryPoint\",\"urlTemplate\":\"https:\\\/\\\/aconteceunovale.com.br\\\/portal\\\/?s={search_term_string}\"},\"query-input\":{\"@type\":\"PropertyValueSpecification\",\"valueRequired\":true,\"valueName\":\"search_term_string\"}}],\"inLanguage\":\"pt-BR\"},{\"@type\":\"Person\",\"@id\":\"https:\\\/\\\/aconteceunovale.com.br\\\/portal\\\/#\\\/schema\\\/person\\\/7d2f26d1483f8a63de73da1ee0754d35\",\"name\":\"Reda\u00e7\u00e3o Aconteceu no Vale\",\"description\":\"Equipe de reportagem do Aconteceu no Vale, portal de not\u00edcias do Vale do Jequitinhonha, em Minas Gerais. Cobrimos as 51 cidades do Vale desde 2013. Sugest\u00f5es de pauta e pedidos de corre\u00e7\u00e3o: contato@aconteceunovale.com.br\",\"url\":\"https:\\\/\\\/aconteceunovale.com.br\\\/portal\\\/?author=4\"}]}<\/script>\n<!-- \/ Yoast SEO plugin. -->","yoast_head_json":{"title":"Artesanato do Vale do Jequitinhonha tem identidade valorizada em exposi\u00e7\u00e3o no Rio - Aconteceu no Vale","robots":{"index":"index","follow":"follow","max-snippet":"max-snippet:-1","max-image-preview":"max-image-preview:large","max-video-preview":"max-video-preview:-1"},"canonical":"https:\/\/aconteceunovale.com.br\/portal\/?p=184866","og_locale":"pt_BR","og_type":"article","og_title":"Artesanato do Vale do Jequitinhonha tem identidade valorizada em exposi\u00e7\u00e3o no Rio - Aconteceu no Vale","og_description":"Ser\u00e1 aberta nesta quinta-feira (16\/12\/2021), no Centro Sebrae de Refer\u00eancia do Artesanato Brasileiro (Crab), no Centro do Rio de Janeiro (RJ), a exposi\u00e7\u00e3o\u00a0\u201cPelas \u00e1guas do Jequitinhonha me deixei levar\u201d, que re\u00fane pe\u00e7as em cer\u00e2mica de 130 artes\u00e3s mineiras do Vale do Jequitinhonha. A exibi\u00e7\u00e3o das obras vai\u00a0at\u00e9 6\/3\/2022, das 10h \u00e0s 16h. A entrada \u00e9 [&hellip;]","og_url":"https:\/\/aconteceunovale.com.br\/portal\/?p=184866","og_site_name":"Aconteceu no Vale","article_publisher":"https:\/\/www.facebook.com\/aconteceunovale\/","article_published_time":"2021-12-15T19:17:00+00:00","article_modified_time":"2021-12-15T19:19:41+00:00","og_image":[{"width":675,"height":450,"url":"https:\/\/aconteceunovale.com.br\/portal\/wp-content\/uploads\/2021\/12\/artesanato_vale.jpg","type":"image\/jpeg"}],"author":"Reda\u00e7\u00e3o Aconteceu no Vale","twitter_card":"summary_large_image","twitter_creator":"@noticiadosvales","twitter_site":"@noticiadosvales","twitter_misc":{"Escrito por":"Reda\u00e7\u00e3o Aconteceu no Vale","Est. tempo de leitura":"4 minutos"},"schema":{"@context":"https:\/\/schema.org","@graph":[{"@type":"Article","@id":"https:\/\/aconteceunovale.com.br\/portal\/?p=184866#article","isPartOf":{"@id":"https:\/\/aconteceunovale.com.br\/portal\/?p=184866"},"author":{"name":"Reda\u00e7\u00e3o Aconteceu no Vale","@id":"https:\/\/aconteceunovale.com.br\/portal\/#\/schema\/person\/7d2f26d1483f8a63de73da1ee0754d35"},"headline":"Artesanato do Vale do Jequitinhonha tem identidade valorizada em exposi\u00e7\u00e3o no Rio","datePublished":"2021-12-15T19:17:00+00:00","dateModified":"2021-12-15T19:19:41+00:00","mainEntityOfPage":{"@id":"https:\/\/aconteceunovale.com.br\/portal\/?p=184866"},"wordCount":767,"commentCount":0,"image":{"@id":"https:\/\/aconteceunovale.com.br\/portal\/?p=184866#primaryimage"},"thumbnailUrl":"https:\/\/aconteceunovale.com.br\/portal\/wp-content\/uploads\/2021\/12\/artesanato_vale.jpg","keywords":["Artesanato Brasileiro","artesanato do vale do jequitinhonha","Artesanato mineiro","Cachoeira do Fanado","Campo Alegre","Carlos Alexandre Gon\u00e7alves","Centro Sebrae de Refer\u00eancia do Artesanato Brasileiro","Coqueiro do Campo","Crab","destaque","Exposi\u00e7\u00e3o Pelas \u00e1guas do Jequitinhonha me deixei levar","Frederico Amaral","Governo de Minas","Guilherme Duarte","Idene","Identidade do Artesanato do Vale do Jequitinhonha","Jequitinhonha","Marca territ\u00f3rio do Artesanato do Vale do Jequitinhonha","Minas Novas","Pelas \u00e1guas do Jequitinhonha me deixei levar","Ponto dos Volantes","Ricardo Gomes Lima","rio","Rio de Janeiro","RJ","Santana do Ara\u00e7ua\u00ed","Sebrae Minas","Sede-MG","Turmalina","Vale do Jequitinhonha","Valoriza\u00e7\u00e3o do Artesanato do Vale do Jequitinhonha","Vitrine do Artesanato"],"articleSection":["Brasil","Eventos","Vale do Jequitinhonha"],"inLanguage":"pt-BR","potentialAction":[{"@type":"CommentAction","name":"Comment","target":["https:\/\/aconteceunovale.com.br\/portal\/?p=184866#respond"]}]},{"@type":"WebPage","@id":"https:\/\/aconteceunovale.com.br\/portal\/?p=184866","url":"https:\/\/aconteceunovale.com.br\/portal\/?p=184866","name":"Artesanato do Vale do Jequitinhonha tem identidade valorizada em exposi\u00e7\u00e3o no Rio - Aconteceu no Vale","isPartOf":{"@id":"https:\/\/aconteceunovale.com.br\/portal\/#website"},"primaryImageOfPage":{"@id":"https:\/\/aconteceunovale.com.br\/portal\/?p=184866#primaryimage"},"image":{"@id":"https:\/\/aconteceunovale.com.br\/portal\/?p=184866#primaryimage"},"thumbnailUrl":"https:\/\/aconteceunovale.com.br\/portal\/wp-content\/uploads\/2021\/12\/artesanato_vale.jpg","datePublished":"2021-12-15T19:17:00+00:00","dateModified":"2021-12-15T19:19:41+00:00","author":{"@id":"https:\/\/aconteceunovale.com.br\/portal\/#\/schema\/person\/7d2f26d1483f8a63de73da1ee0754d35"},"breadcrumb":{"@id":"https:\/\/aconteceunovale.com.br\/portal\/?p=184866#breadcrumb"},"inLanguage":"pt-BR","potentialAction":[{"@type":"ReadAction","target":["https:\/\/aconteceunovale.com.br\/portal\/?p=184866"]}]},{"@type":"ImageObject","inLanguage":"pt-BR","@id":"https:\/\/aconteceunovale.com.br\/portal\/?p=184866#primaryimage","url":"https:\/\/aconteceunovale.com.br\/portal\/wp-content\/uploads\/2021\/12\/artesanato_vale.jpg","contentUrl":"https:\/\/aconteceunovale.com.br\/portal\/wp-content\/uploads\/2021\/12\/artesanato_vale.jpg","width":675,"height":450},{"@type":"BreadcrumbList","@id":"https:\/\/aconteceunovale.com.br\/portal\/?p=184866#breadcrumb","itemListElement":[{"@type":"ListItem","position":1,"name":"In\u00edcio","item":"https:\/\/aconteceunovale.com.br\/portal\/"},{"@type":"ListItem","position":2,"name":"Artesanato do Vale do Jequitinhonha tem identidade valorizada em exposi\u00e7\u00e3o no Rio"}]},{"@type":"WebSite","@id":"https:\/\/aconteceunovale.com.br\/portal\/#website","url":"https:\/\/aconteceunovale.com.br\/portal\/","name":"Aconteceu no Vale","description":"Portal de Not\u00edcias","potentialAction":[{"@type":"SearchAction","target":{"@type":"EntryPoint","urlTemplate":"https:\/\/aconteceunovale.com.br\/portal\/?s={search_term_string}"},"query-input":{"@type":"PropertyValueSpecification","valueRequired":true,"valueName":"search_term_string"}}],"inLanguage":"pt-BR"},{"@type":"Person","@id":"https:\/\/aconteceunovale.com.br\/portal\/#\/schema\/person\/7d2f26d1483f8a63de73da1ee0754d35","name":"Reda\u00e7\u00e3o Aconteceu no Vale","description":"Equipe de reportagem do Aconteceu no Vale, portal de not\u00edcias do Vale do Jequitinhonha, em Minas Gerais. Cobrimos as 51 cidades do Vale desde 2013. Sugest\u00f5es de pauta e pedidos de corre\u00e7\u00e3o: contato@aconteceunovale.com.br","url":"https:\/\/aconteceunovale.com.br\/portal\/?author=4"}]}},"_links":{"self":[{"href":"https:\/\/aconteceunovale.com.br\/portal\/index.php?rest_route=\/wp\/v2\/posts\/184866","targetHints":{"allow":["GET"]}}],"collection":[{"href":"https:\/\/aconteceunovale.com.br\/portal\/index.php?rest_route=\/wp\/v2\/posts"}],"about":[{"href":"https:\/\/aconteceunovale.com.br\/portal\/index.php?rest_route=\/wp\/v2\/types\/post"}],"author":[{"embeddable":true,"href":"https:\/\/aconteceunovale.com.br\/portal\/index.php?rest_route=\/wp\/v2\/users\/4"}],"replies":[{"embeddable":true,"href":"https:\/\/aconteceunovale.com.br\/portal\/index.php?rest_route=%2Fwp%2Fv2%2Fcomments&post=184866"}],"version-history":[{"count":1,"href":"https:\/\/aconteceunovale.com.br\/portal\/index.php?rest_route=\/wp\/v2\/posts\/184866\/revisions"}],"predecessor-version":[{"id":184868,"href":"https:\/\/aconteceunovale.com.br\/portal\/index.php?rest_route=\/wp\/v2\/posts\/184866\/revisions\/184868"}],"wp:featuredmedia":[{"embeddable":true,"href":"https:\/\/aconteceunovale.com.br\/portal\/index.php?rest_route=\/wp\/v2\/media\/184867"}],"wp:attachment":[{"href":"https:\/\/aconteceunovale.com.br\/portal\/index.php?rest_route=%2Fwp%2Fv2%2Fmedia&parent=184866"}],"wp:term":[{"taxonomy":"category","embeddable":true,"href":"https:\/\/aconteceunovale.com.br\/portal\/index.php?rest_route=%2Fwp%2Fv2%2Fcategories&post=184866"},{"taxonomy":"post_tag","embeddable":true,"href":"https:\/\/aconteceunovale.com.br\/portal\/index.php?rest_route=%2Fwp%2Fv2%2Ftags&post=184866"}],"curies":[{"name":"wp","href":"https:\/\/api.w.org\/{rel}","templated":true}]}}