{"id":184862,"date":"2021-12-15T09:34:42","date_gmt":"2021-12-15T12:34:42","guid":{"rendered":"https:\/\/aconteceunovale.com.br\/portal\/?p=184862"},"modified":"2021-12-15T09:35:47","modified_gmt":"2021-12-15T12:35:47","slug":"governo-de-minas-paga-13o-dos-servidores-em-parcela-unica","status":"publish","type":"post","link":"https:\/\/aconteceunovale.com.br\/portal\/?p=184862","title":{"rendered":"Governo de Minas paga 13\u00ba dos servidores em parcela \u00fanica"},"content":{"rendered":"\n<p class=\"wp-block-paragraph\">Servidores do\u00a0Governo de Minas Gerais\u00a0recebem, nesta quarta-feira (15\/12\/2021), o 13\u00ba sal\u00e1rio, pago integralmente, sem atrasos e sem parcelamento. Essa \u00e9 a primeira vez, nos \u00faltimos seis anos, que o Estado quita o benef\u00edcio em dia, sem preju\u00edzo para mais de 600 mil trabalhadores, entre ativos e aposentados.<\/p>\n\n\n\n<p class=\"wp-block-paragraph\">&#8212;&#8212;&#8212;&#8212;&#8212;&#8212;<br><em>Quer receber as not\u00edcias do <strong>Aconteceu no Vale<\/strong> em primeira m\u00e3o? Siga-nos no Facebook <a rel=\"noreferrer noopener\" href=\"http:\/\/facebook.com\/aconteceunovale\" target=\"_blank\">@aconteceunovale<\/a>, Twitter <a rel=\"noreferrer noopener\" href=\"https:\/\/twitter.com\/noticiadosvales\" target=\"_blank\">@noticiadosvales<\/a> e Instagram <a rel=\"noreferrer noopener\" href=\"https:\/\/www.instagram.com\/aconteceunovale\" target=\"_blank\">@aconteceunovale<\/a>.<\/em><\/p>\n","protected":false},"excerpt":{"rendered":"<p>Servidores do\u00a0Governo de Minas Gerais\u00a0recebem, nesta quarta-feira (15\/12\/2021), o 13\u00ba sal\u00e1rio, pago integralmente, sem atrasos e sem parcelamento. Essa \u00e9 a primeira vez, nos \u00faltimos seis anos, que o Estado quita o benef\u00edcio em dia, sem preju\u00edzo para mais de 600 mil trabalhadores, entre ativos e aposentados. &#8212;&#8212;&#8212;&#8212;&#8212;&#8212;Quer receber as not\u00edcias do Aconteceu no Vale [&hellip;]<\/p>\n","protected":false},"author":4,"featured_media":157588,"comment_status":"open","ping_status":"closed","sticky":false,"template":"","format":"standard","meta":{"amp_status":"","footnotes":""},"categories":[123],"tags":[165568,231560,6546,131,231559,255892,255893],"class_list":["post-184862","post","type-post","status-publish","format-standard","has-post-thumbnail","hentry","category-gerais","tag-13o-governo-de-minas","tag-decimo-terceiro-governo-de-minas","tag-governo-de-minas","tag-minas-gerais","tag-pagamento-do-13o-governo-de-minas","tag-pagamento-do-decimo-terceiro-governo-de-minas","tag-pagamento-em-parcela-unica-do-13o-em-minas-gerais"],"yoast_head":"<!-- This site is optimized with the Yoast SEO plugin v28.3 - https:\/\/yoast.com\/product\/yoast-seo-wordpress\/ -->\n<title>Governo de Minas paga 13\u00ba dos servidores em parcela \u00fanica - Aconteceu no Vale<\/title>\n<meta name=\"robots\" content=\"index, follow, max-snippet:-1, max-image-preview:large, max-video-preview:-1\" \/>\n<link rel=\"canonical\" href=\"https:\/\/aconteceunovale.com.br\/portal\/?p=184862\" \/>\n<meta property=\"og:locale\" content=\"pt_BR\" \/>\n<meta property=\"og:type\" content=\"article\" \/>\n<meta property=\"og:title\" content=\"Governo de Minas paga 13\u00ba dos servidores em parcela \u00fanica - Aconteceu no Vale\" \/>\n<meta property=\"og:description\" content=\"Servidores do\u00a0Governo de Minas Gerais\u00a0recebem, nesta quarta-feira (15\/12\/2021), o 13\u00ba sal\u00e1rio, pago integralmente, sem atrasos e sem parcelamento. Essa \u00e9 a primeira vez, nos \u00faltimos seis anos, que o Estado quita o benef\u00edcio em dia, sem preju\u00edzo para mais de 600 mil trabalhadores, entre ativos e aposentados. &#8212;&#8212;&#8212;&#8212;&#8212;&#8212;Quer receber as not\u00edcias do Aconteceu no Vale [&hellip;]\" \/>\n<meta property=\"og:url\" content=\"https:\/\/aconteceunovale.com.br\/portal\/?p=184862\" \/>\n<meta property=\"og:site_name\" content=\"Aconteceu no Vale\" \/>\n<meta property=\"article:publisher\" content=\"https:\/\/www.facebook.com\/aconteceunovale\/\" \/>\n<meta property=\"article:published_time\" content=\"2021-12-15T12:34:42+00:00\" \/>\n<meta property=\"article:modified_time\" content=\"2021-12-15T12:35:47+00:00\" \/>\n<meta property=\"og:image\" content=\"https:\/\/aconteceunovale.com.br\/portal\/wp-content\/uploads\/2020\/01\/cidade_adm_governo_mg.jpg\" \/>\n\t<meta property=\"og:image:width\" content=\"674\" \/>\n\t<meta property=\"og:image:height\" content=\"450\" \/>\n\t<meta property=\"og:image:type\" content=\"image\/jpeg\" \/>\n<meta name=\"author\" content=\"Reda\u00e7\u00e3o Aconteceu no Vale\" \/>\n<meta name=\"twitter:card\" content=\"summary_large_image\" \/>\n<meta name=\"twitter:creator\" content=\"@noticiadosvales\" \/>\n<meta name=\"twitter:site\" content=\"@noticiadosvales\" \/>\n<meta name=\"twitter:label1\" content=\"Escrito por\" \/>\n\t<meta name=\"twitter:data1\" content=\"Reda\u00e7\u00e3o Aconteceu no Vale\" \/>\n<script type=\"application\/ld+json\" class=\"yoast-schema-graph\">{\"@context\":\"https:\\\/\\\/schema.org\",\"@graph\":[{\"@type\":\"Article\",\"@id\":\"https:\\\/\\\/aconteceunovale.com.br\\\/portal\\\/?p=184862#article\",\"isPartOf\":{\"@id\":\"https:\\\/\\\/aconteceunovale.com.br\\\/portal\\\/?p=184862\"},\"author\":{\"name\":\"Reda\u00e7\u00e3o Aconteceu no Vale\",\"@id\":\"https:\\\/\\\/aconteceunovale.com.br\\\/portal\\\/#\\\/schema\\\/person\\\/7d2f26d1483f8a63de73da1ee0754d35\"},\"headline\":\"Governo de Minas paga 13\u00ba dos servidores em parcela \u00fanica\",\"datePublished\":\"2021-12-15T12:34:42+00:00\",\"dateModified\":\"2021-12-15T12:35:47+00:00\",\"mainEntityOfPage\":{\"@id\":\"https:\\\/\\\/aconteceunovale.com.br\\\/portal\\\/?p=184862\"},\"wordCount\":80,\"commentCount\":0,\"image\":{\"@id\":\"https:\\\/\\\/aconteceunovale.com.br\\\/portal\\\/?p=184862#primaryimage\"},\"thumbnailUrl\":\"https:\\\/\\\/aconteceunovale.com.br\\\/portal\\\/wp-content\\\/uploads\\\/2020\\\/01\\\/cidade_adm_governo_mg.jpg\",\"keywords\":[\"13\u00ba Governo de Minas\",\"D\u00e9cimo terceiro Governo de Minas\",\"Governo de Minas\",\"Minas Gerais\",\"Pagamento do 13\u00ba Governo de Minas\",\"Pagamento do d\u00e9cimo terceiro Governo de Minas\",\"Pagamento em parcela \u00fanica do 13\u00ba em Minas Gerais\"],\"articleSection\":[\"Minas Gerais\"],\"inLanguage\":\"pt-BR\",\"potentialAction\":[{\"@type\":\"CommentAction\",\"name\":\"Comment\",\"target\":[\"https:\\\/\\\/aconteceunovale.com.br\\\/portal\\\/?p=184862#respond\"]}]},{\"@type\":\"WebPage\",\"@id\":\"https:\\\/\\\/aconteceunovale.com.br\\\/portal\\\/?p=184862\",\"url\":\"https:\\\/\\\/aconteceunovale.com.br\\\/portal\\\/?p=184862\",\"name\":\"Governo de Minas paga 13\u00ba dos servidores em parcela \u00fanica - Aconteceu no Vale\",\"isPartOf\":{\"@id\":\"https:\\\/\\\/aconteceunovale.com.br\\\/portal\\\/#website\"},\"primaryImageOfPage\":{\"@id\":\"https:\\\/\\\/aconteceunovale.com.br\\\/portal\\\/?p=184862#primaryimage\"},\"image\":{\"@id\":\"https:\\\/\\\/aconteceunovale.com.br\\\/portal\\\/?p=184862#primaryimage\"},\"thumbnailUrl\":\"https:\\\/\\\/aconteceunovale.com.br\\\/portal\\\/wp-content\\\/uploads\\\/2020\\\/01\\\/cidade_adm_governo_mg.jpg\",\"datePublished\":\"2021-12-15T12:34:42+00:00\",\"dateModified\":\"2021-12-15T12:35:47+00:00\",\"author\":{\"@id\":\"https:\\\/\\\/aconteceunovale.com.br\\\/portal\\\/#\\\/schema\\\/person\\\/7d2f26d1483f8a63de73da1ee0754d35\"},\"breadcrumb\":{\"@id\":\"https:\\\/\\\/aconteceunovale.com.br\\\/portal\\\/?p=184862#breadcrumb\"},\"inLanguage\":\"pt-BR\",\"potentialAction\":[{\"@type\":\"ReadAction\",\"target\":[\"https:\\\/\\\/aconteceunovale.com.br\\\/portal\\\/?p=184862\"]}]},{\"@type\":\"ImageObject\",\"inLanguage\":\"pt-BR\",\"@id\":\"https:\\\/\\\/aconteceunovale.com.br\\\/portal\\\/?p=184862#primaryimage\",\"url\":\"https:\\\/\\\/aconteceunovale.com.br\\\/portal\\\/wp-content\\\/uploads\\\/2020\\\/01\\\/cidade_adm_governo_mg.jpg\",\"contentUrl\":\"https:\\\/\\\/aconteceunovale.com.br\\\/portal\\\/wp-content\\\/uploads\\\/2020\\\/01\\\/cidade_adm_governo_mg.jpg\",\"width\":674,\"height\":450,\"caption\":\"Cidade Administrativa Presidente Tancredo Neves. Credito: Gil Leonardi\\\/Imprensa MG Data: 13-08-2013 Local: Belo Horizonte - MG\"},{\"@type\":\"BreadcrumbList\",\"@id\":\"https:\\\/\\\/aconteceunovale.com.br\\\/portal\\\/?p=184862#breadcrumb\",\"itemListElement\":[{\"@type\":\"ListItem\",\"position\":1,\"name\":\"In\u00edcio\",\"item\":\"https:\\\/\\\/aconteceunovale.com.br\\\/portal\\\/\"},{\"@type\":\"ListItem\",\"position\":2,\"name\":\"Governo de Minas paga 13\u00ba dos servidores em parcela \u00fanica\"}]},{\"@type\":\"WebSite\",\"@id\":\"https:\\\/\\\/aconteceunovale.com.br\\\/portal\\\/#website\",\"url\":\"https:\\\/\\\/aconteceunovale.com.br\\\/portal\\\/\",\"name\":\"Aconteceu no Vale\",\"description\":\"Portal de Not\u00edcias\",\"potentialAction\":[{\"@type\":\"SearchAction\",\"target\":{\"@type\":\"EntryPoint\",\"urlTemplate\":\"https:\\\/\\\/aconteceunovale.com.br\\\/portal\\\/?s={search_term_string}\"},\"query-input\":{\"@type\":\"PropertyValueSpecification\",\"valueRequired\":true,\"valueName\":\"search_term_string\"}}],\"inLanguage\":\"pt-BR\"},{\"@type\":\"Person\",\"@id\":\"https:\\\/\\\/aconteceunovale.com.br\\\/portal\\\/#\\\/schema\\\/person\\\/7d2f26d1483f8a63de73da1ee0754d35\",\"name\":\"Reda\u00e7\u00e3o Aconteceu no Vale\",\"description\":\"Equipe de reportagem do Aconteceu no Vale, portal de not\u00edcias do Vale do Jequitinhonha, em Minas Gerais. Cobrimos as 51 cidades do Vale desde 2013. Sugest\u00f5es de pauta e pedidos de corre\u00e7\u00e3o: contato@aconteceunovale.com.br\",\"url\":\"https:\\\/\\\/aconteceunovale.com.br\\\/portal\\\/?author=4\"}]}<\/script>\n<!-- \/ Yoast SEO plugin. -->","yoast_head_json":{"title":"Governo de Minas paga 13\u00ba dos servidores em parcela \u00fanica - Aconteceu no Vale","robots":{"index":"index","follow":"follow","max-snippet":"max-snippet:-1","max-image-preview":"max-image-preview:large","max-video-preview":"max-video-preview:-1"},"canonical":"https:\/\/aconteceunovale.com.br\/portal\/?p=184862","og_locale":"pt_BR","og_type":"article","og_title":"Governo de Minas paga 13\u00ba dos servidores em parcela \u00fanica - Aconteceu no Vale","og_description":"Servidores do\u00a0Governo de Minas Gerais\u00a0recebem, nesta quarta-feira (15\/12\/2021), o 13\u00ba sal\u00e1rio, pago integralmente, sem atrasos e sem parcelamento. Essa \u00e9 a primeira vez, nos \u00faltimos seis anos, que o Estado quita o benef\u00edcio em dia, sem preju\u00edzo para mais de 600 mil trabalhadores, entre ativos e aposentados. &#8212;&#8212;&#8212;&#8212;&#8212;&#8212;Quer receber as not\u00edcias do Aconteceu no Vale [&hellip;]","og_url":"https:\/\/aconteceunovale.com.br\/portal\/?p=184862","og_site_name":"Aconteceu no Vale","article_publisher":"https:\/\/www.facebook.com\/aconteceunovale\/","article_published_time":"2021-12-15T12:34:42+00:00","article_modified_time":"2021-12-15T12:35:47+00:00","og_image":[{"width":674,"height":450,"url":"https:\/\/aconteceunovale.com.br\/portal\/wp-content\/uploads\/2020\/01\/cidade_adm_governo_mg.jpg","type":"image\/jpeg"}],"author":"Reda\u00e7\u00e3o Aconteceu no Vale","twitter_card":"summary_large_image","twitter_creator":"@noticiadosvales","twitter_site":"@noticiadosvales","twitter_misc":{"Escrito por":"Reda\u00e7\u00e3o Aconteceu no Vale"},"schema":{"@context":"https:\/\/schema.org","@graph":[{"@type":"Article","@id":"https:\/\/aconteceunovale.com.br\/portal\/?p=184862#article","isPartOf":{"@id":"https:\/\/aconteceunovale.com.br\/portal\/?p=184862"},"author":{"name":"Reda\u00e7\u00e3o Aconteceu no Vale","@id":"https:\/\/aconteceunovale.com.br\/portal\/#\/schema\/person\/7d2f26d1483f8a63de73da1ee0754d35"},"headline":"Governo de Minas paga 13\u00ba dos servidores em parcela \u00fanica","datePublished":"2021-12-15T12:34:42+00:00","dateModified":"2021-12-15T12:35:47+00:00","mainEntityOfPage":{"@id":"https:\/\/aconteceunovale.com.br\/portal\/?p=184862"},"wordCount":80,"commentCount":0,"image":{"@id":"https:\/\/aconteceunovale.com.br\/portal\/?p=184862#primaryimage"},"thumbnailUrl":"https:\/\/aconteceunovale.com.br\/portal\/wp-content\/uploads\/2020\/01\/cidade_adm_governo_mg.jpg","keywords":["13\u00ba Governo de Minas","D\u00e9cimo terceiro Governo de Minas","Governo de Minas","Minas Gerais","Pagamento do 13\u00ba Governo de Minas","Pagamento do d\u00e9cimo terceiro Governo de Minas","Pagamento em parcela \u00fanica do 13\u00ba em Minas Gerais"],"articleSection":["Minas Gerais"],"inLanguage":"pt-BR","potentialAction":[{"@type":"CommentAction","name":"Comment","target":["https:\/\/aconteceunovale.com.br\/portal\/?p=184862#respond"]}]},{"@type":"WebPage","@id":"https:\/\/aconteceunovale.com.br\/portal\/?p=184862","url":"https:\/\/aconteceunovale.com.br\/portal\/?p=184862","name":"Governo de Minas paga 13\u00ba dos servidores em parcela \u00fanica - Aconteceu no Vale","isPartOf":{"@id":"https:\/\/aconteceunovale.com.br\/portal\/#website"},"primaryImageOfPage":{"@id":"https:\/\/aconteceunovale.com.br\/portal\/?p=184862#primaryimage"},"image":{"@id":"https:\/\/aconteceunovale.com.br\/portal\/?p=184862#primaryimage"},"thumbnailUrl":"https:\/\/aconteceunovale.com.br\/portal\/wp-content\/uploads\/2020\/01\/cidade_adm_governo_mg.jpg","datePublished":"2021-12-15T12:34:42+00:00","dateModified":"2021-12-15T12:35:47+00:00","author":{"@id":"https:\/\/aconteceunovale.com.br\/portal\/#\/schema\/person\/7d2f26d1483f8a63de73da1ee0754d35"},"breadcrumb":{"@id":"https:\/\/aconteceunovale.com.br\/portal\/?p=184862#breadcrumb"},"inLanguage":"pt-BR","potentialAction":[{"@type":"ReadAction","target":["https:\/\/aconteceunovale.com.br\/portal\/?p=184862"]}]},{"@type":"ImageObject","inLanguage":"pt-BR","@id":"https:\/\/aconteceunovale.com.br\/portal\/?p=184862#primaryimage","url":"https:\/\/aconteceunovale.com.br\/portal\/wp-content\/uploads\/2020\/01\/cidade_adm_governo_mg.jpg","contentUrl":"https:\/\/aconteceunovale.com.br\/portal\/wp-content\/uploads\/2020\/01\/cidade_adm_governo_mg.jpg","width":674,"height":450,"caption":"Cidade Administrativa Presidente Tancredo Neves. Credito: Gil Leonardi\/Imprensa MG Data: 13-08-2013 Local: Belo Horizonte - MG"},{"@type":"BreadcrumbList","@id":"https:\/\/aconteceunovale.com.br\/portal\/?p=184862#breadcrumb","itemListElement":[{"@type":"ListItem","position":1,"name":"In\u00edcio","item":"https:\/\/aconteceunovale.com.br\/portal\/"},{"@type":"ListItem","position":2,"name":"Governo de Minas paga 13\u00ba dos servidores em parcela \u00fanica"}]},{"@type":"WebSite","@id":"https:\/\/aconteceunovale.com.br\/portal\/#website","url":"https:\/\/aconteceunovale.com.br\/portal\/","name":"Aconteceu no Vale","description":"Portal de Not\u00edcias","potentialAction":[{"@type":"SearchAction","target":{"@type":"EntryPoint","urlTemplate":"https:\/\/aconteceunovale.com.br\/portal\/?s={search_term_string}"},"query-input":{"@type":"PropertyValueSpecification","valueRequired":true,"valueName":"search_term_string"}}],"inLanguage":"pt-BR"},{"@type":"Person","@id":"https:\/\/aconteceunovale.com.br\/portal\/#\/schema\/person\/7d2f26d1483f8a63de73da1ee0754d35","name":"Reda\u00e7\u00e3o Aconteceu no Vale","description":"Equipe de reportagem do Aconteceu no Vale, portal de not\u00edcias do Vale do Jequitinhonha, em Minas Gerais. Cobrimos as 51 cidades do Vale desde 2013. Sugest\u00f5es de pauta e pedidos de corre\u00e7\u00e3o: contato@aconteceunovale.com.br","url":"https:\/\/aconteceunovale.com.br\/portal\/?author=4"}]}},"_links":{"self":[{"href":"https:\/\/aconteceunovale.com.br\/portal\/index.php?rest_route=\/wp\/v2\/posts\/184862","targetHints":{"allow":["GET"]}}],"collection":[{"href":"https:\/\/aconteceunovale.com.br\/portal\/index.php?rest_route=\/wp\/v2\/posts"}],"about":[{"href":"https:\/\/aconteceunovale.com.br\/portal\/index.php?rest_route=\/wp\/v2\/types\/post"}],"author":[{"embeddable":true,"href":"https:\/\/aconteceunovale.com.br\/portal\/index.php?rest_route=\/wp\/v2\/users\/4"}],"replies":[{"embeddable":true,"href":"https:\/\/aconteceunovale.com.br\/portal\/index.php?rest_route=%2Fwp%2Fv2%2Fcomments&post=184862"}],"version-history":[{"count":1,"href":"https:\/\/aconteceunovale.com.br\/portal\/index.php?rest_route=\/wp\/v2\/posts\/184862\/revisions"}],"predecessor-version":[{"id":184863,"href":"https:\/\/aconteceunovale.com.br\/portal\/index.php?rest_route=\/wp\/v2\/posts\/184862\/revisions\/184863"}],"wp:featuredmedia":[{"embeddable":true,"href":"https:\/\/aconteceunovale.com.br\/portal\/index.php?rest_route=\/wp\/v2\/media\/157588"}],"wp:attachment":[{"href":"https:\/\/aconteceunovale.com.br\/portal\/index.php?rest_route=%2Fwp%2Fv2%2Fmedia&parent=184862"}],"wp:term":[{"taxonomy":"category","embeddable":true,"href":"https:\/\/aconteceunovale.com.br\/portal\/index.php?rest_route=%2Fwp%2Fv2%2Fcategories&post=184862"},{"taxonomy":"post_tag","embeddable":true,"href":"https:\/\/aconteceunovale.com.br\/portal\/index.php?rest_route=%2Fwp%2Fv2%2Ftags&post=184862"}],"curies":[{"name":"wp","href":"https:\/\/api.w.org\/{rel}","templated":true}]}}