{"id":184860,"date":"2021-12-15T09:24:33","date_gmt":"2021-12-15T12:24:33","guid":{"rendered":"https:\/\/aconteceunovale.com.br\/portal\/?p=184860"},"modified":"2021-12-15T09:25:20","modified_gmt":"2021-12-15T12:25:20","slug":"ifnmg-campus-salinas-selecionara-professor-substituto-de-lingua-portuguesa","status":"publish","type":"post","link":"https:\/\/aconteceunovale.com.br\/portal\/?p=184860","title":{"rendered":"IFNMG-Campus Salinas selecionar\u00e1 professor substituto de L\u00edngua Portuguesa"},"content":{"rendered":"\n<p class=\"wp-block-paragraph\">O IFNMG-Campus Salinas abriu processo seletivo para contrata\u00e7\u00e3o de professor substituto de L\u00edngua Portuguesa. H\u00e1 uma vaga para 40 horas semanais. Para concorrer, \u00e9 necess\u00e1rio ser graduado em L\u00edngua Portuguesa.<\/p>\n\n\n\n<p class=\"wp-block-paragraph\">As inscri\u00e7\u00f5es devem ser realizadas entre 16 e 22 de dezembro, por e-mail, conforme orienta\u00e7\u00f5es do edital de sele\u00e7\u00e3o.<\/p>\n\n\n\n<p class=\"wp-block-paragraph\">A sele\u00e7\u00e3o acontecer\u00e1 em duas etapas, prova de t\u00edtulos e experi\u00eancia docente e prova de desempenho did\u00e1tico, ambas de car\u00e1ter eliminat\u00f3rio e classificat\u00f3rio.<\/p>\n\n\n\n<p class=\"wp-block-paragraph\">Dependendo da titula\u00e7\u00e3o do contratado, a remunera\u00e7\u00e3o mensal poder\u00e1 variar de R$ 3.130,85 at\u00e9 R$ 5.831,21.<\/p>\n\n\n\n<p class=\"wp-block-paragraph\">Para mais informa\u00e7\u00f5es, consulte o\u00a0<a href=\"https:\/\/www.ifnmg.edu.br\/professor-substituto\/56-portal\/salinas\/salinas-institucional\/20651-concurso-professor-substituto-salinas\" target=\"_blank\" rel=\"noreferrer noopener\">Edital n\u00ba 165\/2021 do IFNMG-Campus Salinas<\/a>.<\/p>\n\n\n\n<p class=\"wp-block-paragraph\">&#8212;&#8212;&#8212;&#8212;&#8212;&#8212;<br><em>Quer receber as not\u00edcias do <strong>Aconteceu no Vale<\/strong> em primeira m\u00e3o? Siga-nos no Facebook <a rel=\"noreferrer noopener\" href=\"http:\/\/facebook.com\/aconteceunovale\" target=\"_blank\">@aconteceunovale<\/a>, Twitter <a rel=\"noreferrer noopener\" href=\"https:\/\/twitter.com\/noticiadosvales\" target=\"_blank\">@noticiadosvales<\/a> e Instagram <a rel=\"noreferrer noopener\" href=\"https:\/\/www.instagram.com\/aconteceunovale\" target=\"_blank\">@aconteceunovale<\/a>.<\/em><\/p>\n","protected":false},"excerpt":{"rendered":"<p>O IFNMG-Campus Salinas abriu processo seletivo para contrata\u00e7\u00e3o de professor substituto de L\u00edngua Portuguesa. H\u00e1 uma vaga para 40 horas semanais. Para concorrer, \u00e9 necess\u00e1rio ser graduado em L\u00edngua Portuguesa. As inscri\u00e7\u00f5es devem ser realizadas entre 16 e 22 de dezembro, por e-mail, conforme orienta\u00e7\u00f5es do edital de sele\u00e7\u00e3o. A sele\u00e7\u00e3o acontecer\u00e1 em duas etapas, [&hellip;]<\/p>\n","protected":false},"author":4,"featured_media":184279,"comment_status":"open","ping_status":"closed","sticky":false,"template":"","format":"standard","meta":{"amp_status":"","footnotes":""},"categories":[40237,40238,40236,1236],"tags":[255,215738,255888,190,245584,255891,255890,255889],"class_list":["post-184860","post","type-post","status-publish","format-standard","has-post-thumbnail","hentry","category-concursos","category-educacao-2","category-empregos-2","category-norte_de_minas","tag-ifnmg","tag-ifnmg-campus-salinas-2","tag-processo-seletivo-ifnmg-campus-salinas","tag-salinas","tag-selecao-de-professor-ifnmg-campus-salinas","tag-selecao-de-professor-no-ifnmg-campus-salinas","tag-vaga-para-professor-de-portugues-em-salinas","tag-vaga-para-professor-de-portugues-no-ifnmg-campus-salinas"],"yoast_head":"<!-- This site is optimized with the Yoast SEO plugin v28.3 - https:\/\/yoast.com\/product\/yoast-seo-wordpress\/ -->\n<title>IFNMG-Campus Salinas selecionar\u00e1 professor substituto de L\u00edngua Portuguesa - Aconteceu no Vale<\/title>\n<meta name=\"robots\" content=\"index, follow, max-snippet:-1, max-image-preview:large, max-video-preview:-1\" \/>\n<link rel=\"canonical\" href=\"https:\/\/aconteceunovale.com.br\/portal\/?p=184860\" \/>\n<meta property=\"og:locale\" content=\"pt_BR\" \/>\n<meta property=\"og:type\" content=\"article\" \/>\n<meta property=\"og:title\" content=\"IFNMG-Campus Salinas selecionar\u00e1 professor substituto de L\u00edngua Portuguesa - Aconteceu no Vale\" \/>\n<meta property=\"og:description\" content=\"O IFNMG-Campus Salinas abriu processo seletivo para contrata\u00e7\u00e3o de professor substituto de L\u00edngua Portuguesa. H\u00e1 uma vaga para 40 horas semanais. Para concorrer, \u00e9 necess\u00e1rio ser graduado em L\u00edngua Portuguesa. As inscri\u00e7\u00f5es devem ser realizadas entre 16 e 22 de dezembro, por e-mail, conforme orienta\u00e7\u00f5es do edital de sele\u00e7\u00e3o. A sele\u00e7\u00e3o acontecer\u00e1 em duas etapas, [&hellip;]\" \/>\n<meta property=\"og:url\" content=\"https:\/\/aconteceunovale.com.br\/portal\/?p=184860\" \/>\n<meta property=\"og:site_name\" content=\"Aconteceu no Vale\" \/>\n<meta property=\"article:publisher\" content=\"https:\/\/www.facebook.com\/aconteceunovale\/\" \/>\n<meta property=\"article:published_time\" content=\"2021-12-15T12:24:33+00:00\" \/>\n<meta property=\"article:modified_time\" content=\"2021-12-15T12:25:20+00:00\" \/>\n<meta property=\"og:image\" content=\"https:\/\/aconteceunovale.com.br\/portal\/wp-content\/uploads\/2021\/11\/selecao_ifmg.png\" \/>\n\t<meta property=\"og:image:width\" content=\"640\" \/>\n\t<meta property=\"og:image:height\" content=\"431\" \/>\n\t<meta property=\"og:image:type\" content=\"image\/png\" \/>\n<meta name=\"author\" content=\"Reda\u00e7\u00e3o Aconteceu no Vale\" \/>\n<meta name=\"twitter:card\" content=\"summary_large_image\" \/>\n<meta name=\"twitter:creator\" content=\"@noticiadosvales\" \/>\n<meta name=\"twitter:site\" content=\"@noticiadosvales\" \/>\n<meta name=\"twitter:label1\" content=\"Escrito por\" \/>\n\t<meta name=\"twitter:data1\" content=\"Reda\u00e7\u00e3o Aconteceu no Vale\" \/>\n\t<meta name=\"twitter:label2\" content=\"Est. tempo de leitura\" \/>\n\t<meta name=\"twitter:data2\" content=\"1 minuto\" \/>\n<script type=\"application\/ld+json\" class=\"yoast-schema-graph\">{\"@context\":\"https:\\\/\\\/schema.org\",\"@graph\":[{\"@type\":\"Article\",\"@id\":\"https:\\\/\\\/aconteceunovale.com.br\\\/portal\\\/?p=184860#article\",\"isPartOf\":{\"@id\":\"https:\\\/\\\/aconteceunovale.com.br\\\/portal\\\/?p=184860\"},\"author\":{\"name\":\"Reda\u00e7\u00e3o Aconteceu no Vale\",\"@id\":\"https:\\\/\\\/aconteceunovale.com.br\\\/portal\\\/#\\\/schema\\\/person\\\/7d2f26d1483f8a63de73da1ee0754d35\"},\"headline\":\"IFNMG-Campus Salinas selecionar\u00e1 professor substituto de L\u00edngua Portuguesa\",\"datePublished\":\"2021-12-15T12:24:33+00:00\",\"dateModified\":\"2021-12-15T12:25:20+00:00\",\"mainEntityOfPage\":{\"@id\":\"https:\\\/\\\/aconteceunovale.com.br\\\/portal\\\/?p=184860\"},\"wordCount\":141,\"commentCount\":0,\"image\":{\"@id\":\"https:\\\/\\\/aconteceunovale.com.br\\\/portal\\\/?p=184860#primaryimage\"},\"thumbnailUrl\":\"https:\\\/\\\/aconteceunovale.com.br\\\/portal\\\/wp-content\\\/uploads\\\/2021\\\/11\\\/selecao_ifmg.png\",\"keywords\":[\"IFNMG\",\"IFNMG-Campus Salinas\",\"Processo seletivo IFNMG-Campus Salinas\",\"Salinas\",\"Sele\u00e7\u00e3o de professor IFNMG-Campus Salinas\",\"Sele\u00e7\u00e3o de professor no IFNMG-Campus Salinas\",\"Vaga para professor de portugu\u00eas em Salinas\",\"Vaga para professor de portugu\u00eas no IFNMG-Campus Salinas\"],\"articleSection\":[\"Concursos\",\"Educa\u00e7\u00e3o\",\"Empregos\",\"Norte de Minas\"],\"inLanguage\":\"pt-BR\",\"potentialAction\":[{\"@type\":\"CommentAction\",\"name\":\"Comment\",\"target\":[\"https:\\\/\\\/aconteceunovale.com.br\\\/portal\\\/?p=184860#respond\"]}]},{\"@type\":\"WebPage\",\"@id\":\"https:\\\/\\\/aconteceunovale.com.br\\\/portal\\\/?p=184860\",\"url\":\"https:\\\/\\\/aconteceunovale.com.br\\\/portal\\\/?p=184860\",\"name\":\"IFNMG-Campus Salinas selecionar\u00e1 professor substituto de L\u00edngua Portuguesa - Aconteceu no Vale\",\"isPartOf\":{\"@id\":\"https:\\\/\\\/aconteceunovale.com.br\\\/portal\\\/#website\"},\"primaryImageOfPage\":{\"@id\":\"https:\\\/\\\/aconteceunovale.com.br\\\/portal\\\/?p=184860#primaryimage\"},\"image\":{\"@id\":\"https:\\\/\\\/aconteceunovale.com.br\\\/portal\\\/?p=184860#primaryimage\"},\"thumbnailUrl\":\"https:\\\/\\\/aconteceunovale.com.br\\\/portal\\\/wp-content\\\/uploads\\\/2021\\\/11\\\/selecao_ifmg.png\",\"datePublished\":\"2021-12-15T12:24:33+00:00\",\"dateModified\":\"2021-12-15T12:25:20+00:00\",\"author\":{\"@id\":\"https:\\\/\\\/aconteceunovale.com.br\\\/portal\\\/#\\\/schema\\\/person\\\/7d2f26d1483f8a63de73da1ee0754d35\"},\"breadcrumb\":{\"@id\":\"https:\\\/\\\/aconteceunovale.com.br\\\/portal\\\/?p=184860#breadcrumb\"},\"inLanguage\":\"pt-BR\",\"potentialAction\":[{\"@type\":\"ReadAction\",\"target\":[\"https:\\\/\\\/aconteceunovale.com.br\\\/portal\\\/?p=184860\"]}]},{\"@type\":\"ImageObject\",\"inLanguage\":\"pt-BR\",\"@id\":\"https:\\\/\\\/aconteceunovale.com.br\\\/portal\\\/?p=184860#primaryimage\",\"url\":\"https:\\\/\\\/aconteceunovale.com.br\\\/portal\\\/wp-content\\\/uploads\\\/2021\\\/11\\\/selecao_ifmg.png\",\"contentUrl\":\"https:\\\/\\\/aconteceunovale.com.br\\\/portal\\\/wp-content\\\/uploads\\\/2021\\\/11\\\/selecao_ifmg.png\",\"width\":640,\"height\":431},{\"@type\":\"BreadcrumbList\",\"@id\":\"https:\\\/\\\/aconteceunovale.com.br\\\/portal\\\/?p=184860#breadcrumb\",\"itemListElement\":[{\"@type\":\"ListItem\",\"position\":1,\"name\":\"In\u00edcio\",\"item\":\"https:\\\/\\\/aconteceunovale.com.br\\\/portal\\\/\"},{\"@type\":\"ListItem\",\"position\":2,\"name\":\"IFNMG-Campus Salinas selecionar\u00e1 professor substituto de L\u00edngua Portuguesa\"}]},{\"@type\":\"WebSite\",\"@id\":\"https:\\\/\\\/aconteceunovale.com.br\\\/portal\\\/#website\",\"url\":\"https:\\\/\\\/aconteceunovale.com.br\\\/portal\\\/\",\"name\":\"Aconteceu no Vale\",\"description\":\"Portal de Not\u00edcias\",\"potentialAction\":[{\"@type\":\"SearchAction\",\"target\":{\"@type\":\"EntryPoint\",\"urlTemplate\":\"https:\\\/\\\/aconteceunovale.com.br\\\/portal\\\/?s={search_term_string}\"},\"query-input\":{\"@type\":\"PropertyValueSpecification\",\"valueRequired\":true,\"valueName\":\"search_term_string\"}}],\"inLanguage\":\"pt-BR\"},{\"@type\":\"Person\",\"@id\":\"https:\\\/\\\/aconteceunovale.com.br\\\/portal\\\/#\\\/schema\\\/person\\\/7d2f26d1483f8a63de73da1ee0754d35\",\"name\":\"Reda\u00e7\u00e3o Aconteceu no Vale\",\"description\":\"Equipe de reportagem do Aconteceu no Vale, portal de not\u00edcias do Vale do Jequitinhonha, em Minas Gerais. Cobrimos as 51 cidades do Vale desde 2013. Sugest\u00f5es de pauta e pedidos de corre\u00e7\u00e3o: contato@aconteceunovale.com.br\",\"url\":\"https:\\\/\\\/aconteceunovale.com.br\\\/portal\\\/?author=4\"}]}<\/script>\n<!-- \/ Yoast SEO plugin. -->","yoast_head_json":{"title":"IFNMG-Campus Salinas selecionar\u00e1 professor substituto de L\u00edngua Portuguesa - Aconteceu no Vale","robots":{"index":"index","follow":"follow","max-snippet":"max-snippet:-1","max-image-preview":"max-image-preview:large","max-video-preview":"max-video-preview:-1"},"canonical":"https:\/\/aconteceunovale.com.br\/portal\/?p=184860","og_locale":"pt_BR","og_type":"article","og_title":"IFNMG-Campus Salinas selecionar\u00e1 professor substituto de L\u00edngua Portuguesa - Aconteceu no Vale","og_description":"O IFNMG-Campus Salinas abriu processo seletivo para contrata\u00e7\u00e3o de professor substituto de L\u00edngua Portuguesa. H\u00e1 uma vaga para 40 horas semanais. Para concorrer, \u00e9 necess\u00e1rio ser graduado em L\u00edngua Portuguesa. As inscri\u00e7\u00f5es devem ser realizadas entre 16 e 22 de dezembro, por e-mail, conforme orienta\u00e7\u00f5es do edital de sele\u00e7\u00e3o. A sele\u00e7\u00e3o acontecer\u00e1 em duas etapas, [&hellip;]","og_url":"https:\/\/aconteceunovale.com.br\/portal\/?p=184860","og_site_name":"Aconteceu no Vale","article_publisher":"https:\/\/www.facebook.com\/aconteceunovale\/","article_published_time":"2021-12-15T12:24:33+00:00","article_modified_time":"2021-12-15T12:25:20+00:00","og_image":[{"width":640,"height":431,"url":"https:\/\/aconteceunovale.com.br\/portal\/wp-content\/uploads\/2021\/11\/selecao_ifmg.png","type":"image\/png"}],"author":"Reda\u00e7\u00e3o Aconteceu no Vale","twitter_card":"summary_large_image","twitter_creator":"@noticiadosvales","twitter_site":"@noticiadosvales","twitter_misc":{"Escrito por":"Reda\u00e7\u00e3o Aconteceu no Vale","Est. tempo de leitura":"1 minuto"},"schema":{"@context":"https:\/\/schema.org","@graph":[{"@type":"Article","@id":"https:\/\/aconteceunovale.com.br\/portal\/?p=184860#article","isPartOf":{"@id":"https:\/\/aconteceunovale.com.br\/portal\/?p=184860"},"author":{"name":"Reda\u00e7\u00e3o Aconteceu no Vale","@id":"https:\/\/aconteceunovale.com.br\/portal\/#\/schema\/person\/7d2f26d1483f8a63de73da1ee0754d35"},"headline":"IFNMG-Campus Salinas selecionar\u00e1 professor substituto de L\u00edngua Portuguesa","datePublished":"2021-12-15T12:24:33+00:00","dateModified":"2021-12-15T12:25:20+00:00","mainEntityOfPage":{"@id":"https:\/\/aconteceunovale.com.br\/portal\/?p=184860"},"wordCount":141,"commentCount":0,"image":{"@id":"https:\/\/aconteceunovale.com.br\/portal\/?p=184860#primaryimage"},"thumbnailUrl":"https:\/\/aconteceunovale.com.br\/portal\/wp-content\/uploads\/2021\/11\/selecao_ifmg.png","keywords":["IFNMG","IFNMG-Campus Salinas","Processo seletivo IFNMG-Campus Salinas","Salinas","Sele\u00e7\u00e3o de professor IFNMG-Campus Salinas","Sele\u00e7\u00e3o de professor no IFNMG-Campus Salinas","Vaga para professor de portugu\u00eas em Salinas","Vaga para professor de portugu\u00eas no IFNMG-Campus Salinas"],"articleSection":["Concursos","Educa\u00e7\u00e3o","Empregos","Norte de Minas"],"inLanguage":"pt-BR","potentialAction":[{"@type":"CommentAction","name":"Comment","target":["https:\/\/aconteceunovale.com.br\/portal\/?p=184860#respond"]}]},{"@type":"WebPage","@id":"https:\/\/aconteceunovale.com.br\/portal\/?p=184860","url":"https:\/\/aconteceunovale.com.br\/portal\/?p=184860","name":"IFNMG-Campus Salinas selecionar\u00e1 professor substituto de L\u00edngua Portuguesa - Aconteceu no Vale","isPartOf":{"@id":"https:\/\/aconteceunovale.com.br\/portal\/#website"},"primaryImageOfPage":{"@id":"https:\/\/aconteceunovale.com.br\/portal\/?p=184860#primaryimage"},"image":{"@id":"https:\/\/aconteceunovale.com.br\/portal\/?p=184860#primaryimage"},"thumbnailUrl":"https:\/\/aconteceunovale.com.br\/portal\/wp-content\/uploads\/2021\/11\/selecao_ifmg.png","datePublished":"2021-12-15T12:24:33+00:00","dateModified":"2021-12-15T12:25:20+00:00","author":{"@id":"https:\/\/aconteceunovale.com.br\/portal\/#\/schema\/person\/7d2f26d1483f8a63de73da1ee0754d35"},"breadcrumb":{"@id":"https:\/\/aconteceunovale.com.br\/portal\/?p=184860#breadcrumb"},"inLanguage":"pt-BR","potentialAction":[{"@type":"ReadAction","target":["https:\/\/aconteceunovale.com.br\/portal\/?p=184860"]}]},{"@type":"ImageObject","inLanguage":"pt-BR","@id":"https:\/\/aconteceunovale.com.br\/portal\/?p=184860#primaryimage","url":"https:\/\/aconteceunovale.com.br\/portal\/wp-content\/uploads\/2021\/11\/selecao_ifmg.png","contentUrl":"https:\/\/aconteceunovale.com.br\/portal\/wp-content\/uploads\/2021\/11\/selecao_ifmg.png","width":640,"height":431},{"@type":"BreadcrumbList","@id":"https:\/\/aconteceunovale.com.br\/portal\/?p=184860#breadcrumb","itemListElement":[{"@type":"ListItem","position":1,"name":"In\u00edcio","item":"https:\/\/aconteceunovale.com.br\/portal\/"},{"@type":"ListItem","position":2,"name":"IFNMG-Campus Salinas selecionar\u00e1 professor substituto de L\u00edngua Portuguesa"}]},{"@type":"WebSite","@id":"https:\/\/aconteceunovale.com.br\/portal\/#website","url":"https:\/\/aconteceunovale.com.br\/portal\/","name":"Aconteceu no Vale","description":"Portal de Not\u00edcias","potentialAction":[{"@type":"SearchAction","target":{"@type":"EntryPoint","urlTemplate":"https:\/\/aconteceunovale.com.br\/portal\/?s={search_term_string}"},"query-input":{"@type":"PropertyValueSpecification","valueRequired":true,"valueName":"search_term_string"}}],"inLanguage":"pt-BR"},{"@type":"Person","@id":"https:\/\/aconteceunovale.com.br\/portal\/#\/schema\/person\/7d2f26d1483f8a63de73da1ee0754d35","name":"Reda\u00e7\u00e3o Aconteceu no Vale","description":"Equipe de reportagem do Aconteceu no Vale, portal de not\u00edcias do Vale do Jequitinhonha, em Minas Gerais. Cobrimos as 51 cidades do Vale desde 2013. Sugest\u00f5es de pauta e pedidos de corre\u00e7\u00e3o: contato@aconteceunovale.com.br","url":"https:\/\/aconteceunovale.com.br\/portal\/?author=4"}]}},"_links":{"self":[{"href":"https:\/\/aconteceunovale.com.br\/portal\/index.php?rest_route=\/wp\/v2\/posts\/184860","targetHints":{"allow":["GET"]}}],"collection":[{"href":"https:\/\/aconteceunovale.com.br\/portal\/index.php?rest_route=\/wp\/v2\/posts"}],"about":[{"href":"https:\/\/aconteceunovale.com.br\/portal\/index.php?rest_route=\/wp\/v2\/types\/post"}],"author":[{"embeddable":true,"href":"https:\/\/aconteceunovale.com.br\/portal\/index.php?rest_route=\/wp\/v2\/users\/4"}],"replies":[{"embeddable":true,"href":"https:\/\/aconteceunovale.com.br\/portal\/index.php?rest_route=%2Fwp%2Fv2%2Fcomments&post=184860"}],"version-history":[{"count":1,"href":"https:\/\/aconteceunovale.com.br\/portal\/index.php?rest_route=\/wp\/v2\/posts\/184860\/revisions"}],"predecessor-version":[{"id":184861,"href":"https:\/\/aconteceunovale.com.br\/portal\/index.php?rest_route=\/wp\/v2\/posts\/184860\/revisions\/184861"}],"wp:featuredmedia":[{"embeddable":true,"href":"https:\/\/aconteceunovale.com.br\/portal\/index.php?rest_route=\/wp\/v2\/media\/184279"}],"wp:attachment":[{"href":"https:\/\/aconteceunovale.com.br\/portal\/index.php?rest_route=%2Fwp%2Fv2%2Fmedia&parent=184860"}],"wp:term":[{"taxonomy":"category","embeddable":true,"href":"https:\/\/aconteceunovale.com.br\/portal\/index.php?rest_route=%2Fwp%2Fv2%2Fcategories&post=184860"},{"taxonomy":"post_tag","embeddable":true,"href":"https:\/\/aconteceunovale.com.br\/portal\/index.php?rest_route=%2Fwp%2Fv2%2Ftags&post=184860"}],"curies":[{"name":"wp","href":"https:\/\/api.w.org\/{rel}","templated":true}]}}