{"id":184857,"date":"2021-12-15T08:07:34","date_gmt":"2021-12-15T11:07:34","guid":{"rendered":"https:\/\/aconteceunovale.com.br\/portal\/?p=184857"},"modified":"2021-12-15T11:28:23","modified_gmt":"2021-12-15T14:28:23","slug":"ibge-abre-inscricao-para-selecao-de-207-mil-trabalhadores-para-o-censo","status":"publish","type":"post","link":"https:\/\/aconteceunovale.com.br\/portal\/?p=184857","title":{"rendered":"IBGE abre inscri\u00e7\u00e3o para sele\u00e7\u00e3o de 207 mil trabalhadores para o Censo"},"content":{"rendered":"\n<p class=\"wp-block-paragraph\">O Instituto Brasileiro de Geografia e Estat\u00edstica (IBGE) publicou\u00a0hoje\u00a0(15\/12\/2021), no\u00a0<em>Di\u00e1rio Oficial da Uni\u00e3o<\/em>, o edital para sele\u00e7\u00e3o de recenseadores e agentes censit\u00e1rios do Censo Demogr\u00e1fico 2022. Ser\u00e3o 206.891 vagas tempor\u00e1rias para todo o pa\u00eds.<\/p>\n\n\n\n<figure class=\"wp-block-gallery columns-1 is-cropped wp-block-gallery-1 is-layout-flex wp-block-gallery-is-layout-flex\"><ul class=\"blocks-gallery-grid\"><li class=\"blocks-gallery-item\"><figure><img loading=\"lazy\" decoding=\"async\" width=\"678\" height=\"406\" src=\"https:\/\/aconteceunovale.com.br\/portal\/wp-content\/uploads\/2021\/12\/ibge_2022.jpg\" alt=\"\" data-id=\"184858\" data-full-url=\"https:\/\/aconteceunovale.com.br\/portal\/wp-content\/uploads\/2021\/12\/ibge_2022.jpg\" data-link=\"https:\/\/aconteceunovale.com.br\/portal\/?attachment_id=184858\" class=\"wp-image-184858\" srcset=\"https:\/\/aconteceunovale.com.br\/portal\/wp-content\/uploads\/2021\/12\/ibge_2022.jpg 678w, https:\/\/aconteceunovale.com.br\/portal\/wp-content\/uploads\/2021\/12\/ibge_2022-300x180.jpg 300w\" sizes=\"auto, (max-width: 678px) 100vw, 678px\" \/><figcaption class=\"blocks-gallery-item__caption\"><em>Foto: T\u00e2nia R\u00eago\/Ag\u00eancia Brasil<\/em><\/figcaption><\/figure><\/li><\/ul><\/figure>\n\n\n\n<p class=\"wp-block-paragraph\">Antes deste edital, o IBGE j\u00e1 tinha aberto dois processos seletivos, que foram cancelados, devido a adiamentos do censo. O primeiro cancelamento foi em mar\u00e7o de 2020 e, o segundo, em outubro deste ano.<\/p>\n\n\n\n<p class=\"wp-block-paragraph\">Das vagas, 183.021 ser\u00e3o para\u00a0<a href=\"https:\/\/www.in.gov.br\/en\/web\/dou\/-\/edital-n-10\/2021-367276526\" target=\"_blank\" rel=\"noreferrer noopener\">recenseador<\/a>, 18.420 para\u00a0<a href=\"https:\/\/www.in.gov.br\/web\/dou\/-\/edital-n-9\/2021-367276694\" target=\"_blank\" rel=\"noreferrer noopener\">agente censit\u00e1rio supervisor<\/a>\u00a0e 5.450 para\u00a0<a href=\"https:\/\/www.in.gov.br\/en\/web\/dou\/-\/edital-n-9\/2021-367276694\" target=\"_blank\" rel=\"noreferrer noopener\">agente censit\u00e1rio municipal<\/a>. As inscri\u00e7\u00f5es ser\u00e3o abertas \u00e0s 16h de\u00a0hoje\u00a0(15) e terminam \u00e0s 16h de\u00a029 de dezembro\u00a0deste ano.<\/p>\n\n\n\n<p class=\"wp-block-paragraph\">As inscri\u00e7\u00f5es ser\u00e3o feitas pelo&nbsp;<a href=\"https:\/\/conhecimento.fgv.br\/concursos\/ibgepss21\" target=\"_blank\" rel=\"noreferrer noopener\">site da FGV Conhecimento<\/a>, onde tamb\u00e9m poder\u00e3o ser encontradas informa\u00e7\u00f5es sobre as provas.<\/p>\n\n\n\n<h2 class=\"wp-block-heading\">Sal\u00e1rios<\/h2>\n\n\n\n<p class=\"wp-block-paragraph\">Os recenseadores, que s\u00e3o os respons\u00e1veis pela aplica\u00e7\u00e3o do question\u00e1rio do Censo nos domic\u00edlios,&nbsp;ter\u00e3o sal\u00e1rio vari\u00e1vel de acordo com a produ\u00e7\u00e3o. A carga hor\u00e1ria semanal recomend\u00e1vel \u00e9 de 25 horas. A taxa de inscri\u00e7\u00e3o custa R$ 57,50.<br><br>Os agentes censit\u00e1rios supervisores supervisionam o trabalho dos recenseadores. Eles t\u00eam a carga hor\u00e1ria semanal de 40 horas e sal\u00e1rio de R$ 1.700.<br><br>J\u00e1 os agentes censit\u00e1rios municipais t\u00eam, entre suas atribui\u00e7\u00f5es, garantir a cobertura de sua \u00e1rea territorial, o cumprimento dos prazos e a qualidade das informa\u00e7\u00f5es coletadas. A carga hor\u00e1ria \u00e9 de 40 horas e o sal\u00e1rio, de R$ 2.100. O valor da taxa de inscri\u00e7\u00e3o para ambos os cargos \u00e9 de R$ 60,50.<\/p>\n\n\n\n<p class=\"wp-block-paragraph\">&#8212;&#8212;&#8212;&#8212;&#8212;&#8212;<br><em>Quer receber as not\u00edcias do <strong>Aconteceu no Vale<\/strong> em primeira m\u00e3o? Siga-nos no Facebook <a rel=\"noreferrer noopener\" href=\"http:\/\/facebook.com\/aconteceunovale\" target=\"_blank\">@aconteceunovale<\/a>, Twitter <a rel=\"noreferrer noopener\" href=\"https:\/\/twitter.com\/noticiadosvales\" target=\"_blank\">@noticiadosvales<\/a> e Instagram <a rel=\"noreferrer noopener\" href=\"https:\/\/www.instagram.com\/aconteceunovale\" target=\"_blank\">@aconteceunovale<\/a>.<\/em><\/p>\n","protected":false},"excerpt":{"rendered":"<p>O Instituto Brasileiro de Geografia e Estat\u00edstica (IBGE) publicou\u00a0hoje\u00a0(15\/12\/2021), no\u00a0Di\u00e1rio Oficial da Uni\u00e3o, o edital para sele\u00e7\u00e3o de recenseadores e agentes censit\u00e1rios do Censo Demogr\u00e1fico 2022. Ser\u00e3o 206.891 vagas tempor\u00e1rias para todo o pa\u00eds. Antes deste edital, o IBGE j\u00e1 tinha aberto dois processos seletivos, que foram cancelados, devido a adiamentos do censo. O primeiro [&hellip;]<\/p>\n","protected":false},"author":4,"featured_media":184858,"comment_status":"open","ping_status":"closed","sticky":false,"template":"","format":"standard","meta":{"amp_status":"","footnotes":""},"categories":[6,40237,40236],"tags":[254128,254129,1062,39312,255886,255887,255884,255885],"class_list":["post-184857","post","type-post","status-publish","format-standard","has-post-thumbnail","hentry","category-br","category-concursos","category-empregos-2","tag-censo-2022","tag-censo-demografico-2022","tag-ibge","tag-instituto-brasileiro-de-geografia-e-estatistica","tag-processo-seletivo-censo-2022","tag-selecao-de-trabalhadores-censo-2022","tag-trabalho-no-censo-2022","tag-vagas-para-trabalhar-no-censo-2022"],"yoast_head":"<!-- This site is optimized with the Yoast SEO plugin v28.3 - https:\/\/yoast.com\/product\/yoast-seo-wordpress\/ -->\n<title>IBGE abre inscri\u00e7\u00e3o para sele\u00e7\u00e3o de 207 mil trabalhadores para o Censo - Aconteceu no Vale<\/title>\n<meta name=\"robots\" content=\"index, follow, max-snippet:-1, max-image-preview:large, max-video-preview:-1\" \/>\n<link rel=\"canonical\" href=\"https:\/\/aconteceunovale.com.br\/portal\/?p=184857\" \/>\n<meta property=\"og:locale\" content=\"pt_BR\" \/>\n<meta property=\"og:type\" content=\"article\" \/>\n<meta property=\"og:title\" content=\"IBGE abre inscri\u00e7\u00e3o para sele\u00e7\u00e3o de 207 mil trabalhadores para o Censo - Aconteceu no Vale\" \/>\n<meta property=\"og:description\" content=\"O Instituto Brasileiro de Geografia e Estat\u00edstica (IBGE) publicou\u00a0hoje\u00a0(15\/12\/2021), no\u00a0Di\u00e1rio Oficial da Uni\u00e3o, o edital para sele\u00e7\u00e3o de recenseadores e agentes censit\u00e1rios do Censo Demogr\u00e1fico 2022. Ser\u00e3o 206.891 vagas tempor\u00e1rias para todo o pa\u00eds. Antes deste edital, o IBGE j\u00e1 tinha aberto dois processos seletivos, que foram cancelados, devido a adiamentos do censo. O primeiro [&hellip;]\" \/>\n<meta property=\"og:url\" content=\"https:\/\/aconteceunovale.com.br\/portal\/?p=184857\" \/>\n<meta property=\"og:site_name\" content=\"Aconteceu no Vale\" \/>\n<meta property=\"article:publisher\" content=\"https:\/\/www.facebook.com\/aconteceunovale\/\" \/>\n<meta property=\"article:published_time\" content=\"2021-12-15T11:07:34+00:00\" \/>\n<meta property=\"article:modified_time\" content=\"2021-12-15T14:28:23+00:00\" \/>\n<meta property=\"og:image\" content=\"https:\/\/aconteceunovale.com.br\/portal\/wp-content\/uploads\/2021\/12\/ibge_2022.jpg\" \/>\n\t<meta property=\"og:image:width\" content=\"678\" \/>\n\t<meta property=\"og:image:height\" content=\"406\" \/>\n\t<meta property=\"og:image:type\" content=\"image\/jpeg\" \/>\n<meta name=\"author\" content=\"Reda\u00e7\u00e3o Aconteceu no Vale\" \/>\n<meta name=\"twitter:card\" content=\"summary_large_image\" \/>\n<meta name=\"twitter:creator\" content=\"@noticiadosvales\" \/>\n<meta name=\"twitter:site\" content=\"@noticiadosvales\" \/>\n<meta name=\"twitter:label1\" content=\"Escrito por\" \/>\n\t<meta name=\"twitter:data1\" content=\"Reda\u00e7\u00e3o Aconteceu no Vale\" \/>\n\t<meta name=\"twitter:label2\" content=\"Est. tempo de leitura\" \/>\n\t<meta name=\"twitter:data2\" content=\"1 minuto\" \/>\n<script type=\"application\/ld+json\" class=\"yoast-schema-graph\">{\"@context\":\"https:\\\/\\\/schema.org\",\"@graph\":[{\"@type\":\"Article\",\"@id\":\"https:\\\/\\\/aconteceunovale.com.br\\\/portal\\\/?p=184857#article\",\"isPartOf\":{\"@id\":\"https:\\\/\\\/aconteceunovale.com.br\\\/portal\\\/?p=184857\"},\"author\":{\"name\":\"Reda\u00e7\u00e3o Aconteceu no Vale\",\"@id\":\"https:\\\/\\\/aconteceunovale.com.br\\\/portal\\\/#\\\/schema\\\/person\\\/7d2f26d1483f8a63de73da1ee0754d35\"},\"headline\":\"IBGE abre inscri\u00e7\u00e3o para sele\u00e7\u00e3o de 207 mil trabalhadores para o Censo\",\"datePublished\":\"2021-12-15T11:07:34+00:00\",\"dateModified\":\"2021-12-15T14:28:23+00:00\",\"mainEntityOfPage\":{\"@id\":\"https:\\\/\\\/aconteceunovale.com.br\\\/portal\\\/?p=184857\"},\"wordCount\":311,\"commentCount\":0,\"image\":{\"@id\":\"https:\\\/\\\/aconteceunovale.com.br\\\/portal\\\/?p=184857#primaryimage\"},\"thumbnailUrl\":\"https:\\\/\\\/aconteceunovale.com.br\\\/portal\\\/wp-content\\\/uploads\\\/2021\\\/12\\\/ibge_2022.jpg\",\"keywords\":[\"Censo 2022\",\"Censo Demogr\u00e1fico 2022\",\"ibge\",\"Instituto Brasileiro de Geografia e Estat\u00edstica\",\"Processo Seletivo Censo 2022\",\"Sele\u00e7\u00e3o de Trabalhadores Censo 2022\",\"Trabalho no Censo 2022\",\"Vagas para trabalhar no Censo 2022\"],\"articleSection\":[\"Brasil\",\"Concursos\",\"Empregos\"],\"inLanguage\":\"pt-BR\",\"potentialAction\":[{\"@type\":\"CommentAction\",\"name\":\"Comment\",\"target\":[\"https:\\\/\\\/aconteceunovale.com.br\\\/portal\\\/?p=184857#respond\"]}]},{\"@type\":\"WebPage\",\"@id\":\"https:\\\/\\\/aconteceunovale.com.br\\\/portal\\\/?p=184857\",\"url\":\"https:\\\/\\\/aconteceunovale.com.br\\\/portal\\\/?p=184857\",\"name\":\"IBGE abre inscri\u00e7\u00e3o para sele\u00e7\u00e3o de 207 mil trabalhadores para o Censo - Aconteceu no Vale\",\"isPartOf\":{\"@id\":\"https:\\\/\\\/aconteceunovale.com.br\\\/portal\\\/#website\"},\"primaryImageOfPage\":{\"@id\":\"https:\\\/\\\/aconteceunovale.com.br\\\/portal\\\/?p=184857#primaryimage\"},\"image\":{\"@id\":\"https:\\\/\\\/aconteceunovale.com.br\\\/portal\\\/?p=184857#primaryimage\"},\"thumbnailUrl\":\"https:\\\/\\\/aconteceunovale.com.br\\\/portal\\\/wp-content\\\/uploads\\\/2021\\\/12\\\/ibge_2022.jpg\",\"datePublished\":\"2021-12-15T11:07:34+00:00\",\"dateModified\":\"2021-12-15T14:28:23+00:00\",\"author\":{\"@id\":\"https:\\\/\\\/aconteceunovale.com.br\\\/portal\\\/#\\\/schema\\\/person\\\/7d2f26d1483f8a63de73da1ee0754d35\"},\"breadcrumb\":{\"@id\":\"https:\\\/\\\/aconteceunovale.com.br\\\/portal\\\/?p=184857#breadcrumb\"},\"inLanguage\":\"pt-BR\",\"potentialAction\":[{\"@type\":\"ReadAction\",\"target\":[\"https:\\\/\\\/aconteceunovale.com.br\\\/portal\\\/?p=184857\"]}]},{\"@type\":\"ImageObject\",\"inLanguage\":\"pt-BR\",\"@id\":\"https:\\\/\\\/aconteceunovale.com.br\\\/portal\\\/?p=184857#primaryimage\",\"url\":\"https:\\\/\\\/aconteceunovale.com.br\\\/portal\\\/wp-content\\\/uploads\\\/2021\\\/12\\\/ibge_2022.jpg\",\"contentUrl\":\"https:\\\/\\\/aconteceunovale.com.br\\\/portal\\\/wp-content\\\/uploads\\\/2021\\\/12\\\/ibge_2022.jpg\",\"width\":678,\"height\":406,\"caption\":\"O IBGE (Instituto Brasileiro de Geografia e Estat\u00edstica) faz primeiro teste preparat\u00f3rio do Censo Demogr\u00e1fico 2022, na Ilha de Paquet\u00e1, no Rio de Janeiro.\"},{\"@type\":\"BreadcrumbList\",\"@id\":\"https:\\\/\\\/aconteceunovale.com.br\\\/portal\\\/?p=184857#breadcrumb\",\"itemListElement\":[{\"@type\":\"ListItem\",\"position\":1,\"name\":\"In\u00edcio\",\"item\":\"https:\\\/\\\/aconteceunovale.com.br\\\/portal\\\/\"},{\"@type\":\"ListItem\",\"position\":2,\"name\":\"IBGE abre inscri\u00e7\u00e3o para sele\u00e7\u00e3o de 207 mil trabalhadores para o Censo\"}]},{\"@type\":\"WebSite\",\"@id\":\"https:\\\/\\\/aconteceunovale.com.br\\\/portal\\\/#website\",\"url\":\"https:\\\/\\\/aconteceunovale.com.br\\\/portal\\\/\",\"name\":\"Aconteceu no Vale\",\"description\":\"Portal de Not\u00edcias\",\"potentialAction\":[{\"@type\":\"SearchAction\",\"target\":{\"@type\":\"EntryPoint\",\"urlTemplate\":\"https:\\\/\\\/aconteceunovale.com.br\\\/portal\\\/?s={search_term_string}\"},\"query-input\":{\"@type\":\"PropertyValueSpecification\",\"valueRequired\":true,\"valueName\":\"search_term_string\"}}],\"inLanguage\":\"pt-BR\"},{\"@type\":\"Person\",\"@id\":\"https:\\\/\\\/aconteceunovale.com.br\\\/portal\\\/#\\\/schema\\\/person\\\/7d2f26d1483f8a63de73da1ee0754d35\",\"name\":\"Reda\u00e7\u00e3o Aconteceu no Vale\",\"description\":\"Equipe de reportagem do Aconteceu no Vale, portal de not\u00edcias do Vale do Jequitinhonha, em Minas Gerais. Cobrimos as 51 cidades do Vale desde 2013. Sugest\u00f5es de pauta e pedidos de corre\u00e7\u00e3o: contato@aconteceunovale.com.br\",\"url\":\"https:\\\/\\\/aconteceunovale.com.br\\\/portal\\\/?author=4\"}]}<\/script>\n<!-- \/ Yoast SEO plugin. -->","yoast_head_json":{"title":"IBGE abre inscri\u00e7\u00e3o para sele\u00e7\u00e3o de 207 mil trabalhadores para o Censo - Aconteceu no Vale","robots":{"index":"index","follow":"follow","max-snippet":"max-snippet:-1","max-image-preview":"max-image-preview:large","max-video-preview":"max-video-preview:-1"},"canonical":"https:\/\/aconteceunovale.com.br\/portal\/?p=184857","og_locale":"pt_BR","og_type":"article","og_title":"IBGE abre inscri\u00e7\u00e3o para sele\u00e7\u00e3o de 207 mil trabalhadores para o Censo - Aconteceu no Vale","og_description":"O Instituto Brasileiro de Geografia e Estat\u00edstica (IBGE) publicou\u00a0hoje\u00a0(15\/12\/2021), no\u00a0Di\u00e1rio Oficial da Uni\u00e3o, o edital para sele\u00e7\u00e3o de recenseadores e agentes censit\u00e1rios do Censo Demogr\u00e1fico 2022. Ser\u00e3o 206.891 vagas tempor\u00e1rias para todo o pa\u00eds. Antes deste edital, o IBGE j\u00e1 tinha aberto dois processos seletivos, que foram cancelados, devido a adiamentos do censo. O primeiro [&hellip;]","og_url":"https:\/\/aconteceunovale.com.br\/portal\/?p=184857","og_site_name":"Aconteceu no Vale","article_publisher":"https:\/\/www.facebook.com\/aconteceunovale\/","article_published_time":"2021-12-15T11:07:34+00:00","article_modified_time":"2021-12-15T14:28:23+00:00","og_image":[{"width":678,"height":406,"url":"https:\/\/aconteceunovale.com.br\/portal\/wp-content\/uploads\/2021\/12\/ibge_2022.jpg","type":"image\/jpeg"}],"author":"Reda\u00e7\u00e3o Aconteceu no Vale","twitter_card":"summary_large_image","twitter_creator":"@noticiadosvales","twitter_site":"@noticiadosvales","twitter_misc":{"Escrito por":"Reda\u00e7\u00e3o Aconteceu no Vale","Est. tempo de leitura":"1 minuto"},"schema":{"@context":"https:\/\/schema.org","@graph":[{"@type":"Article","@id":"https:\/\/aconteceunovale.com.br\/portal\/?p=184857#article","isPartOf":{"@id":"https:\/\/aconteceunovale.com.br\/portal\/?p=184857"},"author":{"name":"Reda\u00e7\u00e3o Aconteceu no Vale","@id":"https:\/\/aconteceunovale.com.br\/portal\/#\/schema\/person\/7d2f26d1483f8a63de73da1ee0754d35"},"headline":"IBGE abre inscri\u00e7\u00e3o para sele\u00e7\u00e3o de 207 mil trabalhadores para o Censo","datePublished":"2021-12-15T11:07:34+00:00","dateModified":"2021-12-15T14:28:23+00:00","mainEntityOfPage":{"@id":"https:\/\/aconteceunovale.com.br\/portal\/?p=184857"},"wordCount":311,"commentCount":0,"image":{"@id":"https:\/\/aconteceunovale.com.br\/portal\/?p=184857#primaryimage"},"thumbnailUrl":"https:\/\/aconteceunovale.com.br\/portal\/wp-content\/uploads\/2021\/12\/ibge_2022.jpg","keywords":["Censo 2022","Censo Demogr\u00e1fico 2022","ibge","Instituto Brasileiro de Geografia e Estat\u00edstica","Processo Seletivo Censo 2022","Sele\u00e7\u00e3o de Trabalhadores Censo 2022","Trabalho no Censo 2022","Vagas para trabalhar no Censo 2022"],"articleSection":["Brasil","Concursos","Empregos"],"inLanguage":"pt-BR","potentialAction":[{"@type":"CommentAction","name":"Comment","target":["https:\/\/aconteceunovale.com.br\/portal\/?p=184857#respond"]}]},{"@type":"WebPage","@id":"https:\/\/aconteceunovale.com.br\/portal\/?p=184857","url":"https:\/\/aconteceunovale.com.br\/portal\/?p=184857","name":"IBGE abre inscri\u00e7\u00e3o para sele\u00e7\u00e3o de 207 mil trabalhadores para o Censo - Aconteceu no Vale","isPartOf":{"@id":"https:\/\/aconteceunovale.com.br\/portal\/#website"},"primaryImageOfPage":{"@id":"https:\/\/aconteceunovale.com.br\/portal\/?p=184857#primaryimage"},"image":{"@id":"https:\/\/aconteceunovale.com.br\/portal\/?p=184857#primaryimage"},"thumbnailUrl":"https:\/\/aconteceunovale.com.br\/portal\/wp-content\/uploads\/2021\/12\/ibge_2022.jpg","datePublished":"2021-12-15T11:07:34+00:00","dateModified":"2021-12-15T14:28:23+00:00","author":{"@id":"https:\/\/aconteceunovale.com.br\/portal\/#\/schema\/person\/7d2f26d1483f8a63de73da1ee0754d35"},"breadcrumb":{"@id":"https:\/\/aconteceunovale.com.br\/portal\/?p=184857#breadcrumb"},"inLanguage":"pt-BR","potentialAction":[{"@type":"ReadAction","target":["https:\/\/aconteceunovale.com.br\/portal\/?p=184857"]}]},{"@type":"ImageObject","inLanguage":"pt-BR","@id":"https:\/\/aconteceunovale.com.br\/portal\/?p=184857#primaryimage","url":"https:\/\/aconteceunovale.com.br\/portal\/wp-content\/uploads\/2021\/12\/ibge_2022.jpg","contentUrl":"https:\/\/aconteceunovale.com.br\/portal\/wp-content\/uploads\/2021\/12\/ibge_2022.jpg","width":678,"height":406,"caption":"O IBGE (Instituto Brasileiro de Geografia e Estat\u00edstica) faz primeiro teste preparat\u00f3rio do Censo Demogr\u00e1fico 2022, na Ilha de Paquet\u00e1, no Rio de Janeiro."},{"@type":"BreadcrumbList","@id":"https:\/\/aconteceunovale.com.br\/portal\/?p=184857#breadcrumb","itemListElement":[{"@type":"ListItem","position":1,"name":"In\u00edcio","item":"https:\/\/aconteceunovale.com.br\/portal\/"},{"@type":"ListItem","position":2,"name":"IBGE abre inscri\u00e7\u00e3o para sele\u00e7\u00e3o de 207 mil trabalhadores para o Censo"}]},{"@type":"WebSite","@id":"https:\/\/aconteceunovale.com.br\/portal\/#website","url":"https:\/\/aconteceunovale.com.br\/portal\/","name":"Aconteceu no Vale","description":"Portal de Not\u00edcias","potentialAction":[{"@type":"SearchAction","target":{"@type":"EntryPoint","urlTemplate":"https:\/\/aconteceunovale.com.br\/portal\/?s={search_term_string}"},"query-input":{"@type":"PropertyValueSpecification","valueRequired":true,"valueName":"search_term_string"}}],"inLanguage":"pt-BR"},{"@type":"Person","@id":"https:\/\/aconteceunovale.com.br\/portal\/#\/schema\/person\/7d2f26d1483f8a63de73da1ee0754d35","name":"Reda\u00e7\u00e3o Aconteceu no Vale","description":"Equipe de reportagem do Aconteceu no Vale, portal de not\u00edcias do Vale do Jequitinhonha, em Minas Gerais. Cobrimos as 51 cidades do Vale desde 2013. Sugest\u00f5es de pauta e pedidos de corre\u00e7\u00e3o: contato@aconteceunovale.com.br","url":"https:\/\/aconteceunovale.com.br\/portal\/?author=4"}]}},"_links":{"self":[{"href":"https:\/\/aconteceunovale.com.br\/portal\/index.php?rest_route=\/wp\/v2\/posts\/184857","targetHints":{"allow":["GET"]}}],"collection":[{"href":"https:\/\/aconteceunovale.com.br\/portal\/index.php?rest_route=\/wp\/v2\/posts"}],"about":[{"href":"https:\/\/aconteceunovale.com.br\/portal\/index.php?rest_route=\/wp\/v2\/types\/post"}],"author":[{"embeddable":true,"href":"https:\/\/aconteceunovale.com.br\/portal\/index.php?rest_route=\/wp\/v2\/users\/4"}],"replies":[{"embeddable":true,"href":"https:\/\/aconteceunovale.com.br\/portal\/index.php?rest_route=%2Fwp%2Fv2%2Fcomments&post=184857"}],"version-history":[{"count":2,"href":"https:\/\/aconteceunovale.com.br\/portal\/index.php?rest_route=\/wp\/v2\/posts\/184857\/revisions"}],"predecessor-version":[{"id":184865,"href":"https:\/\/aconteceunovale.com.br\/portal\/index.php?rest_route=\/wp\/v2\/posts\/184857\/revisions\/184865"}],"wp:featuredmedia":[{"embeddable":true,"href":"https:\/\/aconteceunovale.com.br\/portal\/index.php?rest_route=\/wp\/v2\/media\/184858"}],"wp:attachment":[{"href":"https:\/\/aconteceunovale.com.br\/portal\/index.php?rest_route=%2Fwp%2Fv2%2Fmedia&parent=184857"}],"wp:term":[{"taxonomy":"category","embeddable":true,"href":"https:\/\/aconteceunovale.com.br\/portal\/index.php?rest_route=%2Fwp%2Fv2%2Fcategories&post=184857"},{"taxonomy":"post_tag","embeddable":true,"href":"https:\/\/aconteceunovale.com.br\/portal\/index.php?rest_route=%2Fwp%2Fv2%2Ftags&post=184857"}],"curies":[{"name":"wp","href":"https:\/\/api.w.org\/{rel}","templated":true}]}}