{"id":184855,"date":"2021-12-15T07:58:10","date_gmt":"2021-12-15T10:58:10","guid":{"rendered":"https:\/\/aconteceunovale.com.br\/portal\/?p=184855"},"modified":"2021-12-15T07:59:20","modified_gmt":"2021-12-15T10:59:20","slug":"tse-unifica-horario-de-votacao-nas-eleicoes-de-2022","status":"publish","type":"post","link":"https:\/\/aconteceunovale.com.br\/portal\/?p=184855","title":{"rendered":"TSE unifica hor\u00e1rio de vota\u00e7\u00e3o nas elei\u00e7\u00f5es de 2022"},"content":{"rendered":"\n<p class=\"wp-block-paragraph\">O Tribunal Superior Eleitoral (TSE) decidiu ontem (14\/12\/2021) unificar o hor\u00e1rio de vota\u00e7\u00e3o nas elei\u00e7\u00f5es de 2022. Com a decis\u00e3o, todos os estados dever\u00e3o seguir o hor\u00e1rio de Bras\u00edlia, e n\u00e3o o hor\u00e1rio local. A vota\u00e7\u00e3o ser\u00e1 realizada das 8h \u00e0s 17h em todo o pa\u00eds.<\/p>\n\n\n\n<figure class=\"wp-block-gallery columns-1 is-cropped wp-block-gallery-1 is-layout-flex wp-block-gallery-is-layout-flex\"><ul class=\"blocks-gallery-grid\"><li class=\"blocks-gallery-item\"><figure><img loading=\"lazy\" decoding=\"async\" width=\"678\" height=\"406\" src=\"https:\/\/aconteceunovale.com.br\/portal\/wp-content\/uploads\/2021\/10\/urna_eletronica.jpg\" alt=\"\" data-id=\"182835\" data-full-url=\"https:\/\/aconteceunovale.com.br\/portal\/wp-content\/uploads\/2021\/10\/urna_eletronica.jpg\" data-link=\"https:\/\/aconteceunovale.com.br\/portal\/?attachment_id=182835\" class=\"wp-image-182835\" srcset=\"https:\/\/aconteceunovale.com.br\/portal\/wp-content\/uploads\/2021\/10\/urna_eletronica.jpg 678w, https:\/\/aconteceunovale.com.br\/portal\/wp-content\/uploads\/2021\/10\/urna_eletronica-300x180.jpg 300w\" sizes=\"auto, (max-width: 678px) 100vw, 678px\" \/><figcaption class=\"blocks-gallery-item__caption\"><em>Foto: Antonio Augusto\/Ascom\/TSE<\/em><\/figcaption><\/figure><\/li><\/ul><\/figure>\n\n\n\n<p class=\"wp-block-paragraph\">Dessa forma, a vota\u00e7\u00e3o ser\u00e1 das 7h \u00e0s 16h no Amazonas, em Rond\u00f4nia, em Roraima, no Mato Grosso e no Mato Grosso do Sul,&nbsp;onde o fuso \u00e9 uma hora a menos em rela\u00e7\u00e3o \u00e0 capital federal. No Acre, o pleito come\u00e7ar\u00e1 \u00e0s 6h e terminar\u00e1 \u00e0s 15h, pois o fuso hor\u00e1rio \u00e9 duas horas a menos que o hor\u00e1rio de Bras\u00edlia. Em Fernando de Noronha, que est\u00e1 uma hora \u00e0 frente, a vota\u00e7\u00e3o ser\u00e1 das 9h \u00e0s 18h.&nbsp;<\/p>\n\n\n\n<p class=\"wp-block-paragraph\">Ao comentar a mudan\u00e7a, o presidente do Tribunal Superior Eleitoral (TSE), Lu\u00eds Roberto Barroso, disse que a medida foi tomada para que as elei\u00e7\u00f5es possam transcorrer com tranquilidade e n\u00e3o ocorra d\u00favidas sobre a lisura na divulga\u00e7\u00e3o de resultados.&nbsp;<\/p>\n\n\n\n<p class=\"wp-block-paragraph\">\u201cNo registro hist\u00f3rico que tivemos nas elei\u00e7\u00f5es de 2014, a diferen\u00e7a no hor\u00e1rio de encerramento da vota\u00e7\u00e3o, em quase todo o pa\u00eds e no estado do Acre, produziu interpreta\u00e7\u00f5es, teorias conspirat\u00f3rias e problemas que n\u00f3s gostar\u00edamos de evitar para assegurar a tranquilidade do processo eleitoral brasileiro\u201d, argumentou.&nbsp;<\/p>\n\n\n\n<p class=\"wp-block-paragraph\">Em 2014, durante o processo de totaliza\u00e7\u00e3o dos votos, os candidatos A\u00e9cio Neves e Dilma Rousseff se alternaram na lideran\u00e7a da contagem de votos. O fato ocorreu em fun\u00e7\u00e3o do andamento dos dados que chegavam da Justi\u00e7a Eleitoral do estados. No entanto, a disputa acirrada foi apontada como suposta fraude na contabiliza\u00e7\u00e3o eletr\u00f4nica dos votos, fato que nunca ocorreu.&nbsp;<\/p>\n\n\n\n<h2 class=\"wp-block-heading\">Resolu\u00e7\u00f5es<\/h2>\n\n\n\n<p class=\"wp-block-paragraph\">Na mesma sess\u00e3o, o TSE aprovou mais tr\u00eas resolu\u00e7\u00f5es para as elei\u00e7\u00f5es do ano que vem e liberou o impulsionamento de conte\u00fado pol\u00edtico na internet durante o per\u00edodo de pr\u00e9-campanha, criou procedimentos para pedidos de direito de resposta e sobre fiscaliza\u00e7\u00e3o das contas de partidos que v\u00e3o se unir em federa\u00e7\u00f5es.\u00a0<\/p>\n\n\n\n<p class=\"wp-block-paragraph\">&#8212;&#8212;&#8212;&#8212;&#8212;&#8212;<br><em>Quer receber as not\u00edcias do <strong>Aconteceu no Vale<\/strong> em primeira m\u00e3o? Siga-nos no Facebook <a rel=\"noreferrer noopener\" href=\"http:\/\/facebook.com\/aconteceunovale\" target=\"_blank\">@aconteceunovale<\/a>, Twitter <a rel=\"noreferrer noopener\" href=\"https:\/\/twitter.com\/noticiadosvales\" target=\"_blank\">@noticiadosvales<\/a> e Instagram <a rel=\"noreferrer noopener\" href=\"https:\/\/www.instagram.com\/aconteceunovale\" target=\"_blank\">@aconteceunovale<\/a>.<\/em><\/p>\n","protected":false},"excerpt":{"rendered":"<p>O Tribunal Superior Eleitoral (TSE) decidiu ontem (14\/12\/2021) unificar o hor\u00e1rio de vota\u00e7\u00e3o nas elei\u00e7\u00f5es de 2022. Com a decis\u00e3o, todos os estados dever\u00e3o seguir o hor\u00e1rio de Bras\u00edlia, e n\u00e3o o hor\u00e1rio local. A vota\u00e7\u00e3o ser\u00e1 realizada das 8h \u00e0s 17h em todo o pa\u00eds. Dessa forma, a vota\u00e7\u00e3o ser\u00e1 das 7h \u00e0s 16h [&hellip;]<\/p>\n","protected":false},"author":4,"featured_media":182835,"comment_status":"open","ping_status":"closed","sticky":false,"template":"","format":"standard","meta":{"amp_status":"","footnotes":""},"categories":[6,249933,40240],"tags":[252238,228271,255881,255880,35138,255882,255883,94060,267],"class_list":["post-184855","post","type-post","status-publish","format-standard","has-post-thumbnail","hentry","category-br","category-eleicoes-2022","category-politica","tag-eleicoes-2022","tag-eleicoes-de-2022","tag-horario-de-brasilia-eleicoes-2022","tag-horario-de-votacao-nas-eleicoes-2022","tag-luis-roberto-barroso","tag-normas-eleicoes-2022","tag-regras-eleicoes-2022","tag-tribunal-superior-eleitoral","tag-tse"],"yoast_head":"<!-- This site is optimized with the Yoast SEO plugin v28.3 - https:\/\/yoast.com\/product\/yoast-seo-wordpress\/ -->\n<title>TSE unifica hor\u00e1rio de vota\u00e7\u00e3o nas elei\u00e7\u00f5es de 2022 - Aconteceu no Vale<\/title>\n<meta name=\"robots\" content=\"index, follow, max-snippet:-1, max-image-preview:large, max-video-preview:-1\" \/>\n<link rel=\"canonical\" href=\"https:\/\/aconteceunovale.com.br\/portal\/?p=184855\" \/>\n<meta property=\"og:locale\" content=\"pt_BR\" \/>\n<meta property=\"og:type\" content=\"article\" \/>\n<meta property=\"og:title\" content=\"TSE unifica hor\u00e1rio de vota\u00e7\u00e3o nas elei\u00e7\u00f5es de 2022 - Aconteceu no Vale\" \/>\n<meta property=\"og:description\" content=\"O Tribunal Superior Eleitoral (TSE) decidiu ontem (14\/12\/2021) unificar o hor\u00e1rio de vota\u00e7\u00e3o nas elei\u00e7\u00f5es de 2022. Com a decis\u00e3o, todos os estados dever\u00e3o seguir o hor\u00e1rio de Bras\u00edlia, e n\u00e3o o hor\u00e1rio local. A vota\u00e7\u00e3o ser\u00e1 realizada das 8h \u00e0s 17h em todo o pa\u00eds. Dessa forma, a vota\u00e7\u00e3o ser\u00e1 das 7h \u00e0s 16h [&hellip;]\" \/>\n<meta property=\"og:url\" content=\"https:\/\/aconteceunovale.com.br\/portal\/?p=184855\" \/>\n<meta property=\"og:site_name\" content=\"Aconteceu no Vale\" \/>\n<meta property=\"article:publisher\" content=\"https:\/\/www.facebook.com\/aconteceunovale\/\" \/>\n<meta property=\"article:published_time\" content=\"2021-12-15T10:58:10+00:00\" \/>\n<meta property=\"article:modified_time\" content=\"2021-12-15T10:59:20+00:00\" \/>\n<meta property=\"og:image\" content=\"https:\/\/aconteceunovale.com.br\/portal\/wp-content\/uploads\/2021\/10\/urna_eletronica.jpg\" \/>\n\t<meta property=\"og:image:width\" content=\"678\" \/>\n\t<meta property=\"og:image:height\" content=\"406\" \/>\n\t<meta property=\"og:image:type\" content=\"image\/jpeg\" \/>\n<meta name=\"author\" content=\"Reda\u00e7\u00e3o Aconteceu no Vale\" \/>\n<meta name=\"twitter:card\" content=\"summary_large_image\" \/>\n<meta name=\"twitter:creator\" content=\"@noticiadosvales\" \/>\n<meta name=\"twitter:site\" content=\"@noticiadosvales\" \/>\n<meta name=\"twitter:label1\" content=\"Escrito por\" \/>\n\t<meta name=\"twitter:data1\" content=\"Reda\u00e7\u00e3o Aconteceu no Vale\" \/>\n\t<meta name=\"twitter:label2\" content=\"Est. tempo de leitura\" \/>\n\t<meta name=\"twitter:data2\" content=\"2 minutos\" \/>\n<script type=\"application\/ld+json\" class=\"yoast-schema-graph\">{\"@context\":\"https:\\\/\\\/schema.org\",\"@graph\":[{\"@type\":\"Article\",\"@id\":\"https:\\\/\\\/aconteceunovale.com.br\\\/portal\\\/?p=184855#article\",\"isPartOf\":{\"@id\":\"https:\\\/\\\/aconteceunovale.com.br\\\/portal\\\/?p=184855\"},\"author\":{\"name\":\"Reda\u00e7\u00e3o Aconteceu no Vale\",\"@id\":\"https:\\\/\\\/aconteceunovale.com.br\\\/portal\\\/#\\\/schema\\\/person\\\/7d2f26d1483f8a63de73da1ee0754d35\"},\"headline\":\"TSE unifica hor\u00e1rio de vota\u00e7\u00e3o nas elei\u00e7\u00f5es de 2022\",\"datePublished\":\"2021-12-15T10:58:10+00:00\",\"dateModified\":\"2021-12-15T10:59:20+00:00\",\"mainEntityOfPage\":{\"@id\":\"https:\\\/\\\/aconteceunovale.com.br\\\/portal\\\/?p=184855\"},\"wordCount\":412,\"commentCount\":0,\"image\":{\"@id\":\"https:\\\/\\\/aconteceunovale.com.br\\\/portal\\\/?p=184855#primaryimage\"},\"thumbnailUrl\":\"https:\\\/\\\/aconteceunovale.com.br\\\/portal\\\/wp-content\\\/uploads\\\/2021\\\/10\\\/urna_eletronica.jpg\",\"keywords\":[\"Elei\u00e7\u00f5es 2022\",\"Elei\u00e7\u00f5es de 2022\",\"Hor\u00e1rio de Bras\u00edlia Elei\u00e7\u00f5es 2022\",\"Hor\u00e1rio de vota\u00e7\u00e3o nas elei\u00e7\u00f5es 2022\",\"Luis Roberto Barroso\",\"Normas elei\u00e7\u00f5es 2022\",\"Regras elei\u00e7\u00f5es 2022\",\"Tribunal Superior Eleitoral\",\"TSE\"],\"articleSection\":[\"Brasil\",\"Elei\u00e7\u00f5es 2022\",\"Pol\u00edtica\"],\"inLanguage\":\"pt-BR\",\"potentialAction\":[{\"@type\":\"CommentAction\",\"name\":\"Comment\",\"target\":[\"https:\\\/\\\/aconteceunovale.com.br\\\/portal\\\/?p=184855#respond\"]}]},{\"@type\":\"WebPage\",\"@id\":\"https:\\\/\\\/aconteceunovale.com.br\\\/portal\\\/?p=184855\",\"url\":\"https:\\\/\\\/aconteceunovale.com.br\\\/portal\\\/?p=184855\",\"name\":\"TSE unifica hor\u00e1rio de vota\u00e7\u00e3o nas elei\u00e7\u00f5es de 2022 - Aconteceu no Vale\",\"isPartOf\":{\"@id\":\"https:\\\/\\\/aconteceunovale.com.br\\\/portal\\\/#website\"},\"primaryImageOfPage\":{\"@id\":\"https:\\\/\\\/aconteceunovale.com.br\\\/portal\\\/?p=184855#primaryimage\"},\"image\":{\"@id\":\"https:\\\/\\\/aconteceunovale.com.br\\\/portal\\\/?p=184855#primaryimage\"},\"thumbnailUrl\":\"https:\\\/\\\/aconteceunovale.com.br\\\/portal\\\/wp-content\\\/uploads\\\/2021\\\/10\\\/urna_eletronica.jpg\",\"datePublished\":\"2021-12-15T10:58:10+00:00\",\"dateModified\":\"2021-12-15T10:59:20+00:00\",\"author\":{\"@id\":\"https:\\\/\\\/aconteceunovale.com.br\\\/portal\\\/#\\\/schema\\\/person\\\/7d2f26d1483f8a63de73da1ee0754d35\"},\"breadcrumb\":{\"@id\":\"https:\\\/\\\/aconteceunovale.com.br\\\/portal\\\/?p=184855#breadcrumb\"},\"inLanguage\":\"pt-BR\",\"potentialAction\":[{\"@type\":\"ReadAction\",\"target\":[\"https:\\\/\\\/aconteceunovale.com.br\\\/portal\\\/?p=184855\"]}]},{\"@type\":\"ImageObject\",\"inLanguage\":\"pt-BR\",\"@id\":\"https:\\\/\\\/aconteceunovale.com.br\\\/portal\\\/?p=184855#primaryimage\",\"url\":\"https:\\\/\\\/aconteceunovale.com.br\\\/portal\\\/wp-content\\\/uploads\\\/2021\\\/10\\\/urna_eletronica.jpg\",\"contentUrl\":\"https:\\\/\\\/aconteceunovale.com.br\\\/portal\\\/wp-content\\\/uploads\\\/2021\\\/10\\\/urna_eletronica.jpg\",\"width\":678,\"height\":406,\"caption\":\"TSE - Tribunal Superior Eleitoral Urna eletr\u00f4nica\"},{\"@type\":\"BreadcrumbList\",\"@id\":\"https:\\\/\\\/aconteceunovale.com.br\\\/portal\\\/?p=184855#breadcrumb\",\"itemListElement\":[{\"@type\":\"ListItem\",\"position\":1,\"name\":\"In\u00edcio\",\"item\":\"https:\\\/\\\/aconteceunovale.com.br\\\/portal\\\/\"},{\"@type\":\"ListItem\",\"position\":2,\"name\":\"TSE unifica hor\u00e1rio de vota\u00e7\u00e3o nas elei\u00e7\u00f5es de 2022\"}]},{\"@type\":\"WebSite\",\"@id\":\"https:\\\/\\\/aconteceunovale.com.br\\\/portal\\\/#website\",\"url\":\"https:\\\/\\\/aconteceunovale.com.br\\\/portal\\\/\",\"name\":\"Aconteceu no Vale\",\"description\":\"Portal de Not\u00edcias\",\"potentialAction\":[{\"@type\":\"SearchAction\",\"target\":{\"@type\":\"EntryPoint\",\"urlTemplate\":\"https:\\\/\\\/aconteceunovale.com.br\\\/portal\\\/?s={search_term_string}\"},\"query-input\":{\"@type\":\"PropertyValueSpecification\",\"valueRequired\":true,\"valueName\":\"search_term_string\"}}],\"inLanguage\":\"pt-BR\"},{\"@type\":\"Person\",\"@id\":\"https:\\\/\\\/aconteceunovale.com.br\\\/portal\\\/#\\\/schema\\\/person\\\/7d2f26d1483f8a63de73da1ee0754d35\",\"name\":\"Reda\u00e7\u00e3o Aconteceu no Vale\",\"description\":\"Equipe de reportagem do Aconteceu no Vale, portal de not\u00edcias do Vale do Jequitinhonha, em Minas Gerais. Cobrimos as 51 cidades do Vale desde 2013. Sugest\u00f5es de pauta e pedidos de corre\u00e7\u00e3o: contato@aconteceunovale.com.br\",\"url\":\"https:\\\/\\\/aconteceunovale.com.br\\\/portal\\\/?author=4\"}]}<\/script>\n<!-- \/ Yoast SEO plugin. -->","yoast_head_json":{"title":"TSE unifica hor\u00e1rio de vota\u00e7\u00e3o nas elei\u00e7\u00f5es de 2022 - Aconteceu no Vale","robots":{"index":"index","follow":"follow","max-snippet":"max-snippet:-1","max-image-preview":"max-image-preview:large","max-video-preview":"max-video-preview:-1"},"canonical":"https:\/\/aconteceunovale.com.br\/portal\/?p=184855","og_locale":"pt_BR","og_type":"article","og_title":"TSE unifica hor\u00e1rio de vota\u00e7\u00e3o nas elei\u00e7\u00f5es de 2022 - Aconteceu no Vale","og_description":"O Tribunal Superior Eleitoral (TSE) decidiu ontem (14\/12\/2021) unificar o hor\u00e1rio de vota\u00e7\u00e3o nas elei\u00e7\u00f5es de 2022. Com a decis\u00e3o, todos os estados dever\u00e3o seguir o hor\u00e1rio de Bras\u00edlia, e n\u00e3o o hor\u00e1rio local. A vota\u00e7\u00e3o ser\u00e1 realizada das 8h \u00e0s 17h em todo o pa\u00eds. Dessa forma, a vota\u00e7\u00e3o ser\u00e1 das 7h \u00e0s 16h [&hellip;]","og_url":"https:\/\/aconteceunovale.com.br\/portal\/?p=184855","og_site_name":"Aconteceu no Vale","article_publisher":"https:\/\/www.facebook.com\/aconteceunovale\/","article_published_time":"2021-12-15T10:58:10+00:00","article_modified_time":"2021-12-15T10:59:20+00:00","og_image":[{"width":678,"height":406,"url":"https:\/\/aconteceunovale.com.br\/portal\/wp-content\/uploads\/2021\/10\/urna_eletronica.jpg","type":"image\/jpeg"}],"author":"Reda\u00e7\u00e3o Aconteceu no Vale","twitter_card":"summary_large_image","twitter_creator":"@noticiadosvales","twitter_site":"@noticiadosvales","twitter_misc":{"Escrito por":"Reda\u00e7\u00e3o Aconteceu no Vale","Est. tempo de leitura":"2 minutos"},"schema":{"@context":"https:\/\/schema.org","@graph":[{"@type":"Article","@id":"https:\/\/aconteceunovale.com.br\/portal\/?p=184855#article","isPartOf":{"@id":"https:\/\/aconteceunovale.com.br\/portal\/?p=184855"},"author":{"name":"Reda\u00e7\u00e3o Aconteceu no Vale","@id":"https:\/\/aconteceunovale.com.br\/portal\/#\/schema\/person\/7d2f26d1483f8a63de73da1ee0754d35"},"headline":"TSE unifica hor\u00e1rio de vota\u00e7\u00e3o nas elei\u00e7\u00f5es de 2022","datePublished":"2021-12-15T10:58:10+00:00","dateModified":"2021-12-15T10:59:20+00:00","mainEntityOfPage":{"@id":"https:\/\/aconteceunovale.com.br\/portal\/?p=184855"},"wordCount":412,"commentCount":0,"image":{"@id":"https:\/\/aconteceunovale.com.br\/portal\/?p=184855#primaryimage"},"thumbnailUrl":"https:\/\/aconteceunovale.com.br\/portal\/wp-content\/uploads\/2021\/10\/urna_eletronica.jpg","keywords":["Elei\u00e7\u00f5es 2022","Elei\u00e7\u00f5es de 2022","Hor\u00e1rio de Bras\u00edlia Elei\u00e7\u00f5es 2022","Hor\u00e1rio de vota\u00e7\u00e3o nas elei\u00e7\u00f5es 2022","Luis Roberto Barroso","Normas elei\u00e7\u00f5es 2022","Regras elei\u00e7\u00f5es 2022","Tribunal Superior Eleitoral","TSE"],"articleSection":["Brasil","Elei\u00e7\u00f5es 2022","Pol\u00edtica"],"inLanguage":"pt-BR","potentialAction":[{"@type":"CommentAction","name":"Comment","target":["https:\/\/aconteceunovale.com.br\/portal\/?p=184855#respond"]}]},{"@type":"WebPage","@id":"https:\/\/aconteceunovale.com.br\/portal\/?p=184855","url":"https:\/\/aconteceunovale.com.br\/portal\/?p=184855","name":"TSE unifica hor\u00e1rio de vota\u00e7\u00e3o nas elei\u00e7\u00f5es de 2022 - Aconteceu no Vale","isPartOf":{"@id":"https:\/\/aconteceunovale.com.br\/portal\/#website"},"primaryImageOfPage":{"@id":"https:\/\/aconteceunovale.com.br\/portal\/?p=184855#primaryimage"},"image":{"@id":"https:\/\/aconteceunovale.com.br\/portal\/?p=184855#primaryimage"},"thumbnailUrl":"https:\/\/aconteceunovale.com.br\/portal\/wp-content\/uploads\/2021\/10\/urna_eletronica.jpg","datePublished":"2021-12-15T10:58:10+00:00","dateModified":"2021-12-15T10:59:20+00:00","author":{"@id":"https:\/\/aconteceunovale.com.br\/portal\/#\/schema\/person\/7d2f26d1483f8a63de73da1ee0754d35"},"breadcrumb":{"@id":"https:\/\/aconteceunovale.com.br\/portal\/?p=184855#breadcrumb"},"inLanguage":"pt-BR","potentialAction":[{"@type":"ReadAction","target":["https:\/\/aconteceunovale.com.br\/portal\/?p=184855"]}]},{"@type":"ImageObject","inLanguage":"pt-BR","@id":"https:\/\/aconteceunovale.com.br\/portal\/?p=184855#primaryimage","url":"https:\/\/aconteceunovale.com.br\/portal\/wp-content\/uploads\/2021\/10\/urna_eletronica.jpg","contentUrl":"https:\/\/aconteceunovale.com.br\/portal\/wp-content\/uploads\/2021\/10\/urna_eletronica.jpg","width":678,"height":406,"caption":"TSE - Tribunal Superior Eleitoral Urna eletr\u00f4nica"},{"@type":"BreadcrumbList","@id":"https:\/\/aconteceunovale.com.br\/portal\/?p=184855#breadcrumb","itemListElement":[{"@type":"ListItem","position":1,"name":"In\u00edcio","item":"https:\/\/aconteceunovale.com.br\/portal\/"},{"@type":"ListItem","position":2,"name":"TSE unifica hor\u00e1rio de vota\u00e7\u00e3o nas elei\u00e7\u00f5es de 2022"}]},{"@type":"WebSite","@id":"https:\/\/aconteceunovale.com.br\/portal\/#website","url":"https:\/\/aconteceunovale.com.br\/portal\/","name":"Aconteceu no Vale","description":"Portal de Not\u00edcias","potentialAction":[{"@type":"SearchAction","target":{"@type":"EntryPoint","urlTemplate":"https:\/\/aconteceunovale.com.br\/portal\/?s={search_term_string}"},"query-input":{"@type":"PropertyValueSpecification","valueRequired":true,"valueName":"search_term_string"}}],"inLanguage":"pt-BR"},{"@type":"Person","@id":"https:\/\/aconteceunovale.com.br\/portal\/#\/schema\/person\/7d2f26d1483f8a63de73da1ee0754d35","name":"Reda\u00e7\u00e3o Aconteceu no Vale","description":"Equipe de reportagem do Aconteceu no Vale, portal de not\u00edcias do Vale do Jequitinhonha, em Minas Gerais. Cobrimos as 51 cidades do Vale desde 2013. Sugest\u00f5es de pauta e pedidos de corre\u00e7\u00e3o: contato@aconteceunovale.com.br","url":"https:\/\/aconteceunovale.com.br\/portal\/?author=4"}]}},"_links":{"self":[{"href":"https:\/\/aconteceunovale.com.br\/portal\/index.php?rest_route=\/wp\/v2\/posts\/184855","targetHints":{"allow":["GET"]}}],"collection":[{"href":"https:\/\/aconteceunovale.com.br\/portal\/index.php?rest_route=\/wp\/v2\/posts"}],"about":[{"href":"https:\/\/aconteceunovale.com.br\/portal\/index.php?rest_route=\/wp\/v2\/types\/post"}],"author":[{"embeddable":true,"href":"https:\/\/aconteceunovale.com.br\/portal\/index.php?rest_route=\/wp\/v2\/users\/4"}],"replies":[{"embeddable":true,"href":"https:\/\/aconteceunovale.com.br\/portal\/index.php?rest_route=%2Fwp%2Fv2%2Fcomments&post=184855"}],"version-history":[{"count":1,"href":"https:\/\/aconteceunovale.com.br\/portal\/index.php?rest_route=\/wp\/v2\/posts\/184855\/revisions"}],"predecessor-version":[{"id":184856,"href":"https:\/\/aconteceunovale.com.br\/portal\/index.php?rest_route=\/wp\/v2\/posts\/184855\/revisions\/184856"}],"wp:featuredmedia":[{"embeddable":true,"href":"https:\/\/aconteceunovale.com.br\/portal\/index.php?rest_route=\/wp\/v2\/media\/182835"}],"wp:attachment":[{"href":"https:\/\/aconteceunovale.com.br\/portal\/index.php?rest_route=%2Fwp%2Fv2%2Fmedia&parent=184855"}],"wp:term":[{"taxonomy":"category","embeddable":true,"href":"https:\/\/aconteceunovale.com.br\/portal\/index.php?rest_route=%2Fwp%2Fv2%2Fcategories&post=184855"},{"taxonomy":"post_tag","embeddable":true,"href":"https:\/\/aconteceunovale.com.br\/portal\/index.php?rest_route=%2Fwp%2Fv2%2Ftags&post=184855"}],"curies":[{"name":"wp","href":"https:\/\/api.w.org\/{rel}","templated":true}]}}