{"id":184852,"date":"2021-12-15T07:53:25","date_gmt":"2021-12-15T10:53:25","guid":{"rendered":"https:\/\/aconteceunovale.com.br\/portal\/?p=184852"},"modified":"2021-12-15T07:54:52","modified_gmt":"2021-12-15T10:54:52","slug":"antonio-anastasia-e-escolhido-pelo-senado-para-o-cargo-de-ministro-do-tribunal-de-contas-da-uniao","status":"publish","type":"post","link":"https:\/\/aconteceunovale.com.br\/portal\/?p=184852","title":{"rendered":"Antonio Anastasia \u00e9 escolhido pelo Senado para o cargo de ministro do Tribunal de Contas da Uni\u00e3o"},"content":{"rendered":"\n<p class=\"wp-block-paragraph\">O plen\u00e1rio do Senado escolheu, na noite de ontem (14\/12\/2021), o senador Antonio Anastasia (PSD-MG) para o cargo de ministro do Tribunal de Contas da Uni\u00e3o. Anastasia recebeu 52 votos e vai ocupar a vaga deixada por Raimundo Carreiro, que ser\u00e1 embaixador do Brasil em Portugal.<img decoding=\"async\" src=\"https:\/\/agenciabrasil.ebc.com.br\/ebc.png?id=1431985&amp;o=node\"><img decoding=\"async\" src=\"https:\/\/agenciabrasil.ebc.com.br\/ebc.gif?id=1431985&amp;o=node\"><\/p>\n\n\n\n<figure class=\"wp-block-gallery columns-1 is-cropped wp-block-gallery-1 is-layout-flex wp-block-gallery-is-layout-flex\"><ul class=\"blocks-gallery-grid\"><li class=\"blocks-gallery-item\"><figure><img loading=\"lazy\" decoding=\"async\" width=\"678\" height=\"406\" src=\"https:\/\/aconteceunovale.com.br\/portal\/wp-content\/uploads\/2021\/12\/anastasia.jpg\" alt=\"\" data-id=\"184853\" data-full-url=\"https:\/\/aconteceunovale.com.br\/portal\/wp-content\/uploads\/2021\/12\/anastasia.jpg\" data-link=\"https:\/\/aconteceunovale.com.br\/portal\/?attachment_id=184853\" class=\"wp-image-184853\" srcset=\"https:\/\/aconteceunovale.com.br\/portal\/wp-content\/uploads\/2021\/12\/anastasia.jpg 678w, https:\/\/aconteceunovale.com.br\/portal\/wp-content\/uploads\/2021\/12\/anastasia-300x180.jpg 300w\" sizes=\"auto, (max-width: 678px) 100vw, 678px\" \/><figcaption class=\"blocks-gallery-item__caption\"><em>Antonio Anastasia &#8211; Foto: Jefferson Rudy\/Ag\u00eancia Senado<\/em><\/figcaption><\/figure><\/li><\/ul><\/figure>\n\n\n\n<p class=\"wp-block-paragraph\">Anastasia concorreu \u00e0 vaga no TCU com a senadora K\u00e1tia Abreu (PP-TO), que recebeu 19 votos, e com o senador Bezerra Coelho (MDB-PE), que teve 7 votos.<\/p>\n\n\n\n<p class=\"wp-block-paragraph\">Antes da vota\u00e7\u00e3o, Anastasia defendeu que um ministro do TCU precisa ter como atributos n\u00e3o apenas o conhecimento t\u00e9cnico sobre as contas p\u00fablicas e a legisla\u00e7\u00e3o aplicada \u00e0 administra\u00e7\u00e3o federal, mas tamb\u00e9m \u201csensibilidade\u201d para compreender a situa\u00e7\u00e3o dos gestores.<\/p>\n\n\n\n<p class=\"wp-block-paragraph\">O presidente do Senado, Rodrigo Pacheco, disse que a vit\u00f3ria de Anastasia \u00e9 resultado da escolha soberana dos senadores. \u201cQuero cumprimentar todos os senadores pelo esp\u00edrito p\u00fablico, pela liberdade democr\u00e1tica e pelo exerc\u00edcio da democracia na escolha\u201d, disse Pacheco.<\/p>\n\n\n\n<p class=\"wp-block-paragraph\">O TCU \u00e9 formado por nove ministros, sendo que seis s\u00e3o escolhidos pelo Congresso Nacional e tr\u00eas pelo presidente da Rep\u00fablica. Das indica\u00e7\u00f5es feitas pelo chefe do Executivo, duas devem ser feitas entre os ministros substitutos e membros do Minist\u00e9rio P\u00fablico junto ao Tribunal. Todas as indica\u00e7\u00f5es precisam ser aprovadas pelo Senado.<\/p>\n\n\n\n<p class=\"wp-block-paragraph\">Segundo a Constitui\u00e7\u00e3o, s\u00e3o requisitos para ocupar a vaga ter mais de 35 anos e menos de 65, idoneidade moral, reputa\u00e7\u00e3o ilibada e not\u00f3rios conhecimentos jur\u00eddicos, cont\u00e1beis, econ\u00f4micos ou de administra\u00e7\u00e3o p\u00fablica, sendo que \u00e9 exigido mais de dez anos de fun\u00e7\u00e3o ou de atividade profissional que exija esses conhecimentos.<\/p>\n\n\n\n<p class=\"wp-block-paragraph\">Os ministros do TCU t\u00eam mandato vital\u00edcio, com aposentadoria compuls\u00f3ria aos 75 anos de idade. O \u00f3rg\u00e3o auxilia o Congresso Nacional na tarefa de fiscaliza\u00e7\u00e3o das finan\u00e7as p\u00fablicas. Cabe a ele emitir pareceres sobre as contas anuais apresentadas pelo Executivo, conduzir dilig\u00eancias e auditorias requeridas pelos parlamentares e prestar informa\u00e7\u00f5es solicitadas pelas Casas ou pelas suas comiss\u00f5es.<\/p>\n\n\n\n<p class=\"wp-block-paragraph\">&#8212;&#8212;&#8212;&#8212;&#8212;&#8212;<br><em>Quer receber as not\u00edcias do <strong>Aconteceu no Vale<\/strong> em primeira m\u00e3o? Siga-nos no Facebook <a rel=\"noreferrer noopener\" href=\"http:\/\/facebook.com\/aconteceunovale\" target=\"_blank\">@aconteceunovale<\/a>, Twitter <a rel=\"noreferrer noopener\" href=\"https:\/\/twitter.com\/noticiadosvales\" target=\"_blank\">@noticiadosvales<\/a> e Instagram <a rel=\"noreferrer noopener\" href=\"https:\/\/www.instagram.com\/aconteceunovale\" target=\"_blank\">@aconteceunovale<\/a>.<\/em><\/p>\n","protected":false},"excerpt":{"rendered":"<p>O plen\u00e1rio do Senado escolheu, na noite de ontem (14\/12\/2021), o senador Antonio Anastasia (PSD-MG) para o cargo de ministro do Tribunal de Contas da Uni\u00e3o. Anastasia recebeu 52 votos e vai ocupar a vaga deixada por Raimundo Carreiro, que ser\u00e1 embaixador do Brasil em Portugal. Anastasia concorreu \u00e0 vaga no TCU com a senadora [&hellip;]<\/p>\n","protected":false},"author":4,"featured_media":184853,"comment_status":"open","ping_status":"closed","sticky":false,"template":"","format":"standard","meta":{"amp_status":"","footnotes":""},"categories":[6,123,40240],"tags":[2184,255877,255879,1018,27844,131,255876,255878,41221,21938,93812,92093,226357],"class_list":["post-184852","post","type-post","status-publish","format-standard","has-post-thumbnail","hentry","category-br","category-gerais","category-politica","tag-antonio-anastasia","tag-antonio-anastasia-ministro-do-tcu","tag-bezerra-coelho","tag-destaque","tag-katia-abreu","tag-minas-gerais","tag-novo-ministro-do-tcu","tag-raimundo-carreiro","tag-rodrigo-pacheco","tag-senado","tag-senado-federal","tag-senador-antonio-anastasia","tag-tribunal-de-contas-da-uniao"],"yoast_head":"<!-- This site is optimized with the Yoast SEO plugin v28.3 - https:\/\/yoast.com\/product\/yoast-seo-wordpress\/ -->\n<title>Antonio Anastasia \u00e9 escolhido pelo Senado para o cargo de ministro do Tribunal de Contas da Uni\u00e3o - Aconteceu no Vale<\/title>\n<meta name=\"robots\" content=\"index, follow, max-snippet:-1, max-image-preview:large, max-video-preview:-1\" \/>\n<link rel=\"canonical\" href=\"https:\/\/aconteceunovale.com.br\/portal\/?p=184852\" \/>\n<meta property=\"og:locale\" content=\"pt_BR\" \/>\n<meta property=\"og:type\" content=\"article\" \/>\n<meta property=\"og:title\" content=\"Antonio Anastasia \u00e9 escolhido pelo Senado para o cargo de ministro do Tribunal de Contas da Uni\u00e3o - Aconteceu no Vale\" \/>\n<meta property=\"og:description\" content=\"O plen\u00e1rio do Senado escolheu, na noite de ontem (14\/12\/2021), o senador Antonio Anastasia (PSD-MG) para o cargo de ministro do Tribunal de Contas da Uni\u00e3o. Anastasia recebeu 52 votos e vai ocupar a vaga deixada por Raimundo Carreiro, que ser\u00e1 embaixador do Brasil em Portugal. Anastasia concorreu \u00e0 vaga no TCU com a senadora [&hellip;]\" \/>\n<meta property=\"og:url\" content=\"https:\/\/aconteceunovale.com.br\/portal\/?p=184852\" \/>\n<meta property=\"og:site_name\" content=\"Aconteceu no Vale\" \/>\n<meta property=\"article:publisher\" content=\"https:\/\/www.facebook.com\/aconteceunovale\/\" \/>\n<meta property=\"article:published_time\" content=\"2021-12-15T10:53:25+00:00\" \/>\n<meta property=\"article:modified_time\" content=\"2021-12-15T10:54:52+00:00\" \/>\n<meta property=\"og:image\" content=\"https:\/\/aconteceunovale.com.br\/portal\/wp-content\/uploads\/2021\/12\/anastasia.jpg\" \/>\n\t<meta property=\"og:image:width\" content=\"678\" \/>\n\t<meta property=\"og:image:height\" content=\"406\" \/>\n\t<meta property=\"og:image:type\" content=\"image\/jpeg\" \/>\n<meta name=\"author\" content=\"Reda\u00e7\u00e3o Aconteceu no Vale\" \/>\n<meta name=\"twitter:card\" content=\"summary_large_image\" \/>\n<meta name=\"twitter:creator\" content=\"@noticiadosvales\" \/>\n<meta name=\"twitter:site\" content=\"@noticiadosvales\" \/>\n<meta name=\"twitter:label1\" content=\"Escrito por\" \/>\n\t<meta name=\"twitter:data1\" content=\"Reda\u00e7\u00e3o Aconteceu no Vale\" \/>\n\t<meta name=\"twitter:label2\" content=\"Est. tempo de leitura\" \/>\n\t<meta name=\"twitter:data2\" content=\"2 minutos\" \/>\n<script type=\"application\/ld+json\" class=\"yoast-schema-graph\">{\"@context\":\"https:\\\/\\\/schema.org\",\"@graph\":[{\"@type\":\"Article\",\"@id\":\"https:\\\/\\\/aconteceunovale.com.br\\\/portal\\\/?p=184852#article\",\"isPartOf\":{\"@id\":\"https:\\\/\\\/aconteceunovale.com.br\\\/portal\\\/?p=184852\"},\"author\":{\"name\":\"Reda\u00e7\u00e3o Aconteceu no Vale\",\"@id\":\"https:\\\/\\\/aconteceunovale.com.br\\\/portal\\\/#\\\/schema\\\/person\\\/7d2f26d1483f8a63de73da1ee0754d35\"},\"headline\":\"Antonio Anastasia \u00e9 escolhido pelo Senado para o cargo de ministro do Tribunal de Contas da Uni\u00e3o\",\"datePublished\":\"2021-12-15T10:53:25+00:00\",\"dateModified\":\"2021-12-15T10:54:52+00:00\",\"mainEntityOfPage\":{\"@id\":\"https:\\\/\\\/aconteceunovale.com.br\\\/portal\\\/?p=184852\"},\"wordCount\":390,\"commentCount\":0,\"image\":{\"@id\":\"https:\\\/\\\/aconteceunovale.com.br\\\/portal\\\/?p=184852#primaryimage\"},\"thumbnailUrl\":\"https:\\\/\\\/aconteceunovale.com.br\\\/portal\\\/wp-content\\\/uploads\\\/2021\\\/12\\\/anastasia.jpg\",\"keywords\":[\"Antonio Anastasia\",\"Antonio Anastasia ministro do TCU\",\"Bezerra Coelho\",\"destaque\",\"K\u00e1tia Abreu\",\"Minas Gerais\",\"Novo ministro do TCU\",\"Raimundo Carreiro\",\"Rodrigo Pacheco\",\"Senado\",\"Senado Federal\",\"senador Antonio Anastasia\",\"Tribunal de Contas da Uni\u00e3o\"],\"articleSection\":[\"Brasil\",\"Minas Gerais\",\"Pol\u00edtica\"],\"inLanguage\":\"pt-BR\",\"potentialAction\":[{\"@type\":\"CommentAction\",\"name\":\"Comment\",\"target\":[\"https:\\\/\\\/aconteceunovale.com.br\\\/portal\\\/?p=184852#respond\"]}]},{\"@type\":\"WebPage\",\"@id\":\"https:\\\/\\\/aconteceunovale.com.br\\\/portal\\\/?p=184852\",\"url\":\"https:\\\/\\\/aconteceunovale.com.br\\\/portal\\\/?p=184852\",\"name\":\"Antonio Anastasia \u00e9 escolhido pelo Senado para o cargo de ministro do Tribunal de Contas da Uni\u00e3o - Aconteceu no Vale\",\"isPartOf\":{\"@id\":\"https:\\\/\\\/aconteceunovale.com.br\\\/portal\\\/#website\"},\"primaryImageOfPage\":{\"@id\":\"https:\\\/\\\/aconteceunovale.com.br\\\/portal\\\/?p=184852#primaryimage\"},\"image\":{\"@id\":\"https:\\\/\\\/aconteceunovale.com.br\\\/portal\\\/?p=184852#primaryimage\"},\"thumbnailUrl\":\"https:\\\/\\\/aconteceunovale.com.br\\\/portal\\\/wp-content\\\/uploads\\\/2021\\\/12\\\/anastasia.jpg\",\"datePublished\":\"2021-12-15T10:53:25+00:00\",\"dateModified\":\"2021-12-15T10:54:52+00:00\",\"author\":{\"@id\":\"https:\\\/\\\/aconteceunovale.com.br\\\/portal\\\/#\\\/schema\\\/person\\\/7d2f26d1483f8a63de73da1ee0754d35\"},\"breadcrumb\":{\"@id\":\"https:\\\/\\\/aconteceunovale.com.br\\\/portal\\\/?p=184852#breadcrumb\"},\"inLanguage\":\"pt-BR\",\"potentialAction\":[{\"@type\":\"ReadAction\",\"target\":[\"https:\\\/\\\/aconteceunovale.com.br\\\/portal\\\/?p=184852\"]}]},{\"@type\":\"ImageObject\",\"inLanguage\":\"pt-BR\",\"@id\":\"https:\\\/\\\/aconteceunovale.com.br\\\/portal\\\/?p=184852#primaryimage\",\"url\":\"https:\\\/\\\/aconteceunovale.com.br\\\/portal\\\/wp-content\\\/uploads\\\/2021\\\/12\\\/anastasia.jpg\",\"contentUrl\":\"https:\\\/\\\/aconteceunovale.com.br\\\/portal\\\/wp-content\\\/uploads\\\/2021\\\/12\\\/anastasia.jpg\",\"width\":678,\"height\":406},{\"@type\":\"BreadcrumbList\",\"@id\":\"https:\\\/\\\/aconteceunovale.com.br\\\/portal\\\/?p=184852#breadcrumb\",\"itemListElement\":[{\"@type\":\"ListItem\",\"position\":1,\"name\":\"In\u00edcio\",\"item\":\"https:\\\/\\\/aconteceunovale.com.br\\\/portal\\\/\"},{\"@type\":\"ListItem\",\"position\":2,\"name\":\"Antonio Anastasia \u00e9 escolhido pelo Senado para o cargo de ministro do Tribunal de Contas da Uni\u00e3o\"}]},{\"@type\":\"WebSite\",\"@id\":\"https:\\\/\\\/aconteceunovale.com.br\\\/portal\\\/#website\",\"url\":\"https:\\\/\\\/aconteceunovale.com.br\\\/portal\\\/\",\"name\":\"Aconteceu no Vale\",\"description\":\"Portal de Not\u00edcias\",\"potentialAction\":[{\"@type\":\"SearchAction\",\"target\":{\"@type\":\"EntryPoint\",\"urlTemplate\":\"https:\\\/\\\/aconteceunovale.com.br\\\/portal\\\/?s={search_term_string}\"},\"query-input\":{\"@type\":\"PropertyValueSpecification\",\"valueRequired\":true,\"valueName\":\"search_term_string\"}}],\"inLanguage\":\"pt-BR\"},{\"@type\":\"Person\",\"@id\":\"https:\\\/\\\/aconteceunovale.com.br\\\/portal\\\/#\\\/schema\\\/person\\\/7d2f26d1483f8a63de73da1ee0754d35\",\"name\":\"Reda\u00e7\u00e3o Aconteceu no Vale\",\"description\":\"Equipe de reportagem do Aconteceu no Vale, portal de not\u00edcias do Vale do Jequitinhonha, em Minas Gerais. Cobrimos as 51 cidades do Vale desde 2013. Sugest\u00f5es de pauta e pedidos de corre\u00e7\u00e3o: contato@aconteceunovale.com.br\",\"url\":\"https:\\\/\\\/aconteceunovale.com.br\\\/portal\\\/?author=4\"}]}<\/script>\n<!-- \/ Yoast SEO plugin. -->","yoast_head_json":{"title":"Antonio Anastasia \u00e9 escolhido pelo Senado para o cargo de ministro do Tribunal de Contas da Uni\u00e3o - Aconteceu no Vale","robots":{"index":"index","follow":"follow","max-snippet":"max-snippet:-1","max-image-preview":"max-image-preview:large","max-video-preview":"max-video-preview:-1"},"canonical":"https:\/\/aconteceunovale.com.br\/portal\/?p=184852","og_locale":"pt_BR","og_type":"article","og_title":"Antonio Anastasia \u00e9 escolhido pelo Senado para o cargo de ministro do Tribunal de Contas da Uni\u00e3o - Aconteceu no Vale","og_description":"O plen\u00e1rio do Senado escolheu, na noite de ontem (14\/12\/2021), o senador Antonio Anastasia (PSD-MG) para o cargo de ministro do Tribunal de Contas da Uni\u00e3o. Anastasia recebeu 52 votos e vai ocupar a vaga deixada por Raimundo Carreiro, que ser\u00e1 embaixador do Brasil em Portugal. Anastasia concorreu \u00e0 vaga no TCU com a senadora [&hellip;]","og_url":"https:\/\/aconteceunovale.com.br\/portal\/?p=184852","og_site_name":"Aconteceu no Vale","article_publisher":"https:\/\/www.facebook.com\/aconteceunovale\/","article_published_time":"2021-12-15T10:53:25+00:00","article_modified_time":"2021-12-15T10:54:52+00:00","og_image":[{"width":678,"height":406,"url":"https:\/\/aconteceunovale.com.br\/portal\/wp-content\/uploads\/2021\/12\/anastasia.jpg","type":"image\/jpeg"}],"author":"Reda\u00e7\u00e3o Aconteceu no Vale","twitter_card":"summary_large_image","twitter_creator":"@noticiadosvales","twitter_site":"@noticiadosvales","twitter_misc":{"Escrito por":"Reda\u00e7\u00e3o Aconteceu no Vale","Est. tempo de leitura":"2 minutos"},"schema":{"@context":"https:\/\/schema.org","@graph":[{"@type":"Article","@id":"https:\/\/aconteceunovale.com.br\/portal\/?p=184852#article","isPartOf":{"@id":"https:\/\/aconteceunovale.com.br\/portal\/?p=184852"},"author":{"name":"Reda\u00e7\u00e3o Aconteceu no Vale","@id":"https:\/\/aconteceunovale.com.br\/portal\/#\/schema\/person\/7d2f26d1483f8a63de73da1ee0754d35"},"headline":"Antonio Anastasia \u00e9 escolhido pelo Senado para o cargo de ministro do Tribunal de Contas da Uni\u00e3o","datePublished":"2021-12-15T10:53:25+00:00","dateModified":"2021-12-15T10:54:52+00:00","mainEntityOfPage":{"@id":"https:\/\/aconteceunovale.com.br\/portal\/?p=184852"},"wordCount":390,"commentCount":0,"image":{"@id":"https:\/\/aconteceunovale.com.br\/portal\/?p=184852#primaryimage"},"thumbnailUrl":"https:\/\/aconteceunovale.com.br\/portal\/wp-content\/uploads\/2021\/12\/anastasia.jpg","keywords":["Antonio Anastasia","Antonio Anastasia ministro do TCU","Bezerra Coelho","destaque","K\u00e1tia Abreu","Minas Gerais","Novo ministro do TCU","Raimundo Carreiro","Rodrigo Pacheco","Senado","Senado Federal","senador Antonio Anastasia","Tribunal de Contas da Uni\u00e3o"],"articleSection":["Brasil","Minas Gerais","Pol\u00edtica"],"inLanguage":"pt-BR","potentialAction":[{"@type":"CommentAction","name":"Comment","target":["https:\/\/aconteceunovale.com.br\/portal\/?p=184852#respond"]}]},{"@type":"WebPage","@id":"https:\/\/aconteceunovale.com.br\/portal\/?p=184852","url":"https:\/\/aconteceunovale.com.br\/portal\/?p=184852","name":"Antonio Anastasia \u00e9 escolhido pelo Senado para o cargo de ministro do Tribunal de Contas da Uni\u00e3o - Aconteceu no Vale","isPartOf":{"@id":"https:\/\/aconteceunovale.com.br\/portal\/#website"},"primaryImageOfPage":{"@id":"https:\/\/aconteceunovale.com.br\/portal\/?p=184852#primaryimage"},"image":{"@id":"https:\/\/aconteceunovale.com.br\/portal\/?p=184852#primaryimage"},"thumbnailUrl":"https:\/\/aconteceunovale.com.br\/portal\/wp-content\/uploads\/2021\/12\/anastasia.jpg","datePublished":"2021-12-15T10:53:25+00:00","dateModified":"2021-12-15T10:54:52+00:00","author":{"@id":"https:\/\/aconteceunovale.com.br\/portal\/#\/schema\/person\/7d2f26d1483f8a63de73da1ee0754d35"},"breadcrumb":{"@id":"https:\/\/aconteceunovale.com.br\/portal\/?p=184852#breadcrumb"},"inLanguage":"pt-BR","potentialAction":[{"@type":"ReadAction","target":["https:\/\/aconteceunovale.com.br\/portal\/?p=184852"]}]},{"@type":"ImageObject","inLanguage":"pt-BR","@id":"https:\/\/aconteceunovale.com.br\/portal\/?p=184852#primaryimage","url":"https:\/\/aconteceunovale.com.br\/portal\/wp-content\/uploads\/2021\/12\/anastasia.jpg","contentUrl":"https:\/\/aconteceunovale.com.br\/portal\/wp-content\/uploads\/2021\/12\/anastasia.jpg","width":678,"height":406},{"@type":"BreadcrumbList","@id":"https:\/\/aconteceunovale.com.br\/portal\/?p=184852#breadcrumb","itemListElement":[{"@type":"ListItem","position":1,"name":"In\u00edcio","item":"https:\/\/aconteceunovale.com.br\/portal\/"},{"@type":"ListItem","position":2,"name":"Antonio Anastasia \u00e9 escolhido pelo Senado para o cargo de ministro do Tribunal de Contas da Uni\u00e3o"}]},{"@type":"WebSite","@id":"https:\/\/aconteceunovale.com.br\/portal\/#website","url":"https:\/\/aconteceunovale.com.br\/portal\/","name":"Aconteceu no Vale","description":"Portal de Not\u00edcias","potentialAction":[{"@type":"SearchAction","target":{"@type":"EntryPoint","urlTemplate":"https:\/\/aconteceunovale.com.br\/portal\/?s={search_term_string}"},"query-input":{"@type":"PropertyValueSpecification","valueRequired":true,"valueName":"search_term_string"}}],"inLanguage":"pt-BR"},{"@type":"Person","@id":"https:\/\/aconteceunovale.com.br\/portal\/#\/schema\/person\/7d2f26d1483f8a63de73da1ee0754d35","name":"Reda\u00e7\u00e3o Aconteceu no Vale","description":"Equipe de reportagem do Aconteceu no Vale, portal de not\u00edcias do Vale do Jequitinhonha, em Minas Gerais. Cobrimos as 51 cidades do Vale desde 2013. Sugest\u00f5es de pauta e pedidos de corre\u00e7\u00e3o: contato@aconteceunovale.com.br","url":"https:\/\/aconteceunovale.com.br\/portal\/?author=4"}]}},"_links":{"self":[{"href":"https:\/\/aconteceunovale.com.br\/portal\/index.php?rest_route=\/wp\/v2\/posts\/184852","targetHints":{"allow":["GET"]}}],"collection":[{"href":"https:\/\/aconteceunovale.com.br\/portal\/index.php?rest_route=\/wp\/v2\/posts"}],"about":[{"href":"https:\/\/aconteceunovale.com.br\/portal\/index.php?rest_route=\/wp\/v2\/types\/post"}],"author":[{"embeddable":true,"href":"https:\/\/aconteceunovale.com.br\/portal\/index.php?rest_route=\/wp\/v2\/users\/4"}],"replies":[{"embeddable":true,"href":"https:\/\/aconteceunovale.com.br\/portal\/index.php?rest_route=%2Fwp%2Fv2%2Fcomments&post=184852"}],"version-history":[{"count":1,"href":"https:\/\/aconteceunovale.com.br\/portal\/index.php?rest_route=\/wp\/v2\/posts\/184852\/revisions"}],"predecessor-version":[{"id":184854,"href":"https:\/\/aconteceunovale.com.br\/portal\/index.php?rest_route=\/wp\/v2\/posts\/184852\/revisions\/184854"}],"wp:featuredmedia":[{"embeddable":true,"href":"https:\/\/aconteceunovale.com.br\/portal\/index.php?rest_route=\/wp\/v2\/media\/184853"}],"wp:attachment":[{"href":"https:\/\/aconteceunovale.com.br\/portal\/index.php?rest_route=%2Fwp%2Fv2%2Fmedia&parent=184852"}],"wp:term":[{"taxonomy":"category","embeddable":true,"href":"https:\/\/aconteceunovale.com.br\/portal\/index.php?rest_route=%2Fwp%2Fv2%2Fcategories&post=184852"},{"taxonomy":"post_tag","embeddable":true,"href":"https:\/\/aconteceunovale.com.br\/portal\/index.php?rest_route=%2Fwp%2Fv2%2Ftags&post=184852"}],"curies":[{"name":"wp","href":"https:\/\/api.w.org\/{rel}","templated":true}]}}