{"id":184849,"date":"2021-12-15T07:18:49","date_gmt":"2021-12-15T10:18:49","guid":{"rendered":"https:\/\/aconteceunovale.com.br\/portal\/?p=184849"},"modified":"2021-12-15T07:19:14","modified_gmt":"2021-12-15T10:19:14","slug":"galo-e-furacao-decidem-o-titulo-da-copa-do-brasil-nesta-quarta-feira","status":"publish","type":"post","link":"https:\/\/aconteceunovale.com.br\/portal\/?p=184849","title":{"rendered":"Galo e Furac\u00e3o decidem o t\u00edtulo da Copa do Brasil nesta quarta-feira"},"content":{"rendered":"\n<p class=\"wp-block-paragraph\">O \u00faltimo campe\u00e3o nacional de 2021 ser\u00e1 conhecido nesta quarta-feira (15\/12). A partir das 21h30 (hor\u00e1rio de Bras\u00edlia), Athletico-PR e Atl\u00e9tico-MG se enfrentam na Arena da Baixada, em Curitiba, para decidir o t\u00edtulo da Copa do Brasil.\u00a0<\/p>\n\n\n\n<figure class=\"wp-block-gallery columns-1 is-cropped wp-block-gallery-1 is-layout-flex wp-block-gallery-is-layout-flex\"><ul class=\"blocks-gallery-grid\"><li class=\"blocks-gallery-item\"><figure><img loading=\"lazy\" decoding=\"async\" width=\"678\" height=\"406\" src=\"https:\/\/aconteceunovale.com.br\/portal\/wp-content\/uploads\/2021\/12\/furacao_x_galo.jpg\" alt=\"\" data-id=\"184850\" data-full-url=\"https:\/\/aconteceunovale.com.br\/portal\/wp-content\/uploads\/2021\/12\/furacao_x_galo.jpg\" data-link=\"https:\/\/aconteceunovale.com.br\/portal\/?attachment_id=184850\" class=\"wp-image-184850\" srcset=\"https:\/\/aconteceunovale.com.br\/portal\/wp-content\/uploads\/2021\/12\/furacao_x_galo.jpg 678w, https:\/\/aconteceunovale.com.br\/portal\/wp-content\/uploads\/2021\/12\/furacao_x_galo-300x180.jpg 300w\" sizes=\"auto, (max-width: 678px) 100vw, 678px\" \/><figcaption class=\"blocks-gallery-item__caption\"><em>Foto: \u00a9 Pedro Souza\/Atl\u00e9tico-MG<\/em><\/figcaption><\/figure><\/li><\/ul><\/figure>\n\n\n\n<p class=\"wp-block-paragraph\">A vantagem do Galo \u00e9 enorme. No \u00faltimo domingo (12), os mineiros golearam por 4 a 0 e podem at\u00e9 perder por tr\u00eas gols de diferen\u00e7a que ficam com o bicampeonato. Se o t\u00edtulo vier, os alvinegros, vencedores anteriormente em 2013, repetir\u00e3o o feito que o rival Cruzeiro alcan\u00e7ou em 2003: ser campe\u00e3o brasileiro, estadual e da Copa do Brasil em uma mesma temporada.<\/p>\n\n\n\n<p class=\"wp-block-paragraph\">O Furac\u00e3o precisa de um milagre para voltar a conquistar o torneio, ap\u00f3s o t\u00edtulo de 2019. A derrota no primeiro jogo foi a pior da hist\u00f3ria das finais da Copa do Brasil. Para ser campe\u00e3o no tempo normal, o clube paranaense tem de ganhar por cinco gols de diferen\u00e7a, o que ainda n\u00e3o aconteceu em 2021. O mais perto que os rubro-negros chegaram foi em maio, quando aplicaram 4 a 0 no Aucas (Equador), pela Copa Sul-Americana. O resultado, caso se repita nesta quarta, leva a decis\u00e3o para os p\u00eanaltis.<\/p>\n\n\n\n<p class=\"wp-block-paragraph\">No Atl\u00e9tico-MG, o t\u00e9cnico Cuca deve repetir a maior parte da escala\u00e7\u00e3o do jogo de ida. A d\u00favida est\u00e1 na frente, j\u00e1 que Diego Costa trata uma les\u00e3o na coxa e sequer viajou para Curitiba, embora exista a possibilidade de integrar o grupo. O prov\u00e1vel \u00e9 que ele seja substitu\u00eddo pelo tamb\u00e9m atacante Eduardo Vargas, autor de dois gols no Mineir\u00e3o.<\/p>\n\n\n\n<p class=\"wp-block-paragraph\">O Galo deve atuar com: Everson; Mariano, Igor Rabello, Junior Alonso e Guilherme Arana; Allan, Jair e Mat\u00edas Zaracho; Hulk, Eduardo Vargas e Keno (Diego Costa).<\/p>\n\n\n\n<p class=\"wp-block-paragraph\">No lado do Athletico-PR, a d\u00favida do t\u00e9cnico Alberto Valentim \u00e9 Nik\u00e3o, com dores no tornozelo desde o primeiro jogo. Ele pode dar lugar ao tamb\u00e9m atacante Pedro Rocha se n\u00e3o tiver condi\u00e7\u00e3o de atuar. O zagueiro e capit\u00e3o Thiago Heleno, suspenso pelo terceiro amarelo, \u00e9 desfalque certo e tem Z\u00e9 Ivaldo como substituto imediato.<\/p>\n\n\n\n<p class=\"wp-block-paragraph\">O prov\u00e1vel Furac\u00e3o ter\u00e1: Santos; Pedro Henrique, Z\u00e9 Ivaldo e Nico Hern\u00e1ndez; Marcinho, Erick, L\u00e9o Cittadini e Abner; Nik\u00e3o (Pedro Rocha), Renato Kayzer e David Terans.<\/p>\n\n\n\n<p class=\"wp-block-paragraph\">&#8212;&#8212;&#8212;&#8212;&#8212;&#8212;<br><em>Quer receber as not\u00edcias do <strong>Aconteceu no Vale<\/strong> em primeira m\u00e3o? Siga-nos no Facebook <a rel=\"noreferrer noopener\" href=\"http:\/\/facebook.com\/aconteceunovale\" target=\"_blank\">@aconteceunovale<\/a>, Twitter <a rel=\"noreferrer noopener\" href=\"https:\/\/twitter.com\/noticiadosvales\" target=\"_blank\">@noticiadosvales<\/a> e Instagram <a rel=\"noreferrer noopener\" href=\"https:\/\/www.instagram.com\/aconteceunovale\" target=\"_blank\">@aconteceunovale<\/a>.<\/em><\/p>\n","protected":false},"excerpt":{"rendered":"<p>O \u00faltimo campe\u00e3o nacional de 2021 ser\u00e1 conhecido nesta quarta-feira (15\/12). A partir das 21h30 (hor\u00e1rio de Bras\u00edlia), Athletico-PR e Atl\u00e9tico-MG se enfrentam na Arena da Baixada, em Curitiba, para decidir o t\u00edtulo da Copa do Brasil.\u00a0 A vantagem do Galo \u00e9 enorme. No \u00faltimo domingo (12), os mineiros golearam por 4 a 0 e [&hellip;]<\/p>\n","protected":false},"author":4,"featured_media":184850,"comment_status":"open","ping_status":"closed","sticky":false,"template":"","format":"standard","meta":{"amp_status":"","footnotes":""},"categories":[6,59,123],"tags":[255802,255801,46496,232467,230820,227153,12311,2741,40575,253608,194,1017,14674,243169,14914,239227,1018,255798,255796,253605,255797,22040,21553,12312,255875,255814,255799,132685,40917,131,16500,18373,20968,255800,249002],"class_list":["post-184849","post","type-post","status-publish","format-standard","has-post-thumbnail","hentry","category-br","category-esportes","category-gerais","tag-alberto-valentim","tag-alvinegro-de-minas-gerais","tag-arena-da-baixada","tag-athletico","tag-athletico-paranaense","tag-athletico-pr","tag-atletico","tag-atletico-mineiro","tag-atletico-mg","tag-atletico-mg-x-athletico-pr","tag-belo-horizonte","tag-bh","tag-copa-do-brasil","tag-copa-do-brasil-2021","tag-coritiba","tag-cuca","tag-destaque","tag-disputa-da-taca-da-copa-do-brasil","tag-disputa-do-bi-da-copa-do-brasil","tag-disputa-do-titulo-da-copa-do-brasil","tag-disputa-do-trofeu-da-copa-do-brasil","tag-final-da-copa-do-brasil","tag-furacao","tag-galo","tag-galo-e-furacao-decidem-o-titulo-da-copa-do-brasil-nesta-quarta-feira","tag-galo-goleia-o-furacao-e-coloca-mao-na-taca-da-copa-do-brasil","tag-galo-x-furacao","tag-hulk","tag-mg","tag-minas-gerais","tag-mineirao","tag-parana","tag-pr","tag-rubro-negro-do-parana","tag-vargas"],"yoast_head":"<!-- This site is optimized with the Yoast SEO plugin v28.3 - https:\/\/yoast.com\/product\/yoast-seo-wordpress\/ -->\n<title>Galo e Furac\u00e3o decidem o t\u00edtulo da Copa do Brasil nesta quarta-feira - Aconteceu no Vale<\/title>\n<meta name=\"robots\" content=\"index, follow, max-snippet:-1, max-image-preview:large, max-video-preview:-1\" \/>\n<link rel=\"canonical\" href=\"https:\/\/aconteceunovale.com.br\/portal\/?p=184849\" \/>\n<meta property=\"og:locale\" content=\"pt_BR\" \/>\n<meta property=\"og:type\" content=\"article\" \/>\n<meta property=\"og:title\" content=\"Galo e Furac\u00e3o decidem o t\u00edtulo da Copa do Brasil nesta quarta-feira - Aconteceu no Vale\" \/>\n<meta property=\"og:description\" content=\"O \u00faltimo campe\u00e3o nacional de 2021 ser\u00e1 conhecido nesta quarta-feira (15\/12). A partir das 21h30 (hor\u00e1rio de Bras\u00edlia), Athletico-PR e Atl\u00e9tico-MG se enfrentam na Arena da Baixada, em Curitiba, para decidir o t\u00edtulo da Copa do Brasil.\u00a0 A vantagem do Galo \u00e9 enorme. No \u00faltimo domingo (12), os mineiros golearam por 4 a 0 e [&hellip;]\" \/>\n<meta property=\"og:url\" content=\"https:\/\/aconteceunovale.com.br\/portal\/?p=184849\" \/>\n<meta property=\"og:site_name\" content=\"Aconteceu no Vale\" \/>\n<meta property=\"article:publisher\" content=\"https:\/\/www.facebook.com\/aconteceunovale\/\" \/>\n<meta property=\"article:published_time\" content=\"2021-12-15T10:18:49+00:00\" \/>\n<meta property=\"article:modified_time\" content=\"2021-12-15T10:19:14+00:00\" \/>\n<meta property=\"og:image\" content=\"https:\/\/aconteceunovale.com.br\/portal\/wp-content\/uploads\/2021\/12\/furacao_x_galo.jpg\" \/>\n\t<meta property=\"og:image:width\" content=\"678\" \/>\n\t<meta property=\"og:image:height\" content=\"406\" \/>\n\t<meta property=\"og:image:type\" content=\"image\/jpeg\" \/>\n<meta name=\"author\" content=\"Reda\u00e7\u00e3o Aconteceu no Vale\" \/>\n<meta name=\"twitter:card\" content=\"summary_large_image\" \/>\n<meta name=\"twitter:creator\" content=\"@noticiadosvales\" \/>\n<meta name=\"twitter:site\" content=\"@noticiadosvales\" \/>\n<meta name=\"twitter:label1\" content=\"Escrito por\" \/>\n\t<meta name=\"twitter:data1\" content=\"Reda\u00e7\u00e3o Aconteceu no Vale\" \/>\n\t<meta name=\"twitter:label2\" content=\"Est. tempo de leitura\" \/>\n\t<meta name=\"twitter:data2\" content=\"2 minutos\" \/>\n<script type=\"application\/ld+json\" class=\"yoast-schema-graph\">{\"@context\":\"https:\\\/\\\/schema.org\",\"@graph\":[{\"@type\":\"Article\",\"@id\":\"https:\\\/\\\/aconteceunovale.com.br\\\/portal\\\/?p=184849#article\",\"isPartOf\":{\"@id\":\"https:\\\/\\\/aconteceunovale.com.br\\\/portal\\\/?p=184849\"},\"author\":{\"name\":\"Reda\u00e7\u00e3o Aconteceu no Vale\",\"@id\":\"https:\\\/\\\/aconteceunovale.com.br\\\/portal\\\/#\\\/schema\\\/person\\\/7d2f26d1483f8a63de73da1ee0754d35\"},\"headline\":\"Galo e Furac\u00e3o decidem o t\u00edtulo da Copa do Brasil nesta quarta-feira\",\"datePublished\":\"2021-12-15T10:18:49+00:00\",\"dateModified\":\"2021-12-15T10:19:14+00:00\",\"mainEntityOfPage\":{\"@id\":\"https:\\\/\\\/aconteceunovale.com.br\\\/portal\\\/?p=184849\"},\"wordCount\":429,\"commentCount\":0,\"image\":{\"@id\":\"https:\\\/\\\/aconteceunovale.com.br\\\/portal\\\/?p=184849#primaryimage\"},\"thumbnailUrl\":\"https:\\\/\\\/aconteceunovale.com.br\\\/portal\\\/wp-content\\\/uploads\\\/2021\\\/12\\\/furacao_x_galo.jpg\",\"keywords\":[\"Alberto Valentim\",\"Alvinegro de Minas Gerais\",\"Arena da Baixada\",\"Athletico\",\"Athletico Paranaense\",\"Athletico-PR\",\"Atl\u00e9tico\",\"Atl\u00e9tico Mineiro\",\"Atl\u00e9tico-MG\",\"Atl\u00e9tico-MG x Athletico-PR\",\"Belo Horizonte\",\"bh\",\"Copa do Brasil\",\"Copa do Brasil 2021\",\"Coritiba\",\"Cuca\",\"destaque\",\"Disputa da Ta\u00e7a da Copa do Brasil\",\"Disputa do bi da Copa do Brasil\",\"Disputa do t\u00edtulo da Copa do Brasil\",\"Disputa do trof\u00e9u da Copa do Brasil\",\"final da copa do brasil\",\"furac\u00e3o\",\"galo\",\"Galo e Furac\u00e3o decidem o t\u00edtulo da Copa do Brasil nesta quarta-feira\",\"Galo goleia o Furac\u00e3o e coloca m\u00e3o na ta\u00e7a da Copa do Brasil\",\"Galo x Furac\u00e3o\",\"Hulk\",\"MG\",\"Minas Gerais\",\"Mineir\u00e3o\",\"Paran\u00e1\",\"PR\",\"Rubro-Negro do Paran\u00e1\",\"Vargas\"],\"articleSection\":[\"Brasil\",\"Esportes\",\"Minas Gerais\"],\"inLanguage\":\"pt-BR\",\"potentialAction\":[{\"@type\":\"CommentAction\",\"name\":\"Comment\",\"target\":[\"https:\\\/\\\/aconteceunovale.com.br\\\/portal\\\/?p=184849#respond\"]}]},{\"@type\":\"WebPage\",\"@id\":\"https:\\\/\\\/aconteceunovale.com.br\\\/portal\\\/?p=184849\",\"url\":\"https:\\\/\\\/aconteceunovale.com.br\\\/portal\\\/?p=184849\",\"name\":\"Galo e Furac\u00e3o decidem o t\u00edtulo da Copa do Brasil nesta quarta-feira - Aconteceu no Vale\",\"isPartOf\":{\"@id\":\"https:\\\/\\\/aconteceunovale.com.br\\\/portal\\\/#website\"},\"primaryImageOfPage\":{\"@id\":\"https:\\\/\\\/aconteceunovale.com.br\\\/portal\\\/?p=184849#primaryimage\"},\"image\":{\"@id\":\"https:\\\/\\\/aconteceunovale.com.br\\\/portal\\\/?p=184849#primaryimage\"},\"thumbnailUrl\":\"https:\\\/\\\/aconteceunovale.com.br\\\/portal\\\/wp-content\\\/uploads\\\/2021\\\/12\\\/furacao_x_galo.jpg\",\"datePublished\":\"2021-12-15T10:18:49+00:00\",\"dateModified\":\"2021-12-15T10:19:14+00:00\",\"author\":{\"@id\":\"https:\\\/\\\/aconteceunovale.com.br\\\/portal\\\/#\\\/schema\\\/person\\\/7d2f26d1483f8a63de73da1ee0754d35\"},\"breadcrumb\":{\"@id\":\"https:\\\/\\\/aconteceunovale.com.br\\\/portal\\\/?p=184849#breadcrumb\"},\"inLanguage\":\"pt-BR\",\"potentialAction\":[{\"@type\":\"ReadAction\",\"target\":[\"https:\\\/\\\/aconteceunovale.com.br\\\/portal\\\/?p=184849\"]}]},{\"@type\":\"ImageObject\",\"inLanguage\":\"pt-BR\",\"@id\":\"https:\\\/\\\/aconteceunovale.com.br\\\/portal\\\/?p=184849#primaryimage\",\"url\":\"https:\\\/\\\/aconteceunovale.com.br\\\/portal\\\/wp-content\\\/uploads\\\/2021\\\/12\\\/furacao_x_galo.jpg\",\"contentUrl\":\"https:\\\/\\\/aconteceunovale.com.br\\\/portal\\\/wp-content\\\/uploads\\\/2021\\\/12\\\/furacao_x_galo.jpg\",\"width\":678,\"height\":406},{\"@type\":\"BreadcrumbList\",\"@id\":\"https:\\\/\\\/aconteceunovale.com.br\\\/portal\\\/?p=184849#breadcrumb\",\"itemListElement\":[{\"@type\":\"ListItem\",\"position\":1,\"name\":\"In\u00edcio\",\"item\":\"https:\\\/\\\/aconteceunovale.com.br\\\/portal\\\/\"},{\"@type\":\"ListItem\",\"position\":2,\"name\":\"Galo e Furac\u00e3o decidem o t\u00edtulo da Copa do Brasil nesta quarta-feira\"}]},{\"@type\":\"WebSite\",\"@id\":\"https:\\\/\\\/aconteceunovale.com.br\\\/portal\\\/#website\",\"url\":\"https:\\\/\\\/aconteceunovale.com.br\\\/portal\\\/\",\"name\":\"Aconteceu no Vale\",\"description\":\"Portal de Not\u00edcias\",\"potentialAction\":[{\"@type\":\"SearchAction\",\"target\":{\"@type\":\"EntryPoint\",\"urlTemplate\":\"https:\\\/\\\/aconteceunovale.com.br\\\/portal\\\/?s={search_term_string}\"},\"query-input\":{\"@type\":\"PropertyValueSpecification\",\"valueRequired\":true,\"valueName\":\"search_term_string\"}}],\"inLanguage\":\"pt-BR\"},{\"@type\":\"Person\",\"@id\":\"https:\\\/\\\/aconteceunovale.com.br\\\/portal\\\/#\\\/schema\\\/person\\\/7d2f26d1483f8a63de73da1ee0754d35\",\"name\":\"Reda\u00e7\u00e3o Aconteceu no Vale\",\"description\":\"Equipe de reportagem do Aconteceu no Vale, portal de not\u00edcias do Vale do Jequitinhonha, em Minas Gerais. Cobrimos as 51 cidades do Vale desde 2013. Sugest\u00f5es de pauta e pedidos de corre\u00e7\u00e3o: contato@aconteceunovale.com.br\",\"url\":\"https:\\\/\\\/aconteceunovale.com.br\\\/portal\\\/?author=4\"}]}<\/script>\n<!-- \/ Yoast SEO plugin. -->","yoast_head_json":{"title":"Galo e Furac\u00e3o decidem o t\u00edtulo da Copa do Brasil nesta quarta-feira - Aconteceu no Vale","robots":{"index":"index","follow":"follow","max-snippet":"max-snippet:-1","max-image-preview":"max-image-preview:large","max-video-preview":"max-video-preview:-1"},"canonical":"https:\/\/aconteceunovale.com.br\/portal\/?p=184849","og_locale":"pt_BR","og_type":"article","og_title":"Galo e Furac\u00e3o decidem o t\u00edtulo da Copa do Brasil nesta quarta-feira - Aconteceu no Vale","og_description":"O \u00faltimo campe\u00e3o nacional de 2021 ser\u00e1 conhecido nesta quarta-feira (15\/12). A partir das 21h30 (hor\u00e1rio de Bras\u00edlia), Athletico-PR e Atl\u00e9tico-MG se enfrentam na Arena da Baixada, em Curitiba, para decidir o t\u00edtulo da Copa do Brasil.\u00a0 A vantagem do Galo \u00e9 enorme. No \u00faltimo domingo (12), os mineiros golearam por 4 a 0 e [&hellip;]","og_url":"https:\/\/aconteceunovale.com.br\/portal\/?p=184849","og_site_name":"Aconteceu no Vale","article_publisher":"https:\/\/www.facebook.com\/aconteceunovale\/","article_published_time":"2021-12-15T10:18:49+00:00","article_modified_time":"2021-12-15T10:19:14+00:00","og_image":[{"width":678,"height":406,"url":"https:\/\/aconteceunovale.com.br\/portal\/wp-content\/uploads\/2021\/12\/furacao_x_galo.jpg","type":"image\/jpeg"}],"author":"Reda\u00e7\u00e3o Aconteceu no Vale","twitter_card":"summary_large_image","twitter_creator":"@noticiadosvales","twitter_site":"@noticiadosvales","twitter_misc":{"Escrito por":"Reda\u00e7\u00e3o Aconteceu no Vale","Est. tempo de leitura":"2 minutos"},"schema":{"@context":"https:\/\/schema.org","@graph":[{"@type":"Article","@id":"https:\/\/aconteceunovale.com.br\/portal\/?p=184849#article","isPartOf":{"@id":"https:\/\/aconteceunovale.com.br\/portal\/?p=184849"},"author":{"name":"Reda\u00e7\u00e3o Aconteceu no Vale","@id":"https:\/\/aconteceunovale.com.br\/portal\/#\/schema\/person\/7d2f26d1483f8a63de73da1ee0754d35"},"headline":"Galo e Furac\u00e3o decidem o t\u00edtulo da Copa do Brasil nesta quarta-feira","datePublished":"2021-12-15T10:18:49+00:00","dateModified":"2021-12-15T10:19:14+00:00","mainEntityOfPage":{"@id":"https:\/\/aconteceunovale.com.br\/portal\/?p=184849"},"wordCount":429,"commentCount":0,"image":{"@id":"https:\/\/aconteceunovale.com.br\/portal\/?p=184849#primaryimage"},"thumbnailUrl":"https:\/\/aconteceunovale.com.br\/portal\/wp-content\/uploads\/2021\/12\/furacao_x_galo.jpg","keywords":["Alberto Valentim","Alvinegro de Minas Gerais","Arena da Baixada","Athletico","Athletico Paranaense","Athletico-PR","Atl\u00e9tico","Atl\u00e9tico Mineiro","Atl\u00e9tico-MG","Atl\u00e9tico-MG x Athletico-PR","Belo Horizonte","bh","Copa do Brasil","Copa do Brasil 2021","Coritiba","Cuca","destaque","Disputa da Ta\u00e7a da Copa do Brasil","Disputa do bi da Copa do Brasil","Disputa do t\u00edtulo da Copa do Brasil","Disputa do trof\u00e9u da Copa do Brasil","final da copa do brasil","furac\u00e3o","galo","Galo e Furac\u00e3o decidem o t\u00edtulo da Copa do Brasil nesta quarta-feira","Galo goleia o Furac\u00e3o e coloca m\u00e3o na ta\u00e7a da Copa do Brasil","Galo x Furac\u00e3o","Hulk","MG","Minas Gerais","Mineir\u00e3o","Paran\u00e1","PR","Rubro-Negro do Paran\u00e1","Vargas"],"articleSection":["Brasil","Esportes","Minas Gerais"],"inLanguage":"pt-BR","potentialAction":[{"@type":"CommentAction","name":"Comment","target":["https:\/\/aconteceunovale.com.br\/portal\/?p=184849#respond"]}]},{"@type":"WebPage","@id":"https:\/\/aconteceunovale.com.br\/portal\/?p=184849","url":"https:\/\/aconteceunovale.com.br\/portal\/?p=184849","name":"Galo e Furac\u00e3o decidem o t\u00edtulo da Copa do Brasil nesta quarta-feira - Aconteceu no Vale","isPartOf":{"@id":"https:\/\/aconteceunovale.com.br\/portal\/#website"},"primaryImageOfPage":{"@id":"https:\/\/aconteceunovale.com.br\/portal\/?p=184849#primaryimage"},"image":{"@id":"https:\/\/aconteceunovale.com.br\/portal\/?p=184849#primaryimage"},"thumbnailUrl":"https:\/\/aconteceunovale.com.br\/portal\/wp-content\/uploads\/2021\/12\/furacao_x_galo.jpg","datePublished":"2021-12-15T10:18:49+00:00","dateModified":"2021-12-15T10:19:14+00:00","author":{"@id":"https:\/\/aconteceunovale.com.br\/portal\/#\/schema\/person\/7d2f26d1483f8a63de73da1ee0754d35"},"breadcrumb":{"@id":"https:\/\/aconteceunovale.com.br\/portal\/?p=184849#breadcrumb"},"inLanguage":"pt-BR","potentialAction":[{"@type":"ReadAction","target":["https:\/\/aconteceunovale.com.br\/portal\/?p=184849"]}]},{"@type":"ImageObject","inLanguage":"pt-BR","@id":"https:\/\/aconteceunovale.com.br\/portal\/?p=184849#primaryimage","url":"https:\/\/aconteceunovale.com.br\/portal\/wp-content\/uploads\/2021\/12\/furacao_x_galo.jpg","contentUrl":"https:\/\/aconteceunovale.com.br\/portal\/wp-content\/uploads\/2021\/12\/furacao_x_galo.jpg","width":678,"height":406},{"@type":"BreadcrumbList","@id":"https:\/\/aconteceunovale.com.br\/portal\/?p=184849#breadcrumb","itemListElement":[{"@type":"ListItem","position":1,"name":"In\u00edcio","item":"https:\/\/aconteceunovale.com.br\/portal\/"},{"@type":"ListItem","position":2,"name":"Galo e Furac\u00e3o decidem o t\u00edtulo da Copa do Brasil nesta quarta-feira"}]},{"@type":"WebSite","@id":"https:\/\/aconteceunovale.com.br\/portal\/#website","url":"https:\/\/aconteceunovale.com.br\/portal\/","name":"Aconteceu no Vale","description":"Portal de Not\u00edcias","potentialAction":[{"@type":"SearchAction","target":{"@type":"EntryPoint","urlTemplate":"https:\/\/aconteceunovale.com.br\/portal\/?s={search_term_string}"},"query-input":{"@type":"PropertyValueSpecification","valueRequired":true,"valueName":"search_term_string"}}],"inLanguage":"pt-BR"},{"@type":"Person","@id":"https:\/\/aconteceunovale.com.br\/portal\/#\/schema\/person\/7d2f26d1483f8a63de73da1ee0754d35","name":"Reda\u00e7\u00e3o Aconteceu no Vale","description":"Equipe de reportagem do Aconteceu no Vale, portal de not\u00edcias do Vale do Jequitinhonha, em Minas Gerais. Cobrimos as 51 cidades do Vale desde 2013. Sugest\u00f5es de pauta e pedidos de corre\u00e7\u00e3o: contato@aconteceunovale.com.br","url":"https:\/\/aconteceunovale.com.br\/portal\/?author=4"}]}},"_links":{"self":[{"href":"https:\/\/aconteceunovale.com.br\/portal\/index.php?rest_route=\/wp\/v2\/posts\/184849","targetHints":{"allow":["GET"]}}],"collection":[{"href":"https:\/\/aconteceunovale.com.br\/portal\/index.php?rest_route=\/wp\/v2\/posts"}],"about":[{"href":"https:\/\/aconteceunovale.com.br\/portal\/index.php?rest_route=\/wp\/v2\/types\/post"}],"author":[{"embeddable":true,"href":"https:\/\/aconteceunovale.com.br\/portal\/index.php?rest_route=\/wp\/v2\/users\/4"}],"replies":[{"embeddable":true,"href":"https:\/\/aconteceunovale.com.br\/portal\/index.php?rest_route=%2Fwp%2Fv2%2Fcomments&post=184849"}],"version-history":[{"count":1,"href":"https:\/\/aconteceunovale.com.br\/portal\/index.php?rest_route=\/wp\/v2\/posts\/184849\/revisions"}],"predecessor-version":[{"id":184851,"href":"https:\/\/aconteceunovale.com.br\/portal\/index.php?rest_route=\/wp\/v2\/posts\/184849\/revisions\/184851"}],"wp:featuredmedia":[{"embeddable":true,"href":"https:\/\/aconteceunovale.com.br\/portal\/index.php?rest_route=\/wp\/v2\/media\/184850"}],"wp:attachment":[{"href":"https:\/\/aconteceunovale.com.br\/portal\/index.php?rest_route=%2Fwp%2Fv2%2Fmedia&parent=184849"}],"wp:term":[{"taxonomy":"category","embeddable":true,"href":"https:\/\/aconteceunovale.com.br\/portal\/index.php?rest_route=%2Fwp%2Fv2%2Fcategories&post=184849"},{"taxonomy":"post_tag","embeddable":true,"href":"https:\/\/aconteceunovale.com.br\/portal\/index.php?rest_route=%2Fwp%2Fv2%2Ftags&post=184849"}],"curies":[{"name":"wp","href":"https:\/\/api.w.org\/{rel}","templated":true}]}}