{"id":184842,"date":"2021-12-14T20:33:36","date_gmt":"2021-12-14T23:33:36","guid":{"rendered":"https:\/\/aconteceunovale.com.br\/portal\/?p=184842"},"modified":"2021-12-14T20:34:33","modified_gmt":"2021-12-14T23:34:33","slug":"minas-gerais-intensifica-campanha-para-reforco-da-vacinacao-contra-covid-19-e-destaca-perigo-da-omicron","status":"publish","type":"post","link":"https:\/\/aconteceunovale.com.br\/portal\/?p=184842","title":{"rendered":"Minas Gerais intensifica campanha para refor\u00e7o da vacina\u00e7\u00e3o contra Covid-19 e destaca perigo da \u00d4micron"},"content":{"rendered":"\n<p class=\"wp-block-paragraph\">O\u00a0Governo de Minas\u00a0vai lan\u00e7ar, nos pr\u00f3ximos dias, campanha para que a popula\u00e7\u00e3o complete e reforce o esquema vacinal contra a covid-19. A estrat\u00e9gia, divulgada em coletiva de imprensa realizada na Cidade Administrativa, nesta segunda-feira (13\/12\/2021) tem o objetivo de prevenir casos da variante \u00f4micron (B.1.1.529) em Minas Gerais.<\/p>\n\n\n\n<p class=\"wp-block-paragraph\">Secret\u00e1rio de Estado de\u00a0Sa\u00fade, o m\u00e9dico F\u00e1bio Baccheretti afirmou que a\u00a0cepa j\u00e1 teve 12 casos confirmados no Brasil, nenhum em Minas Gerais. De acordo com estudos preliminares, a \u00f4micron possui maior infectividade, e a efic\u00e1cia da vacina \u00e9 maior em quem estiver imunizado com a dose de refor\u00e7o \u2013 atualmente administrada em Minas Gerais a quem completou o esquema vacinal com duas doses h\u00e1 pelo menos cinco meses.<\/p>\n\n\n\n<p class=\"wp-block-paragraph\">Baccheretti informou que h\u00e1 quatro casos suspeitos da variante no estado. S\u00e3o dois homens e duas mulheres que chegaram recentemente da \u00c1frica, sendo que dois vieram da \u00c1frica do Sul, uma de Gana e outra de Mo\u00e7ambique. Os quatro testaram positivo para covid-19 e, seguindo os protocolos sanit\u00e1rios, foram coletadas amostras para sequenciamento gen\u00e9tico e identifica\u00e7\u00e3o da cepa. Os materiais coletados est\u00e3o sendo processados pela\u00a0Funda\u00e7\u00e3o Ezequiel Dias (Funed)\u00a0e a previs\u00e3o \u00e9 a de que seja poss\u00edvel identificar a variante em at\u00e9 sete dias. Os casos j\u00e1 foram comunicados ao Minist\u00e9rio da Sa\u00fade (MS) e os pacientes est\u00e3o em isolamento domiciliar.<\/p>\n\n\n\n<p class=\"wp-block-paragraph\">\u201cDiante da nova variante \u00f4micron, que ainda n\u00e3o est\u00e1 em nosso estado, mas vai chegar em algum momento, estudos pr\u00e9vios parciais demonstram que a dose de refor\u00e7o d\u00e1 uma capacidade imunol\u00f3gica muito maior \u00e0s pessoas\u201d, afirma o secret\u00e1rio, destacando que a imuniza\u00e7\u00e3o completa reduz tamb\u00e9m a chance de interna\u00e7\u00e3o hospitalar.<\/p>\n\n\n\n<h2 class=\"wp-block-heading\"><strong>Apelo<\/strong><\/h2>\n\n\n\n<p class=\"wp-block-paragraph\">Baccheretti conclamou a popula\u00e7\u00e3o que ainda n\u00e3o tomou as duas doses da vacina a procurar unidade b\u00e1sica de sa\u00fade e se imunizar. \u201cTemos vacinas dispon\u00edveis em Minas Gerais, distribu\u00eddas para todos os munic\u00edpios, e n\u00f3s temos mais doses, caso algum munic\u00edpio precise. Agora precisamos fazer essa grande campanha antes que a \u00f4micron chegue em nosso estado com for\u00e7a, o que deve acontecer no pa\u00eds como um todo\u201d, alertou.<\/p>\n\n\n\n<p class=\"wp-block-paragraph\">O secret\u00e1rio pontuou o avan\u00e7o da cobertura vacinal em Minas, que conta com mais de 33 milh\u00f5es de doses aplicadas, imunizando 91,25% da popula\u00e7\u00e3o de 12 anos ou mais com ao menos uma dose, e 81,31% desse p\u00fablico alvo com a segunda dose ou dose \u00fanica. Os \u00edndices da segunda dose registraram uma acelera\u00e7\u00e3o significativa gra\u00e7as \u00e0 estrat\u00e9gia de redu\u00e7\u00e3o do intervalo para 21 dias. A partir da avalia\u00e7\u00e3o dos impactos da \u00f4micron, Minas Gerais tamb\u00e9m estuda reduzir o intervalo para a dose de refor\u00e7o de cinco para quatro meses.<\/p>\n\n\n\n<p class=\"wp-block-paragraph\">Outra importante estrat\u00e9gia que poder\u00e1 ser adotada nas pr\u00f3ximas semanas \u00e9 a imuniza\u00e7\u00e3o de crian\u00e7as de 5 a 11 anos de idade. Baccheretti destacou que a decis\u00e3o depende da Ag\u00eancia Nacional de Vigil\u00e2ncia Sanit\u00e1ria (Anvisa), que deve emitir um parecer no s\u00e1bado (18\/12) com a autoriza\u00e7\u00e3o da aplica\u00e7\u00e3o da vacina contra a covid-19 para esta faixa et\u00e1ria.<\/p>\n\n\n\n<h2 class=\"wp-block-heading\"><strong>Situa\u00e7\u00e3o<\/strong><\/h2>\n\n\n\n<p class=\"wp-block-paragraph\">O secret\u00e1rio de Sa\u00fade destacou que, atualmente, a pandemia em Minas Gerais est\u00e1 controlada, com baixos \u00edndices de circula\u00e7\u00e3o do v\u00edrus, que fizeram o estado completar tr\u00eas meses com todas as macrorregi\u00f5es na Onda Verde, do plano Minas Consciente. H\u00e1 tamb\u00e9m queda consistente nos n\u00fameros de casos e \u00f3bitos por covid-19. Na \u00faltima semana, o estado registrou o menor n\u00famero de interna\u00e7\u00f5es por S\u00edndrome Respirat\u00f3ria Aguda Grave (SRAG) desde abril do ano passado.<\/p>\n\n\n\n<p class=\"wp-block-paragraph\">Al\u00e9m disso, na avalia\u00e7\u00e3o por cidades, 633 dos 853 munic\u00edpios mineiros n\u00e3o registraram \u00f3bitos por covid-19 no \u00faltimo m\u00eas, e 702 n\u00e3o tiveram mortes pela doen\u00e7a nos \u00faltimos 15 dias. S\u00e3o 572 os munic\u00edpios com at\u00e9 50 casos por 100.00 habitantes e 479 cidades tiveram at\u00e9 30 casos por 100 mil habitantes.<\/p>\n\n\n\n<p class=\"wp-block-paragraph\">\u201cHoje, a pandemia est\u00e1 controlada no estado. N\u00f3s temos uma transmiss\u00e3o baixa, em n\u00edveis pr\u00e9-abril do ano passado. N\u00f3s temos um controle com a variante delta, a mesma variante que est\u00e1 causando a quarta onda na Europa, mas da mesma forma a Europa estava com a pandemia controlada em setembro\u201d, analisa F\u00e1bio Baccheretti. Ele aponta a necessidade de aprender com o exemplo daquele continente para evitar que a situa\u00e7\u00e3o saia do controle.<\/p>\n\n\n\n<p class=\"wp-block-paragraph\">\u201cNa Europa, poucos pa\u00edses fizeram o refor\u00e7o da sua popula\u00e7\u00e3o geral. N\u00f3s j\u00e1 iniciamos esse refor\u00e7o, e j\u00e1 temos doses suficientes para refor\u00e7ar todos que j\u00e1 t\u00eam cinco meses da segunda dose. Quem n\u00e3o tomou seu refor\u00e7o, que o tome de forma imediata, para que quando chegar o per\u00edodo sazonal, de fevereiro para mar\u00e7o, a gente n\u00e3o tenha essa capacidade de replica\u00e7\u00e3o do v\u00edrus como temos l\u00e1 hoje&#8221;, adverte.<\/p>\n\n\n\n<p class=\"wp-block-paragraph\">&#8212;&#8212;&#8212;&#8212;&#8212;&#8212;<br><em>Quer receber as not\u00edcias do <strong>Aconteceu no Vale<\/strong> em primeira m\u00e3o? Siga-nos no Facebook <a rel=\"noreferrer noopener\" href=\"http:\/\/facebook.com\/aconteceunovale\" target=\"_blank\">@aconteceunovale<\/a>, Twitter <a rel=\"noreferrer noopener\" href=\"https:\/\/twitter.com\/noticiadosvales\" target=\"_blank\">@noticiadosvales<\/a> e Instagram <a rel=\"noreferrer noopener\" href=\"https:\/\/www.instagram.com\/aconteceunovale\" target=\"_blank\">@aconteceunovale<\/a>.<\/em><\/p>\n","protected":false},"excerpt":{"rendered":"<p>O\u00a0Governo de Minas\u00a0vai lan\u00e7ar, nos pr\u00f3ximos dias, campanha para que a popula\u00e7\u00e3o complete e reforce o esquema vacinal contra a covid-19. A estrat\u00e9gia, divulgada em coletiva de imprensa realizada na Cidade Administrativa, nesta segunda-feira (13\/12\/2021) tem o objetivo de prevenir casos da variante \u00f4micron (B.1.1.529) em Minas Gerais. Secret\u00e1rio de Estado de\u00a0Sa\u00fade, o m\u00e9dico F\u00e1bio [&hellip;]<\/p>\n","protected":false},"author":4,"featured_media":182462,"comment_status":"open","ping_status":"closed","sticky":false,"template":"","format":"standard","meta":{"amp_status":"","footnotes":""},"categories":[123,40242],"tags":[59106,22396,255721,2278,255080,255131,255129,255126,254976,254975,214884,216498,255715,1018,255717,254954,4611,246445,255714,18920,255130,254955,239762,255720,19326,34259,254956,254973,254972,254974,254952,254953,232975,215653,254969,255127,140166,37790,255081,2382,219312,255716,40916,255178,239472,255079,255718,255719,254977,254957,254971,254970,255128,255713,150350],"class_list":["post-184842","post","type-post","status-publish","format-standard","has-post-thumbnail","hentry","category-gerais","category-saude-2","tag-africa-do-sul","tag-alemanha","tag-alerta-sobre-a-omicron","tag-anvisa","tag-arma-contra-omicron","tag-casal-infectado-com-a-variante-omicron","tag-casos-da-variante-omicron-no-brasil","tag-casos-de-omicron-no-brasil","tag-cepa-africana-omicron","tag-cepa-omicron","tag-coronavirus","tag-covid-19","tag-dados-sobre-a-variante-omicron","tag-destaque","tag-doenca-causada-pela-omicron","tag-eswatini","tag-guarulhos","tag-imunizacao-contra-covid-19-no-brasil","tag-informacoes-sobre-a-variante-omicron","tag-italia","tag-laboratorio-albert-einstein","tag-lesoto","tag-marcelo-queiroga","tag-mascaras-omicron","tag-ministerio-da-saude","tag-ministro-da-saude","tag-namibia","tag-nome-da-nova-variante-da-covid-19","tag-nome-da-nova-variante-do-coronavirus","tag-nome-da-nova-variante-do-sars-cov-2","tag-nova-variante-de-covid-19","tag-nova-variante-de-sars-cov-2","tag-nova-variante-do-coronavirus","tag-novo-coronavirus","tag-omicron","tag-omicron-no-brasil","tag-pandemia","tag-reino-unido","tag-resposta-contra-omicron","tag-sao-paulo","tag-sars-cov-2","tag-sobre-a-variante-omicron","tag-sp","tag-sp-registra-3o-caso-da-variante-omicron","tag-vacinacao-contra-covid-19-no-brasil","tag-vacinacao-contra-omicron","tag-vacinas-funcionam-contra-a-omicron","tag-vacinas-omicron","tag-variante-africana-omicron","tag-variante-b-1-1-529","tag-variante-de-preocupacao-omicron","tag-variante-omicron","tag-variante-omicron-no-brasil","tag-veja-o-que-se-sabe-sobre-a-variante-omicron","tag-zimbabue"],"yoast_head":"<!-- This site is optimized with the Yoast SEO plugin v28.3 - https:\/\/yoast.com\/product\/yoast-seo-wordpress\/ -->\n<title>Minas Gerais intensifica campanha para refor\u00e7o da vacina\u00e7\u00e3o contra Covid-19 e destaca perigo da \u00d4micron - Aconteceu no Vale<\/title>\n<meta name=\"robots\" content=\"index, follow, max-snippet:-1, max-image-preview:large, max-video-preview:-1\" \/>\n<link rel=\"canonical\" href=\"https:\/\/aconteceunovale.com.br\/portal\/?p=184842\" \/>\n<meta property=\"og:locale\" content=\"pt_BR\" \/>\n<meta property=\"og:type\" content=\"article\" \/>\n<meta property=\"og:title\" content=\"Minas Gerais intensifica campanha para refor\u00e7o da vacina\u00e7\u00e3o contra Covid-19 e destaca perigo da \u00d4micron - Aconteceu no Vale\" \/>\n<meta property=\"og:description\" content=\"O\u00a0Governo de Minas\u00a0vai lan\u00e7ar, nos pr\u00f3ximos dias, campanha para que a popula\u00e7\u00e3o complete e reforce o esquema vacinal contra a covid-19. A estrat\u00e9gia, divulgada em coletiva de imprensa realizada na Cidade Administrativa, nesta segunda-feira (13\/12\/2021) tem o objetivo de prevenir casos da variante \u00f4micron (B.1.1.529) em Minas Gerais. Secret\u00e1rio de Estado de\u00a0Sa\u00fade, o m\u00e9dico F\u00e1bio [&hellip;]\" \/>\n<meta property=\"og:url\" content=\"https:\/\/aconteceunovale.com.br\/portal\/?p=184842\" \/>\n<meta property=\"og:site_name\" content=\"Aconteceu no Vale\" \/>\n<meta property=\"article:publisher\" content=\"https:\/\/www.facebook.com\/aconteceunovale\/\" \/>\n<meta property=\"article:published_time\" content=\"2021-12-14T23:33:36+00:00\" \/>\n<meta property=\"article:modified_time\" content=\"2021-12-14T23:34:33+00:00\" \/>\n<meta property=\"og:image\" content=\"https:\/\/aconteceunovale.com.br\/portal\/wp-content\/uploads\/2021\/10\/vacina_cotra_covid.jpg\" \/>\n\t<meta property=\"og:image:width\" content=\"678\" \/>\n\t<meta property=\"og:image:height\" content=\"406\" \/>\n\t<meta property=\"og:image:type\" content=\"image\/jpeg\" \/>\n<meta name=\"author\" content=\"Reda\u00e7\u00e3o Aconteceu no Vale\" \/>\n<meta name=\"twitter:card\" content=\"summary_large_image\" \/>\n<meta name=\"twitter:creator\" content=\"@noticiadosvales\" \/>\n<meta name=\"twitter:site\" content=\"@noticiadosvales\" \/>\n<meta name=\"twitter:label1\" content=\"Escrito por\" \/>\n\t<meta name=\"twitter:data1\" content=\"Reda\u00e7\u00e3o Aconteceu no Vale\" \/>\n\t<meta name=\"twitter:label2\" content=\"Est. tempo de leitura\" \/>\n\t<meta name=\"twitter:data2\" content=\"4 minutos\" \/>\n<script type=\"application\/ld+json\" class=\"yoast-schema-graph\">{\"@context\":\"https:\\\/\\\/schema.org\",\"@graph\":[{\"@type\":\"Article\",\"@id\":\"https:\\\/\\\/aconteceunovale.com.br\\\/portal\\\/?p=184842#article\",\"isPartOf\":{\"@id\":\"https:\\\/\\\/aconteceunovale.com.br\\\/portal\\\/?p=184842\"},\"author\":{\"name\":\"Reda\u00e7\u00e3o Aconteceu no Vale\",\"@id\":\"https:\\\/\\\/aconteceunovale.com.br\\\/portal\\\/#\\\/schema\\\/person\\\/7d2f26d1483f8a63de73da1ee0754d35\"},\"headline\":\"Minas Gerais intensifica campanha para refor\u00e7o da vacina\u00e7\u00e3o contra Covid-19 e destaca perigo da \u00d4micron\",\"datePublished\":\"2021-12-14T23:33:36+00:00\",\"dateModified\":\"2021-12-14T23:34:33+00:00\",\"mainEntityOfPage\":{\"@id\":\"https:\\\/\\\/aconteceunovale.com.br\\\/portal\\\/?p=184842\"},\"wordCount\":878,\"commentCount\":0,\"image\":{\"@id\":\"https:\\\/\\\/aconteceunovale.com.br\\\/portal\\\/?p=184842#primaryimage\"},\"thumbnailUrl\":\"https:\\\/\\\/aconteceunovale.com.br\\\/portal\\\/wp-content\\\/uploads\\\/2021\\\/10\\\/vacina_cotra_covid.jpg\",\"keywords\":[\"\u00c1frica do Sul\",\"Alemanha\",\"Alerta sobre a \u00d4micron\",\"Anvisa\",\"Arma contra \u00d4micron\",\"Casal infectado com a variante \u00d4micron\",\"Casos da variante \u00d4micron no Brasil\",\"Casos de \u00d4micron no Brasil\",\"Cepa africana Omicron\",\"Cepa Omicron\",\"Coronav\u00edrus\",\"COVID-19\",\"Dados sobre a variante \u00d4micron\",\"destaque\",\"Doen\u00e7a causada pela \u00d4micron\",\"Eswatini\",\"Guarulhos\",\"Imuniza\u00e7\u00e3o contra covid-19 no Brasil\",\"Informa\u00e7\u00f5es sobre a variante \u00d4micron\",\"It\u00e1lia\",\"Laborat\u00f3rio Albert Einstein\",\"Lesoto\",\"Marcelo Queiroga\",\"M\u00e1scaras \u00d4micron\",\"Minist\u00e9rio da Sa\u00fade\",\"ministro da Sa\u00fade\",\"Nam\u00edbia\",\"Nome da nova variante da Covid-19\",\"Nome da nova variante do coronav\u00edrus\",\"Nome da nova variante do Sars-Cov-2\",\"Nova variante de covid-19\",\"Nova variante de Sars-Cov-2\",\"Nova variante do coronav\u00edrus\",\"Novo coronav\u00edrus\",\"Omicron\",\"\u00d4micron no Brasil\",\"pandemia\",\"Reino Unido\",\"Resposta contra \u00d4micron\",\"S\u00e3o Paulo\",\"Sars-Cov-2\",\"Sobre a variante \u00d4micron\",\"SP\",\"SP registra 3\u00ba caso da variante \u00d4micron\",\"Vacina\u00e7\u00e3o contra covid-19 no Brasil\",\"Vacina\u00e7\u00e3o contra \u00d4micron\",\"Vacinas funcionam contra a \u00d4micron\",\"Vacinas \u00d4micron\",\"Variante africana Omicron\",\"Variante B.1.1.529\",\"Variante de Preocupa\u00e7\u00e3o Omicron\",\"Variante Omicron\",\"Variante \u00d4micron no Brasil\",\"Veja o que se sabe sobre a variante \u00d4micron\",\"Zimb\u00e1bue\"],\"articleSection\":[\"Minas Gerais\",\"Sa\u00fade\"],\"inLanguage\":\"pt-BR\",\"potentialAction\":[{\"@type\":\"CommentAction\",\"name\":\"Comment\",\"target\":[\"https:\\\/\\\/aconteceunovale.com.br\\\/portal\\\/?p=184842#respond\"]}]},{\"@type\":\"WebPage\",\"@id\":\"https:\\\/\\\/aconteceunovale.com.br\\\/portal\\\/?p=184842\",\"url\":\"https:\\\/\\\/aconteceunovale.com.br\\\/portal\\\/?p=184842\",\"name\":\"Minas Gerais intensifica campanha para refor\u00e7o da vacina\u00e7\u00e3o contra Covid-19 e destaca perigo da \u00d4micron - Aconteceu no Vale\",\"isPartOf\":{\"@id\":\"https:\\\/\\\/aconteceunovale.com.br\\\/portal\\\/#website\"},\"primaryImageOfPage\":{\"@id\":\"https:\\\/\\\/aconteceunovale.com.br\\\/portal\\\/?p=184842#primaryimage\"},\"image\":{\"@id\":\"https:\\\/\\\/aconteceunovale.com.br\\\/portal\\\/?p=184842#primaryimage\"},\"thumbnailUrl\":\"https:\\\/\\\/aconteceunovale.com.br\\\/portal\\\/wp-content\\\/uploads\\\/2021\\\/10\\\/vacina_cotra_covid.jpg\",\"datePublished\":\"2021-12-14T23:33:36+00:00\",\"dateModified\":\"2021-12-14T23:34:33+00:00\",\"author\":{\"@id\":\"https:\\\/\\\/aconteceunovale.com.br\\\/portal\\\/#\\\/schema\\\/person\\\/7d2f26d1483f8a63de73da1ee0754d35\"},\"breadcrumb\":{\"@id\":\"https:\\\/\\\/aconteceunovale.com.br\\\/portal\\\/?p=184842#breadcrumb\"},\"inLanguage\":\"pt-BR\",\"potentialAction\":[{\"@type\":\"ReadAction\",\"target\":[\"https:\\\/\\\/aconteceunovale.com.br\\\/portal\\\/?p=184842\"]}]},{\"@type\":\"ImageObject\",\"inLanguage\":\"pt-BR\",\"@id\":\"https:\\\/\\\/aconteceunovale.com.br\\\/portal\\\/?p=184842#primaryimage\",\"url\":\"https:\\\/\\\/aconteceunovale.com.br\\\/portal\\\/wp-content\\\/uploads\\\/2021\\\/10\\\/vacina_cotra_covid.jpg\",\"contentUrl\":\"https:\\\/\\\/aconteceunovale.com.br\\\/portal\\\/wp-content\\\/uploads\\\/2021\\\/10\\\/vacina_cotra_covid.jpg\",\"width\":678,\"height\":406,\"caption\":\"Vainca\u00e7\u00e3o contra covid - Vacina Astrazeneca - Centro de Sa\u00fade n\u00b013, 23\\\/07\\\/2021 Fotos: Myke Sena\\\/MS\"},{\"@type\":\"BreadcrumbList\",\"@id\":\"https:\\\/\\\/aconteceunovale.com.br\\\/portal\\\/?p=184842#breadcrumb\",\"itemListElement\":[{\"@type\":\"ListItem\",\"position\":1,\"name\":\"In\u00edcio\",\"item\":\"https:\\\/\\\/aconteceunovale.com.br\\\/portal\\\/\"},{\"@type\":\"ListItem\",\"position\":2,\"name\":\"Minas Gerais intensifica campanha para refor\u00e7o da vacina\u00e7\u00e3o contra Covid-19 e destaca perigo da \u00d4micron\"}]},{\"@type\":\"WebSite\",\"@id\":\"https:\\\/\\\/aconteceunovale.com.br\\\/portal\\\/#website\",\"url\":\"https:\\\/\\\/aconteceunovale.com.br\\\/portal\\\/\",\"name\":\"Aconteceu no Vale\",\"description\":\"Portal de Not\u00edcias\",\"potentialAction\":[{\"@type\":\"SearchAction\",\"target\":{\"@type\":\"EntryPoint\",\"urlTemplate\":\"https:\\\/\\\/aconteceunovale.com.br\\\/portal\\\/?s={search_term_string}\"},\"query-input\":{\"@type\":\"PropertyValueSpecification\",\"valueRequired\":true,\"valueName\":\"search_term_string\"}}],\"inLanguage\":\"pt-BR\"},{\"@type\":\"Person\",\"@id\":\"https:\\\/\\\/aconteceunovale.com.br\\\/portal\\\/#\\\/schema\\\/person\\\/7d2f26d1483f8a63de73da1ee0754d35\",\"name\":\"Reda\u00e7\u00e3o Aconteceu no Vale\",\"description\":\"Equipe de reportagem do Aconteceu no Vale, portal de not\u00edcias do Vale do Jequitinhonha, em Minas Gerais. Cobrimos as 51 cidades do Vale desde 2013. Sugest\u00f5es de pauta e pedidos de corre\u00e7\u00e3o: contato@aconteceunovale.com.br\",\"url\":\"https:\\\/\\\/aconteceunovale.com.br\\\/portal\\\/?author=4\"}]}<\/script>\n<!-- \/ Yoast SEO plugin. -->","yoast_head_json":{"title":"Minas Gerais intensifica campanha para refor\u00e7o da vacina\u00e7\u00e3o contra Covid-19 e destaca perigo da \u00d4micron - Aconteceu no Vale","robots":{"index":"index","follow":"follow","max-snippet":"max-snippet:-1","max-image-preview":"max-image-preview:large","max-video-preview":"max-video-preview:-1"},"canonical":"https:\/\/aconteceunovale.com.br\/portal\/?p=184842","og_locale":"pt_BR","og_type":"article","og_title":"Minas Gerais intensifica campanha para refor\u00e7o da vacina\u00e7\u00e3o contra Covid-19 e destaca perigo da \u00d4micron - Aconteceu no Vale","og_description":"O\u00a0Governo de Minas\u00a0vai lan\u00e7ar, nos pr\u00f3ximos dias, campanha para que a popula\u00e7\u00e3o complete e reforce o esquema vacinal contra a covid-19. A estrat\u00e9gia, divulgada em coletiva de imprensa realizada na Cidade Administrativa, nesta segunda-feira (13\/12\/2021) tem o objetivo de prevenir casos da variante \u00f4micron (B.1.1.529) em Minas Gerais. Secret\u00e1rio de Estado de\u00a0Sa\u00fade, o m\u00e9dico F\u00e1bio [&hellip;]","og_url":"https:\/\/aconteceunovale.com.br\/portal\/?p=184842","og_site_name":"Aconteceu no Vale","article_publisher":"https:\/\/www.facebook.com\/aconteceunovale\/","article_published_time":"2021-12-14T23:33:36+00:00","article_modified_time":"2021-12-14T23:34:33+00:00","og_image":[{"width":678,"height":406,"url":"https:\/\/aconteceunovale.com.br\/portal\/wp-content\/uploads\/2021\/10\/vacina_cotra_covid.jpg","type":"image\/jpeg"}],"author":"Reda\u00e7\u00e3o Aconteceu no Vale","twitter_card":"summary_large_image","twitter_creator":"@noticiadosvales","twitter_site":"@noticiadosvales","twitter_misc":{"Escrito por":"Reda\u00e7\u00e3o Aconteceu no Vale","Est. tempo de leitura":"4 minutos"},"schema":{"@context":"https:\/\/schema.org","@graph":[{"@type":"Article","@id":"https:\/\/aconteceunovale.com.br\/portal\/?p=184842#article","isPartOf":{"@id":"https:\/\/aconteceunovale.com.br\/portal\/?p=184842"},"author":{"name":"Reda\u00e7\u00e3o Aconteceu no Vale","@id":"https:\/\/aconteceunovale.com.br\/portal\/#\/schema\/person\/7d2f26d1483f8a63de73da1ee0754d35"},"headline":"Minas Gerais intensifica campanha para refor\u00e7o da vacina\u00e7\u00e3o contra Covid-19 e destaca perigo da \u00d4micron","datePublished":"2021-12-14T23:33:36+00:00","dateModified":"2021-12-14T23:34:33+00:00","mainEntityOfPage":{"@id":"https:\/\/aconteceunovale.com.br\/portal\/?p=184842"},"wordCount":878,"commentCount":0,"image":{"@id":"https:\/\/aconteceunovale.com.br\/portal\/?p=184842#primaryimage"},"thumbnailUrl":"https:\/\/aconteceunovale.com.br\/portal\/wp-content\/uploads\/2021\/10\/vacina_cotra_covid.jpg","keywords":["\u00c1frica do Sul","Alemanha","Alerta sobre a \u00d4micron","Anvisa","Arma contra \u00d4micron","Casal infectado com a variante \u00d4micron","Casos da variante \u00d4micron no Brasil","Casos de \u00d4micron no Brasil","Cepa africana Omicron","Cepa Omicron","Coronav\u00edrus","COVID-19","Dados sobre a variante \u00d4micron","destaque","Doen\u00e7a causada pela \u00d4micron","Eswatini","Guarulhos","Imuniza\u00e7\u00e3o contra covid-19 no Brasil","Informa\u00e7\u00f5es sobre a variante \u00d4micron","It\u00e1lia","Laborat\u00f3rio Albert Einstein","Lesoto","Marcelo Queiroga","M\u00e1scaras \u00d4micron","Minist\u00e9rio da Sa\u00fade","ministro da Sa\u00fade","Nam\u00edbia","Nome da nova variante da Covid-19","Nome da nova variante do coronav\u00edrus","Nome da nova variante do Sars-Cov-2","Nova variante de covid-19","Nova variante de Sars-Cov-2","Nova variante do coronav\u00edrus","Novo coronav\u00edrus","Omicron","\u00d4micron no Brasil","pandemia","Reino Unido","Resposta contra \u00d4micron","S\u00e3o Paulo","Sars-Cov-2","Sobre a variante \u00d4micron","SP","SP registra 3\u00ba caso da variante \u00d4micron","Vacina\u00e7\u00e3o contra covid-19 no Brasil","Vacina\u00e7\u00e3o contra \u00d4micron","Vacinas funcionam contra a \u00d4micron","Vacinas \u00d4micron","Variante africana Omicron","Variante B.1.1.529","Variante de Preocupa\u00e7\u00e3o Omicron","Variante Omicron","Variante \u00d4micron no Brasil","Veja o que se sabe sobre a variante \u00d4micron","Zimb\u00e1bue"],"articleSection":["Minas Gerais","Sa\u00fade"],"inLanguage":"pt-BR","potentialAction":[{"@type":"CommentAction","name":"Comment","target":["https:\/\/aconteceunovale.com.br\/portal\/?p=184842#respond"]}]},{"@type":"WebPage","@id":"https:\/\/aconteceunovale.com.br\/portal\/?p=184842","url":"https:\/\/aconteceunovale.com.br\/portal\/?p=184842","name":"Minas Gerais intensifica campanha para refor\u00e7o da vacina\u00e7\u00e3o contra Covid-19 e destaca perigo da \u00d4micron - Aconteceu no Vale","isPartOf":{"@id":"https:\/\/aconteceunovale.com.br\/portal\/#website"},"primaryImageOfPage":{"@id":"https:\/\/aconteceunovale.com.br\/portal\/?p=184842#primaryimage"},"image":{"@id":"https:\/\/aconteceunovale.com.br\/portal\/?p=184842#primaryimage"},"thumbnailUrl":"https:\/\/aconteceunovale.com.br\/portal\/wp-content\/uploads\/2021\/10\/vacina_cotra_covid.jpg","datePublished":"2021-12-14T23:33:36+00:00","dateModified":"2021-12-14T23:34:33+00:00","author":{"@id":"https:\/\/aconteceunovale.com.br\/portal\/#\/schema\/person\/7d2f26d1483f8a63de73da1ee0754d35"},"breadcrumb":{"@id":"https:\/\/aconteceunovale.com.br\/portal\/?p=184842#breadcrumb"},"inLanguage":"pt-BR","potentialAction":[{"@type":"ReadAction","target":["https:\/\/aconteceunovale.com.br\/portal\/?p=184842"]}]},{"@type":"ImageObject","inLanguage":"pt-BR","@id":"https:\/\/aconteceunovale.com.br\/portal\/?p=184842#primaryimage","url":"https:\/\/aconteceunovale.com.br\/portal\/wp-content\/uploads\/2021\/10\/vacina_cotra_covid.jpg","contentUrl":"https:\/\/aconteceunovale.com.br\/portal\/wp-content\/uploads\/2021\/10\/vacina_cotra_covid.jpg","width":678,"height":406,"caption":"Vainca\u00e7\u00e3o contra covid - Vacina Astrazeneca - Centro de Sa\u00fade n\u00b013, 23\/07\/2021 Fotos: Myke Sena\/MS"},{"@type":"BreadcrumbList","@id":"https:\/\/aconteceunovale.com.br\/portal\/?p=184842#breadcrumb","itemListElement":[{"@type":"ListItem","position":1,"name":"In\u00edcio","item":"https:\/\/aconteceunovale.com.br\/portal\/"},{"@type":"ListItem","position":2,"name":"Minas Gerais intensifica campanha para refor\u00e7o da vacina\u00e7\u00e3o contra Covid-19 e destaca perigo da \u00d4micron"}]},{"@type":"WebSite","@id":"https:\/\/aconteceunovale.com.br\/portal\/#website","url":"https:\/\/aconteceunovale.com.br\/portal\/","name":"Aconteceu no Vale","description":"Portal de Not\u00edcias","potentialAction":[{"@type":"SearchAction","target":{"@type":"EntryPoint","urlTemplate":"https:\/\/aconteceunovale.com.br\/portal\/?s={search_term_string}"},"query-input":{"@type":"PropertyValueSpecification","valueRequired":true,"valueName":"search_term_string"}}],"inLanguage":"pt-BR"},{"@type":"Person","@id":"https:\/\/aconteceunovale.com.br\/portal\/#\/schema\/person\/7d2f26d1483f8a63de73da1ee0754d35","name":"Reda\u00e7\u00e3o Aconteceu no Vale","description":"Equipe de reportagem do Aconteceu no Vale, portal de not\u00edcias do Vale do Jequitinhonha, em Minas Gerais. Cobrimos as 51 cidades do Vale desde 2013. Sugest\u00f5es de pauta e pedidos de corre\u00e7\u00e3o: contato@aconteceunovale.com.br","url":"https:\/\/aconteceunovale.com.br\/portal\/?author=4"}]}},"_links":{"self":[{"href":"https:\/\/aconteceunovale.com.br\/portal\/index.php?rest_route=\/wp\/v2\/posts\/184842","targetHints":{"allow":["GET"]}}],"collection":[{"href":"https:\/\/aconteceunovale.com.br\/portal\/index.php?rest_route=\/wp\/v2\/posts"}],"about":[{"href":"https:\/\/aconteceunovale.com.br\/portal\/index.php?rest_route=\/wp\/v2\/types\/post"}],"author":[{"embeddable":true,"href":"https:\/\/aconteceunovale.com.br\/portal\/index.php?rest_route=\/wp\/v2\/users\/4"}],"replies":[{"embeddable":true,"href":"https:\/\/aconteceunovale.com.br\/portal\/index.php?rest_route=%2Fwp%2Fv2%2Fcomments&post=184842"}],"version-history":[{"count":1,"href":"https:\/\/aconteceunovale.com.br\/portal\/index.php?rest_route=\/wp\/v2\/posts\/184842\/revisions"}],"predecessor-version":[{"id":184844,"href":"https:\/\/aconteceunovale.com.br\/portal\/index.php?rest_route=\/wp\/v2\/posts\/184842\/revisions\/184844"}],"wp:featuredmedia":[{"embeddable":true,"href":"https:\/\/aconteceunovale.com.br\/portal\/index.php?rest_route=\/wp\/v2\/media\/182462"}],"wp:attachment":[{"href":"https:\/\/aconteceunovale.com.br\/portal\/index.php?rest_route=%2Fwp%2Fv2%2Fmedia&parent=184842"}],"wp:term":[{"taxonomy":"category","embeddable":true,"href":"https:\/\/aconteceunovale.com.br\/portal\/index.php?rest_route=%2Fwp%2Fv2%2Fcategories&post=184842"},{"taxonomy":"post_tag","embeddable":true,"href":"https:\/\/aconteceunovale.com.br\/portal\/index.php?rest_route=%2Fwp%2Fv2%2Ftags&post=184842"}],"curies":[{"name":"wp","href":"https:\/\/api.w.org\/{rel}","templated":true}]}}