{"id":184838,"date":"2021-12-14T16:55:47","date_gmt":"2021-12-14T19:55:47","guid":{"rendered":"https:\/\/aconteceunovale.com.br\/portal\/?p=184838"},"modified":"2021-12-14T19:35:12","modified_gmt":"2021-12-14T22:35:12","slug":"estado-decreta-situacao-de-emergencia-em-mais-27-municipios-afetados-por-chuvas","status":"publish","type":"post","link":"https:\/\/aconteceunovale.com.br\/portal\/?p=184838","title":{"rendered":"Estado decreta situa\u00e7\u00e3o de emerg\u00eancia em mais 27 munic\u00edpios afetados por chuvas"},"content":{"rendered":"\n<p class=\"wp-block-paragraph\">O&nbsp;Governo de Minas Gerais&nbsp;decretou situa\u00e7\u00e3o de emerg\u00eancia em mais 27 munic\u00edpios afetados por chuvas intensas. O documento foi publicado no Di\u00e1rio Oficial nesta ter\u00e7a-feira (14\/12\/2021) e mobiliza esfor\u00e7os do Estado para prestar apoio complementar \u00e0s cidades atingidas, por meio da&nbsp;Defesa Civil.&nbsp;<\/p>\n\n\n\n<figure class=\"wp-block-gallery columns-1 is-cropped wp-block-gallery-1 is-layout-flex wp-block-gallery-is-layout-flex\"><ul class=\"blocks-gallery-grid\"><li class=\"blocks-gallery-item\"><figure><img loading=\"lazy\" decoding=\"async\" width=\"675\" height=\"450\" src=\"https:\/\/aconteceunovale.com.br\/portal\/wp-content\/uploads\/2021\/12\/zema_mucuri_jequi_2.jpg\" alt=\"\" data-id=\"184702\" data-full-url=\"https:\/\/aconteceunovale.com.br\/portal\/wp-content\/uploads\/2021\/12\/zema_mucuri_jequi_2.jpg\" data-link=\"https:\/\/aconteceunovale.com.br\/portal\/?attachment_id=184702\" class=\"wp-image-184702\" srcset=\"https:\/\/aconteceunovale.com.br\/portal\/wp-content\/uploads\/2021\/12\/zema_mucuri_jequi_2.jpg 675w, https:\/\/aconteceunovale.com.br\/portal\/wp-content\/uploads\/2021\/12\/zema_mucuri_jequi_2-300x200.jpg 300w, https:\/\/aconteceunovale.com.br\/portal\/wp-content\/uploads\/2021\/12\/zema_mucuri_jequi_2-630x420.jpg 630w\" sizes=\"auto, (max-width: 675px) 100vw, 675px\" \/><figcaption class=\"blocks-gallery-item__caption\"><em>Foto: Gil Leonardi \/ Imprensa MG<\/em><\/figcaption><\/figure><\/li><\/ul><\/figure>\n\n\n\n<p class=\"wp-block-paragraph\">A publica\u00e7\u00e3o menciona que as tempestades causaram m\u00faltiplos desastres, como inunda\u00e7\u00f5es, movimentos de massas, enxurradas e alagamentos. Al\u00e9m disso, o texto tamb\u00e9m destaca que, com as chuvas, pessoas perderam a vida, ficaram desalojadas e desabrigadas, e comunidades foram ilhadas, entre outros danos e preju\u00edzos humanos, materiais e econ\u00f4micos.&nbsp;<\/p>\n\n\n\n<p class=\"wp-block-paragraph\">Com a inclus\u00e3o de 27 novos munic\u00edpios em situa\u00e7\u00e3o de emerg\u00eancia, Minas Gerais j\u00e1 soma 58 cidades afetadas pelas chuvas.<\/p>\n\n\n\n<h2 class=\"wp-block-heading\"><strong>Apoio<\/strong><\/h2>\n\n\n\n<p class=\"wp-block-paragraph\">Dentre as medidas de aux\u00edlio tomadas pelo Estado est\u00e3o a antecipa\u00e7\u00e3o do pagamento de seis parcelas de acordo firmado com a Associa\u00e7\u00e3o Mineira de Munic\u00edpios (AMM), referente ao ICMS e ao IPVA, e tamb\u00e9m do Piso Mineiro de Assist\u00eancia Social. Para esse \u00faltimo, as cidades podem pedir o adiantamento de tr\u00eas a seis parcelas, de acordo com a necessidade local.&nbsp;<\/p>\n\n\n\n<p class=\"wp-block-paragraph\">O apoio \u00e9 garantido aos munic\u00edpios que decretaram situa\u00e7\u00e3o de emerg\u00eancia, com reconhecimento estadual. Com o aporte, o repasse total do Governo de Minas pode chegar a R$ 5,63 milh\u00f5es. O valor ser\u00e1 utilizado para intensificar o atendimento \u00e0s fam\u00edlias atingidas e tamb\u00e9m fortalecer a reconstru\u00e7\u00e3o dos estragos causados pelos temporais.&nbsp;<\/p>\n\n\n\n<p class=\"wp-block-paragraph\">Outra frente de atua\u00e7\u00e3o \u00e9 comandada pelo&nbsp;Departamento de Edifica\u00e7\u00f5es e Estradas de Rodagem (DER-MG), que est\u00e1 com m\u00e1quinas e pessoal mobilizados para reestabelecer os acessos nas localidades que ficaram isoladas em decorr\u00eancia da a\u00e7\u00e3o das enchentes.<\/p>\n\n\n\n<h2 class=\"wp-block-heading\"><strong>Visita<\/strong><\/h2>\n\n\n\n<p class=\"wp-block-paragraph\">Na \u00faltima sexta-feira (10\/12), o governador Romeu Zema foi a \u00c1guas Formosas e a Machacalis, nos vales do Jequitinhonha e Mucuri, vistoriar os trabalhos da Defesa Civil estadual, que ofereceu assist\u00eancia \u00e0s comunidades prejudicadas. Na ocasi\u00e3o, ele conversou com os moradores e colocou a estrutura do Estado \u00e0 disposi\u00e7\u00e3o para prestar ajuda \u00e0s fam\u00edlias e para a recupera\u00e7\u00e3o das cidades.&nbsp;<\/p>\n\n\n\n<p class=\"wp-block-paragraph\">\u201cJ\u00e1 providenciamos o envio de material de higiene, cestas b\u00e1sicas, colch\u00f5es e estamos trabalhando ao lado dos prefeitos. \u00c9 lament\u00e1vel que a enchente tenha causado esse sofrimento, mas a Defesa Civil tem feito de tudo para que a situa\u00e7\u00e3o se restabele\u00e7a o mais r\u00e1pido poss\u00edvel e que as pessoas sofram o m\u00ednimo\u201d, afirmou Romeu Zema.&nbsp;<\/p>\n\n\n\n<p class=\"wp-block-paragraph\">Confira a lista de munic\u00edpios mineiros em situa\u00e7\u00e3o de emerg\u00eancia:<\/p>\n\n\n\n<h3 class=\"wp-block-heading\"><em>Inclu\u00eddos nesta ter\u00e7a-feira (14\/12):<\/em><\/h3>\n\n\n\n<figure class=\"wp-block-table is-style-stripes\"><table><tbody><tr><td class=\"has-text-align-center\" data-align=\"center\"><strong>N\u00ba<\/strong><\/td><td><strong>Munic\u00edpio<\/strong><\/td><td><strong>Regi\u00e3o<\/strong><\/td><\/tr><tr><td class=\"has-text-align-center\" data-align=\"center\">01<\/td><td>Almenara<\/td><td>Vale do Jequitinhonha <\/td><\/tr><tr><td class=\"has-text-align-center\" data-align=\"center\">02<\/td><td>Alvarenga<\/td><td>Vale do Rio Doce<\/td><\/tr><tr><td class=\"has-text-align-center\" data-align=\"center\">03<\/td><td>Ara\u00e7ua\u00ed<\/td><td>Vale do Jequitinhonha<\/td><\/tr><tr><td class=\"has-text-align-center\" data-align=\"center\">04<\/td><td>Atal\u00e9ia<\/td><td>Vale do Mucuri<\/td><\/tr><tr><td class=\"has-text-align-center\" data-align=\"center\">05<\/td><td>Bandeira<\/td><td>Vale do Jequitinhonha<\/td><\/tr><tr><td class=\"has-text-align-center\" data-align=\"center\">06<\/td><td>Campan\u00e1rio<\/td><td>Vale do Rio Doce<\/td><\/tr><tr><td class=\"has-text-align-center\" data-align=\"center\">07<\/td><td>Carlos Chagas<\/td><td>Vale do Jequitinhonha<\/td><\/tr><tr><td class=\"has-text-align-center\" data-align=\"center\">08<\/td><td>Catuji<\/td><td>Vale do Mucuri<\/td><\/tr><tr><td class=\"has-text-align-center\" data-align=\"center\">09<\/td><td>Conselheiro Pena<\/td><td>Vale do Rio Doce<\/td><\/tr><tr><td class=\"has-text-align-center\" data-align=\"center\">10<\/td><td>Cris\u00f3lita<\/td><td>Vale do Mucuri<\/td><\/tr><tr><td class=\"has-text-align-center\" data-align=\"center\">11<\/td><td>Cuparaque<\/td><td>Vale do Rio Doce<\/td><\/tr><tr><td class=\"has-text-align-center\" data-align=\"center\">12<\/td><td>Divino das Laranjeiras\u00a0<\/td><td>Vale do Rio Doce<\/td><\/tr><tr><td class=\"has-text-align-center\" data-align=\"center\">13<\/td><td>Felisburgo\u00a0<\/td><td>Vale do Jequitinhonha<\/td><\/tr><tr><td class=\"has-text-align-center\" data-align=\"center\">14<\/td><td>Francisc\u00f3polis\u00a0<\/td><td>Vale do Mucuri<\/td><\/tr><tr><td class=\"has-text-align-center\" data-align=\"center\">15<\/td><td>Frei Gaspar<\/td><td>Vale do Mucuri<\/td><\/tr><tr><td class=\"has-text-align-center\" data-align=\"center\">16<\/td><td>Goiabeira\u00a0<\/td><td>Vale do Rio Doce<\/td><\/tr><tr><td class=\"has-text-align-center\" data-align=\"center\">17<\/td><td>Itaobim\u00a0<\/td><td>Vale do Jequitinhonha<\/td><\/tr><tr><td class=\"has-text-align-center\" data-align=\"center\">18<\/td><td>Jequitinhonha<\/td><td>Vale do Jequitinhonha <\/td><\/tr><tr><td class=\"has-text-align-center\" data-align=\"center\">19<\/td><td>Jord\u00e2nia\u00a0<\/td><td>Vale do Jequitinhonha<\/td><\/tr><tr><td class=\"has-text-align-center\" data-align=\"center\">20<\/td><td>Mata Verde\u00a0<\/td><td>Vale do Jequitinhonha<\/td><\/tr><tr><td class=\"has-text-align-center\" data-align=\"center\">21<\/td><td>Nanuque<\/td><td>Vale do Mucuri<\/td><\/tr><tr><td class=\"has-text-align-center\" data-align=\"center\">22<\/td><td>Pav\u00e3o\u00a0<\/td><td>Vale do Mucuri<\/td><\/tr><tr><td class=\"has-text-align-center\" data-align=\"center\">23<\/td><td>Pedra Azul\u00a0<\/td><td>Vale do Jequitinhonha <\/td><\/tr><tr><td class=\"has-text-align-center\" data-align=\"center\">24<\/td><td>Ponto dos Volantes<\/td><td>Vale do Jequitinhonha <\/td><\/tr><tr><td class=\"has-text-align-center\" data-align=\"center\">25<\/td><td>Rubim<\/td><td>Vale do Jequitinhonha <\/td><\/tr><tr><td class=\"has-text-align-center\" data-align=\"center\">26<\/td><td>Santa Maria do Sua\u00e7u\u00ed<\/td><td>Vale do Rio Doce<\/td><\/tr><tr><td class=\"has-text-align-center\" data-align=\"center\">27<\/td><td>S\u00e3o F\u00e9lix de Minas<\/td><td>Vale do Rio Doce<\/td><\/tr><\/tbody><\/table><\/figure>\n\n\n\n<p class=\"wp-block-paragraph\"><\/p>\n\n\n\n<h3 class=\"wp-block-heading\"><em>Inclu\u00eddos na sexta-feira (10\/12):<\/em><\/h3>\n\n\n\n<figure class=\"wp-block-table is-style-stripes\"><table><tbody><tr><td class=\"has-text-align-center\" data-align=\"center\"><strong>N\u00ba<\/strong><\/td><td><strong>Munic\u00edpio<\/strong><\/td><td><strong>Regi\u00e3o<\/strong><\/td><\/tr><tr><td class=\"has-text-align-center\" data-align=\"center\">28<\/td><td>\u00c1guas Formosas<\/td><td>Vale do Mucuri<\/td><\/tr><tr><td class=\"has-text-align-center\" data-align=\"center\">29<\/td><td>Bert\u00f3polis<\/td><td>Vale do Mucuri<\/td><\/tr><tr><td class=\"has-text-align-center\" data-align=\"center\">30<\/td><td>Cara\u00ed<\/td><td>Vale do Jequitinhonha<\/td><\/tr><tr><td class=\"has-text-align-center\" data-align=\"center\">31<\/td><td>Carmo da Cachoeira<\/td><td>Sul de Minas<\/td><\/tr><tr><td class=\"has-text-align-center\" data-align=\"center\">32<\/td><td>Engenheiro Caldas<\/td><td>Vale do Rio Doce<\/td><\/tr><tr><td class=\"has-text-align-center\" data-align=\"center\">33<\/td><td>Fronteira dos Vales<\/td><td>Vale do Mucuri<\/td><\/tr><tr><td class=\"has-text-align-center\" data-align=\"center\">34<\/td><td>Ibirit\u00e9<\/td><td>Metropolitana de Belo Horizonte<\/td><\/tr><tr><td class=\"has-text-align-center\" data-align=\"center\">35<\/td><td>Itambacuri<\/td><td>Vale do Rio Doce<\/td><\/tr><tr><td class=\"has-text-align-center\" data-align=\"center\">36<\/td><td>Jacinto<\/td><td>Vale do Jequitinhonha<\/td><\/tr><tr><td class=\"has-text-align-center\" data-align=\"center\">37<\/td><td>Jampruca<\/td><td>Vale do Rio Doce<\/td><\/tr><tr><td class=\"has-text-align-center\" data-align=\"center\">38<\/td><td>Joa\u00edma<\/td><td>Vale do Jequitinhonha<\/td><\/tr><tr><td class=\"has-text-align-center\" data-align=\"center\">39<\/td><td>Lagoa Formosa<\/td><td>Alto Parana\u00edba<\/td><\/tr><tr><td class=\"has-text-align-center\" data-align=\"center\">40<\/td><td>Machacalis<\/td><td>Vale do Mucuri<\/td><\/tr><tr><td class=\"has-text-align-center\" data-align=\"center\">41<\/td><td>Manhua\u00e7u<\/td><td>Zona da Mata<\/td><\/tr><tr><td class=\"has-text-align-center\" data-align=\"center\">42<\/td><td>Monte Formoso<\/td><td>Vale do Jequitinhonha<\/td><\/tr><tr><td class=\"has-text-align-center\" data-align=\"center\">43<\/td><td>Novo Cruzeiro<\/td><td>Vale do Jequitinhonha <\/td><\/tr><tr><td class=\"has-text-align-center\" data-align=\"center\">44<\/td><td>Novo Oriente de Minas<\/td><td>Vale do Mucuri<\/td><\/tr><tr><td class=\"has-text-align-center\" data-align=\"center\">45<\/td><td>Ouro Verde de Minas<\/td><td>Vale do Mucuri<\/td><\/tr><tr><td class=\"has-text-align-center\" data-align=\"center\">46<\/td><td>Padre Para\u00edso<\/td><td>Vale do Jequitinhonha<\/td><\/tr><tr><td class=\"has-text-align-center\" data-align=\"center\">47<\/td><td>Palm\u00f3polis<\/td><td>Vale do Jequitinhonha<\/td><\/tr><tr><td class=\"has-text-align-center\" data-align=\"center\">48<\/td><td>Pescador<\/td><td>Vale do Rio Doce<\/td><\/tr><tr><td class=\"has-text-align-center\" data-align=\"center\">49<\/td><td>Resplendor<\/td><td>Vale do Rio Doce<\/td><\/tr><tr><td class=\"has-text-align-center\" data-align=\"center\">50<\/td><td>Rio do Prado<\/td><td>Vale do Jequitinhonha <\/td><\/tr><tr><td class=\"has-text-align-center\" data-align=\"center\">51<\/td><td>Salto da Divisa<\/td><td>Vale do Jequitinhonha <\/td><\/tr><tr><td class=\"has-text-align-center\" data-align=\"center\">52<\/td><td>Santa Helena de Minas<\/td><td>Vale do Mucuri <\/td><\/tr><tr><td class=\"has-text-align-center\" data-align=\"center\">53<\/td><td>Santa Maria do Salto<\/td><td>Vale do Jequitinhonha <\/td><\/tr><tr><td class=\"has-text-align-center\" data-align=\"center\">54<\/td><td>Santo Ant\u00f4nio do Amparo<\/td><td>Oeste de Minas<\/td><\/tr><tr><td class=\"has-text-align-center\" data-align=\"center\">55<\/td><td>Santo Ant\u00f4nio do Jacinto<\/td><td>Vale do Jequitinhonha <\/td><\/tr><tr><td class=\"has-text-align-center\" data-align=\"center\">56<\/td><td>Te\u00f3filo Otoni<\/td><td>Vale do Mucuri <\/td><\/tr><tr><td class=\"has-text-align-center\" data-align=\"center\">57<\/td><td>Umburatiba<\/td><td>Vale do Mucuri <\/td><\/tr><tr><td class=\"has-text-align-center\" data-align=\"center\">58<\/td><td>Virgem da Lapa<\/td><td>Vale do Jequitinhonha <\/td><\/tr><\/tbody><\/table><\/figure>\n\n\n\n<p class=\"wp-block-paragraph\">&#8212;&#8212;&#8212;&#8212;&#8212;&#8212;<br><em>Quer receber as not\u00edcias do <strong>Aconteceu no Vale<\/strong> em primeira m\u00e3o? Siga-nos no Facebook <a rel=\"noreferrer noopener\" href=\"http:\/\/facebook.com\/aconteceunovale\" target=\"_blank\">@aconteceunovale<\/a>, Twitter <a rel=\"noreferrer noopener\" href=\"https:\/\/twitter.com\/noticiadosvales\" target=\"_blank\">@noticiadosvales<\/a> e Instagram <a rel=\"noreferrer noopener\" href=\"https:\/\/www.instagram.com\/aconteceunovale\" target=\"_blank\">@aconteceunovale<\/a>.<\/em><\/p>\n","protected":false},"excerpt":{"rendered":"<p>O&nbsp;Governo de Minas Gerais&nbsp;decretou situa\u00e7\u00e3o de emerg\u00eancia em mais 27 munic\u00edpios afetados por chuvas intensas. O documento foi publicado no Di\u00e1rio Oficial nesta ter\u00e7a-feira (14\/12\/2021) e mobiliza esfor\u00e7os do Estado para prestar apoio complementar \u00e0s cidades atingidas, por meio da&nbsp;Defesa Civil.&nbsp; A publica\u00e7\u00e3o menciona que as tempestades causaram m\u00faltiplos desastres, como inunda\u00e7\u00f5es, movimentos de massas, [&hellip;]<\/p>\n","protected":false},"author":4,"featured_media":184702,"comment_status":"open","ping_status":"closed","sticky":false,"template":"","format":"standard","meta":{"amp_status":"","footnotes":""},"categories":[123],"tags":[971,130,1536,4202,273,255623,255494,255491,255492,255493,255498,255495,255496,255497,142,274,275,657,255785,186,551,183,255788,2379,255853,353,71517,841,1342,1798,255618,255620,645,255803,1714,75489,255789,5258,14221,255773,255775,255774,255784,277,164473,132,279,490,557,1175,660,1800,347,255615,1671,481,255770,255772,255771,1474,426,255617,255621,255786,282,283,483,2453,1715,284,1702,68280,285,5259,354,255778,2303,32743,288,1278,255656,255558,22237,136,289,255790,187,1395,1089,3136,290,291,510,1034,292,4531,293,255686,247,149137,6546,255556,255557,1153,116647,125289,22236,3557,296,54659,255559,255622,3560,156891,2146,29335,67495,191,33854,149,188,44762,44400,297,391,255787,189,298,408,1058,236,204,1218,33130,34252,611,475,917,299,2247,255781,1706,344,480,199725,2236,226,3673,1356,1516,300,255783,355,302,1708,1195,126226,389,1672,137,1277,410,1009,255776,255777,1717,303,252,1804,1673,304,1805,175,3138,255780,4532,1806,877,572,3059,411,447,306,455,1670,307,2147,444,1194,423,3139,33852,309,1807,3928,232,421,852,407,190,409,106732,927,312,990,699,240,314,674,3352,1674,317,318,1675,1403,319,320,321,322,324,325,2793,2671,168,255823,419,4314,329,15841,164,330,178,255616,1812,255619,133,166,3046,255779,1814,255782,916,482,333],"class_list":["post-184838","post","type-post","status-publish","format-standard","has-post-thumbnail","hentry","category-gerais","tag-acucena","tag-agua-boa","tag-aguas-formosas","tag-aguas-vermelhas","tag-aimores","tag-alagamentos-no-vale-do-jequitinhonha","tag-alerta-de-chuvas-intensas-no-leste-de-minas","tag-alerta-de-chuvas-intensas-no-vale-do-jequitinhonha","tag-alerta-de-chuvas-intensas-no-vale-do-mucuri","tag-alerta-de-chuvas-intensas-no-vale-do-rio-doce","tag-alerta-leste-de-minas","tag-alerta-vale-do-jequitinhonha","tag-alerta-vale-do-mucuri","tag-alerta-vale-do-rio-doce","tag-almenara","tag-alpercata","tag-alvarenga","tag-angelandia","tag-apuarema","tag-aracuai","tag-aricanduva","tag-ataleia","tag-ba-284","tag-bahia","tag-bahia-tem-mais-de-200-mil-pessoas-afetadas-pelas-fortes-chuvas","tag-bandeira","tag-belmonte","tag-berilo","tag-berizal","tag-bertopolis","tag-boato-sobre-abertura-de-comportas-da-uhe-irape","tag-boato-sobre-abertura-de-comportas-da-usina-hidroeletrica-de-irape","tag-bocaiuva","tag-bolsonaro-e-ministros-sobrevoam-areas-atingidas-pelas-chuvas-no-sul-da-bahia","tag-botumirim","tag-br-101","tag-br-489","tag-cachoeira-de-pajeu","tag-caetanos","tag-calamidade-na-bahia","tag-calamidade-no-extremo-sul-da-bahia","tag-calamidade-no-sul-da-bahia","tag-camacan","tag-campanario","tag-canavieiras","tag-capelinha","tag-capitao-andrade","tag-carai","tag-carbonita","tag-carlos-chagas","tag-catuji","tag-catuti","tag-cemig","tag-cemig-esclarece-informacoes-sobre-a-operacao-da-usina-hidroeletrica-de-irape","tag-central-de-minas","tag-chapada-do-norte","tag-chuva-na-bahia","tag-chuva-no-extremo-sul-da-bahia","tag-chuva-no-sul-da-bahia","tag-chuvas-no-vale-do-jequitinhonha","tag-comercinho","tag-comportas-da-uhe-irape","tag-comportas-da-usina-hidroeletrica-de-irape","tag-conceicao-do-almeida","tag-conselheiro-pena","tag-coroaci","tag-coronel-murta","tag-crisolita","tag-cristalia","tag-cuparaque","tag-curral-de-dentro","tag-defesa-civil-de-minas-gerais","tag-divino-das-laranjeiras","tag-divisa-alegre","tag-divisopolis","tag-enchentes-na-bahia","tag-enchentes-no-vale-do-jequitinhonha","tag-encruzilhada","tag-engenheiro-caldas","tag-espinosa","tag-estado-decreta-situacao-de-emergencia-em-cidades-afetadas-por-chuvas-nos-vales-do-jequitinhonha-e-mucuri","tag-estado-monta-operacao-para-auxiliar-municipios-atingidos-pelas-fortes-chuvas-nos-vales-do-jequitinhonha-e-mucuri","tag-eunapolis","tag-felisburgo","tag-fernandes-tourinho","tag-fgts-sera-liberado-para-atingidos-pelas-chuvas-em-minas-gerais-e-na-bahia","tag-francisco-badaro","tag-francisco-sa","tag-franciscopolis","tag-frei-gaspar","tag-frei-inocencio","tag-frei-lagonegro","tag-fronteira-dos-vales","tag-fruta-de-leite","tag-galileia","tag-gameleiras","tag-goiabeira","tag-governador-garante-assistencia-a-cidades-afetadas-pelas-chuvas-nos-vales-do-jequitinhonha-e-mucuri","tag-governador-valadares","tag-governo-da-bahia","tag-governo-de-minas","tag-governo-do-estado-divulga-nota-sobre-chuvas-nas-regioes-jequitinhonha-e-mucuri","tag-governo-monta-operacao-para-auxiliar-municipios-atingidos-pelas-fortes-chuvas-nos-vales-do-jequitinhonha-e-mucuri","tag-grao-mogol","tag-guaratinga","tag-ibicui","tag-ilheus","tag-indaiabira","tag-inhapim","tag-inmet","tag-inmet-emite-novo-alerta-de-chuvas-intensas-para-municipios-do-baixo-jequitinhonha","tag-inundacoes-no-vale-do-jequitinhonha","tag-ipiau","tag-itabela","tag-itabirinha","tag-itabuna","tag-itacare","tag-itaipe","tag-itamaraju","tag-itamarandiba","tag-itambacuri","tag-itambe","tag-itanhem","tag-itanhomi","tag-itaobim","tag-itaquara","tag-itinga","tag-itueta","tag-jacinto","tag-jaiba","tag-jampruca","tag-janauba","tag-jenipapo-de-minas","tag-jequie","tag-jequitinhonha","tag-joaima","tag-jordania","tag-jose-goncalves-de-minas","tag-jose-raydan","tag-josenopolis","tag-jucurucu","tag-juvenilia","tag-ladainha","tag-leme-do-prado","tag-macarani","tag-machacalis","tag-malacacheta","tag-mamonas","tag-manga","tag-mantena","tag-marilac","tag-mascote","tag-mata-verde","tag-mathias-lobato","tag-matias-cardoso","tag-mato-verde","tag-medeiros-neto","tag-medina","tag-mendes-pimentel","tag-minas-novas","tag-monte-azul","tag-monte-formoso","tag-montezuma","tag-municipios-afetados-pelas-chuvas-na-bahia","tag-municipios-afetados-pelas-enchentes-na-bahia","tag-mutum","tag-nacip-raydan","tag-nanuque","tag-ninheira","tag-nova-belem","tag-nova-modica","tag-nova-porteirinha","tag-novo-cruzeiro","tag-novo-oriente-de-minas","tag-novo-prado","tag-novorizonte","tag-ouro-verde-de-minas","tag-padre-carvalho","tag-padre-paraiso","tag-pai-pedro","tag-palmopolis","tag-pavao","tag-pecanha","tag-pedra-azul","tag-periquito","tag-pescador","tag-pocrane","tag-ponto-dos-volantes","tag-porteirinha","tag-porto-seguro","tag-pote","tag-prado","tag-resplendor","tag-riacho-dos-machados","tag-rio-do-prado","tag-rio-jequitinhonha","tag-rio-pardo-de-minas","tag-rubelita","tag-rubim","tag-salinas","tag-salto-da-divisa","tag-santa-cruz-cabralia","tag-santa-cruz-de-salinas","tag-santa-efigenia-de-minas","tag-santa-helena-de-minas","tag-santa-maria-do-salto","tag-santa-maria-do-suacui","tag-santa-rita-do-itueto","tag-santo-antonio-do-jacinto","tag-santo-antonio-do-retiro","tag-sao-felix-de-minas","tag-sao-geraldo-da-piedade","tag-sao-geraldo-do-baixio","tag-sao-joao-do-manteninha","tag-sao-joao-do-paraiso","tag-sao-jose-da-safira","tag-sao-jose-do-divino","tag-sao-jose-do-jacuri","tag-sao-pedro-do-suacui","tag-sao-sebastiao-do-maranhao","tag-sardoa","tag-serra-dos-aimores","tag-serranopolis-de-minas","tag-setubinha","tag-sobe-para-sete-o-numero-de-mortos-apos-chuvas-no-sul-bahia","tag-taiobeiras","tag-taparuba","tag-tarumirim","tag-teixeira-de-freitas","tag-teofilo-otoni","tag-tumiritinga","tag-turmalina","tag-uhe-irape","tag-umburatiba","tag-usina-hidroeletrica-de-irape","tag-vale-do-jequitinhonha","tag-vale-do-mucuri","tag-vargem-grande-do-rio-pardo","tag-varzea-alegre","tag-verdelandia","tag-vereda","tag-veredinha","tag-virgem-da-lapa","tag-virgolandia"],"yoast_head":"<!-- This site is optimized with the Yoast SEO plugin v28.3 - https:\/\/yoast.com\/product\/yoast-seo-wordpress\/ -->\n<title>Estado decreta situa\u00e7\u00e3o de emerg\u00eancia em mais 27 munic\u00edpios afetados por chuvas - Aconteceu no Vale<\/title>\n<meta name=\"robots\" content=\"index, follow, max-snippet:-1, max-image-preview:large, max-video-preview:-1\" \/>\n<link rel=\"canonical\" href=\"https:\/\/aconteceunovale.com.br\/portal\/?p=184838\" \/>\n<meta property=\"og:locale\" content=\"pt_BR\" \/>\n<meta property=\"og:type\" content=\"article\" \/>\n<meta property=\"og:title\" content=\"Estado decreta situa\u00e7\u00e3o de emerg\u00eancia em mais 27 munic\u00edpios afetados por chuvas - Aconteceu no Vale\" \/>\n<meta property=\"og:description\" content=\"O&nbsp;Governo de Minas Gerais&nbsp;decretou situa\u00e7\u00e3o de emerg\u00eancia em mais 27 munic\u00edpios afetados por chuvas intensas. O documento foi publicado no Di\u00e1rio Oficial nesta ter\u00e7a-feira (14\/12\/2021) e mobiliza esfor\u00e7os do Estado para prestar apoio complementar \u00e0s cidades atingidas, por meio da&nbsp;Defesa Civil.&nbsp; A publica\u00e7\u00e3o menciona que as tempestades causaram m\u00faltiplos desastres, como inunda\u00e7\u00f5es, movimentos de massas, [&hellip;]\" \/>\n<meta property=\"og:url\" content=\"https:\/\/aconteceunovale.com.br\/portal\/?p=184838\" \/>\n<meta property=\"og:site_name\" content=\"Aconteceu no Vale\" \/>\n<meta property=\"article:publisher\" content=\"https:\/\/www.facebook.com\/aconteceunovale\/\" \/>\n<meta property=\"article:published_time\" content=\"2021-12-14T19:55:47+00:00\" \/>\n<meta property=\"article:modified_time\" content=\"2021-12-14T22:35:12+00:00\" \/>\n<meta property=\"og:image\" content=\"https:\/\/aconteceunovale.com.br\/portal\/wp-content\/uploads\/2021\/12\/zema_mucuri_jequi_2.jpg\" \/>\n\t<meta property=\"og:image:width\" content=\"675\" \/>\n\t<meta property=\"og:image:height\" content=\"450\" \/>\n\t<meta property=\"og:image:type\" content=\"image\/jpeg\" \/>\n<meta name=\"author\" content=\"Reda\u00e7\u00e3o Aconteceu no Vale\" \/>\n<meta name=\"twitter:card\" content=\"summary_large_image\" \/>\n<meta name=\"twitter:creator\" content=\"@noticiadosvales\" \/>\n<meta name=\"twitter:site\" content=\"@noticiadosvales\" \/>\n<meta name=\"twitter:label1\" content=\"Escrito por\" \/>\n\t<meta name=\"twitter:data1\" content=\"Reda\u00e7\u00e3o Aconteceu no Vale\" \/>\n\t<meta name=\"twitter:label2\" content=\"Est. tempo de leitura\" \/>\n\t<meta name=\"twitter:data2\" content=\"4 minutos\" \/>\n<script type=\"application\/ld+json\" class=\"yoast-schema-graph\">{\"@context\":\"https:\\\/\\\/schema.org\",\"@graph\":[{\"@type\":\"Article\",\"@id\":\"https:\\\/\\\/aconteceunovale.com.br\\\/portal\\\/?p=184838#article\",\"isPartOf\":{\"@id\":\"https:\\\/\\\/aconteceunovale.com.br\\\/portal\\\/?p=184838\"},\"author\":{\"name\":\"Reda\u00e7\u00e3o Aconteceu no Vale\",\"@id\":\"https:\\\/\\\/aconteceunovale.com.br\\\/portal\\\/#\\\/schema\\\/person\\\/7d2f26d1483f8a63de73da1ee0754d35\"},\"headline\":\"Estado decreta situa\u00e7\u00e3o de emerg\u00eancia em mais 27 munic\u00edpios afetados por chuvas\",\"datePublished\":\"2021-12-14T19:55:47+00:00\",\"dateModified\":\"2021-12-14T22:35:12+00:00\",\"mainEntityOfPage\":{\"@id\":\"https:\\\/\\\/aconteceunovale.com.br\\\/portal\\\/?p=184838\"},\"wordCount\":815,\"commentCount\":0,\"image\":{\"@id\":\"https:\\\/\\\/aconteceunovale.com.br\\\/portal\\\/?p=184838#primaryimage\"},\"thumbnailUrl\":\"https:\\\/\\\/aconteceunovale.com.br\\\/portal\\\/wp-content\\\/uploads\\\/2021\\\/12\\\/zema_mucuri_jequi_2.jpg\",\"keywords\":[\"A\u00e7ucena\",\"\u00c1gua Boa\",\"\u00c1guas Formosas\",\"\u00c1guas Vermelhas\",\"Aimor\u00e9s\",\"Alagamentos no Vale do Jequitinhonha\",\"Alerta de chuvas intensas no Leste de Minas\",\"Alerta de chuvas intensas no Vale do Jequitinhonha\",\"Alerta de chuvas intensas no Vale do Mucuri\",\"Alerta de chuvas intensas no Vale do Rio Doce\",\"Alerta Leste de Minas\",\"Alerta Vale do Jequitinhonha\",\"Alerta Vale do Mucuri\",\"Alerta Vale do Rio Doce\",\"Almenara\",\"Alpercata\",\"Alvarenga\",\"Angel\u00e2ndia\",\"Apuarema\",\"Ara\u00e7ua\u00ed\",\"Aricanduva\",\"Atal\u00e9ia\",\"BA-284\",\"Bahia\",\"Bahia tem mais de 200 mil pessoas afetadas pelas fortes chuvas\",\"Bandeira\",\"Belmonte\",\"berilo\",\"berizal\",\"Bert\u00f3polis\",\"Boato sobre abertura de comportas da UHE Irap\u00e9\",\"Boato sobre abertura de comportas da Usina Hidroel\u00e9trica de Irap\u00e9\",\"Bocai\u00fava\",\"Bolsonaro e ministros sobrevoam \u00e1reas atingidas pelas chuvas no Sul da Bahia\",\"Botumirim\",\"BR 101\",\"BR-489\",\"Cachoeira de Paje\u00fa\",\"Caetanos\",\"Calamidade na Bahia\",\"Calamidade no Extremo Sul da Bahia\",\"Calamidade no Sul da Bahia\",\"Camacan\",\"Campan\u00e1rio\",\"Canavieiras\",\"Capelinha\",\"Capit\u00e3o Andrade\",\"Cara\u00ed\",\"Carbonita\",\"carlos chagas\",\"Catuji\",\"Catuti\",\"cemig\",\"Cemig esclarece informa\u00e7\u00f5es sobre a opera\u00e7\u00e3o da Usina Hidroel\u00e9trica de Irap\u00e9\",\"Central de Minas\",\"Chapada do Norte\",\"Chuva na Bahia\",\"Chuva no Extremo Sul da Bahia\",\"Chuva no Sul da Bahia\",\"chuvas no vale do jequitinhonha\",\"Comercinho\",\"Comportas da UHE Irap\u00e9\",\"Comportas da Usina Hidroel\u00e9trica de Irap\u00e9\",\"Concei\u00e7\u00e3o do Almeida\",\"Conselheiro Pena\",\"Coroaci\",\"Coronel Murta\",\"Cris\u00f3lita\",\"Crist\u00e1lia\",\"Cuparaque\",\"Curral de Dentro\",\"Defesa Civil de Minas Gerais\",\"Divino das Laranjeiras\",\"Divisa Alegre\",\"Divis\u00f3polis\",\"Enchentes na Bahia\",\"enchentes no vale do jequitinhonha\",\"Encruzilhada\",\"Engenheiro Caldas\",\"espinosa\",\"Estado decreta situa\u00e7\u00e3o de emerg\u00eancia em cidades afetadas por chuvas nos vales do Jequitinhonha e Mucuri\",\"Estado monta opera\u00e7\u00e3o para auxiliar munic\u00edpios atingidos pelas fortes chuvas nos vales do Jequitinhonha e Mucuri\",\"Eun\u00e1polis\",\"Felisburgo\",\"Fernandes Tourinho\",\"FGTS ser\u00e1 liberado para atingidos pelas chuvas em Minas Gerais e na Bahia\",\"Francisco Badar\u00f3\",\"francisco s\u00e1\",\"francisc\u00f3polis\",\"Frei Gaspar\",\"Frei Inoc\u00eancio\",\"Frei Lagonegro\",\"Fronteira dos Vales\",\"fruta de leite\",\"Galil\u00e9ia\",\"Gameleiras\",\"Goiabeira\",\"Governador garante assist\u00eancia a cidades afetadas pelas chuvas nos vales do Jequitinhonha e Mucuri\",\"Governador Valadares\",\"Governo da Bahia\",\"Governo de Minas\",\"Governo do Estado divulga nota sobre chuvas nas regi\u00f5es Jequitinhonha e Mucuri\",\"Governo monta opera\u00e7\u00e3o para auxiliar munic\u00edpios atingidos pelas fortes chuvas nos vales do Jequitinhonha e Mucuri\",\"gr\u00e3o mogol\",\"Guaratinga\",\"Ibicu\u00ed\",\"Ilh\u00e9us\",\"Indaiabira\",\"Inhapim\",\"Inmet\",\"Inmet emite novo alerta de chuvas intensas para munic\u00edpios do Baixo Jequitinhonha\",\"Inunda\u00e7\u00f5es no Vale do Jequitinhonha\",\"Ipia\u00fa\",\"Itabela\",\"Itabirinha\",\"Itabuna\",\"Itacar\u00e9\",\"Itaip\u00e9\",\"Itamaraju\",\"Itamarandiba\",\"Itambacuri\",\"Itamb\u00e9\",\"Itanh\u00e9m\",\"Itanhomi\",\"Itaobim\",\"Itaquara\",\"Itinga\",\"Itueta\",\"Jacinto\",\"ja\u00edba\",\"Jampruca\",\"Jana\u00faba\",\"Jenipapo de Minas\",\"Jequi\u00e9\",\"Jequitinhonha\",\"Joa\u00edma\",\"Jord\u00e2nia\",\"jos\u00e9 gon\u00e7alves de minas\",\"Jos\u00e9 Raydan\",\"Josen\u00f3polis\",\"Jucuru\u00e7u\",\"Juven\u00edlia\",\"ladainha\",\"Leme do Prado\",\"Macarani\",\"Machacalis\",\"Malacacheta\",\"Mamonas\",\"manga\",\"Mantena\",\"Marilac\",\"Mascote\",\"Mata Verde\",\"Mathias Lobato\",\"Matias Cardoso\",\"mato verde\",\"Medeiros Neto\",\"Medina\",\"Mendes Pimentel\",\"Minas Novas\",\"monte azul\",\"Monte Formoso\",\"montezuma\",\"Munic\u00edpios afetados pelas chuvas na Bahia\",\"Munic\u00edpios afetados pelas enchentes na Bahia\",\"Mutum\",\"Nacip Raydan\",\"Nanuque\",\"Ninheira\",\"Nova Bel\u00e9m\",\"Nova M\u00f3dica\",\"Nova Porteirinha\",\"Novo Cruzeiro\",\"Novo Oriente de Minas\",\"Novo Prado\",\"Novorizonte\",\"Ouro Verde de Minas\",\"padre carvalho\",\"Padre Para\u00edso\",\"Pai Pedro\",\"Palm\u00f3polis\",\"Pav\u00e3o\",\"Pe\u00e7anha\",\"Pedra Azul\",\"Periquito\",\"Pescador\",\"Pocrane\",\"Ponto dos Volantes\",\"porteirinha\",\"Porto Seguro\",\"Pot\u00e9\",\"Prado\",\"Resplendor\",\"Riacho dos Machados\",\"Rio do Prado\",\"Rio Jequitinhonha\",\"Rio Pardo de Minas\",\"rubelita\",\"Rubim\",\"Salinas\",\"Salto da Divisa\",\"Santa Cruz Cabr\u00e1lia\",\"Santa Cruz de Salinas\",\"Santa Efig\u00eania de Minas\",\"santa helena de minas\",\"Santa Maria do Salto\",\"Santa Maria do Sua\u00e7u\u00ed\",\"Santa Rita do Itueto\",\"Santo Ant\u00f4nio do Jacinto\",\"Santo Ant\u00f4nio do Retiro\",\"S\u00e3o F\u00e9lix de Minas\",\"S\u00e3o Geraldo da Piedade\",\"S\u00e3o Geraldo do Baixio\",\"S\u00e3o Jo\u00e3o do Manteninha\",\"S\u00e3o Jo\u00e3o do Para\u00edso\",\"S\u00e3o Jos\u00e9 da Safira\",\"S\u00e3o Jos\u00e9 do Divino\",\"S\u00e3o Jos\u00e9 do Jacuri\",\"S\u00e3o Pedro do Sua\u00e7u\u00ed\",\"S\u00e3o Sebasti\u00e3o do Maranh\u00e3o\",\"Sardo\u00e1\",\"Serra dos Aimor\u00e9s\",\"Serran\u00f3polis de Minas\",\"Setubinha\",\"Sobe para sete o n\u00famero de mortos ap\u00f3s chuvas no Sul Bahia\",\"Taiobeiras\",\"Taparuba\",\"Tarumirim\",\"Teixeira de Freitas\",\"Te\u00f3filo Otoni\",\"Tumiritinga\",\"Turmalina\",\"UHE Irap\u00e9\",\"Umburatiba\",\"Usina Hidroel\u00e9trica de Irap\u00e9\",\"Vale do Jequitinhonha\",\"Vale do Mucuri\",\"Vargem Grande do Rio Pardo\",\"V\u00e1rzea Alegre\",\"Verdel\u00e2ndia\",\"Vereda\",\"veredinha\",\"Virgem da Lapa\",\"Virgol\u00e2ndia\"],\"articleSection\":[\"Minas Gerais\"],\"inLanguage\":\"pt-BR\",\"potentialAction\":[{\"@type\":\"CommentAction\",\"name\":\"Comment\",\"target\":[\"https:\\\/\\\/aconteceunovale.com.br\\\/portal\\\/?p=184838#respond\"]}]},{\"@type\":\"WebPage\",\"@id\":\"https:\\\/\\\/aconteceunovale.com.br\\\/portal\\\/?p=184838\",\"url\":\"https:\\\/\\\/aconteceunovale.com.br\\\/portal\\\/?p=184838\",\"name\":\"Estado decreta situa\u00e7\u00e3o de emerg\u00eancia em mais 27 munic\u00edpios afetados por chuvas - Aconteceu no Vale\",\"isPartOf\":{\"@id\":\"https:\\\/\\\/aconteceunovale.com.br\\\/portal\\\/#website\"},\"primaryImageOfPage\":{\"@id\":\"https:\\\/\\\/aconteceunovale.com.br\\\/portal\\\/?p=184838#primaryimage\"},\"image\":{\"@id\":\"https:\\\/\\\/aconteceunovale.com.br\\\/portal\\\/?p=184838#primaryimage\"},\"thumbnailUrl\":\"https:\\\/\\\/aconteceunovale.com.br\\\/portal\\\/wp-content\\\/uploads\\\/2021\\\/12\\\/zema_mucuri_jequi_2.jpg\",\"datePublished\":\"2021-12-14T19:55:47+00:00\",\"dateModified\":\"2021-12-14T22:35:12+00:00\",\"author\":{\"@id\":\"https:\\\/\\\/aconteceunovale.com.br\\\/portal\\\/#\\\/schema\\\/person\\\/7d2f26d1483f8a63de73da1ee0754d35\"},\"breadcrumb\":{\"@id\":\"https:\\\/\\\/aconteceunovale.com.br\\\/portal\\\/?p=184838#breadcrumb\"},\"inLanguage\":\"pt-BR\",\"potentialAction\":[{\"@type\":\"ReadAction\",\"target\":[\"https:\\\/\\\/aconteceunovale.com.br\\\/portal\\\/?p=184838\"]}]},{\"@type\":\"ImageObject\",\"inLanguage\":\"pt-BR\",\"@id\":\"https:\\\/\\\/aconteceunovale.com.br\\\/portal\\\/?p=184838#primaryimage\",\"url\":\"https:\\\/\\\/aconteceunovale.com.br\\\/portal\\\/wp-content\\\/uploads\\\/2021\\\/12\\\/zema_mucuri_jequi_2.jpg\",\"contentUrl\":\"https:\\\/\\\/aconteceunovale.com.br\\\/portal\\\/wp-content\\\/uploads\\\/2021\\\/12\\\/zema_mucuri_jequi_2.jpg\",\"width\":675,\"height\":450},{\"@type\":\"BreadcrumbList\",\"@id\":\"https:\\\/\\\/aconteceunovale.com.br\\\/portal\\\/?p=184838#breadcrumb\",\"itemListElement\":[{\"@type\":\"ListItem\",\"position\":1,\"name\":\"In\u00edcio\",\"item\":\"https:\\\/\\\/aconteceunovale.com.br\\\/portal\\\/\"},{\"@type\":\"ListItem\",\"position\":2,\"name\":\"Estado decreta situa\u00e7\u00e3o de emerg\u00eancia em mais 27 munic\u00edpios afetados por chuvas\"}]},{\"@type\":\"WebSite\",\"@id\":\"https:\\\/\\\/aconteceunovale.com.br\\\/portal\\\/#website\",\"url\":\"https:\\\/\\\/aconteceunovale.com.br\\\/portal\\\/\",\"name\":\"Aconteceu no Vale\",\"description\":\"Portal de Not\u00edcias\",\"potentialAction\":[{\"@type\":\"SearchAction\",\"target\":{\"@type\":\"EntryPoint\",\"urlTemplate\":\"https:\\\/\\\/aconteceunovale.com.br\\\/portal\\\/?s={search_term_string}\"},\"query-input\":{\"@type\":\"PropertyValueSpecification\",\"valueRequired\":true,\"valueName\":\"search_term_string\"}}],\"inLanguage\":\"pt-BR\"},{\"@type\":\"Person\",\"@id\":\"https:\\\/\\\/aconteceunovale.com.br\\\/portal\\\/#\\\/schema\\\/person\\\/7d2f26d1483f8a63de73da1ee0754d35\",\"name\":\"Reda\u00e7\u00e3o Aconteceu no Vale\",\"description\":\"Equipe de reportagem do Aconteceu no Vale, portal de not\u00edcias do Vale do Jequitinhonha, em Minas Gerais. Cobrimos as 51 cidades do Vale desde 2013. Sugest\u00f5es de pauta e pedidos de corre\u00e7\u00e3o: contato@aconteceunovale.com.br\",\"url\":\"https:\\\/\\\/aconteceunovale.com.br\\\/portal\\\/?author=4\"}]}<\/script>\n<!-- \/ Yoast SEO plugin. -->","yoast_head_json":{"title":"Estado decreta situa\u00e7\u00e3o de emerg\u00eancia em mais 27 munic\u00edpios afetados por chuvas - Aconteceu no Vale","robots":{"index":"index","follow":"follow","max-snippet":"max-snippet:-1","max-image-preview":"max-image-preview:large","max-video-preview":"max-video-preview:-1"},"canonical":"https:\/\/aconteceunovale.com.br\/portal\/?p=184838","og_locale":"pt_BR","og_type":"article","og_title":"Estado decreta situa\u00e7\u00e3o de emerg\u00eancia em mais 27 munic\u00edpios afetados por chuvas - Aconteceu no Vale","og_description":"O&nbsp;Governo de Minas Gerais&nbsp;decretou situa\u00e7\u00e3o de emerg\u00eancia em mais 27 munic\u00edpios afetados por chuvas intensas. O documento foi publicado no Di\u00e1rio Oficial nesta ter\u00e7a-feira (14\/12\/2021) e mobiliza esfor\u00e7os do Estado para prestar apoio complementar \u00e0s cidades atingidas, por meio da&nbsp;Defesa Civil.&nbsp; A publica\u00e7\u00e3o menciona que as tempestades causaram m\u00faltiplos desastres, como inunda\u00e7\u00f5es, movimentos de massas, [&hellip;]","og_url":"https:\/\/aconteceunovale.com.br\/portal\/?p=184838","og_site_name":"Aconteceu no Vale","article_publisher":"https:\/\/www.facebook.com\/aconteceunovale\/","article_published_time":"2021-12-14T19:55:47+00:00","article_modified_time":"2021-12-14T22:35:12+00:00","og_image":[{"width":675,"height":450,"url":"https:\/\/aconteceunovale.com.br\/portal\/wp-content\/uploads\/2021\/12\/zema_mucuri_jequi_2.jpg","type":"image\/jpeg"}],"author":"Reda\u00e7\u00e3o Aconteceu no Vale","twitter_card":"summary_large_image","twitter_creator":"@noticiadosvales","twitter_site":"@noticiadosvales","twitter_misc":{"Escrito por":"Reda\u00e7\u00e3o Aconteceu no Vale","Est. tempo de leitura":"4 minutos"},"schema":{"@context":"https:\/\/schema.org","@graph":[{"@type":"Article","@id":"https:\/\/aconteceunovale.com.br\/portal\/?p=184838#article","isPartOf":{"@id":"https:\/\/aconteceunovale.com.br\/portal\/?p=184838"},"author":{"name":"Reda\u00e7\u00e3o Aconteceu no Vale","@id":"https:\/\/aconteceunovale.com.br\/portal\/#\/schema\/person\/7d2f26d1483f8a63de73da1ee0754d35"},"headline":"Estado decreta situa\u00e7\u00e3o de emerg\u00eancia em mais 27 munic\u00edpios afetados por chuvas","datePublished":"2021-12-14T19:55:47+00:00","dateModified":"2021-12-14T22:35:12+00:00","mainEntityOfPage":{"@id":"https:\/\/aconteceunovale.com.br\/portal\/?p=184838"},"wordCount":815,"commentCount":0,"image":{"@id":"https:\/\/aconteceunovale.com.br\/portal\/?p=184838#primaryimage"},"thumbnailUrl":"https:\/\/aconteceunovale.com.br\/portal\/wp-content\/uploads\/2021\/12\/zema_mucuri_jequi_2.jpg","keywords":["A\u00e7ucena","\u00c1gua Boa","\u00c1guas Formosas","\u00c1guas Vermelhas","Aimor\u00e9s","Alagamentos no Vale do Jequitinhonha","Alerta de chuvas intensas no Leste de Minas","Alerta de chuvas intensas no Vale do Jequitinhonha","Alerta de chuvas intensas no Vale do Mucuri","Alerta de chuvas intensas no Vale do Rio Doce","Alerta Leste de Minas","Alerta Vale do Jequitinhonha","Alerta Vale do Mucuri","Alerta Vale do Rio Doce","Almenara","Alpercata","Alvarenga","Angel\u00e2ndia","Apuarema","Ara\u00e7ua\u00ed","Aricanduva","Atal\u00e9ia","BA-284","Bahia","Bahia tem mais de 200 mil pessoas afetadas pelas fortes chuvas","Bandeira","Belmonte","berilo","berizal","Bert\u00f3polis","Boato sobre abertura de comportas da UHE Irap\u00e9","Boato sobre abertura de comportas da Usina Hidroel\u00e9trica de Irap\u00e9","Bocai\u00fava","Bolsonaro e ministros sobrevoam \u00e1reas atingidas pelas chuvas no Sul da Bahia","Botumirim","BR 101","BR-489","Cachoeira de Paje\u00fa","Caetanos","Calamidade na Bahia","Calamidade no Extremo Sul da Bahia","Calamidade no Sul da Bahia","Camacan","Campan\u00e1rio","Canavieiras","Capelinha","Capit\u00e3o Andrade","Cara\u00ed","Carbonita","carlos chagas","Catuji","Catuti","cemig","Cemig esclarece informa\u00e7\u00f5es sobre a opera\u00e7\u00e3o da Usina Hidroel\u00e9trica de Irap\u00e9","Central de Minas","Chapada do Norte","Chuva na Bahia","Chuva no Extremo Sul da Bahia","Chuva no Sul da Bahia","chuvas no vale do jequitinhonha","Comercinho","Comportas da UHE Irap\u00e9","Comportas da Usina Hidroel\u00e9trica de Irap\u00e9","Concei\u00e7\u00e3o do Almeida","Conselheiro Pena","Coroaci","Coronel Murta","Cris\u00f3lita","Crist\u00e1lia","Cuparaque","Curral de Dentro","Defesa Civil de Minas Gerais","Divino das Laranjeiras","Divisa Alegre","Divis\u00f3polis","Enchentes na Bahia","enchentes no vale do jequitinhonha","Encruzilhada","Engenheiro Caldas","espinosa","Estado decreta situa\u00e7\u00e3o de emerg\u00eancia em cidades afetadas por chuvas nos vales do Jequitinhonha e Mucuri","Estado monta opera\u00e7\u00e3o para auxiliar munic\u00edpios atingidos pelas fortes chuvas nos vales do Jequitinhonha e Mucuri","Eun\u00e1polis","Felisburgo","Fernandes Tourinho","FGTS ser\u00e1 liberado para atingidos pelas chuvas em Minas Gerais e na Bahia","Francisco Badar\u00f3","francisco s\u00e1","francisc\u00f3polis","Frei Gaspar","Frei Inoc\u00eancio","Frei Lagonegro","Fronteira dos Vales","fruta de leite","Galil\u00e9ia","Gameleiras","Goiabeira","Governador garante assist\u00eancia a cidades afetadas pelas chuvas nos vales do Jequitinhonha e Mucuri","Governador Valadares","Governo da Bahia","Governo de Minas","Governo do Estado divulga nota sobre chuvas nas regi\u00f5es Jequitinhonha e Mucuri","Governo monta opera\u00e7\u00e3o para auxiliar munic\u00edpios atingidos pelas fortes chuvas nos vales do Jequitinhonha e Mucuri","gr\u00e3o mogol","Guaratinga","Ibicu\u00ed","Ilh\u00e9us","Indaiabira","Inhapim","Inmet","Inmet emite novo alerta de chuvas intensas para munic\u00edpios do Baixo Jequitinhonha","Inunda\u00e7\u00f5es no Vale do Jequitinhonha","Ipia\u00fa","Itabela","Itabirinha","Itabuna","Itacar\u00e9","Itaip\u00e9","Itamaraju","Itamarandiba","Itambacuri","Itamb\u00e9","Itanh\u00e9m","Itanhomi","Itaobim","Itaquara","Itinga","Itueta","Jacinto","ja\u00edba","Jampruca","Jana\u00faba","Jenipapo de Minas","Jequi\u00e9","Jequitinhonha","Joa\u00edma","Jord\u00e2nia","jos\u00e9 gon\u00e7alves de minas","Jos\u00e9 Raydan","Josen\u00f3polis","Jucuru\u00e7u","Juven\u00edlia","ladainha","Leme do Prado","Macarani","Machacalis","Malacacheta","Mamonas","manga","Mantena","Marilac","Mascote","Mata Verde","Mathias Lobato","Matias Cardoso","mato verde","Medeiros Neto","Medina","Mendes Pimentel","Minas Novas","monte azul","Monte Formoso","montezuma","Munic\u00edpios afetados pelas chuvas na Bahia","Munic\u00edpios afetados pelas enchentes na Bahia","Mutum","Nacip Raydan","Nanuque","Ninheira","Nova Bel\u00e9m","Nova M\u00f3dica","Nova Porteirinha","Novo Cruzeiro","Novo Oriente de Minas","Novo Prado","Novorizonte","Ouro Verde de Minas","padre carvalho","Padre Para\u00edso","Pai Pedro","Palm\u00f3polis","Pav\u00e3o","Pe\u00e7anha","Pedra Azul","Periquito","Pescador","Pocrane","Ponto dos Volantes","porteirinha","Porto Seguro","Pot\u00e9","Prado","Resplendor","Riacho dos Machados","Rio do Prado","Rio Jequitinhonha","Rio Pardo de Minas","rubelita","Rubim","Salinas","Salto da Divisa","Santa Cruz Cabr\u00e1lia","Santa Cruz de Salinas","Santa Efig\u00eania de Minas","santa helena de minas","Santa Maria do Salto","Santa Maria do Sua\u00e7u\u00ed","Santa Rita do Itueto","Santo Ant\u00f4nio do Jacinto","Santo Ant\u00f4nio do Retiro","S\u00e3o F\u00e9lix de Minas","S\u00e3o Geraldo da Piedade","S\u00e3o Geraldo do Baixio","S\u00e3o Jo\u00e3o do Manteninha","S\u00e3o Jo\u00e3o do Para\u00edso","S\u00e3o Jos\u00e9 da Safira","S\u00e3o Jos\u00e9 do Divino","S\u00e3o Jos\u00e9 do Jacuri","S\u00e3o Pedro do Sua\u00e7u\u00ed","S\u00e3o Sebasti\u00e3o do Maranh\u00e3o","Sardo\u00e1","Serra dos Aimor\u00e9s","Serran\u00f3polis de Minas","Setubinha","Sobe para sete o n\u00famero de mortos ap\u00f3s chuvas no Sul Bahia","Taiobeiras","Taparuba","Tarumirim","Teixeira de Freitas","Te\u00f3filo Otoni","Tumiritinga","Turmalina","UHE Irap\u00e9","Umburatiba","Usina Hidroel\u00e9trica de Irap\u00e9","Vale do Jequitinhonha","Vale do Mucuri","Vargem Grande do Rio Pardo","V\u00e1rzea Alegre","Verdel\u00e2ndia","Vereda","veredinha","Virgem da Lapa","Virgol\u00e2ndia"],"articleSection":["Minas Gerais"],"inLanguage":"pt-BR","potentialAction":[{"@type":"CommentAction","name":"Comment","target":["https:\/\/aconteceunovale.com.br\/portal\/?p=184838#respond"]}]},{"@type":"WebPage","@id":"https:\/\/aconteceunovale.com.br\/portal\/?p=184838","url":"https:\/\/aconteceunovale.com.br\/portal\/?p=184838","name":"Estado decreta situa\u00e7\u00e3o de emerg\u00eancia em mais 27 munic\u00edpios afetados por chuvas - Aconteceu no Vale","isPartOf":{"@id":"https:\/\/aconteceunovale.com.br\/portal\/#website"},"primaryImageOfPage":{"@id":"https:\/\/aconteceunovale.com.br\/portal\/?p=184838#primaryimage"},"image":{"@id":"https:\/\/aconteceunovale.com.br\/portal\/?p=184838#primaryimage"},"thumbnailUrl":"https:\/\/aconteceunovale.com.br\/portal\/wp-content\/uploads\/2021\/12\/zema_mucuri_jequi_2.jpg","datePublished":"2021-12-14T19:55:47+00:00","dateModified":"2021-12-14T22:35:12+00:00","author":{"@id":"https:\/\/aconteceunovale.com.br\/portal\/#\/schema\/person\/7d2f26d1483f8a63de73da1ee0754d35"},"breadcrumb":{"@id":"https:\/\/aconteceunovale.com.br\/portal\/?p=184838#breadcrumb"},"inLanguage":"pt-BR","potentialAction":[{"@type":"ReadAction","target":["https:\/\/aconteceunovale.com.br\/portal\/?p=184838"]}]},{"@type":"ImageObject","inLanguage":"pt-BR","@id":"https:\/\/aconteceunovale.com.br\/portal\/?p=184838#primaryimage","url":"https:\/\/aconteceunovale.com.br\/portal\/wp-content\/uploads\/2021\/12\/zema_mucuri_jequi_2.jpg","contentUrl":"https:\/\/aconteceunovale.com.br\/portal\/wp-content\/uploads\/2021\/12\/zema_mucuri_jequi_2.jpg","width":675,"height":450},{"@type":"BreadcrumbList","@id":"https:\/\/aconteceunovale.com.br\/portal\/?p=184838#breadcrumb","itemListElement":[{"@type":"ListItem","position":1,"name":"In\u00edcio","item":"https:\/\/aconteceunovale.com.br\/portal\/"},{"@type":"ListItem","position":2,"name":"Estado decreta situa\u00e7\u00e3o de emerg\u00eancia em mais 27 munic\u00edpios afetados por chuvas"}]},{"@type":"WebSite","@id":"https:\/\/aconteceunovale.com.br\/portal\/#website","url":"https:\/\/aconteceunovale.com.br\/portal\/","name":"Aconteceu no Vale","description":"Portal de Not\u00edcias","potentialAction":[{"@type":"SearchAction","target":{"@type":"EntryPoint","urlTemplate":"https:\/\/aconteceunovale.com.br\/portal\/?s={search_term_string}"},"query-input":{"@type":"PropertyValueSpecification","valueRequired":true,"valueName":"search_term_string"}}],"inLanguage":"pt-BR"},{"@type":"Person","@id":"https:\/\/aconteceunovale.com.br\/portal\/#\/schema\/person\/7d2f26d1483f8a63de73da1ee0754d35","name":"Reda\u00e7\u00e3o Aconteceu no Vale","description":"Equipe de reportagem do Aconteceu no Vale, portal de not\u00edcias do Vale do Jequitinhonha, em Minas Gerais. Cobrimos as 51 cidades do Vale desde 2013. Sugest\u00f5es de pauta e pedidos de corre\u00e7\u00e3o: contato@aconteceunovale.com.br","url":"https:\/\/aconteceunovale.com.br\/portal\/?author=4"}]}},"_links":{"self":[{"href":"https:\/\/aconteceunovale.com.br\/portal\/index.php?rest_route=\/wp\/v2\/posts\/184838","targetHints":{"allow":["GET"]}}],"collection":[{"href":"https:\/\/aconteceunovale.com.br\/portal\/index.php?rest_route=\/wp\/v2\/posts"}],"about":[{"href":"https:\/\/aconteceunovale.com.br\/portal\/index.php?rest_route=\/wp\/v2\/types\/post"}],"author":[{"embeddable":true,"href":"https:\/\/aconteceunovale.com.br\/portal\/index.php?rest_route=\/wp\/v2\/users\/4"}],"replies":[{"embeddable":true,"href":"https:\/\/aconteceunovale.com.br\/portal\/index.php?rest_route=%2Fwp%2Fv2%2Fcomments&post=184838"}],"version-history":[{"count":2,"href":"https:\/\/aconteceunovale.com.br\/portal\/index.php?rest_route=\/wp\/v2\/posts\/184838\/revisions"}],"predecessor-version":[{"id":184841,"href":"https:\/\/aconteceunovale.com.br\/portal\/index.php?rest_route=\/wp\/v2\/posts\/184838\/revisions\/184841"}],"wp:featuredmedia":[{"embeddable":true,"href":"https:\/\/aconteceunovale.com.br\/portal\/index.php?rest_route=\/wp\/v2\/media\/184702"}],"wp:attachment":[{"href":"https:\/\/aconteceunovale.com.br\/portal\/index.php?rest_route=%2Fwp%2Fv2%2Fmedia&parent=184838"}],"wp:term":[{"taxonomy":"category","embeddable":true,"href":"https:\/\/aconteceunovale.com.br\/portal\/index.php?rest_route=%2Fwp%2Fv2%2Fcategories&post=184838"},{"taxonomy":"post_tag","embeddable":true,"href":"https:\/\/aconteceunovale.com.br\/portal\/index.php?rest_route=%2Fwp%2Fv2%2Ftags&post=184838"}],"curies":[{"name":"wp","href":"https:\/\/api.w.org\/{rel}","templated":true}]}}