{"id":184624,"date":"2021-12-09T20:14:06","date_gmt":"2021-12-09T23:14:06","guid":{"rendered":"https:\/\/aconteceunovale.com.br\/portal\/?p=184624"},"modified":"2021-12-09T20:14:27","modified_gmt":"2021-12-09T23:14:27","slug":"forro-e-declarado-patrimonio-cultural-do-brasil","status":"publish","type":"post","link":"https:\/\/aconteceunovale.com.br\/portal\/?p=184624","title":{"rendered":"Forr\u00f3 \u00e9 declarado Patrim\u00f4nio Cultural do Brasil"},"content":{"rendered":"\n<p class=\"wp-block-paragraph\">Em decis\u00e3o un\u00e2nime, durante reuni\u00e3o extraordin\u00e1ria nesta quinta-feira (9\/12\/2021), o Conselho Consultivo do Patrim\u00f4nio Cultural do Instituto do Patrim\u00f4nio Hist\u00f3rico e Art\u00edstico Nacional (Iphan) declarou as matrizes tradicionais do forr\u00f3 como Patrim\u00f4nio Cultural do Brasil.<\/p>\n\n\n\n<figure class=\"wp-block-gallery columns-1 is-cropped wp-block-gallery-1 is-layout-flex wp-block-gallery-is-layout-flex\"><ul class=\"blocks-gallery-grid\"><li class=\"blocks-gallery-item\"><figure><img loading=\"lazy\" decoding=\"async\" width=\"678\" height=\"406\" src=\"https:\/\/aconteceunovale.com.br\/portal\/wp-content\/uploads\/2021\/12\/forro_nordestino.jpg\" alt=\"\" data-id=\"184625\" data-full-url=\"https:\/\/aconteceunovale.com.br\/portal\/wp-content\/uploads\/2021\/12\/forro_nordestino.jpg\" data-link=\"https:\/\/aconteceunovale.com.br\/portal\/?attachment_id=184625\" class=\"wp-image-184625\" srcset=\"https:\/\/aconteceunovale.com.br\/portal\/wp-content\/uploads\/2021\/12\/forro_nordestino.jpg 678w, https:\/\/aconteceunovale.com.br\/portal\/wp-content\/uploads\/2021\/12\/forro_nordestino-300x180.jpg 300w\" sizes=\"auto, (max-width: 678px) 100vw, 678px\" \/><figcaption class=\"blocks-gallery-item__caption\"><em>Foto: Sumaia Villela\/Ag\u00eancia Brasil<\/em><\/figcaption><\/figure><\/li><\/ul><\/figure>\n\n\n\n<p class=\"wp-block-paragraph\">O conselho, formado por representantes de institui\u00e7\u00f5es p\u00fablicas, privadas e da sociedade civil, tamb\u00e9m elegeu o forr\u00f3 como um superg\u00eanero musical, por reunir ritmos nordestinos, entre eles, o xote, xaxado, bai\u00e3o, chamego, a quadrilha, o arrasta-p\u00e9 e o p\u00e9-de-serra.<\/p>\n\n\n\n<p class=\"wp-block-paragraph\">O pedido de registro para tornar o forr\u00f3 patrim\u00f4nio cultural foi feito em 2011 pela Associa\u00e7\u00e3o Cultural Balaio do Nordeste, do estado da Para\u00edba. Nos \u00faltimos dez anos, em parceria com comunidades detentoras, foi realizada a descri\u00e7\u00e3o detalhada das matrizes tradicionais com registro documental e audiovisual.<\/p>\n\n\n\n<p class=\"wp-block-paragraph\">A conselheira Maria Cec\u00edlia Londres, relatora da proposta, fez uma ampla explana\u00e7\u00e3o sobre as origens do ritmo musical nordestino e da palavra forr\u00f3. A relatora destacou a relev\u00e2ncia do forr\u00f3 por englobar atividades como artesanatos, orquestras sanf\u00f4nicas, escolas de dan\u00e7a, preserva\u00e7\u00e3o de instrumentos (rabeca, sanfona, tri\u00e2ngulo, p\u00edfanos, zabumba etc).<\/p>\n\n\n\n<p class=\"wp-block-paragraph\">Maria Cec\u00edlia citou tamb\u00e9m a import\u00e2ncia das organiza\u00e7\u00f5es de forrozeiros, criadas em v\u00e1rios estados para manter vivo o forr\u00f3. Ao concluir seu voto, a relatora disse ser plenamente a favor do registro das matrizes tradicionais do forr\u00f3 como patrim\u00f4nio cultural do Brasil.<\/p>\n\n\n\n<h2 class=\"wp-block-heading\">Bem cultural<\/h2>\n\n\n\n<p class=\"wp-block-paragraph\">Segundo o ministro do Turismo, Gilson Machado, com o registro \u201cfinalmente o forr\u00f3 est\u00e1 dentro do calend\u00e1rio das pol\u00edticas p\u00fablicas e culturais do Brasil.\u201d O ministro respondeu ainda \u00e0s d\u00favidas sobre o que o artista desse estilo musical vai ganhar com o registro. \u201cVoc\u00ea agora vai poder ser contratado pelo Minist\u00e9rio do Turismo para trabalhar no exterior, para fazer um show no exterior, para fazer um CD, para fazer v\u00e1rias coisas que voc\u00eas n\u00e3o tinham acesso, que o forrozeiro n\u00e3o tinha acesso, que era acesso \u00e0s pol\u00edticas p\u00fablicas e \u00e0&nbsp;capacita\u00e7\u00e3o\u201d, destaca.<\/p>\n\n\n\n<p class=\"wp-block-paragraph\">\u201cUm caleidosc\u00f3pio de oportunidades no horizonte para quem trabalha com forr\u00f3, para quem \u00e9 o artista do forr\u00f3\u201d, diz.&nbsp;<\/p>\n\n\n\n<p class=\"wp-block-paragraph\">A presidente do Iphan, Larissa Peixoto, parabenizou \u00e0s equipes envolvidas no projeto de pesquisa e destacou que \u00e0s v\u00e9speras do anivers\u00e1rio de Luiz Gonzaga o forr\u00f3 se tornou o mais novo patrim\u00f4nio cultural. \u201cCom o reconhecimento, as matrizes foram inscritas no Livro de Registro das Formas de Express\u00e3o, assim como est\u00e3o a ciranda do Nordeste e o repente. Esse bem cultural que \u00e9 o nosso 52\u00ba bem registrado no pa\u00eds dispensa apresenta\u00e7\u00f5es e est\u00e1 em incont\u00e1veis eventos e festivais por todo o Brasil. Em especial, nos festejos do ciclo junino, gerando em renda e empregos diretos e indiretos al\u00e9m de um sentimento muito forte de pertencimento\u201d, comentou.<\/p>\n\n\n\n<p class=\"wp-block-paragraph\">&#8212;&#8212;&#8212;&#8212;&#8212;&#8212;<br><em>Quer receber as not\u00edcias do <strong>Aconteceu no Vale<\/strong> em primeira m\u00e3o? Siga-nos no Facebook <a rel=\"noreferrer noopener\" href=\"http:\/\/facebook.com\/aconteceunovale\" target=\"_blank\">@aconteceunovale<\/a>, Twitter <a rel=\"noreferrer noopener\" href=\"https:\/\/twitter.com\/noticiadosvales\" target=\"_blank\">@noticiadosvales<\/a> e Instagram <a rel=\"noreferrer noopener\" href=\"https:\/\/www.instagram.com\/aconteceunovale\" target=\"_blank\">@aconteceunovale<\/a>.<\/em><\/p>\n","protected":false},"excerpt":{"rendered":"<p>Em decis\u00e3o un\u00e2nime, durante reuni\u00e3o extraordin\u00e1ria nesta quinta-feira (9\/12\/2021), o Conselho Consultivo do Patrim\u00f4nio Cultural do Instituto do Patrim\u00f4nio Hist\u00f3rico e Art\u00edstico Nacional (Iphan) declarou as matrizes tradicionais do forr\u00f3 como Patrim\u00f4nio Cultural do Brasil. O conselho, formado por representantes de institui\u00e7\u00f5es p\u00fablicas, privadas e da sociedade civil, tamb\u00e9m elegeu o forr\u00f3 como um superg\u00eanero [&hellip;]<\/p>\n","protected":false},"author":4,"featured_media":184625,"comment_status":"open","ping_status":"closed","sticky":false,"template":"","format":"standard","meta":{"amp_status":"","footnotes":""},"categories":[6],"tags":[255590,255591,255588,4785,255589,1018,255584,255583,255585,232187,93696,69650,239521,255593,255592,255582,204216,99881,255587,255586],"class_list":["post-184624","post","type-post","status-publish","format-standard","has-post-thumbnail","hentry","category-br","tag-arrasta-pe","tag-associacao-cultural-balaio-do-nordeste","tag-baiao","tag-brasil","tag-chamego","tag-destaque","tag-forro","tag-forro-e-patrimonio-cultural-do-brasil","tag-forro-nordestino","tag-gilson-machado","tag-instituto-do-patrimonio-historico-e-artistico-nacional","tag-iphan","tag-larissa-peixoto","tag-luiz-gonzaga","tag-maria-cecilia-londres","tag-patrimonio-cultural-do-brasil","tag-pe-de-serra","tag-quadrilha","tag-xaxado","tag-xote"],"yoast_head":"<!-- This site is optimized with the Yoast SEO plugin v28.3 - https:\/\/yoast.com\/product\/yoast-seo-wordpress\/ -->\n<title>Forr\u00f3 \u00e9 declarado Patrim\u00f4nio Cultural do Brasil - Aconteceu no Vale<\/title>\n<meta name=\"robots\" content=\"index, follow, max-snippet:-1, max-image-preview:large, max-video-preview:-1\" \/>\n<link rel=\"canonical\" href=\"https:\/\/aconteceunovale.com.br\/portal\/?p=184624\" \/>\n<meta property=\"og:locale\" content=\"pt_BR\" \/>\n<meta property=\"og:type\" content=\"article\" \/>\n<meta property=\"og:title\" content=\"Forr\u00f3 \u00e9 declarado Patrim\u00f4nio Cultural do Brasil - Aconteceu no Vale\" \/>\n<meta property=\"og:description\" content=\"Em decis\u00e3o un\u00e2nime, durante reuni\u00e3o extraordin\u00e1ria nesta quinta-feira (9\/12\/2021), o Conselho Consultivo do Patrim\u00f4nio Cultural do Instituto do Patrim\u00f4nio Hist\u00f3rico e Art\u00edstico Nacional (Iphan) declarou as matrizes tradicionais do forr\u00f3 como Patrim\u00f4nio Cultural do Brasil. O conselho, formado por representantes de institui\u00e7\u00f5es p\u00fablicas, privadas e da sociedade civil, tamb\u00e9m elegeu o forr\u00f3 como um superg\u00eanero [&hellip;]\" \/>\n<meta property=\"og:url\" content=\"https:\/\/aconteceunovale.com.br\/portal\/?p=184624\" \/>\n<meta property=\"og:site_name\" content=\"Aconteceu no Vale\" \/>\n<meta property=\"article:publisher\" content=\"https:\/\/www.facebook.com\/aconteceunovale\/\" \/>\n<meta property=\"article:published_time\" content=\"2021-12-09T23:14:06+00:00\" \/>\n<meta property=\"article:modified_time\" content=\"2021-12-09T23:14:27+00:00\" \/>\n<meta property=\"og:image\" content=\"https:\/\/aconteceunovale.com.br\/portal\/wp-content\/uploads\/2021\/12\/forro_nordestino.jpg\" \/>\n\t<meta property=\"og:image:width\" content=\"678\" \/>\n\t<meta property=\"og:image:height\" content=\"406\" \/>\n\t<meta property=\"og:image:type\" content=\"image\/jpeg\" \/>\n<meta name=\"author\" content=\"Reda\u00e7\u00e3o Aconteceu no Vale\" \/>\n<meta name=\"twitter:card\" content=\"summary_large_image\" \/>\n<meta name=\"twitter:creator\" content=\"@noticiadosvales\" \/>\n<meta name=\"twitter:site\" content=\"@noticiadosvales\" \/>\n<meta name=\"twitter:label1\" content=\"Escrito por\" \/>\n\t<meta name=\"twitter:data1\" content=\"Reda\u00e7\u00e3o Aconteceu no Vale\" \/>\n\t<meta name=\"twitter:label2\" content=\"Est. tempo de leitura\" \/>\n\t<meta name=\"twitter:data2\" content=\"3 minutos\" \/>\n<script type=\"application\/ld+json\" class=\"yoast-schema-graph\">{\"@context\":\"https:\\\/\\\/schema.org\",\"@graph\":[{\"@type\":\"Article\",\"@id\":\"https:\\\/\\\/aconteceunovale.com.br\\\/portal\\\/?p=184624#article\",\"isPartOf\":{\"@id\":\"https:\\\/\\\/aconteceunovale.com.br\\\/portal\\\/?p=184624\"},\"author\":{\"name\":\"Reda\u00e7\u00e3o Aconteceu no Vale\",\"@id\":\"https:\\\/\\\/aconteceunovale.com.br\\\/portal\\\/#\\\/schema\\\/person\\\/7d2f26d1483f8a63de73da1ee0754d35\"},\"headline\":\"Forr\u00f3 \u00e9 declarado Patrim\u00f4nio Cultural do Brasil\",\"datePublished\":\"2021-12-09T23:14:06+00:00\",\"dateModified\":\"2021-12-09T23:14:27+00:00\",\"mainEntityOfPage\":{\"@id\":\"https:\\\/\\\/aconteceunovale.com.br\\\/portal\\\/?p=184624\"},\"wordCount\":518,\"commentCount\":0,\"image\":{\"@id\":\"https:\\\/\\\/aconteceunovale.com.br\\\/portal\\\/?p=184624#primaryimage\"},\"thumbnailUrl\":\"https:\\\/\\\/aconteceunovale.com.br\\\/portal\\\/wp-content\\\/uploads\\\/2021\\\/12\\\/forro_nordestino.jpg\",\"keywords\":[\"Arrasta-p\u00e9\",\"Associa\u00e7\u00e3o Cultural Balaio do Nordeste\",\"Bai\u00e3o\",\"brasil\",\"Chamego\",\"destaque\",\"Forr\u00f3\",\"Forr\u00f3 \u00e9 Patrim\u00f4nio Cultural do Brasil\",\"Forr\u00f3 nordestino\",\"Gilson Machado\",\"Instituto do Patrim\u00f4nio Hist\u00f3rico e Art\u00edstico Nacional\",\"Iphan\",\"Larissa Peixoto\",\"Luiz Gonzaga\",\"Maria Cec\u00edlia Londres\",\"Patrim\u00f4nio Cultural do Brasil\",\"P\u00e9 de Serra\",\"quadrilha\",\"Xaxado\",\"Xote\"],\"articleSection\":[\"Brasil\"],\"inLanguage\":\"pt-BR\",\"potentialAction\":[{\"@type\":\"CommentAction\",\"name\":\"Comment\",\"target\":[\"https:\\\/\\\/aconteceunovale.com.br\\\/portal\\\/?p=184624#respond\"]}]},{\"@type\":\"WebPage\",\"@id\":\"https:\\\/\\\/aconteceunovale.com.br\\\/portal\\\/?p=184624\",\"url\":\"https:\\\/\\\/aconteceunovale.com.br\\\/portal\\\/?p=184624\",\"name\":\"Forr\u00f3 \u00e9 declarado Patrim\u00f4nio Cultural do Brasil - Aconteceu no Vale\",\"isPartOf\":{\"@id\":\"https:\\\/\\\/aconteceunovale.com.br\\\/portal\\\/#website\"},\"primaryImageOfPage\":{\"@id\":\"https:\\\/\\\/aconteceunovale.com.br\\\/portal\\\/?p=184624#primaryimage\"},\"image\":{\"@id\":\"https:\\\/\\\/aconteceunovale.com.br\\\/portal\\\/?p=184624#primaryimage\"},\"thumbnailUrl\":\"https:\\\/\\\/aconteceunovale.com.br\\\/portal\\\/wp-content\\\/uploads\\\/2021\\\/12\\\/forro_nordestino.jpg\",\"datePublished\":\"2021-12-09T23:14:06+00:00\",\"dateModified\":\"2021-12-09T23:14:27+00:00\",\"author\":{\"@id\":\"https:\\\/\\\/aconteceunovale.com.br\\\/portal\\\/#\\\/schema\\\/person\\\/7d2f26d1483f8a63de73da1ee0754d35\"},\"breadcrumb\":{\"@id\":\"https:\\\/\\\/aconteceunovale.com.br\\\/portal\\\/?p=184624#breadcrumb\"},\"inLanguage\":\"pt-BR\",\"potentialAction\":[{\"@type\":\"ReadAction\",\"target\":[\"https:\\\/\\\/aconteceunovale.com.br\\\/portal\\\/?p=184624\"]}]},{\"@type\":\"ImageObject\",\"inLanguage\":\"pt-BR\",\"@id\":\"https:\\\/\\\/aconteceunovale.com.br\\\/portal\\\/?p=184624#primaryimage\",\"url\":\"https:\\\/\\\/aconteceunovale.com.br\\\/portal\\\/wp-content\\\/uploads\\\/2021\\\/12\\\/forro_nordestino.jpg\",\"contentUrl\":\"https:\\\/\\\/aconteceunovale.com.br\\\/portal\\\/wp-content\\\/uploads\\\/2021\\\/12\\\/forro_nordestino.jpg\",\"width\":678,\"height\":406,\"caption\":\"Recife - Abertura do S\u00e3o Jo\u00e3o no Recife leva sanfoneiros e forr\u00f3 ao palco do frevo. (Sumaia Villela\\\/Ag\u00eancia Brasil)\"},{\"@type\":\"BreadcrumbList\",\"@id\":\"https:\\\/\\\/aconteceunovale.com.br\\\/portal\\\/?p=184624#breadcrumb\",\"itemListElement\":[{\"@type\":\"ListItem\",\"position\":1,\"name\":\"In\u00edcio\",\"item\":\"https:\\\/\\\/aconteceunovale.com.br\\\/portal\\\/\"},{\"@type\":\"ListItem\",\"position\":2,\"name\":\"Forr\u00f3 \u00e9 declarado Patrim\u00f4nio Cultural do Brasil\"}]},{\"@type\":\"WebSite\",\"@id\":\"https:\\\/\\\/aconteceunovale.com.br\\\/portal\\\/#website\",\"url\":\"https:\\\/\\\/aconteceunovale.com.br\\\/portal\\\/\",\"name\":\"Aconteceu no Vale\",\"description\":\"Portal de Not\u00edcias\",\"potentialAction\":[{\"@type\":\"SearchAction\",\"target\":{\"@type\":\"EntryPoint\",\"urlTemplate\":\"https:\\\/\\\/aconteceunovale.com.br\\\/portal\\\/?s={search_term_string}\"},\"query-input\":{\"@type\":\"PropertyValueSpecification\",\"valueRequired\":true,\"valueName\":\"search_term_string\"}}],\"inLanguage\":\"pt-BR\"},{\"@type\":\"Person\",\"@id\":\"https:\\\/\\\/aconteceunovale.com.br\\\/portal\\\/#\\\/schema\\\/person\\\/7d2f26d1483f8a63de73da1ee0754d35\",\"name\":\"Reda\u00e7\u00e3o Aconteceu no Vale\",\"description\":\"Equipe de reportagem do Aconteceu no Vale, portal de not\u00edcias do Vale do Jequitinhonha, em Minas Gerais. Cobrimos as 51 cidades do Vale desde 2013. Sugest\u00f5es de pauta e pedidos de corre\u00e7\u00e3o: contato@aconteceunovale.com.br\",\"url\":\"https:\\\/\\\/aconteceunovale.com.br\\\/portal\\\/?author=4\"}]}<\/script>\n<!-- \/ Yoast SEO plugin. -->","yoast_head_json":{"title":"Forr\u00f3 \u00e9 declarado Patrim\u00f4nio Cultural do Brasil - Aconteceu no Vale","robots":{"index":"index","follow":"follow","max-snippet":"max-snippet:-1","max-image-preview":"max-image-preview:large","max-video-preview":"max-video-preview:-1"},"canonical":"https:\/\/aconteceunovale.com.br\/portal\/?p=184624","og_locale":"pt_BR","og_type":"article","og_title":"Forr\u00f3 \u00e9 declarado Patrim\u00f4nio Cultural do Brasil - Aconteceu no Vale","og_description":"Em decis\u00e3o un\u00e2nime, durante reuni\u00e3o extraordin\u00e1ria nesta quinta-feira (9\/12\/2021), o Conselho Consultivo do Patrim\u00f4nio Cultural do Instituto do Patrim\u00f4nio Hist\u00f3rico e Art\u00edstico Nacional (Iphan) declarou as matrizes tradicionais do forr\u00f3 como Patrim\u00f4nio Cultural do Brasil. O conselho, formado por representantes de institui\u00e7\u00f5es p\u00fablicas, privadas e da sociedade civil, tamb\u00e9m elegeu o forr\u00f3 como um superg\u00eanero [&hellip;]","og_url":"https:\/\/aconteceunovale.com.br\/portal\/?p=184624","og_site_name":"Aconteceu no Vale","article_publisher":"https:\/\/www.facebook.com\/aconteceunovale\/","article_published_time":"2021-12-09T23:14:06+00:00","article_modified_time":"2021-12-09T23:14:27+00:00","og_image":[{"width":678,"height":406,"url":"https:\/\/aconteceunovale.com.br\/portal\/wp-content\/uploads\/2021\/12\/forro_nordestino.jpg","type":"image\/jpeg"}],"author":"Reda\u00e7\u00e3o Aconteceu no Vale","twitter_card":"summary_large_image","twitter_creator":"@noticiadosvales","twitter_site":"@noticiadosvales","twitter_misc":{"Escrito por":"Reda\u00e7\u00e3o Aconteceu no Vale","Est. tempo de leitura":"3 minutos"},"schema":{"@context":"https:\/\/schema.org","@graph":[{"@type":"Article","@id":"https:\/\/aconteceunovale.com.br\/portal\/?p=184624#article","isPartOf":{"@id":"https:\/\/aconteceunovale.com.br\/portal\/?p=184624"},"author":{"name":"Reda\u00e7\u00e3o Aconteceu no Vale","@id":"https:\/\/aconteceunovale.com.br\/portal\/#\/schema\/person\/7d2f26d1483f8a63de73da1ee0754d35"},"headline":"Forr\u00f3 \u00e9 declarado Patrim\u00f4nio Cultural do Brasil","datePublished":"2021-12-09T23:14:06+00:00","dateModified":"2021-12-09T23:14:27+00:00","mainEntityOfPage":{"@id":"https:\/\/aconteceunovale.com.br\/portal\/?p=184624"},"wordCount":518,"commentCount":0,"image":{"@id":"https:\/\/aconteceunovale.com.br\/portal\/?p=184624#primaryimage"},"thumbnailUrl":"https:\/\/aconteceunovale.com.br\/portal\/wp-content\/uploads\/2021\/12\/forro_nordestino.jpg","keywords":["Arrasta-p\u00e9","Associa\u00e7\u00e3o Cultural Balaio do Nordeste","Bai\u00e3o","brasil","Chamego","destaque","Forr\u00f3","Forr\u00f3 \u00e9 Patrim\u00f4nio Cultural do Brasil","Forr\u00f3 nordestino","Gilson Machado","Instituto do Patrim\u00f4nio Hist\u00f3rico e Art\u00edstico Nacional","Iphan","Larissa Peixoto","Luiz Gonzaga","Maria Cec\u00edlia Londres","Patrim\u00f4nio Cultural do Brasil","P\u00e9 de Serra","quadrilha","Xaxado","Xote"],"articleSection":["Brasil"],"inLanguage":"pt-BR","potentialAction":[{"@type":"CommentAction","name":"Comment","target":["https:\/\/aconteceunovale.com.br\/portal\/?p=184624#respond"]}]},{"@type":"WebPage","@id":"https:\/\/aconteceunovale.com.br\/portal\/?p=184624","url":"https:\/\/aconteceunovale.com.br\/portal\/?p=184624","name":"Forr\u00f3 \u00e9 declarado Patrim\u00f4nio Cultural do Brasil - Aconteceu no Vale","isPartOf":{"@id":"https:\/\/aconteceunovale.com.br\/portal\/#website"},"primaryImageOfPage":{"@id":"https:\/\/aconteceunovale.com.br\/portal\/?p=184624#primaryimage"},"image":{"@id":"https:\/\/aconteceunovale.com.br\/portal\/?p=184624#primaryimage"},"thumbnailUrl":"https:\/\/aconteceunovale.com.br\/portal\/wp-content\/uploads\/2021\/12\/forro_nordestino.jpg","datePublished":"2021-12-09T23:14:06+00:00","dateModified":"2021-12-09T23:14:27+00:00","author":{"@id":"https:\/\/aconteceunovale.com.br\/portal\/#\/schema\/person\/7d2f26d1483f8a63de73da1ee0754d35"},"breadcrumb":{"@id":"https:\/\/aconteceunovale.com.br\/portal\/?p=184624#breadcrumb"},"inLanguage":"pt-BR","potentialAction":[{"@type":"ReadAction","target":["https:\/\/aconteceunovale.com.br\/portal\/?p=184624"]}]},{"@type":"ImageObject","inLanguage":"pt-BR","@id":"https:\/\/aconteceunovale.com.br\/portal\/?p=184624#primaryimage","url":"https:\/\/aconteceunovale.com.br\/portal\/wp-content\/uploads\/2021\/12\/forro_nordestino.jpg","contentUrl":"https:\/\/aconteceunovale.com.br\/portal\/wp-content\/uploads\/2021\/12\/forro_nordestino.jpg","width":678,"height":406,"caption":"Recife - Abertura do S\u00e3o Jo\u00e3o no Recife leva sanfoneiros e forr\u00f3 ao palco do frevo. (Sumaia Villela\/Ag\u00eancia Brasil)"},{"@type":"BreadcrumbList","@id":"https:\/\/aconteceunovale.com.br\/portal\/?p=184624#breadcrumb","itemListElement":[{"@type":"ListItem","position":1,"name":"In\u00edcio","item":"https:\/\/aconteceunovale.com.br\/portal\/"},{"@type":"ListItem","position":2,"name":"Forr\u00f3 \u00e9 declarado Patrim\u00f4nio Cultural do Brasil"}]},{"@type":"WebSite","@id":"https:\/\/aconteceunovale.com.br\/portal\/#website","url":"https:\/\/aconteceunovale.com.br\/portal\/","name":"Aconteceu no Vale","description":"Portal de Not\u00edcias","potentialAction":[{"@type":"SearchAction","target":{"@type":"EntryPoint","urlTemplate":"https:\/\/aconteceunovale.com.br\/portal\/?s={search_term_string}"},"query-input":{"@type":"PropertyValueSpecification","valueRequired":true,"valueName":"search_term_string"}}],"inLanguage":"pt-BR"},{"@type":"Person","@id":"https:\/\/aconteceunovale.com.br\/portal\/#\/schema\/person\/7d2f26d1483f8a63de73da1ee0754d35","name":"Reda\u00e7\u00e3o Aconteceu no Vale","description":"Equipe de reportagem do Aconteceu no Vale, portal de not\u00edcias do Vale do Jequitinhonha, em Minas Gerais. Cobrimos as 51 cidades do Vale desde 2013. Sugest\u00f5es de pauta e pedidos de corre\u00e7\u00e3o: contato@aconteceunovale.com.br","url":"https:\/\/aconteceunovale.com.br\/portal\/?author=4"}]}},"_links":{"self":[{"href":"https:\/\/aconteceunovale.com.br\/portal\/index.php?rest_route=\/wp\/v2\/posts\/184624","targetHints":{"allow":["GET"]}}],"collection":[{"href":"https:\/\/aconteceunovale.com.br\/portal\/index.php?rest_route=\/wp\/v2\/posts"}],"about":[{"href":"https:\/\/aconteceunovale.com.br\/portal\/index.php?rest_route=\/wp\/v2\/types\/post"}],"author":[{"embeddable":true,"href":"https:\/\/aconteceunovale.com.br\/portal\/index.php?rest_route=\/wp\/v2\/users\/4"}],"replies":[{"embeddable":true,"href":"https:\/\/aconteceunovale.com.br\/portal\/index.php?rest_route=%2Fwp%2Fv2%2Fcomments&post=184624"}],"version-history":[{"count":1,"href":"https:\/\/aconteceunovale.com.br\/portal\/index.php?rest_route=\/wp\/v2\/posts\/184624\/revisions"}],"predecessor-version":[{"id":184626,"href":"https:\/\/aconteceunovale.com.br\/portal\/index.php?rest_route=\/wp\/v2\/posts\/184624\/revisions\/184626"}],"wp:featuredmedia":[{"embeddable":true,"href":"https:\/\/aconteceunovale.com.br\/portal\/index.php?rest_route=\/wp\/v2\/media\/184625"}],"wp:attachment":[{"href":"https:\/\/aconteceunovale.com.br\/portal\/index.php?rest_route=%2Fwp%2Fv2%2Fmedia&parent=184624"}],"wp:term":[{"taxonomy":"category","embeddable":true,"href":"https:\/\/aconteceunovale.com.br\/portal\/index.php?rest_route=%2Fwp%2Fv2%2Fcategories&post=184624"},{"taxonomy":"post_tag","embeddable":true,"href":"https:\/\/aconteceunovale.com.br\/portal\/index.php?rest_route=%2Fwp%2Fv2%2Ftags&post=184624"}],"curies":[{"name":"wp","href":"https:\/\/api.w.org\/{rel}","templated":true}]}}