{"id":184613,"date":"2021-12-09T18:40:57","date_gmt":"2021-12-09T21:40:57","guid":{"rendered":"https:\/\/aconteceunovale.com.br\/portal\/?p=184613"},"modified":"2021-12-09T18:42:54","modified_gmt":"2021-12-09T21:42:54","slug":"tribunal-reverte-a-cassacao-do-prefeito-de-mantena","status":"publish","type":"post","link":"https:\/\/aconteceunovale.com.br\/portal\/?p=184613","title":{"rendered":"Tribunal reverte a cassa\u00e7\u00e3o do prefeito de Mantena"},"content":{"rendered":"\n<p class=\"wp-block-paragraph\">Na sess\u00e3o de julgamentos de ter\u00e7a-feira (7\/12\/2021), o Tribunal Eleitoral mineiro reverteu, por unanimidade, a cassa\u00e7\u00e3o do mandato do prefeito de Mantena (Vale do Rio Doce), Jo\u00e3o Rufino Sobrinho (PSB), e do vice, Ronaldson de Souza Ferreira (PSB). Eles haviam sido condenados por capta\u00e7\u00e3o il\u00edcita de sufr\u00e1gio (compra de votos). Os julgadores, com base no voto do relator, juiz Marcelo Vaz Bueno, tamb\u00e9m exclu\u00edram a multa de R$ 50 mil aplicada ao prefeito.<\/p>\n\n\n\n<p class=\"wp-block-paragraph\">De acordo com a a\u00e7\u00e3o de investiga\u00e7\u00e3o judicial eleitoral (AIJE) proposta pelo Minist\u00e9rio P\u00fablico Eleitoral (MPE), os r\u00e9us, valendo-se de terceiros que atuavam em seus nomes, ofereceram, prometeram e efetivamente entregaram, a diversos eleitores, cestas b\u00e1sicas e outras vantagens em troca de votos. E, dessa forma, estaria configurada a capta\u00e7\u00e3o il\u00edcita de sufr\u00e1gio (compra de voto).<\/p>\n\n\n\n<p class=\"wp-block-paragraph\">O juiz eleitoral local, em sua senten\u00e7a, reconheceu a capta\u00e7\u00e3o il\u00edcita de sufr\u00e1gio, prevista no&nbsp;artigo 41-A da Lei n\u00ba 9.504\/1997, cassando os mandatos. O relator do processo no TRE, por\u00e9m, entendeu que n\u00e3o havia provas robustas para a manuten\u00e7\u00e3o da senten\u00e7a, e opinou pelo afastamento da cassa\u00e7\u00e3o e multa, sendo seguido pelos demais integrantes da Corte Eleitoral.<\/p>\n\n\n\n<p class=\"wp-block-paragraph\">O prefeito obteve 7.598 votos (51,65%) e permanece no cargo. Da decis\u00e3o cabe recurso.\u00a0<\/p>\n\n\n\n<p class=\"wp-block-paragraph\">&#8212;&#8212;&#8212;&#8212;&#8212;&#8212;<br><em>Quer receber as not\u00edcias do <strong>Aconteceu no Vale<\/strong> em primeira m\u00e3o? Siga-nos no Facebook <a rel=\"noreferrer noopener\" href=\"http:\/\/facebook.com\/aconteceunovale\" target=\"_blank\">@aconteceunovale<\/a>, Twitter <a rel=\"noreferrer noopener\" href=\"https:\/\/twitter.com\/noticiadosvales\" target=\"_blank\">@noticiadosvales<\/a> e Instagram <a rel=\"noreferrer noopener\" href=\"https:\/\/www.instagram.com\/aconteceunovale\" target=\"_blank\">@aconteceunovale<\/a>.<\/em><\/p>\n","protected":false},"excerpt":{"rendered":"<p>Na sess\u00e3o de julgamentos de ter\u00e7a-feira (7\/12\/2021), o Tribunal Eleitoral mineiro reverteu, por unanimidade, a cassa\u00e7\u00e3o do mandato do prefeito de Mantena (Vale do Rio Doce), Jo\u00e3o Rufino Sobrinho (PSB), e do vice, Ronaldson de Souza Ferreira (PSB). Eles haviam sido condenados por capta\u00e7\u00e3o il\u00edcita de sufr\u00e1gio (compra de votos). Os julgadores, com base no [&hellip;]<\/p>\n","protected":false},"author":4,"featured_media":149200,"comment_status":"open","ping_status":"closed","sticky":false,"template":"","format":"standard","meta":{"amp_status":"","footnotes":""},"categories":[121,40240],"tags":[255561,255562,1516,130890,46392,205419,255563,115951,140051,255560],"class_list":["post-184613","post","type-post","status-publish","format-standard","has-post-thumbnail","hentry","category-leste","category-politica","tag-cassacao-do-prefeito-de-mantena","tag-joao-rufino-sobrinho","tag-mantena","tag-ministerio-publico-eleitoral","tag-prefeito-de-mantena","tag-prefeitura-de-mantena","tag-ronaldson-de-souza-ferreira","tag-tre-mg","tag-tribunal-regional-eleitoral-de-minas-gerais","tag-tribunal-reverte-a-cassacao-do-prefeito-de-mantena"],"yoast_head":"<!-- This site is optimized with the Yoast SEO plugin v28.3 - https:\/\/yoast.com\/product\/yoast-seo-wordpress\/ -->\n<title>Tribunal reverte a cassa\u00e7\u00e3o do prefeito de Mantena - Aconteceu no Vale<\/title>\n<meta name=\"robots\" content=\"index, follow, max-snippet:-1, max-image-preview:large, max-video-preview:-1\" \/>\n<link rel=\"canonical\" href=\"https:\/\/aconteceunovale.com.br\/portal\/?p=184613\" \/>\n<meta property=\"og:locale\" content=\"pt_BR\" \/>\n<meta property=\"og:type\" content=\"article\" \/>\n<meta property=\"og:title\" content=\"Tribunal reverte a cassa\u00e7\u00e3o do prefeito de Mantena - Aconteceu no Vale\" \/>\n<meta property=\"og:description\" content=\"Na sess\u00e3o de julgamentos de ter\u00e7a-feira (7\/12\/2021), o Tribunal Eleitoral mineiro reverteu, por unanimidade, a cassa\u00e7\u00e3o do mandato do prefeito de Mantena (Vale do Rio Doce), Jo\u00e3o Rufino Sobrinho (PSB), e do vice, Ronaldson de Souza Ferreira (PSB). Eles haviam sido condenados por capta\u00e7\u00e3o il\u00edcita de sufr\u00e1gio (compra de votos). Os julgadores, com base no [&hellip;]\" \/>\n<meta property=\"og:url\" content=\"https:\/\/aconteceunovale.com.br\/portal\/?p=184613\" \/>\n<meta property=\"og:site_name\" content=\"Aconteceu no Vale\" \/>\n<meta property=\"article:publisher\" content=\"https:\/\/www.facebook.com\/aconteceunovale\/\" \/>\n<meta property=\"article:published_time\" content=\"2021-12-09T21:40:57+00:00\" \/>\n<meta property=\"article:modified_time\" content=\"2021-12-09T21:42:54+00:00\" \/>\n<meta property=\"og:image\" content=\"https:\/\/aconteceunovale.com.br\/portal\/wp-content\/uploads\/2019\/06\/mantenamg.jpg\" \/>\n\t<meta property=\"og:image:width\" content=\"600\" \/>\n\t<meta property=\"og:image:height\" content=\"450\" \/>\n\t<meta property=\"og:image:type\" content=\"image\/jpeg\" \/>\n<meta name=\"author\" content=\"Reda\u00e7\u00e3o Aconteceu no Vale\" \/>\n<meta name=\"twitter:card\" content=\"summary_large_image\" \/>\n<meta name=\"twitter:creator\" content=\"@noticiadosvales\" \/>\n<meta name=\"twitter:site\" content=\"@noticiadosvales\" \/>\n<meta name=\"twitter:label1\" content=\"Escrito por\" \/>\n\t<meta name=\"twitter:data1\" content=\"Reda\u00e7\u00e3o Aconteceu no Vale\" \/>\n\t<meta name=\"twitter:label2\" content=\"Est. tempo de leitura\" \/>\n\t<meta name=\"twitter:data2\" content=\"1 minuto\" \/>\n<script type=\"application\/ld+json\" class=\"yoast-schema-graph\">{\"@context\":\"https:\\\/\\\/schema.org\",\"@graph\":[{\"@type\":\"Article\",\"@id\":\"https:\\\/\\\/aconteceunovale.com.br\\\/portal\\\/?p=184613#article\",\"isPartOf\":{\"@id\":\"https:\\\/\\\/aconteceunovale.com.br\\\/portal\\\/?p=184613\"},\"author\":{\"name\":\"Reda\u00e7\u00e3o Aconteceu no Vale\",\"@id\":\"https:\\\/\\\/aconteceunovale.com.br\\\/portal\\\/#\\\/schema\\\/person\\\/7d2f26d1483f8a63de73da1ee0754d35\"},\"headline\":\"Tribunal reverte a cassa\u00e7\u00e3o do prefeito de Mantena\",\"datePublished\":\"2021-12-09T21:40:57+00:00\",\"dateModified\":\"2021-12-09T21:42:54+00:00\",\"mainEntityOfPage\":{\"@id\":\"https:\\\/\\\/aconteceunovale.com.br\\\/portal\\\/?p=184613\"},\"wordCount\":257,\"commentCount\":0,\"image\":{\"@id\":\"https:\\\/\\\/aconteceunovale.com.br\\\/portal\\\/?p=184613#primaryimage\"},\"thumbnailUrl\":\"https:\\\/\\\/aconteceunovale.com.br\\\/portal\\\/wp-content\\\/uploads\\\/2019\\\/06\\\/mantenamg.jpg\",\"keywords\":[\"Cassa\u00e7\u00e3o do prefeito de Mantena\",\"Jo\u00e3o Rufino Sobrinho\",\"Mantena\",\"Minist\u00e9rio P\u00fablico Eleitoral\",\"prefeito de Mantena\",\"Prefeitura de Mantena\",\"Ronaldson de Souza Ferreira\",\"TRE-MG\",\"Tribunal Regional Eleitoral de Minas Gerais\",\"Tribunal reverte a cassa\u00e7\u00e3o do prefeito de Mantena\"],\"articleSection\":[\"Leste de Minas\",\"Pol\u00edtica\"],\"inLanguage\":\"pt-BR\",\"potentialAction\":[{\"@type\":\"CommentAction\",\"name\":\"Comment\",\"target\":[\"https:\\\/\\\/aconteceunovale.com.br\\\/portal\\\/?p=184613#respond\"]}]},{\"@type\":\"WebPage\",\"@id\":\"https:\\\/\\\/aconteceunovale.com.br\\\/portal\\\/?p=184613\",\"url\":\"https:\\\/\\\/aconteceunovale.com.br\\\/portal\\\/?p=184613\",\"name\":\"Tribunal reverte a cassa\u00e7\u00e3o do prefeito de Mantena - Aconteceu no Vale\",\"isPartOf\":{\"@id\":\"https:\\\/\\\/aconteceunovale.com.br\\\/portal\\\/#website\"},\"primaryImageOfPage\":{\"@id\":\"https:\\\/\\\/aconteceunovale.com.br\\\/portal\\\/?p=184613#primaryimage\"},\"image\":{\"@id\":\"https:\\\/\\\/aconteceunovale.com.br\\\/portal\\\/?p=184613#primaryimage\"},\"thumbnailUrl\":\"https:\\\/\\\/aconteceunovale.com.br\\\/portal\\\/wp-content\\\/uploads\\\/2019\\\/06\\\/mantenamg.jpg\",\"datePublished\":\"2021-12-09T21:40:57+00:00\",\"dateModified\":\"2021-12-09T21:42:54+00:00\",\"author\":{\"@id\":\"https:\\\/\\\/aconteceunovale.com.br\\\/portal\\\/#\\\/schema\\\/person\\\/7d2f26d1483f8a63de73da1ee0754d35\"},\"breadcrumb\":{\"@id\":\"https:\\\/\\\/aconteceunovale.com.br\\\/portal\\\/?p=184613#breadcrumb\"},\"inLanguage\":\"pt-BR\",\"potentialAction\":[{\"@type\":\"ReadAction\",\"target\":[\"https:\\\/\\\/aconteceunovale.com.br\\\/portal\\\/?p=184613\"]}]},{\"@type\":\"ImageObject\",\"inLanguage\":\"pt-BR\",\"@id\":\"https:\\\/\\\/aconteceunovale.com.br\\\/portal\\\/?p=184613#primaryimage\",\"url\":\"https:\\\/\\\/aconteceunovale.com.br\\\/portal\\\/wp-content\\\/uploads\\\/2019\\\/06\\\/mantenamg.jpg\",\"contentUrl\":\"https:\\\/\\\/aconteceunovale.com.br\\\/portal\\\/wp-content\\\/uploads\\\/2019\\\/06\\\/mantenamg.jpg\",\"width\":600,\"height\":450},{\"@type\":\"BreadcrumbList\",\"@id\":\"https:\\\/\\\/aconteceunovale.com.br\\\/portal\\\/?p=184613#breadcrumb\",\"itemListElement\":[{\"@type\":\"ListItem\",\"position\":1,\"name\":\"In\u00edcio\",\"item\":\"https:\\\/\\\/aconteceunovale.com.br\\\/portal\\\/\"},{\"@type\":\"ListItem\",\"position\":2,\"name\":\"Tribunal reverte a cassa\u00e7\u00e3o do prefeito de Mantena\"}]},{\"@type\":\"WebSite\",\"@id\":\"https:\\\/\\\/aconteceunovale.com.br\\\/portal\\\/#website\",\"url\":\"https:\\\/\\\/aconteceunovale.com.br\\\/portal\\\/\",\"name\":\"Aconteceu no Vale\",\"description\":\"Portal de Not\u00edcias\",\"potentialAction\":[{\"@type\":\"SearchAction\",\"target\":{\"@type\":\"EntryPoint\",\"urlTemplate\":\"https:\\\/\\\/aconteceunovale.com.br\\\/portal\\\/?s={search_term_string}\"},\"query-input\":{\"@type\":\"PropertyValueSpecification\",\"valueRequired\":true,\"valueName\":\"search_term_string\"}}],\"inLanguage\":\"pt-BR\"},{\"@type\":\"Person\",\"@id\":\"https:\\\/\\\/aconteceunovale.com.br\\\/portal\\\/#\\\/schema\\\/person\\\/7d2f26d1483f8a63de73da1ee0754d35\",\"name\":\"Reda\u00e7\u00e3o Aconteceu no Vale\",\"description\":\"Equipe de reportagem do Aconteceu no Vale, portal de not\u00edcias do Vale do Jequitinhonha, em Minas Gerais. Cobrimos as 51 cidades do Vale desde 2013. Sugest\u00f5es de pauta e pedidos de corre\u00e7\u00e3o: contato@aconteceunovale.com.br\",\"url\":\"https:\\\/\\\/aconteceunovale.com.br\\\/portal\\\/?author=4\"}]}<\/script>\n<!-- \/ Yoast SEO plugin. -->","yoast_head_json":{"title":"Tribunal reverte a cassa\u00e7\u00e3o do prefeito de Mantena - Aconteceu no Vale","robots":{"index":"index","follow":"follow","max-snippet":"max-snippet:-1","max-image-preview":"max-image-preview:large","max-video-preview":"max-video-preview:-1"},"canonical":"https:\/\/aconteceunovale.com.br\/portal\/?p=184613","og_locale":"pt_BR","og_type":"article","og_title":"Tribunal reverte a cassa\u00e7\u00e3o do prefeito de Mantena - Aconteceu no Vale","og_description":"Na sess\u00e3o de julgamentos de ter\u00e7a-feira (7\/12\/2021), o Tribunal Eleitoral mineiro reverteu, por unanimidade, a cassa\u00e7\u00e3o do mandato do prefeito de Mantena (Vale do Rio Doce), Jo\u00e3o Rufino Sobrinho (PSB), e do vice, Ronaldson de Souza Ferreira (PSB). Eles haviam sido condenados por capta\u00e7\u00e3o il\u00edcita de sufr\u00e1gio (compra de votos). Os julgadores, com base no [&hellip;]","og_url":"https:\/\/aconteceunovale.com.br\/portal\/?p=184613","og_site_name":"Aconteceu no Vale","article_publisher":"https:\/\/www.facebook.com\/aconteceunovale\/","article_published_time":"2021-12-09T21:40:57+00:00","article_modified_time":"2021-12-09T21:42:54+00:00","og_image":[{"width":600,"height":450,"url":"https:\/\/aconteceunovale.com.br\/portal\/wp-content\/uploads\/2019\/06\/mantenamg.jpg","type":"image\/jpeg"}],"author":"Reda\u00e7\u00e3o Aconteceu no Vale","twitter_card":"summary_large_image","twitter_creator":"@noticiadosvales","twitter_site":"@noticiadosvales","twitter_misc":{"Escrito por":"Reda\u00e7\u00e3o Aconteceu no Vale","Est. tempo de leitura":"1 minuto"},"schema":{"@context":"https:\/\/schema.org","@graph":[{"@type":"Article","@id":"https:\/\/aconteceunovale.com.br\/portal\/?p=184613#article","isPartOf":{"@id":"https:\/\/aconteceunovale.com.br\/portal\/?p=184613"},"author":{"name":"Reda\u00e7\u00e3o Aconteceu no Vale","@id":"https:\/\/aconteceunovale.com.br\/portal\/#\/schema\/person\/7d2f26d1483f8a63de73da1ee0754d35"},"headline":"Tribunal reverte a cassa\u00e7\u00e3o do prefeito de Mantena","datePublished":"2021-12-09T21:40:57+00:00","dateModified":"2021-12-09T21:42:54+00:00","mainEntityOfPage":{"@id":"https:\/\/aconteceunovale.com.br\/portal\/?p=184613"},"wordCount":257,"commentCount":0,"image":{"@id":"https:\/\/aconteceunovale.com.br\/portal\/?p=184613#primaryimage"},"thumbnailUrl":"https:\/\/aconteceunovale.com.br\/portal\/wp-content\/uploads\/2019\/06\/mantenamg.jpg","keywords":["Cassa\u00e7\u00e3o do prefeito de Mantena","Jo\u00e3o Rufino Sobrinho","Mantena","Minist\u00e9rio P\u00fablico Eleitoral","prefeito de Mantena","Prefeitura de Mantena","Ronaldson de Souza Ferreira","TRE-MG","Tribunal Regional Eleitoral de Minas Gerais","Tribunal reverte a cassa\u00e7\u00e3o do prefeito de Mantena"],"articleSection":["Leste de Minas","Pol\u00edtica"],"inLanguage":"pt-BR","potentialAction":[{"@type":"CommentAction","name":"Comment","target":["https:\/\/aconteceunovale.com.br\/portal\/?p=184613#respond"]}]},{"@type":"WebPage","@id":"https:\/\/aconteceunovale.com.br\/portal\/?p=184613","url":"https:\/\/aconteceunovale.com.br\/portal\/?p=184613","name":"Tribunal reverte a cassa\u00e7\u00e3o do prefeito de Mantena - Aconteceu no Vale","isPartOf":{"@id":"https:\/\/aconteceunovale.com.br\/portal\/#website"},"primaryImageOfPage":{"@id":"https:\/\/aconteceunovale.com.br\/portal\/?p=184613#primaryimage"},"image":{"@id":"https:\/\/aconteceunovale.com.br\/portal\/?p=184613#primaryimage"},"thumbnailUrl":"https:\/\/aconteceunovale.com.br\/portal\/wp-content\/uploads\/2019\/06\/mantenamg.jpg","datePublished":"2021-12-09T21:40:57+00:00","dateModified":"2021-12-09T21:42:54+00:00","author":{"@id":"https:\/\/aconteceunovale.com.br\/portal\/#\/schema\/person\/7d2f26d1483f8a63de73da1ee0754d35"},"breadcrumb":{"@id":"https:\/\/aconteceunovale.com.br\/portal\/?p=184613#breadcrumb"},"inLanguage":"pt-BR","potentialAction":[{"@type":"ReadAction","target":["https:\/\/aconteceunovale.com.br\/portal\/?p=184613"]}]},{"@type":"ImageObject","inLanguage":"pt-BR","@id":"https:\/\/aconteceunovale.com.br\/portal\/?p=184613#primaryimage","url":"https:\/\/aconteceunovale.com.br\/portal\/wp-content\/uploads\/2019\/06\/mantenamg.jpg","contentUrl":"https:\/\/aconteceunovale.com.br\/portal\/wp-content\/uploads\/2019\/06\/mantenamg.jpg","width":600,"height":450},{"@type":"BreadcrumbList","@id":"https:\/\/aconteceunovale.com.br\/portal\/?p=184613#breadcrumb","itemListElement":[{"@type":"ListItem","position":1,"name":"In\u00edcio","item":"https:\/\/aconteceunovale.com.br\/portal\/"},{"@type":"ListItem","position":2,"name":"Tribunal reverte a cassa\u00e7\u00e3o do prefeito de Mantena"}]},{"@type":"WebSite","@id":"https:\/\/aconteceunovale.com.br\/portal\/#website","url":"https:\/\/aconteceunovale.com.br\/portal\/","name":"Aconteceu no Vale","description":"Portal de Not\u00edcias","potentialAction":[{"@type":"SearchAction","target":{"@type":"EntryPoint","urlTemplate":"https:\/\/aconteceunovale.com.br\/portal\/?s={search_term_string}"},"query-input":{"@type":"PropertyValueSpecification","valueRequired":true,"valueName":"search_term_string"}}],"inLanguage":"pt-BR"},{"@type":"Person","@id":"https:\/\/aconteceunovale.com.br\/portal\/#\/schema\/person\/7d2f26d1483f8a63de73da1ee0754d35","name":"Reda\u00e7\u00e3o Aconteceu no Vale","description":"Equipe de reportagem do Aconteceu no Vale, portal de not\u00edcias do Vale do Jequitinhonha, em Minas Gerais. Cobrimos as 51 cidades do Vale desde 2013. Sugest\u00f5es de pauta e pedidos de corre\u00e7\u00e3o: contato@aconteceunovale.com.br","url":"https:\/\/aconteceunovale.com.br\/portal\/?author=4"}]}},"_links":{"self":[{"href":"https:\/\/aconteceunovale.com.br\/portal\/index.php?rest_route=\/wp\/v2\/posts\/184613","targetHints":{"allow":["GET"]}}],"collection":[{"href":"https:\/\/aconteceunovale.com.br\/portal\/index.php?rest_route=\/wp\/v2\/posts"}],"about":[{"href":"https:\/\/aconteceunovale.com.br\/portal\/index.php?rest_route=\/wp\/v2\/types\/post"}],"author":[{"embeddable":true,"href":"https:\/\/aconteceunovale.com.br\/portal\/index.php?rest_route=\/wp\/v2\/users\/4"}],"replies":[{"embeddable":true,"href":"https:\/\/aconteceunovale.com.br\/portal\/index.php?rest_route=%2Fwp%2Fv2%2Fcomments&post=184613"}],"version-history":[{"count":1,"href":"https:\/\/aconteceunovale.com.br\/portal\/index.php?rest_route=\/wp\/v2\/posts\/184613\/revisions"}],"predecessor-version":[{"id":184614,"href":"https:\/\/aconteceunovale.com.br\/portal\/index.php?rest_route=\/wp\/v2\/posts\/184613\/revisions\/184614"}],"wp:featuredmedia":[{"embeddable":true,"href":"https:\/\/aconteceunovale.com.br\/portal\/index.php?rest_route=\/wp\/v2\/media\/149200"}],"wp:attachment":[{"href":"https:\/\/aconteceunovale.com.br\/portal\/index.php?rest_route=%2Fwp%2Fv2%2Fmedia&parent=184613"}],"wp:term":[{"taxonomy":"category","embeddable":true,"href":"https:\/\/aconteceunovale.com.br\/portal\/index.php?rest_route=%2Fwp%2Fv2%2Fcategories&post=184613"},{"taxonomy":"post_tag","embeddable":true,"href":"https:\/\/aconteceunovale.com.br\/portal\/index.php?rest_route=%2Fwp%2Fv2%2Ftags&post=184613"}],"curies":[{"name":"wp","href":"https:\/\/api.w.org\/{rel}","templated":true}]}}