{"id":184607,"date":"2021-12-09T16:28:32","date_gmt":"2021-12-09T19:28:32","guid":{"rendered":"https:\/\/aconteceunovale.com.br\/portal\/?p=184607"},"modified":"2021-12-10T12:55:48","modified_gmt":"2021-12-10T15:55:48","slug":"inmet-emite-novo-alerta-de-chuvas-intensas-para-municipios-do-baixo-jequitinhonha","status":"publish","type":"post","link":"https:\/\/aconteceunovale.com.br\/portal\/?p=184607","title":{"rendered":"Inmet emite novo alerta de chuvas intensas para munic\u00edpios do Baixo Jequitinhonha"},"content":{"rendered":"\n<p class=\"wp-block-paragraph\">Moradores e prefeituras de munic\u00edpios dos Vales do Jequitinhonha e Mucuri contabilizam os preju\u00edzos causados pelas fortes chuvas registradas nas \u00faltimas 48 horas. Rios e c\u00f3rregos transbordaram em v\u00e1rias cidades, causando inunda\u00e7\u00f5es em casas e vias p\u00fablicas. Devido ao grande volume de \u00e1gua, barrancos cederam, bloqueando parcialmente ou totalmente algumas estradas da regi\u00e3o. As enchentes de cursos d&#8217;\u00e1gua tamb\u00e9m danificaram diversas pontes.<\/p>\n\n\n\n<p class=\"wp-block-paragraph\">Na manh\u00e3 desta quinta-feira, dia 9 de dezembro de 2021, o Instituto Nacional de Meteorologia (Inmet) emitiu um novo alerta de chuvas intensas para munic\u00edpios localizados na regi\u00e3o do Baixo Jequitinhonha. O aviso vai at\u00e9 \u00e0s 10h20 de sexta-feira (10\/12).<\/p>\n\n\n\n<p class=\"wp-block-paragraph\">Segundo o \u00f3rg\u00e3o, as chuvas podem passar de 60 mm\/h ou de 100 mm\/dia e com ventos acima de 100 km\/h. Al\u00e9m disso, h\u00e1 tamb\u00e9m grandes riscos de danos em edifica\u00e7\u00f5es, corte de energia el\u00e9trica, queda de \u00e1rvores, descargas el\u00e9tricas, alagamentos, enxurradas e grandes transtornos no transporte rodovi\u00e1rio.<\/p>\n\n\n\n<p class=\"wp-block-paragraph\">O Inmet orienta que os moradores dessas regi\u00f5es desliguem os aparelhos el\u00e9tricos e quadro geral de energia durante os temporais. Em caso de enxurrada ou inunda\u00e7\u00e3o, colocar documentos e objetos de valor em sacos pl\u00e1sticos. Se houver alguma emerg\u00eancia, procurar abrigo e evitar permanecer ao ar livre.<\/p>\n\n\n\n<h2 class=\"wp-block-heading\">Alerta do Inmet<\/h2>\n\n\n\n<figure class=\"wp-block-gallery columns-1 is-cropped wp-block-gallery-1 is-layout-flex wp-block-gallery-is-layout-flex\"><ul class=\"blocks-gallery-grid\"><li class=\"blocks-gallery-item\"><figure><img loading=\"lazy\" decoding=\"async\" width=\"690\" height=\"466\" src=\"https:\/\/aconteceunovale.com.br\/portal\/wp-content\/uploads\/2021\/12\/alerta_inmet_mg_9dez.png\" alt=\"\" data-id=\"184609\" data-full-url=\"https:\/\/aconteceunovale.com.br\/portal\/wp-content\/uploads\/2021\/12\/alerta_inmet_mg_9dez.png\" data-link=\"https:\/\/aconteceunovale.com.br\/portal\/?attachment_id=184609\" class=\"wp-image-184609\" srcset=\"https:\/\/aconteceunovale.com.br\/portal\/wp-content\/uploads\/2021\/12\/alerta_inmet_mg_9dez.png 690w, https:\/\/aconteceunovale.com.br\/portal\/wp-content\/uploads\/2021\/12\/alerta_inmet_mg_9dez-300x203.png 300w, https:\/\/aconteceunovale.com.br\/portal\/wp-content\/uploads\/2021\/12\/alerta_inmet_mg_9dez-622x420.png 622w\" sizes=\"auto, (max-width: 690px) 100vw, 690px\" \/><figcaption class=\"blocks-gallery-item__caption\"> <em>Alerta de chuvas intensas no Baixo Jequitinhonha &#8211; Foto: Reprodu\u00e7\u00e3o \/ Site do Inmet<\/em> <\/figcaption><\/figure><\/li><\/ul><\/figure>\n\n\n\n<p class=\"wp-block-paragraph\"><em><strong>Aviso de:&nbsp;<\/strong>Chuvas Intensas<br><strong>Grau de severidade:&nbsp;<span class=\"has-inline-color has-vivid-red-color\">Grande Perigo<\/span><\/strong><br><strong>In\u00edcio:<\/strong>&nbsp;09\/12\/2021&nbsp;10h20min<br><strong>Fim:&nbsp;<\/strong>10\/12\/2021&nbsp;10h20min<\/em><\/p>\n\n\n\n<p class=\"wp-block-paragraph\"><em><strong>Riscos Potenciais:<\/strong> INMET publica aviso iniciando em:&nbsp;08\/12\/2021 &#8211;&nbsp;10:00.&nbsp;Chuva superior a 60 mm\/h ou maior que 100 mm\/dia, ventos superiores a 100 km\/h. Grande risco de danos em edifica\u00e7\u00f5es, corte de energia el\u00e9trica, de queda de \u00e1rvores, descargas el\u00e9tricas, alagamentos, enxurradas e grandes transtornos no transporte rodovi\u00e1rio<\/em>. <\/p>\n\n\n\n<p class=\"wp-block-paragraph\"><strong>Instru\u00e7\u00f5es:<\/strong><\/p>\n\n\n\n<ul class=\"wp-block-list\"><li><em>Desligue aparelhos el\u00e9tricos e quadro geral de energia.<\/em><\/li><li><em>Em caso de enxurrada ou similar, coloque documentos e objetos de valor em sacos pl\u00e1sticos.<\/em><\/li><li><em>Em caso de situa\u00e7\u00e3o de grande perigo confirmada: Procure abrigo, evite permanecer ao ar livre.<\/em><\/li><li><em>Obtenha mais informa\u00e7\u00f5es junto \u00e0 Defesa Civil (telefone 199) e ao Corpo de Bombeiros (telefone 193).<\/em><\/li><\/ul>\n\n\n\n<p class=\"wp-block-paragraph\"><em><strong>Munic\u00edpios de Minas Gerais:<\/strong> \u00c1guas Vermelhas, Almenara, Bandeira, Berizal, Bert\u00f3polis, Cachoeira de Paje\u00fa, Curral de Dentro, Divisa Alegre, Divis\u00f3polis, Felisburgo, Jacinto, Jequitinhonha, Jord\u00e2nia, Mata Verde, Montezauma, Ninheira, Palm\u00f3polis, Pedra Azul, Rio do Prado, Rubim, Salto da Divisa, Santa Helena de Minas, Santa Maria do Salto, Santo Ant\u00f4nio do Jacinto, S\u00e3o Jo\u00e3o do Para\u00edso e Vargem Grande do Rio Pardo &#8211; <a href=\"https:\/\/alertas2.inmet.gov.br\/37044\" target=\"_blank\" rel=\"noreferrer noopener\">lista completa dispon\u00edvel no site do Inmet<\/a>.<\/em><\/p>\n\n\n\n<p class=\"wp-block-paragraph\"><em><strong>\u00c1reas Afetadas:<\/strong> Norte de Minas, Sul Baiano, Jequitinhonha, Centro Sul Baiano e Vale do Mucuri<\/em>.<\/p>\n\n\n\n<p class=\"wp-block-paragraph\"><\/p>\n\n\n\n<h2 class=\"wp-block-heading\">Fotos de locais atingidos pelas chuvas nas \u00faltimas 48h<\/h2>\n\n\n\n<figure class=\"wp-block-gallery columns-1 is-cropped wp-block-gallery-2 is-layout-flex wp-block-gallery-is-layout-flex\"><ul class=\"blocks-gallery-grid\"><li class=\"blocks-gallery-item\"><figure><img loading=\"lazy\" decoding=\"async\" width=\"678\" height=\"414\" src=\"https:\/\/aconteceunovale.com.br\/portal\/wp-content\/uploads\/2021\/12\/ponte_felisburgo.jpg\" alt=\"\" data-id=\"184603\" data-full-url=\"https:\/\/aconteceunovale.com.br\/portal\/wp-content\/uploads\/2021\/12\/ponte_felisburgo.jpg\" data-link=\"https:\/\/aconteceunovale.com.br\/portal\/?attachment_id=184603\" class=\"wp-image-184603\" srcset=\"https:\/\/aconteceunovale.com.br\/portal\/wp-content\/uploads\/2021\/12\/ponte_felisburgo.jpg 678w, https:\/\/aconteceunovale.com.br\/portal\/wp-content\/uploads\/2021\/12\/ponte_felisburgo-300x183.jpg 300w\" sizes=\"auto, (max-width: 678px) 100vw, 678px\" \/><figcaption class=\"blocks-gallery-item__caption\"><em>Ponte de acesso a cidade de Felisburgo &#8211; Foto: Reprodu\u00e7\u00e3o \/ WhatsApp<\/em><\/figcaption><\/figure><\/li><li class=\"blocks-gallery-item\"><figure><img loading=\"lazy\" decoding=\"async\" width=\"678\" height=\"339\" src=\"https:\/\/aconteceunovale.com.br\/portal\/wp-content\/uploads\/2021\/12\/santa_maria_do_salto.jpg\" alt=\"\" data-id=\"184594\" data-link=\"https:\/\/aconteceunovale.com.br\/portal\/?attachment_id=184594\" class=\"wp-image-184594\" srcset=\"https:\/\/aconteceunovale.com.br\/portal\/wp-content\/uploads\/2021\/12\/santa_maria_do_salto.jpg 678w, https:\/\/aconteceunovale.com.br\/portal\/wp-content\/uploads\/2021\/12\/santa_maria_do_salto-300x150.jpg 300w\" sizes=\"auto, (max-width: 678px) 100vw, 678px\" \/><figcaption class=\"blocks-gallery-item__caption\"><em> <em><em>Alagamento<\/em><\/em> em Santa Maria do Salto &#8211; Foto: Reprodu\u00e7\u00e3o \/ WhatsApp<\/em><\/figcaption><\/figure><\/li><li class=\"blocks-gallery-item\"><figure><img loading=\"lazy\" decoding=\"async\" width=\"678\" height=\"450\" src=\"https:\/\/aconteceunovale.com.br\/portal\/wp-content\/uploads\/2021\/12\/monte_formoso.jpg\" alt=\"\" data-id=\"184595\" data-link=\"https:\/\/aconteceunovale.com.br\/portal\/?attachment_id=184595\" class=\"wp-image-184595\" srcset=\"https:\/\/aconteceunovale.com.br\/portal\/wp-content\/uploads\/2021\/12\/monte_formoso.jpg 678w, https:\/\/aconteceunovale.com.br\/portal\/wp-content\/uploads\/2021\/12\/monte_formoso-300x199.jpg 300w, https:\/\/aconteceunovale.com.br\/portal\/wp-content\/uploads\/2021\/12\/monte_formoso-633x420.jpg 633w\" sizes=\"auto, (max-width: 678px) 100vw, 678px\" \/><figcaption class=\"blocks-gallery-item__caption\"><em>Queda de barreira na estrada de acesso para Monte Formoso &#8211; Foto: Reprodu\u00e7\u00e3o \/ WhatsApp<\/em><\/figcaption><\/figure><\/li><li class=\"blocks-gallery-item\"><figure><img loading=\"lazy\" decoding=\"async\" width=\"678\" height=\"407\" src=\"https:\/\/aconteceunovale.com.br\/portal\/wp-content\/uploads\/2021\/12\/santo_antonio_do_jacinto.jpg\" alt=\"\" data-id=\"184596\" data-link=\"https:\/\/aconteceunovale.com.br\/portal\/?attachment_id=184596\" class=\"wp-image-184596\" srcset=\"https:\/\/aconteceunovale.com.br\/portal\/wp-content\/uploads\/2021\/12\/santo_antonio_do_jacinto.jpg 678w, https:\/\/aconteceunovale.com.br\/portal\/wp-content\/uploads\/2021\/12\/santo_antonio_do_jacinto-300x180.jpg 300w\" sizes=\"auto, (max-width: 678px) 100vw, 678px\" \/><figcaption class=\"blocks-gallery-item__caption\"> <em> <em><em>Alagamento<\/em><\/em> em Santo Ant\u00f4nio do Jacinto &#8211; Foto: Reprodu\u00e7\u00e3o \/ WhatsApp<\/em> <\/figcaption><\/figure><\/li><li class=\"blocks-gallery-item\"><figure><img loading=\"lazy\" decoding=\"async\" width=\"678\" height=\"414\" src=\"https:\/\/aconteceunovale.com.br\/portal\/wp-content\/uploads\/2021\/12\/itaobim_enchente.jpg\" alt=\"\" data-id=\"184597\" data-link=\"https:\/\/aconteceunovale.com.br\/portal\/?attachment_id=184597\" class=\"wp-image-184597\" srcset=\"https:\/\/aconteceunovale.com.br\/portal\/wp-content\/uploads\/2021\/12\/itaobim_enchente.jpg 678w, https:\/\/aconteceunovale.com.br\/portal\/wp-content\/uploads\/2021\/12\/itaobim_enchente-300x183.jpg 300w\" sizes=\"auto, (max-width: 678px) 100vw, 678px\" \/><figcaption class=\"blocks-gallery-item__caption\"><em> <em>Enchente <\/em>em Itaobim &#8211; Foto: Reprodu\u00e7\u00e3o \/ WhatsApp<\/em><\/figcaption><\/figure><\/li><li class=\"blocks-gallery-item\"><figure><img loading=\"lazy\" decoding=\"async\" width=\"671\" height=\"450\" src=\"https:\/\/aconteceunovale.com.br\/portal\/wp-content\/uploads\/2021\/12\/machacalis.jpg\" alt=\"\" data-id=\"184598\" data-link=\"https:\/\/aconteceunovale.com.br\/portal\/?attachment_id=184598\" class=\"wp-image-184598\" srcset=\"https:\/\/aconteceunovale.com.br\/portal\/wp-content\/uploads\/2021\/12\/machacalis.jpg 671w, https:\/\/aconteceunovale.com.br\/portal\/wp-content\/uploads\/2021\/12\/machacalis-300x201.jpg 300w, https:\/\/aconteceunovale.com.br\/portal\/wp-content\/uploads\/2021\/12\/machacalis-626x420.jpg 626w\" sizes=\"auto, (max-width: 671px) 100vw, 671px\" \/><figcaption class=\"blocks-gallery-item__caption\"><em> <em>Alagamento <\/em>em Machacalis &#8211; Foto: Reprodu\u00e7\u00e3o \/ WhatsApp<\/em><\/figcaption><\/figure><\/li><li class=\"blocks-gallery-item\"><figure><img loading=\"lazy\" decoding=\"async\" width=\"678\" height=\"450\" src=\"https:\/\/aconteceunovale.com.br\/portal\/wp-content\/uploads\/2021\/12\/palmopolis.jpg\" alt=\"\" data-id=\"184599\" data-link=\"https:\/\/aconteceunovale.com.br\/portal\/?attachment_id=184599\" class=\"wp-image-184599\" srcset=\"https:\/\/aconteceunovale.com.br\/portal\/wp-content\/uploads\/2021\/12\/palmopolis.jpg 678w, https:\/\/aconteceunovale.com.br\/portal\/wp-content\/uploads\/2021\/12\/palmopolis-300x199.jpg 300w, https:\/\/aconteceunovale.com.br\/portal\/wp-content\/uploads\/2021\/12\/palmopolis-633x420.jpg 633w\" sizes=\"auto, (max-width: 678px) 100vw, 678px\" \/><figcaption class=\"blocks-gallery-item__caption\"> <em> <em>Alagamento <\/em>em Palm\u00f3polis &#8211; Foto: Reprodu\u00e7\u00e3o \/ WhatsApp<\/em> <\/figcaption><\/figure><\/li><li class=\"blocks-gallery-item\"><figure><img loading=\"lazy\" decoding=\"async\" width=\"678\" height=\"410\" src=\"https:\/\/aconteceunovale.com.br\/portal\/wp-content\/uploads\/2021\/12\/enchente_monte_formoso2-1.jpg\" alt=\"\" data-id=\"184600\" data-link=\"https:\/\/aconteceunovale.com.br\/portal\/?attachment_id=184600\" class=\"wp-image-184600\" srcset=\"https:\/\/aconteceunovale.com.br\/portal\/wp-content\/uploads\/2021\/12\/enchente_monte_formoso2-1.jpg 678w, https:\/\/aconteceunovale.com.br\/portal\/wp-content\/uploads\/2021\/12\/enchente_monte_formoso2-1-300x181.jpg 300w\" sizes=\"auto, (max-width: 678px) 100vw, 678px\" \/><figcaption class=\"blocks-gallery-item__caption\">  <em>Alagamento em Monte Formoso &#8211; Foto: Reprodu\u00e7\u00e3o \/ WhatsApp<\/em><\/figcaption><\/figure><\/li><\/ul><\/figure>\n\n\n\n<p class=\"wp-block-paragraph\">&#8212;&#8212;&#8212;&#8212;&#8212;&#8212;<br><em>Quer receber as not\u00edcias do <strong>Aconteceu no Vale<\/strong> em primeira m\u00e3o? Siga-nos no Facebook <a rel=\"noreferrer noopener\" href=\"http:\/\/facebook.com\/aconteceunovale\" target=\"_blank\">@aconteceunovale<\/a>, Twitter <a rel=\"noreferrer noopener\" href=\"https:\/\/twitter.com\/noticiadosvales\" target=\"_blank\">@noticiadosvales<\/a> e Instagram <a rel=\"noreferrer noopener\" href=\"https:\/\/www.instagram.com\/aconteceunovale\" target=\"_blank\">@aconteceunovale<\/a>.<\/em><\/p>\n","protected":false},"excerpt":{"rendered":"<p>Moradores e prefeituras de munic\u00edpios dos Vales do Jequitinhonha e Mucuri contabilizam os preju\u00edzos causados pelas fortes chuvas registradas nas \u00faltimas 48 horas. Rios e c\u00f3rregos transbordaram em v\u00e1rias cidades, causando inunda\u00e7\u00f5es em casas e vias p\u00fablicas. Devido ao grande volume de \u00e1gua, barrancos cederam, bloqueando parcialmente ou totalmente algumas estradas da regi\u00e3o. As enchentes [&hellip;]<\/p>\n","protected":false},"author":4,"featured_media":184609,"comment_status":"open","ping_status":"closed","sticky":false,"template":"","format":"standard","meta":{"amp_status":"","footnotes":""},"categories":[120],"tags":[971,130,1536,4202,273,255494,255491,255492,255493,255498,255495,255496,255497,142,274,275,657,186,551,183,353,841,1342,1798,645,1714,5258,277,132,279,490,557,1175,660,1800,1671,481,426,282,283,483,2453,1715,284,1702,68280,1018,285,5259,354,288,1278,255558,136,289,187,1395,1089,3136,290,291,510,1034,292,4531,293,247,6546,255556,255557,1153,3557,296,54659,255559,2146,191,149,188,297,391,189,298,408,1058,236,204,1218,34252,611,475,917,299,2247,1706,344,480,2236,226,3673,1356,1516,300,355,302,1708,1195,389,1672,137,1277,410,1009,1717,303,252,1804,1673,304,1805,175,3138,4532,1806,877,572,3059,411,447,306,455,1670,307,2147,444,1194,3139,309,1807,3928,421,852,407,190,409,927,312,990,699,240,314,674,3352,1674,317,318,1675,1403,319,320,321,322,324,325,2793,2671,168,419,4314,329,164,330,178,1812,3046,1814,916,482,333],"class_list":["post-184607","post","type-post","status-publish","format-standard","has-post-thumbnail","hentry","category-jequi","tag-acucena","tag-agua-boa","tag-aguas-formosas","tag-aguas-vermelhas","tag-aimores","tag-alerta-de-chuvas-intensas-no-leste-de-minas","tag-alerta-de-chuvas-intensas-no-vale-do-jequitinhonha","tag-alerta-de-chuvas-intensas-no-vale-do-mucuri","tag-alerta-de-chuvas-intensas-no-vale-do-rio-doce","tag-alerta-leste-de-minas","tag-alerta-vale-do-jequitinhonha","tag-alerta-vale-do-mucuri","tag-alerta-vale-do-rio-doce","tag-almenara","tag-alpercata","tag-alvarenga","tag-angelandia","tag-aracuai","tag-aricanduva","tag-ataleia","tag-bandeira","tag-berilo","tag-berizal","tag-bertopolis","tag-bocaiuva","tag-botumirim","tag-cachoeira-de-pajeu","tag-campanario","tag-capelinha","tag-capitao-andrade","tag-carai","tag-carbonita","tag-carlos-chagas","tag-catuji","tag-catuti","tag-central-de-minas","tag-chapada-do-norte","tag-comercinho","tag-conselheiro-pena","tag-coroaci","tag-coronel-murta","tag-crisolita","tag-cristalia","tag-cuparaque","tag-curral-de-dentro","tag-defesa-civil-de-minas-gerais","tag-destaque","tag-divino-das-laranjeiras","tag-divisa-alegre","tag-divisopolis","tag-engenheiro-caldas","tag-espinosa","tag-estado-monta-operacao-para-auxiliar-municipios-atingidos-pelas-fortes-chuvas-nos-vales-do-jequitinhonha-e-mucuri","tag-felisburgo","tag-fernandes-tourinho","tag-francisco-badaro","tag-francisco-sa","tag-franciscopolis","tag-frei-gaspar","tag-frei-inocencio","tag-frei-lagonegro","tag-fronteira-dos-vales","tag-fruta-de-leite","tag-galileia","tag-gameleiras","tag-goiabeira","tag-governador-valadares","tag-governo-de-minas","tag-governo-do-estado-divulga-nota-sobre-chuvas-nas-regioes-jequitinhonha-e-mucuri","tag-governo-monta-operacao-para-auxiliar-municipios-atingidos-pelas-fortes-chuvas-nos-vales-do-jequitinhonha-e-mucuri","tag-grao-mogol","tag-indaiabira","tag-inhapim","tag-inmet","tag-inmet-emite-novo-alerta-de-chuvas-intensas-para-municipios-do-baixo-jequitinhonha","tag-itabirinha","tag-itaipe","tag-itamarandiba","tag-itambacuri","tag-itanhomi","tag-itaobim","tag-itinga","tag-itueta","tag-jacinto","tag-jaiba","tag-jampruca","tag-janauba","tag-jenipapo-de-minas","tag-jequitinhonha","tag-joaima","tag-jordania","tag-jose-goncalves-de-minas","tag-jose-raydan","tag-josenopolis","tag-juvenilia","tag-ladainha","tag-leme-do-prado","tag-machacalis","tag-malacacheta","tag-mamonas","tag-manga","tag-mantena","tag-marilac","tag-mata-verde","tag-mathias-lobato","tag-matias-cardoso","tag-mato-verde","tag-medina","tag-mendes-pimentel","tag-minas-novas","tag-monte-azul","tag-monte-formoso","tag-montezuma","tag-mutum","tag-nacip-raydan","tag-nanuque","tag-ninheira","tag-nova-belem","tag-nova-modica","tag-nova-porteirinha","tag-novo-cruzeiro","tag-novo-oriente-de-minas","tag-novorizonte","tag-ouro-verde-de-minas","tag-padre-carvalho","tag-padre-paraiso","tag-pai-pedro","tag-palmopolis","tag-pavao","tag-pecanha","tag-pedra-azul","tag-periquito","tag-pescador","tag-pocrane","tag-ponto-dos-volantes","tag-porteirinha","tag-pote","tag-resplendor","tag-riacho-dos-machados","tag-rio-do-prado","tag-rio-pardo-de-minas","tag-rubelita","tag-rubim","tag-salinas","tag-salto-da-divisa","tag-santa-cruz-de-salinas","tag-santa-efigenia-de-minas","tag-santa-helena-de-minas","tag-santa-maria-do-salto","tag-santa-maria-do-suacui","tag-santa-rita-do-itueto","tag-santo-antonio-do-jacinto","tag-santo-antonio-do-retiro","tag-sao-felix-de-minas","tag-sao-geraldo-da-piedade","tag-sao-geraldo-do-baixio","tag-sao-joao-do-manteninha","tag-sao-joao-do-paraiso","tag-sao-jose-da-safira","tag-sao-jose-do-divino","tag-sao-jose-do-jacuri","tag-sao-pedro-do-suacui","tag-sao-sebastiao-do-maranhao","tag-sardoa","tag-serra-dos-aimores","tag-serranopolis-de-minas","tag-setubinha","tag-taiobeiras","tag-taparuba","tag-tarumirim","tag-teofilo-otoni","tag-tumiritinga","tag-turmalina","tag-umburatiba","tag-vargem-grande-do-rio-pardo","tag-verdelandia","tag-veredinha","tag-virgem-da-lapa","tag-virgolandia"],"yoast_head":"<!-- This site is optimized with the Yoast SEO plugin v28.3 - https:\/\/yoast.com\/product\/yoast-seo-wordpress\/ -->\n<title>Inmet emite novo alerta de chuvas intensas para munic\u00edpios do Baixo Jequitinhonha - Aconteceu no Vale<\/title>\n<meta name=\"robots\" content=\"index, follow, max-snippet:-1, max-image-preview:large, max-video-preview:-1\" \/>\n<link rel=\"canonical\" href=\"https:\/\/aconteceunovale.com.br\/portal\/?p=184607\" \/>\n<meta property=\"og:locale\" content=\"pt_BR\" \/>\n<meta property=\"og:type\" content=\"article\" \/>\n<meta property=\"og:title\" content=\"Inmet emite novo alerta de chuvas intensas para munic\u00edpios do Baixo Jequitinhonha - Aconteceu no Vale\" \/>\n<meta property=\"og:description\" content=\"Moradores e prefeituras de munic\u00edpios dos Vales do Jequitinhonha e Mucuri contabilizam os preju\u00edzos causados pelas fortes chuvas registradas nas \u00faltimas 48 horas. Rios e c\u00f3rregos transbordaram em v\u00e1rias cidades, causando inunda\u00e7\u00f5es em casas e vias p\u00fablicas. Devido ao grande volume de \u00e1gua, barrancos cederam, bloqueando parcialmente ou totalmente algumas estradas da regi\u00e3o. As enchentes [&hellip;]\" \/>\n<meta property=\"og:url\" content=\"https:\/\/aconteceunovale.com.br\/portal\/?p=184607\" \/>\n<meta property=\"og:site_name\" content=\"Aconteceu no Vale\" \/>\n<meta property=\"article:publisher\" content=\"https:\/\/www.facebook.com\/aconteceunovale\/\" \/>\n<meta property=\"article:published_time\" content=\"2021-12-09T19:28:32+00:00\" \/>\n<meta property=\"article:modified_time\" content=\"2021-12-10T15:55:48+00:00\" \/>\n<meta property=\"og:image\" content=\"https:\/\/aconteceunovale.com.br\/portal\/wp-content\/uploads\/2021\/12\/alerta_inmet_mg_9dez.png\" \/>\n\t<meta property=\"og:image:width\" content=\"690\" \/>\n\t<meta property=\"og:image:height\" content=\"466\" \/>\n\t<meta property=\"og:image:type\" content=\"image\/png\" \/>\n<meta name=\"author\" content=\"Reda\u00e7\u00e3o Aconteceu no Vale\" \/>\n<meta name=\"twitter:card\" content=\"summary_large_image\" \/>\n<meta name=\"twitter:creator\" content=\"@noticiadosvales\" \/>\n<meta name=\"twitter:site\" content=\"@noticiadosvales\" \/>\n<meta name=\"twitter:label1\" content=\"Escrito por\" \/>\n\t<meta name=\"twitter:data1\" content=\"Reda\u00e7\u00e3o Aconteceu no Vale\" \/>\n\t<meta name=\"twitter:label2\" content=\"Est. tempo de leitura\" \/>\n\t<meta name=\"twitter:data2\" content=\"3 minutos\" \/>\n<script type=\"application\/ld+json\" class=\"yoast-schema-graph\">{\"@context\":\"https:\\\/\\\/schema.org\",\"@graph\":[{\"@type\":\"Article\",\"@id\":\"https:\\\/\\\/aconteceunovale.com.br\\\/portal\\\/?p=184607#article\",\"isPartOf\":{\"@id\":\"https:\\\/\\\/aconteceunovale.com.br\\\/portal\\\/?p=184607\"},\"author\":{\"name\":\"Reda\u00e7\u00e3o Aconteceu no Vale\",\"@id\":\"https:\\\/\\\/aconteceunovale.com.br\\\/portal\\\/#\\\/schema\\\/person\\\/7d2f26d1483f8a63de73da1ee0754d35\"},\"headline\":\"Inmet emite novo alerta de chuvas intensas para munic\u00edpios do Baixo Jequitinhonha\",\"datePublished\":\"2021-12-09T19:28:32+00:00\",\"dateModified\":\"2021-12-10T15:55:48+00:00\",\"mainEntityOfPage\":{\"@id\":\"https:\\\/\\\/aconteceunovale.com.br\\\/portal\\\/?p=184607\"},\"wordCount\":587,\"commentCount\":0,\"image\":{\"@id\":\"https:\\\/\\\/aconteceunovale.com.br\\\/portal\\\/?p=184607#primaryimage\"},\"thumbnailUrl\":\"https:\\\/\\\/aconteceunovale.com.br\\\/portal\\\/wp-content\\\/uploads\\\/2021\\\/12\\\/alerta_inmet_mg_9dez.png\",\"keywords\":[\"A\u00e7ucena\",\"\u00c1gua Boa\",\"\u00c1guas Formosas\",\"\u00c1guas Vermelhas\",\"Aimor\u00e9s\",\"Alerta de chuvas intensas no Leste de Minas\",\"Alerta de chuvas intensas no Vale do Jequitinhonha\",\"Alerta de chuvas intensas no Vale do Mucuri\",\"Alerta de chuvas intensas no Vale do Rio Doce\",\"Alerta Leste de Minas\",\"Alerta Vale do Jequitinhonha\",\"Alerta Vale do Mucuri\",\"Alerta Vale do Rio Doce\",\"Almenara\",\"Alpercata\",\"Alvarenga\",\"Angel\u00e2ndia\",\"Ara\u00e7ua\u00ed\",\"Aricanduva\",\"Atal\u00e9ia\",\"Bandeira\",\"berilo\",\"berizal\",\"Bert\u00f3polis\",\"Bocai\u00fava\",\"Botumirim\",\"Cachoeira de Paje\u00fa\",\"Campan\u00e1rio\",\"Capelinha\",\"Capit\u00e3o Andrade\",\"Cara\u00ed\",\"Carbonita\",\"carlos chagas\",\"Catuji\",\"Catuti\",\"Central de Minas\",\"Chapada do Norte\",\"Comercinho\",\"Conselheiro Pena\",\"Coroaci\",\"Coronel Murta\",\"Cris\u00f3lita\",\"Crist\u00e1lia\",\"Cuparaque\",\"Curral de Dentro\",\"Defesa Civil de Minas Gerais\",\"destaque\",\"Divino das Laranjeiras\",\"Divisa Alegre\",\"Divis\u00f3polis\",\"Engenheiro Caldas\",\"espinosa\",\"Estado monta opera\u00e7\u00e3o para auxiliar munic\u00edpios atingidos pelas fortes chuvas nos vales do Jequitinhonha e Mucuri\",\"Felisburgo\",\"Fernandes Tourinho\",\"Francisco Badar\u00f3\",\"francisco s\u00e1\",\"francisc\u00f3polis\",\"Frei Gaspar\",\"Frei Inoc\u00eancio\",\"Frei Lagonegro\",\"Fronteira dos Vales\",\"fruta de leite\",\"Galil\u00e9ia\",\"Gameleiras\",\"Goiabeira\",\"Governador Valadares\",\"Governo de Minas\",\"Governo do Estado divulga nota sobre chuvas nas regi\u00f5es Jequitinhonha e Mucuri\",\"Governo monta opera\u00e7\u00e3o para auxiliar munic\u00edpios atingidos pelas fortes chuvas nos vales do Jequitinhonha e Mucuri\",\"gr\u00e3o mogol\",\"Indaiabira\",\"Inhapim\",\"Inmet\",\"Inmet emite novo alerta de chuvas intensas para munic\u00edpios do Baixo Jequitinhonha\",\"Itabirinha\",\"Itaip\u00e9\",\"Itamarandiba\",\"Itambacuri\",\"Itanhomi\",\"Itaobim\",\"Itinga\",\"Itueta\",\"Jacinto\",\"ja\u00edba\",\"Jampruca\",\"Jana\u00faba\",\"Jenipapo de Minas\",\"Jequitinhonha\",\"Joa\u00edma\",\"Jord\u00e2nia\",\"jos\u00e9 gon\u00e7alves de minas\",\"Jos\u00e9 Raydan\",\"Josen\u00f3polis\",\"Juven\u00edlia\",\"ladainha\",\"Leme do Prado\",\"Machacalis\",\"Malacacheta\",\"Mamonas\",\"manga\",\"Mantena\",\"Marilac\",\"Mata Verde\",\"Mathias Lobato\",\"Matias Cardoso\",\"mato verde\",\"Medina\",\"Mendes Pimentel\",\"Minas Novas\",\"monte azul\",\"Monte Formoso\",\"montezuma\",\"Mutum\",\"Nacip Raydan\",\"Nanuque\",\"Ninheira\",\"Nova Bel\u00e9m\",\"Nova M\u00f3dica\",\"Nova Porteirinha\",\"Novo Cruzeiro\",\"Novo Oriente de Minas\",\"Novorizonte\",\"Ouro Verde de Minas\",\"padre carvalho\",\"Padre Para\u00edso\",\"Pai Pedro\",\"Palm\u00f3polis\",\"Pav\u00e3o\",\"Pe\u00e7anha\",\"Pedra Azul\",\"Periquito\",\"Pescador\",\"Pocrane\",\"Ponto dos Volantes\",\"porteirinha\",\"Pot\u00e9\",\"Resplendor\",\"Riacho dos Machados\",\"Rio do Prado\",\"Rio Pardo de Minas\",\"rubelita\",\"Rubim\",\"Salinas\",\"Salto da Divisa\",\"Santa Cruz de Salinas\",\"Santa Efig\u00eania de Minas\",\"santa helena de minas\",\"Santa Maria do Salto\",\"Santa Maria do Sua\u00e7u\u00ed\",\"Santa Rita do Itueto\",\"Santo Ant\u00f4nio do Jacinto\",\"Santo Ant\u00f4nio do Retiro\",\"S\u00e3o F\u00e9lix de Minas\",\"S\u00e3o Geraldo da Piedade\",\"S\u00e3o Geraldo do Baixio\",\"S\u00e3o Jo\u00e3o do Manteninha\",\"S\u00e3o Jo\u00e3o do Para\u00edso\",\"S\u00e3o Jos\u00e9 da Safira\",\"S\u00e3o Jos\u00e9 do Divino\",\"S\u00e3o Jos\u00e9 do Jacuri\",\"S\u00e3o Pedro do Sua\u00e7u\u00ed\",\"S\u00e3o Sebasti\u00e3o do Maranh\u00e3o\",\"Sardo\u00e1\",\"Serra dos Aimor\u00e9s\",\"Serran\u00f3polis de Minas\",\"Setubinha\",\"Taiobeiras\",\"Taparuba\",\"Tarumirim\",\"Te\u00f3filo Otoni\",\"Tumiritinga\",\"Turmalina\",\"Umburatiba\",\"Vargem Grande do Rio Pardo\",\"Verdel\u00e2ndia\",\"veredinha\",\"Virgem da Lapa\",\"Virgol\u00e2ndia\"],\"articleSection\":[\"Vale do Jequitinhonha\"],\"inLanguage\":\"pt-BR\",\"potentialAction\":[{\"@type\":\"CommentAction\",\"name\":\"Comment\",\"target\":[\"https:\\\/\\\/aconteceunovale.com.br\\\/portal\\\/?p=184607#respond\"]}]},{\"@type\":\"WebPage\",\"@id\":\"https:\\\/\\\/aconteceunovale.com.br\\\/portal\\\/?p=184607\",\"url\":\"https:\\\/\\\/aconteceunovale.com.br\\\/portal\\\/?p=184607\",\"name\":\"Inmet emite novo alerta de chuvas intensas para munic\u00edpios do Baixo Jequitinhonha - Aconteceu no Vale\",\"isPartOf\":{\"@id\":\"https:\\\/\\\/aconteceunovale.com.br\\\/portal\\\/#website\"},\"primaryImageOfPage\":{\"@id\":\"https:\\\/\\\/aconteceunovale.com.br\\\/portal\\\/?p=184607#primaryimage\"},\"image\":{\"@id\":\"https:\\\/\\\/aconteceunovale.com.br\\\/portal\\\/?p=184607#primaryimage\"},\"thumbnailUrl\":\"https:\\\/\\\/aconteceunovale.com.br\\\/portal\\\/wp-content\\\/uploads\\\/2021\\\/12\\\/alerta_inmet_mg_9dez.png\",\"datePublished\":\"2021-12-09T19:28:32+00:00\",\"dateModified\":\"2021-12-10T15:55:48+00:00\",\"author\":{\"@id\":\"https:\\\/\\\/aconteceunovale.com.br\\\/portal\\\/#\\\/schema\\\/person\\\/7d2f26d1483f8a63de73da1ee0754d35\"},\"breadcrumb\":{\"@id\":\"https:\\\/\\\/aconteceunovale.com.br\\\/portal\\\/?p=184607#breadcrumb\"},\"inLanguage\":\"pt-BR\",\"potentialAction\":[{\"@type\":\"ReadAction\",\"target\":[\"https:\\\/\\\/aconteceunovale.com.br\\\/portal\\\/?p=184607\"]}]},{\"@type\":\"ImageObject\",\"inLanguage\":\"pt-BR\",\"@id\":\"https:\\\/\\\/aconteceunovale.com.br\\\/portal\\\/?p=184607#primaryimage\",\"url\":\"https:\\\/\\\/aconteceunovale.com.br\\\/portal\\\/wp-content\\\/uploads\\\/2021\\\/12\\\/alerta_inmet_mg_9dez.png\",\"contentUrl\":\"https:\\\/\\\/aconteceunovale.com.br\\\/portal\\\/wp-content\\\/uploads\\\/2021\\\/12\\\/alerta_inmet_mg_9dez.png\",\"width\":690,\"height\":466},{\"@type\":\"BreadcrumbList\",\"@id\":\"https:\\\/\\\/aconteceunovale.com.br\\\/portal\\\/?p=184607#breadcrumb\",\"itemListElement\":[{\"@type\":\"ListItem\",\"position\":1,\"name\":\"In\u00edcio\",\"item\":\"https:\\\/\\\/aconteceunovale.com.br\\\/portal\\\/\"},{\"@type\":\"ListItem\",\"position\":2,\"name\":\"Inmet emite novo alerta de chuvas intensas para munic\u00edpios do Baixo Jequitinhonha\"}]},{\"@type\":\"WebSite\",\"@id\":\"https:\\\/\\\/aconteceunovale.com.br\\\/portal\\\/#website\",\"url\":\"https:\\\/\\\/aconteceunovale.com.br\\\/portal\\\/\",\"name\":\"Aconteceu no Vale\",\"description\":\"Portal de Not\u00edcias\",\"potentialAction\":[{\"@type\":\"SearchAction\",\"target\":{\"@type\":\"EntryPoint\",\"urlTemplate\":\"https:\\\/\\\/aconteceunovale.com.br\\\/portal\\\/?s={search_term_string}\"},\"query-input\":{\"@type\":\"PropertyValueSpecification\",\"valueRequired\":true,\"valueName\":\"search_term_string\"}}],\"inLanguage\":\"pt-BR\"},{\"@type\":\"Person\",\"@id\":\"https:\\\/\\\/aconteceunovale.com.br\\\/portal\\\/#\\\/schema\\\/person\\\/7d2f26d1483f8a63de73da1ee0754d35\",\"name\":\"Reda\u00e7\u00e3o Aconteceu no Vale\",\"description\":\"Equipe de reportagem do Aconteceu no Vale, portal de not\u00edcias do Vale do Jequitinhonha, em Minas Gerais. Cobrimos as 51 cidades do Vale desde 2013. Sugest\u00f5es de pauta e pedidos de corre\u00e7\u00e3o: contato@aconteceunovale.com.br\",\"url\":\"https:\\\/\\\/aconteceunovale.com.br\\\/portal\\\/?author=4\"}]}<\/script>\n<!-- \/ Yoast SEO plugin. -->","yoast_head_json":{"title":"Inmet emite novo alerta de chuvas intensas para munic\u00edpios do Baixo Jequitinhonha - Aconteceu no Vale","robots":{"index":"index","follow":"follow","max-snippet":"max-snippet:-1","max-image-preview":"max-image-preview:large","max-video-preview":"max-video-preview:-1"},"canonical":"https:\/\/aconteceunovale.com.br\/portal\/?p=184607","og_locale":"pt_BR","og_type":"article","og_title":"Inmet emite novo alerta de chuvas intensas para munic\u00edpios do Baixo Jequitinhonha - Aconteceu no Vale","og_description":"Moradores e prefeituras de munic\u00edpios dos Vales do Jequitinhonha e Mucuri contabilizam os preju\u00edzos causados pelas fortes chuvas registradas nas \u00faltimas 48 horas. Rios e c\u00f3rregos transbordaram em v\u00e1rias cidades, causando inunda\u00e7\u00f5es em casas e vias p\u00fablicas. Devido ao grande volume de \u00e1gua, barrancos cederam, bloqueando parcialmente ou totalmente algumas estradas da regi\u00e3o. As enchentes [&hellip;]","og_url":"https:\/\/aconteceunovale.com.br\/portal\/?p=184607","og_site_name":"Aconteceu no Vale","article_publisher":"https:\/\/www.facebook.com\/aconteceunovale\/","article_published_time":"2021-12-09T19:28:32+00:00","article_modified_time":"2021-12-10T15:55:48+00:00","og_image":[{"width":690,"height":466,"url":"https:\/\/aconteceunovale.com.br\/portal\/wp-content\/uploads\/2021\/12\/alerta_inmet_mg_9dez.png","type":"image\/png"}],"author":"Reda\u00e7\u00e3o Aconteceu no Vale","twitter_card":"summary_large_image","twitter_creator":"@noticiadosvales","twitter_site":"@noticiadosvales","twitter_misc":{"Escrito por":"Reda\u00e7\u00e3o Aconteceu no Vale","Est. tempo de leitura":"3 minutos"},"schema":{"@context":"https:\/\/schema.org","@graph":[{"@type":"Article","@id":"https:\/\/aconteceunovale.com.br\/portal\/?p=184607#article","isPartOf":{"@id":"https:\/\/aconteceunovale.com.br\/portal\/?p=184607"},"author":{"name":"Reda\u00e7\u00e3o Aconteceu no Vale","@id":"https:\/\/aconteceunovale.com.br\/portal\/#\/schema\/person\/7d2f26d1483f8a63de73da1ee0754d35"},"headline":"Inmet emite novo alerta de chuvas intensas para munic\u00edpios do Baixo Jequitinhonha","datePublished":"2021-12-09T19:28:32+00:00","dateModified":"2021-12-10T15:55:48+00:00","mainEntityOfPage":{"@id":"https:\/\/aconteceunovale.com.br\/portal\/?p=184607"},"wordCount":587,"commentCount":0,"image":{"@id":"https:\/\/aconteceunovale.com.br\/portal\/?p=184607#primaryimage"},"thumbnailUrl":"https:\/\/aconteceunovale.com.br\/portal\/wp-content\/uploads\/2021\/12\/alerta_inmet_mg_9dez.png","keywords":["A\u00e7ucena","\u00c1gua Boa","\u00c1guas Formosas","\u00c1guas Vermelhas","Aimor\u00e9s","Alerta de chuvas intensas no Leste de Minas","Alerta de chuvas intensas no Vale do Jequitinhonha","Alerta de chuvas intensas no Vale do Mucuri","Alerta de chuvas intensas no Vale do Rio Doce","Alerta Leste de Minas","Alerta Vale do Jequitinhonha","Alerta Vale do Mucuri","Alerta Vale do Rio Doce","Almenara","Alpercata","Alvarenga","Angel\u00e2ndia","Ara\u00e7ua\u00ed","Aricanduva","Atal\u00e9ia","Bandeira","berilo","berizal","Bert\u00f3polis","Bocai\u00fava","Botumirim","Cachoeira de Paje\u00fa","Campan\u00e1rio","Capelinha","Capit\u00e3o Andrade","Cara\u00ed","Carbonita","carlos chagas","Catuji","Catuti","Central de Minas","Chapada do Norte","Comercinho","Conselheiro Pena","Coroaci","Coronel Murta","Cris\u00f3lita","Crist\u00e1lia","Cuparaque","Curral de Dentro","Defesa Civil de Minas Gerais","destaque","Divino das Laranjeiras","Divisa Alegre","Divis\u00f3polis","Engenheiro Caldas","espinosa","Estado monta opera\u00e7\u00e3o para auxiliar munic\u00edpios atingidos pelas fortes chuvas nos vales do Jequitinhonha e Mucuri","Felisburgo","Fernandes Tourinho","Francisco Badar\u00f3","francisco s\u00e1","francisc\u00f3polis","Frei Gaspar","Frei Inoc\u00eancio","Frei Lagonegro","Fronteira dos Vales","fruta de leite","Galil\u00e9ia","Gameleiras","Goiabeira","Governador Valadares","Governo de Minas","Governo do Estado divulga nota sobre chuvas nas regi\u00f5es Jequitinhonha e Mucuri","Governo monta opera\u00e7\u00e3o para auxiliar munic\u00edpios atingidos pelas fortes chuvas nos vales do Jequitinhonha e Mucuri","gr\u00e3o mogol","Indaiabira","Inhapim","Inmet","Inmet emite novo alerta de chuvas intensas para munic\u00edpios do Baixo Jequitinhonha","Itabirinha","Itaip\u00e9","Itamarandiba","Itambacuri","Itanhomi","Itaobim","Itinga","Itueta","Jacinto","ja\u00edba","Jampruca","Jana\u00faba","Jenipapo de Minas","Jequitinhonha","Joa\u00edma","Jord\u00e2nia","jos\u00e9 gon\u00e7alves de minas","Jos\u00e9 Raydan","Josen\u00f3polis","Juven\u00edlia","ladainha","Leme do Prado","Machacalis","Malacacheta","Mamonas","manga","Mantena","Marilac","Mata Verde","Mathias Lobato","Matias Cardoso","mato verde","Medina","Mendes Pimentel","Minas Novas","monte azul","Monte Formoso","montezuma","Mutum","Nacip Raydan","Nanuque","Ninheira","Nova Bel\u00e9m","Nova M\u00f3dica","Nova Porteirinha","Novo Cruzeiro","Novo Oriente de Minas","Novorizonte","Ouro Verde de Minas","padre carvalho","Padre Para\u00edso","Pai Pedro","Palm\u00f3polis","Pav\u00e3o","Pe\u00e7anha","Pedra Azul","Periquito","Pescador","Pocrane","Ponto dos Volantes","porteirinha","Pot\u00e9","Resplendor","Riacho dos Machados","Rio do Prado","Rio Pardo de Minas","rubelita","Rubim","Salinas","Salto da Divisa","Santa Cruz de Salinas","Santa Efig\u00eania de Minas","santa helena de minas","Santa Maria do Salto","Santa Maria do Sua\u00e7u\u00ed","Santa Rita do Itueto","Santo Ant\u00f4nio do Jacinto","Santo Ant\u00f4nio do Retiro","S\u00e3o F\u00e9lix de Minas","S\u00e3o Geraldo da Piedade","S\u00e3o Geraldo do Baixio","S\u00e3o Jo\u00e3o do Manteninha","S\u00e3o Jo\u00e3o do Para\u00edso","S\u00e3o Jos\u00e9 da Safira","S\u00e3o Jos\u00e9 do Divino","S\u00e3o Jos\u00e9 do Jacuri","S\u00e3o Pedro do Sua\u00e7u\u00ed","S\u00e3o Sebasti\u00e3o do Maranh\u00e3o","Sardo\u00e1","Serra dos Aimor\u00e9s","Serran\u00f3polis de Minas","Setubinha","Taiobeiras","Taparuba","Tarumirim","Te\u00f3filo Otoni","Tumiritinga","Turmalina","Umburatiba","Vargem Grande do Rio Pardo","Verdel\u00e2ndia","veredinha","Virgem da Lapa","Virgol\u00e2ndia"],"articleSection":["Vale do Jequitinhonha"],"inLanguage":"pt-BR","potentialAction":[{"@type":"CommentAction","name":"Comment","target":["https:\/\/aconteceunovale.com.br\/portal\/?p=184607#respond"]}]},{"@type":"WebPage","@id":"https:\/\/aconteceunovale.com.br\/portal\/?p=184607","url":"https:\/\/aconteceunovale.com.br\/portal\/?p=184607","name":"Inmet emite novo alerta de chuvas intensas para munic\u00edpios do Baixo Jequitinhonha - Aconteceu no Vale","isPartOf":{"@id":"https:\/\/aconteceunovale.com.br\/portal\/#website"},"primaryImageOfPage":{"@id":"https:\/\/aconteceunovale.com.br\/portal\/?p=184607#primaryimage"},"image":{"@id":"https:\/\/aconteceunovale.com.br\/portal\/?p=184607#primaryimage"},"thumbnailUrl":"https:\/\/aconteceunovale.com.br\/portal\/wp-content\/uploads\/2021\/12\/alerta_inmet_mg_9dez.png","datePublished":"2021-12-09T19:28:32+00:00","dateModified":"2021-12-10T15:55:48+00:00","author":{"@id":"https:\/\/aconteceunovale.com.br\/portal\/#\/schema\/person\/7d2f26d1483f8a63de73da1ee0754d35"},"breadcrumb":{"@id":"https:\/\/aconteceunovale.com.br\/portal\/?p=184607#breadcrumb"},"inLanguage":"pt-BR","potentialAction":[{"@type":"ReadAction","target":["https:\/\/aconteceunovale.com.br\/portal\/?p=184607"]}]},{"@type":"ImageObject","inLanguage":"pt-BR","@id":"https:\/\/aconteceunovale.com.br\/portal\/?p=184607#primaryimage","url":"https:\/\/aconteceunovale.com.br\/portal\/wp-content\/uploads\/2021\/12\/alerta_inmet_mg_9dez.png","contentUrl":"https:\/\/aconteceunovale.com.br\/portal\/wp-content\/uploads\/2021\/12\/alerta_inmet_mg_9dez.png","width":690,"height":466},{"@type":"BreadcrumbList","@id":"https:\/\/aconteceunovale.com.br\/portal\/?p=184607#breadcrumb","itemListElement":[{"@type":"ListItem","position":1,"name":"In\u00edcio","item":"https:\/\/aconteceunovale.com.br\/portal\/"},{"@type":"ListItem","position":2,"name":"Inmet emite novo alerta de chuvas intensas para munic\u00edpios do Baixo Jequitinhonha"}]},{"@type":"WebSite","@id":"https:\/\/aconteceunovale.com.br\/portal\/#website","url":"https:\/\/aconteceunovale.com.br\/portal\/","name":"Aconteceu no Vale","description":"Portal de Not\u00edcias","potentialAction":[{"@type":"SearchAction","target":{"@type":"EntryPoint","urlTemplate":"https:\/\/aconteceunovale.com.br\/portal\/?s={search_term_string}"},"query-input":{"@type":"PropertyValueSpecification","valueRequired":true,"valueName":"search_term_string"}}],"inLanguage":"pt-BR"},{"@type":"Person","@id":"https:\/\/aconteceunovale.com.br\/portal\/#\/schema\/person\/7d2f26d1483f8a63de73da1ee0754d35","name":"Reda\u00e7\u00e3o Aconteceu no Vale","description":"Equipe de reportagem do Aconteceu no Vale, portal de not\u00edcias do Vale do Jequitinhonha, em Minas Gerais. Cobrimos as 51 cidades do Vale desde 2013. Sugest\u00f5es de pauta e pedidos de corre\u00e7\u00e3o: contato@aconteceunovale.com.br","url":"https:\/\/aconteceunovale.com.br\/portal\/?author=4"}]}},"_links":{"self":[{"href":"https:\/\/aconteceunovale.com.br\/portal\/index.php?rest_route=\/wp\/v2\/posts\/184607","targetHints":{"allow":["GET"]}}],"collection":[{"href":"https:\/\/aconteceunovale.com.br\/portal\/index.php?rest_route=\/wp\/v2\/posts"}],"about":[{"href":"https:\/\/aconteceunovale.com.br\/portal\/index.php?rest_route=\/wp\/v2\/types\/post"}],"author":[{"embeddable":true,"href":"https:\/\/aconteceunovale.com.br\/portal\/index.php?rest_route=\/wp\/v2\/users\/4"}],"replies":[{"embeddable":true,"href":"https:\/\/aconteceunovale.com.br\/portal\/index.php?rest_route=%2Fwp%2Fv2%2Fcomments&post=184607"}],"version-history":[{"count":3,"href":"https:\/\/aconteceunovale.com.br\/portal\/index.php?rest_route=\/wp\/v2\/posts\/184607\/revisions"}],"predecessor-version":[{"id":184675,"href":"https:\/\/aconteceunovale.com.br\/portal\/index.php?rest_route=\/wp\/v2\/posts\/184607\/revisions\/184675"}],"wp:featuredmedia":[{"embeddable":true,"href":"https:\/\/aconteceunovale.com.br\/portal\/index.php?rest_route=\/wp\/v2\/media\/184609"}],"wp:attachment":[{"href":"https:\/\/aconteceunovale.com.br\/portal\/index.php?rest_route=%2Fwp%2Fv2%2Fmedia&parent=184607"}],"wp:term":[{"taxonomy":"category","embeddable":true,"href":"https:\/\/aconteceunovale.com.br\/portal\/index.php?rest_route=%2Fwp%2Fv2%2Fcategories&post=184607"},{"taxonomy":"post_tag","embeddable":true,"href":"https:\/\/aconteceunovale.com.br\/portal\/index.php?rest_route=%2Fwp%2Fv2%2Ftags&post=184607"}],"curies":[{"name":"wp","href":"https:\/\/api.w.org\/{rel}","templated":true}]}}