{"id":184590,"date":"2021-12-09T15:02:46","date_gmt":"2021-12-09T18:02:46","guid":{"rendered":"https:\/\/aconteceunovale.com.br\/portal\/?p=184590"},"modified":"2021-12-09T15:03:49","modified_gmt":"2021-12-09T18:03:49","slug":"homem-e-preso-por-tentativa-de-latrocinio-no-municipio-de-sao-joao-evangelista","status":"publish","type":"post","link":"https:\/\/aconteceunovale.com.br\/portal\/?p=184590","title":{"rendered":"Homem \u00e9 preso por tentativa de latroc\u00ednio no munic\u00edpio de S\u00e3o Jo\u00e3o Evangelista"},"content":{"rendered":"\n<p class=\"wp-block-paragraph\">Um homem de 21 anos foi preso no munic\u00edpio de S\u00e3o Pedro do Sua\u00e7u\u00ed, na regi\u00e3o Leste de Minas Gerais, nesta quinta-feira (9\/12\/2021). Segundo informa\u00e7\u00f5es da Pol\u00edcia Civil do Estado (PCMG), ele \u00e9 suspeito de envolvimento em uma tentativa de latroc\u00ednio registrada no C\u00f3rrego Ribeir\u00e3o da Mesa, na zona rural de S\u00e3o Jo\u00e3o Evangelista, no dia 28 de novembro deste ano.<\/p>\n\n\n\n<figure class=\"wp-block-gallery columns-1 is-cropped wp-block-gallery-1 is-layout-flex wp-block-gallery-is-layout-flex\"><ul class=\"blocks-gallery-grid\"><li class=\"blocks-gallery-item\"><figure><img loading=\"lazy\" decoding=\"async\" width=\"678\" height=\"442\" src=\"https:\/\/aconteceunovale.com.br\/portal\/wp-content\/uploads\/2021\/12\/operacao_araras_sje.jpeg\" alt=\"\" data-id=\"184591\" data-full-url=\"https:\/\/aconteceunovale.com.br\/portal\/wp-content\/uploads\/2021\/12\/operacao_araras_sje.jpeg\" data-link=\"https:\/\/aconteceunovale.com.br\/portal\/?attachment_id=184591\" class=\"wp-image-184591\" srcset=\"https:\/\/aconteceunovale.com.br\/portal\/wp-content\/uploads\/2021\/12\/operacao_araras_sje.jpeg 678w, https:\/\/aconteceunovale.com.br\/portal\/wp-content\/uploads\/2021\/12\/operacao_araras_sje-300x196.jpeg 300w, https:\/\/aconteceunovale.com.br\/portal\/wp-content\/uploads\/2021\/12\/operacao_araras_sje-644x420.jpeg 644w\" sizes=\"auto, (max-width: 678px) 100vw, 678px\" \/><figcaption class=\"blocks-gallery-item__caption\"><em>Foto: Divulga\u00e7\u00e3o\/PCMG<\/em><\/figcaption><\/figure><\/li><\/ul><\/figure>\n\n\n\n<p class=\"wp-block-paragraph\">O investigado foi localizado em uma localidade denominada Araras. <em>\u201cNo momento da a\u00e7\u00e3o, quando os policiais chegaram ao local, o suspeito estava dormindo em um c\u00f4modo \u00e0 parte do im\u00f3vel. O homem acordou e tentou fugir pelos fundos, sendo alcan\u00e7ado pelos policiais civis que faziam o cerco \u00e0 casa\u201d, <\/em>informou a PCMG.<\/p>\n\n\n\n<p class=\"wp-block-paragraph\">A opera\u00e7\u00e3o policial para cumprimento do mandado de pris\u00e3o tempor\u00e1ria foi coordenada pela equipe da Delegacia de S\u00e3o Jo\u00e3o Evangelista e teve o apoio da Delegacia de Pe\u00e7anha. Os trabalhos foram supervisionados pelo delegado Robert Salles.<\/p>\n\n\n\n<h2 class=\"wp-block-heading\"><strong>Sobre o crime<\/strong><\/h2>\n\n\n\n<p class=\"wp-block-paragraph\">No in\u00edcio da noite de 28\/11\/2021 (domingo), segundo a Pol\u00edcia Civil, dois indiv\u00edduos armados abordaram o dono de um com\u00e9rcio, em Ribeir\u00e3o da Mesa, na zona rural de S\u00e3o Jo\u00e3o Evangelista. Os suspeitos agrediram a v\u00edtima, um idoso de 70 anos, por mais de 10 minutos. Durante a fuga, eles ainda atiraram contra a filha e o genro da v\u00edtima, de 37 e 42 anos, quando o casal chegava ao local.<\/p>\n\n\n\n<p class=\"wp-block-paragraph\"><em>\u201cEssa a\u00e7\u00e3o policial refor\u00e7a o compromisso da PCMG com investiga\u00e7\u00f5es qualificadas, que visem \u00e0 tutela de bens fundamentais da sociedade e \u00e0 repreens\u00e3o a comportamentos que os vulnerem, sempre pautada no postulado do respeito aos direitos fundamentais\u201d,<\/em> ressaltou o delegado Robert Salles.<\/p>\n\n\n\n<p class=\"wp-block-paragraph\">&#8212;&#8212;&#8212;&#8212;&#8212;&#8212;<br><em>Quer receber as not\u00edcias do <strong>Aconteceu no Vale<\/strong> em primeira m\u00e3o? Siga-nos no Facebook <a rel=\"noreferrer noopener\" href=\"http:\/\/facebook.com\/aconteceunovale\" target=\"_blank\">@aconteceunovale<\/a>, Twitter <a rel=\"noreferrer noopener\" href=\"https:\/\/twitter.com\/noticiadosvales\" target=\"_blank\">@noticiadosvales<\/a> e Instagram <a rel=\"noreferrer noopener\" href=\"https:\/\/www.instagram.com\/aconteceunovale\" target=\"_blank\">@aconteceunovale<\/a>.<\/em><\/p>\n","protected":false},"excerpt":{"rendered":"<p>Um homem de 21 anos foi preso no munic\u00edpio de S\u00e3o Pedro do Sua\u00e7u\u00ed, na regi\u00e3o Leste de Minas Gerais, nesta quinta-feira (9\/12\/2021). Segundo informa\u00e7\u00f5es da Pol\u00edcia Civil do Estado (PCMG), ele \u00e9 suspeito de envolvimento em uma tentativa de latroc\u00ednio registrada no C\u00f3rrego Ribeir\u00e3o da Mesa, na zona rural de S\u00e3o Jo\u00e3o Evangelista, no [&hellip;]<\/p>\n","protected":false},"author":4,"featured_media":184591,"comment_status":"open","ping_status":"closed","sticky":false,"template":"","format":"standard","meta":{"amp_status":"","footnotes":""},"categories":[121],"tags":[31053,242102,1018,255551,255553,255552,604,306,255555,255554,73834,162,322],"class_list":["post-184590","post","type-post","status-publish","format-standard","has-post-thumbnail","hentry","category-leste","tag-assalto-em-sao-joao-evangelista","tag-delegado-robert-salles","tag-destaque","tag-homem-e-preso-por-tentativa-de-latrocinio-no-municipio-de-sao-joao-evangelista","tag-latrocinio-em-ribeirao-da-mesa","tag-latrocinio-em-sao-joao-evangelista","tag-pcmg","tag-pecanha","tag-preso-por-roubo-em-sao-joao-evangelista","tag-ribeirao-da-mesa","tag-roubo-em-sao-joao-evangelista","tag-sao-joao-evangelista","tag-sao-pedro-do-suacui"],"yoast_head":"<!-- This site is optimized with the Yoast SEO plugin v28.3 - https:\/\/yoast.com\/product\/yoast-seo-wordpress\/ -->\n<title>Homem \u00e9 preso por tentativa de latroc\u00ednio no munic\u00edpio de S\u00e3o Jo\u00e3o Evangelista - Aconteceu no Vale<\/title>\n<meta name=\"robots\" content=\"index, follow, max-snippet:-1, max-image-preview:large, max-video-preview:-1\" \/>\n<link rel=\"canonical\" href=\"https:\/\/aconteceunovale.com.br\/portal\/?p=184590\" \/>\n<meta property=\"og:locale\" content=\"pt_BR\" \/>\n<meta property=\"og:type\" content=\"article\" \/>\n<meta property=\"og:title\" content=\"Homem \u00e9 preso por tentativa de latroc\u00ednio no munic\u00edpio de S\u00e3o Jo\u00e3o Evangelista - Aconteceu no Vale\" \/>\n<meta property=\"og:description\" content=\"Um homem de 21 anos foi preso no munic\u00edpio de S\u00e3o Pedro do Sua\u00e7u\u00ed, na regi\u00e3o Leste de Minas Gerais, nesta quinta-feira (9\/12\/2021). Segundo informa\u00e7\u00f5es da Pol\u00edcia Civil do Estado (PCMG), ele \u00e9 suspeito de envolvimento em uma tentativa de latroc\u00ednio registrada no C\u00f3rrego Ribeir\u00e3o da Mesa, na zona rural de S\u00e3o Jo\u00e3o Evangelista, no [&hellip;]\" \/>\n<meta property=\"og:url\" content=\"https:\/\/aconteceunovale.com.br\/portal\/?p=184590\" \/>\n<meta property=\"og:site_name\" content=\"Aconteceu no Vale\" \/>\n<meta property=\"article:publisher\" content=\"https:\/\/www.facebook.com\/aconteceunovale\/\" \/>\n<meta property=\"article:published_time\" content=\"2021-12-09T18:02:46+00:00\" \/>\n<meta property=\"article:modified_time\" content=\"2021-12-09T18:03:49+00:00\" \/>\n<meta property=\"og:image\" content=\"https:\/\/aconteceunovale.com.br\/portal\/wp-content\/uploads\/2021\/12\/operacao_araras_sje.jpeg\" \/>\n\t<meta property=\"og:image:width\" content=\"678\" \/>\n\t<meta property=\"og:image:height\" content=\"442\" \/>\n\t<meta property=\"og:image:type\" content=\"image\/jpeg\" \/>\n<meta name=\"author\" content=\"Reda\u00e7\u00e3o Aconteceu no Vale\" \/>\n<meta name=\"twitter:card\" content=\"summary_large_image\" \/>\n<meta name=\"twitter:creator\" content=\"@noticiadosvales\" \/>\n<meta name=\"twitter:site\" content=\"@noticiadosvales\" \/>\n<meta name=\"twitter:label1\" content=\"Escrito por\" \/>\n\t<meta name=\"twitter:data1\" content=\"Reda\u00e7\u00e3o Aconteceu no Vale\" \/>\n\t<meta name=\"twitter:label2\" content=\"Est. tempo de leitura\" \/>\n\t<meta name=\"twitter:data2\" content=\"2 minutos\" \/>\n<script type=\"application\/ld+json\" class=\"yoast-schema-graph\">{\"@context\":\"https:\\\/\\\/schema.org\",\"@graph\":[{\"@type\":\"Article\",\"@id\":\"https:\\\/\\\/aconteceunovale.com.br\\\/portal\\\/?p=184590#article\",\"isPartOf\":{\"@id\":\"https:\\\/\\\/aconteceunovale.com.br\\\/portal\\\/?p=184590\"},\"author\":{\"name\":\"Reda\u00e7\u00e3o Aconteceu no Vale\",\"@id\":\"https:\\\/\\\/aconteceunovale.com.br\\\/portal\\\/#\\\/schema\\\/person\\\/7d2f26d1483f8a63de73da1ee0754d35\"},\"headline\":\"Homem \u00e9 preso por tentativa de latroc\u00ednio no munic\u00edpio de S\u00e3o Jo\u00e3o Evangelista\",\"datePublished\":\"2021-12-09T18:02:46+00:00\",\"dateModified\":\"2021-12-09T18:03:49+00:00\",\"mainEntityOfPage\":{\"@id\":\"https:\\\/\\\/aconteceunovale.com.br\\\/portal\\\/?p=184590\"},\"wordCount\":329,\"commentCount\":0,\"image\":{\"@id\":\"https:\\\/\\\/aconteceunovale.com.br\\\/portal\\\/?p=184590#primaryimage\"},\"thumbnailUrl\":\"https:\\\/\\\/aconteceunovale.com.br\\\/portal\\\/wp-content\\\/uploads\\\/2021\\\/12\\\/operacao_araras_sje.jpeg\",\"keywords\":[\"assalto em s\u00e3o jo\u00e3o evangelista\",\"Delegado Robert Salles\",\"destaque\",\"Homem \u00e9 preso por tentativa de latroc\u00ednio no munic\u00edpio de S\u00e3o Jo\u00e3o Evangelista\",\"Latroc\u00ednio em Ribeir\u00e3o da Mesa\",\"Latroc\u00ednio em S\u00e3o Jo\u00e3o Evangelista\",\"PCMG\",\"Pe\u00e7anha\",\"Preso por roubo em S\u00e3o Jo\u00e3o Evangelista\",\"Ribeir\u00e3o da Mesa\",\"roubo em s\u00e3o jo\u00e3o evangelista\",\"S\u00e3o Jo\u00e3o Evangelista\",\"S\u00e3o Pedro do Sua\u00e7u\u00ed\"],\"articleSection\":[\"Leste de Minas\"],\"inLanguage\":\"pt-BR\",\"potentialAction\":[{\"@type\":\"CommentAction\",\"name\":\"Comment\",\"target\":[\"https:\\\/\\\/aconteceunovale.com.br\\\/portal\\\/?p=184590#respond\"]}]},{\"@type\":\"WebPage\",\"@id\":\"https:\\\/\\\/aconteceunovale.com.br\\\/portal\\\/?p=184590\",\"url\":\"https:\\\/\\\/aconteceunovale.com.br\\\/portal\\\/?p=184590\",\"name\":\"Homem \u00e9 preso por tentativa de latroc\u00ednio no munic\u00edpio de S\u00e3o Jo\u00e3o Evangelista - Aconteceu no Vale\",\"isPartOf\":{\"@id\":\"https:\\\/\\\/aconteceunovale.com.br\\\/portal\\\/#website\"},\"primaryImageOfPage\":{\"@id\":\"https:\\\/\\\/aconteceunovale.com.br\\\/portal\\\/?p=184590#primaryimage\"},\"image\":{\"@id\":\"https:\\\/\\\/aconteceunovale.com.br\\\/portal\\\/?p=184590#primaryimage\"},\"thumbnailUrl\":\"https:\\\/\\\/aconteceunovale.com.br\\\/portal\\\/wp-content\\\/uploads\\\/2021\\\/12\\\/operacao_araras_sje.jpeg\",\"datePublished\":\"2021-12-09T18:02:46+00:00\",\"dateModified\":\"2021-12-09T18:03:49+00:00\",\"author\":{\"@id\":\"https:\\\/\\\/aconteceunovale.com.br\\\/portal\\\/#\\\/schema\\\/person\\\/7d2f26d1483f8a63de73da1ee0754d35\"},\"breadcrumb\":{\"@id\":\"https:\\\/\\\/aconteceunovale.com.br\\\/portal\\\/?p=184590#breadcrumb\"},\"inLanguage\":\"pt-BR\",\"potentialAction\":[{\"@type\":\"ReadAction\",\"target\":[\"https:\\\/\\\/aconteceunovale.com.br\\\/portal\\\/?p=184590\"]}]},{\"@type\":\"ImageObject\",\"inLanguage\":\"pt-BR\",\"@id\":\"https:\\\/\\\/aconteceunovale.com.br\\\/portal\\\/?p=184590#primaryimage\",\"url\":\"https:\\\/\\\/aconteceunovale.com.br\\\/portal\\\/wp-content\\\/uploads\\\/2021\\\/12\\\/operacao_araras_sje.jpeg\",\"contentUrl\":\"https:\\\/\\\/aconteceunovale.com.br\\\/portal\\\/wp-content\\\/uploads\\\/2021\\\/12\\\/operacao_araras_sje.jpeg\",\"width\":678,\"height\":442},{\"@type\":\"BreadcrumbList\",\"@id\":\"https:\\\/\\\/aconteceunovale.com.br\\\/portal\\\/?p=184590#breadcrumb\",\"itemListElement\":[{\"@type\":\"ListItem\",\"position\":1,\"name\":\"In\u00edcio\",\"item\":\"https:\\\/\\\/aconteceunovale.com.br\\\/portal\\\/\"},{\"@type\":\"ListItem\",\"position\":2,\"name\":\"Homem \u00e9 preso por tentativa de latroc\u00ednio no munic\u00edpio de S\u00e3o Jo\u00e3o Evangelista\"}]},{\"@type\":\"WebSite\",\"@id\":\"https:\\\/\\\/aconteceunovale.com.br\\\/portal\\\/#website\",\"url\":\"https:\\\/\\\/aconteceunovale.com.br\\\/portal\\\/\",\"name\":\"Aconteceu no Vale\",\"description\":\"Portal de Not\u00edcias\",\"potentialAction\":[{\"@type\":\"SearchAction\",\"target\":{\"@type\":\"EntryPoint\",\"urlTemplate\":\"https:\\\/\\\/aconteceunovale.com.br\\\/portal\\\/?s={search_term_string}\"},\"query-input\":{\"@type\":\"PropertyValueSpecification\",\"valueRequired\":true,\"valueName\":\"search_term_string\"}}],\"inLanguage\":\"pt-BR\"},{\"@type\":\"Person\",\"@id\":\"https:\\\/\\\/aconteceunovale.com.br\\\/portal\\\/#\\\/schema\\\/person\\\/7d2f26d1483f8a63de73da1ee0754d35\",\"name\":\"Reda\u00e7\u00e3o Aconteceu no Vale\",\"description\":\"Equipe de reportagem do Aconteceu no Vale, portal de not\u00edcias do Vale do Jequitinhonha, em Minas Gerais. Cobrimos as 51 cidades do Vale desde 2013. Sugest\u00f5es de pauta e pedidos de corre\u00e7\u00e3o: contato@aconteceunovale.com.br\",\"url\":\"https:\\\/\\\/aconteceunovale.com.br\\\/portal\\\/?author=4\"}]}<\/script>\n<!-- \/ Yoast SEO plugin. -->","yoast_head_json":{"title":"Homem \u00e9 preso por tentativa de latroc\u00ednio no munic\u00edpio de S\u00e3o Jo\u00e3o Evangelista - Aconteceu no Vale","robots":{"index":"index","follow":"follow","max-snippet":"max-snippet:-1","max-image-preview":"max-image-preview:large","max-video-preview":"max-video-preview:-1"},"canonical":"https:\/\/aconteceunovale.com.br\/portal\/?p=184590","og_locale":"pt_BR","og_type":"article","og_title":"Homem \u00e9 preso por tentativa de latroc\u00ednio no munic\u00edpio de S\u00e3o Jo\u00e3o Evangelista - Aconteceu no Vale","og_description":"Um homem de 21 anos foi preso no munic\u00edpio de S\u00e3o Pedro do Sua\u00e7u\u00ed, na regi\u00e3o Leste de Minas Gerais, nesta quinta-feira (9\/12\/2021). Segundo informa\u00e7\u00f5es da Pol\u00edcia Civil do Estado (PCMG), ele \u00e9 suspeito de envolvimento em uma tentativa de latroc\u00ednio registrada no C\u00f3rrego Ribeir\u00e3o da Mesa, na zona rural de S\u00e3o Jo\u00e3o Evangelista, no [&hellip;]","og_url":"https:\/\/aconteceunovale.com.br\/portal\/?p=184590","og_site_name":"Aconteceu no Vale","article_publisher":"https:\/\/www.facebook.com\/aconteceunovale\/","article_published_time":"2021-12-09T18:02:46+00:00","article_modified_time":"2021-12-09T18:03:49+00:00","og_image":[{"width":678,"height":442,"url":"https:\/\/aconteceunovale.com.br\/portal\/wp-content\/uploads\/2021\/12\/operacao_araras_sje.jpeg","type":"image\/jpeg"}],"author":"Reda\u00e7\u00e3o Aconteceu no Vale","twitter_card":"summary_large_image","twitter_creator":"@noticiadosvales","twitter_site":"@noticiadosvales","twitter_misc":{"Escrito por":"Reda\u00e7\u00e3o Aconteceu no Vale","Est. tempo de leitura":"2 minutos"},"schema":{"@context":"https:\/\/schema.org","@graph":[{"@type":"Article","@id":"https:\/\/aconteceunovale.com.br\/portal\/?p=184590#article","isPartOf":{"@id":"https:\/\/aconteceunovale.com.br\/portal\/?p=184590"},"author":{"name":"Reda\u00e7\u00e3o Aconteceu no Vale","@id":"https:\/\/aconteceunovale.com.br\/portal\/#\/schema\/person\/7d2f26d1483f8a63de73da1ee0754d35"},"headline":"Homem \u00e9 preso por tentativa de latroc\u00ednio no munic\u00edpio de S\u00e3o Jo\u00e3o Evangelista","datePublished":"2021-12-09T18:02:46+00:00","dateModified":"2021-12-09T18:03:49+00:00","mainEntityOfPage":{"@id":"https:\/\/aconteceunovale.com.br\/portal\/?p=184590"},"wordCount":329,"commentCount":0,"image":{"@id":"https:\/\/aconteceunovale.com.br\/portal\/?p=184590#primaryimage"},"thumbnailUrl":"https:\/\/aconteceunovale.com.br\/portal\/wp-content\/uploads\/2021\/12\/operacao_araras_sje.jpeg","keywords":["assalto em s\u00e3o jo\u00e3o evangelista","Delegado Robert Salles","destaque","Homem \u00e9 preso por tentativa de latroc\u00ednio no munic\u00edpio de S\u00e3o Jo\u00e3o Evangelista","Latroc\u00ednio em Ribeir\u00e3o da Mesa","Latroc\u00ednio em S\u00e3o Jo\u00e3o Evangelista","PCMG","Pe\u00e7anha","Preso por roubo em S\u00e3o Jo\u00e3o Evangelista","Ribeir\u00e3o da Mesa","roubo em s\u00e3o jo\u00e3o evangelista","S\u00e3o Jo\u00e3o Evangelista","S\u00e3o Pedro do Sua\u00e7u\u00ed"],"articleSection":["Leste de Minas"],"inLanguage":"pt-BR","potentialAction":[{"@type":"CommentAction","name":"Comment","target":["https:\/\/aconteceunovale.com.br\/portal\/?p=184590#respond"]}]},{"@type":"WebPage","@id":"https:\/\/aconteceunovale.com.br\/portal\/?p=184590","url":"https:\/\/aconteceunovale.com.br\/portal\/?p=184590","name":"Homem \u00e9 preso por tentativa de latroc\u00ednio no munic\u00edpio de S\u00e3o Jo\u00e3o Evangelista - Aconteceu no Vale","isPartOf":{"@id":"https:\/\/aconteceunovale.com.br\/portal\/#website"},"primaryImageOfPage":{"@id":"https:\/\/aconteceunovale.com.br\/portal\/?p=184590#primaryimage"},"image":{"@id":"https:\/\/aconteceunovale.com.br\/portal\/?p=184590#primaryimage"},"thumbnailUrl":"https:\/\/aconteceunovale.com.br\/portal\/wp-content\/uploads\/2021\/12\/operacao_araras_sje.jpeg","datePublished":"2021-12-09T18:02:46+00:00","dateModified":"2021-12-09T18:03:49+00:00","author":{"@id":"https:\/\/aconteceunovale.com.br\/portal\/#\/schema\/person\/7d2f26d1483f8a63de73da1ee0754d35"},"breadcrumb":{"@id":"https:\/\/aconteceunovale.com.br\/portal\/?p=184590#breadcrumb"},"inLanguage":"pt-BR","potentialAction":[{"@type":"ReadAction","target":["https:\/\/aconteceunovale.com.br\/portal\/?p=184590"]}]},{"@type":"ImageObject","inLanguage":"pt-BR","@id":"https:\/\/aconteceunovale.com.br\/portal\/?p=184590#primaryimage","url":"https:\/\/aconteceunovale.com.br\/portal\/wp-content\/uploads\/2021\/12\/operacao_araras_sje.jpeg","contentUrl":"https:\/\/aconteceunovale.com.br\/portal\/wp-content\/uploads\/2021\/12\/operacao_araras_sje.jpeg","width":678,"height":442},{"@type":"BreadcrumbList","@id":"https:\/\/aconteceunovale.com.br\/portal\/?p=184590#breadcrumb","itemListElement":[{"@type":"ListItem","position":1,"name":"In\u00edcio","item":"https:\/\/aconteceunovale.com.br\/portal\/"},{"@type":"ListItem","position":2,"name":"Homem \u00e9 preso por tentativa de latroc\u00ednio no munic\u00edpio de S\u00e3o Jo\u00e3o Evangelista"}]},{"@type":"WebSite","@id":"https:\/\/aconteceunovale.com.br\/portal\/#website","url":"https:\/\/aconteceunovale.com.br\/portal\/","name":"Aconteceu no Vale","description":"Portal de Not\u00edcias","potentialAction":[{"@type":"SearchAction","target":{"@type":"EntryPoint","urlTemplate":"https:\/\/aconteceunovale.com.br\/portal\/?s={search_term_string}"},"query-input":{"@type":"PropertyValueSpecification","valueRequired":true,"valueName":"search_term_string"}}],"inLanguage":"pt-BR"},{"@type":"Person","@id":"https:\/\/aconteceunovale.com.br\/portal\/#\/schema\/person\/7d2f26d1483f8a63de73da1ee0754d35","name":"Reda\u00e7\u00e3o Aconteceu no Vale","description":"Equipe de reportagem do Aconteceu no Vale, portal de not\u00edcias do Vale do Jequitinhonha, em Minas Gerais. Cobrimos as 51 cidades do Vale desde 2013. Sugest\u00f5es de pauta e pedidos de corre\u00e7\u00e3o: contato@aconteceunovale.com.br","url":"https:\/\/aconteceunovale.com.br\/portal\/?author=4"}]}},"_links":{"self":[{"href":"https:\/\/aconteceunovale.com.br\/portal\/index.php?rest_route=\/wp\/v2\/posts\/184590","targetHints":{"allow":["GET"]}}],"collection":[{"href":"https:\/\/aconteceunovale.com.br\/portal\/index.php?rest_route=\/wp\/v2\/posts"}],"about":[{"href":"https:\/\/aconteceunovale.com.br\/portal\/index.php?rest_route=\/wp\/v2\/types\/post"}],"author":[{"embeddable":true,"href":"https:\/\/aconteceunovale.com.br\/portal\/index.php?rest_route=\/wp\/v2\/users\/4"}],"replies":[{"embeddable":true,"href":"https:\/\/aconteceunovale.com.br\/portal\/index.php?rest_route=%2Fwp%2Fv2%2Fcomments&post=184590"}],"version-history":[{"count":1,"href":"https:\/\/aconteceunovale.com.br\/portal\/index.php?rest_route=\/wp\/v2\/posts\/184590\/revisions"}],"predecessor-version":[{"id":184592,"href":"https:\/\/aconteceunovale.com.br\/portal\/index.php?rest_route=\/wp\/v2\/posts\/184590\/revisions\/184592"}],"wp:featuredmedia":[{"embeddable":true,"href":"https:\/\/aconteceunovale.com.br\/portal\/index.php?rest_route=\/wp\/v2\/media\/184591"}],"wp:attachment":[{"href":"https:\/\/aconteceunovale.com.br\/portal\/index.php?rest_route=%2Fwp%2Fv2%2Fmedia&parent=184590"}],"wp:term":[{"taxonomy":"category","embeddable":true,"href":"https:\/\/aconteceunovale.com.br\/portal\/index.php?rest_route=%2Fwp%2Fv2%2Fcategories&post=184590"},{"taxonomy":"post_tag","embeddable":true,"href":"https:\/\/aconteceunovale.com.br\/portal\/index.php?rest_route=%2Fwp%2Fv2%2Ftags&post=184590"}],"curies":[{"name":"wp","href":"https:\/\/api.w.org\/{rel}","templated":true}]}}