{"id":184567,"date":"2021-12-08T23:48:00","date_gmt":"2021-12-09T02:48:00","guid":{"rendered":"https:\/\/aconteceunovale.com.br\/portal\/?p=184567"},"modified":"2021-12-08T23:48:18","modified_gmt":"2021-12-09T02:48:18","slug":"congresso-nacional-promulga-1a-parte-da-pec-dos-precatorios","status":"publish","type":"post","link":"https:\/\/aconteceunovale.com.br\/portal\/?p=184567","title":{"rendered":"Congresso Nacional promulga 1\u00aa parte da PEC dos Precat\u00f3rios"},"content":{"rendered":"\n<p class=\"wp-block-paragraph\">O Congresso Nacional promulgou na tarde desta quarta-feira (8\/12\/2021) parte da Proposta de Emenda \u00e0 Constitui\u00e7\u00e3o (PEC) 23\/21, conhecida como PEC dos Precat\u00f3rios. A cerim\u00f4nia contou com a presen\u00e7a dos presidentes da C\u00e2mara, Arthur Lira, e do Senado, Rodrigo Pacheco.<img decoding=\"async\" src=\"https:\/\/agenciabrasil.ebc.com.br\/ebc.png?id=1431029&amp;o=node\"><img decoding=\"async\" src=\"https:\/\/agenciabrasil.ebc.com.br\/ebc.gif?id=1431029&amp;o=node\"><\/p>\n\n\n\n<figure class=\"wp-block-gallery columns-1 is-cropped wp-block-gallery-1 is-layout-flex wp-block-gallery-is-layout-flex\"><ul class=\"blocks-gallery-grid\"><li class=\"blocks-gallery-item\"><figure><img loading=\"lazy\" decoding=\"async\" width=\"678\" height=\"436\" src=\"https:\/\/aconteceunovale.com.br\/portal\/wp-content\/uploads\/2021\/12\/pec_precatorios.jpg\" alt=\"\" data-id=\"184568\" data-full-url=\"https:\/\/aconteceunovale.com.br\/portal\/wp-content\/uploads\/2021\/12\/pec_precatorios.jpg\" data-link=\"https:\/\/aconteceunovale.com.br\/portal\/?attachment_id=184568\" class=\"wp-image-184568\" srcset=\"https:\/\/aconteceunovale.com.br\/portal\/wp-content\/uploads\/2021\/12\/pec_precatorios.jpg 678w, https:\/\/aconteceunovale.com.br\/portal\/wp-content\/uploads\/2021\/12\/pec_precatorios-300x193.jpg 300w, https:\/\/aconteceunovale.com.br\/portal\/wp-content\/uploads\/2021\/12\/pec_precatorios-653x420.jpg 653w\" sizes=\"auto, (max-width: 678px) 100vw, 678px\" \/><figcaption class=\"blocks-gallery-item__caption\"><em>Arthur Lira e Rodrigo Pacheco &#8211; Foto: Jefferson Rudy\/Ag\u00eancia Senado<\/em><\/figcaption><\/figure><\/li><\/ul><\/figure>\n\n\n\n<p class=\"wp-block-paragraph\">A agora Emenda Constitucional 113\/21 \u00e9 essencial para viabilizar o pagamento do Aux\u00edlio Brasil, criado para substituir o programa Bolsa Fam\u00edlia. \u201cO nosso esfor\u00e7o \u00e9 em fun\u00e7\u00e3o da necessidade de dar sustenta\u00e7\u00e3o do programa social Aux\u00edlio Brasil\u201d, disse Pacheco, durante a cerim\u00f4nia.<\/p>\n\n\n\n<p class=\"wp-block-paragraph\">De acordo com&nbsp;<a href=\"https:\/\/www2.camara.leg.br\/orcamento-da-uniao\/estudos\/2021\/nota-informativa-pec-23-aprovada-sf_-versao-final\" target=\"_blank\" rel=\"noreferrer noopener\">nota informativa<\/a>&nbsp;da Consultoria de Or\u00e7amento da C\u00e2mara dos Deputados, a promulga\u00e7\u00e3o da parte comum da PEC dos Precat\u00f3rios, sobre a qual as duas casas legislativas n\u00e3o t\u00eam diverg\u00eancias, vai abrir o espa\u00e7o fiscal de R$ 64,9 bilh\u00f5es no Or\u00e7amento de 2022. Os recursos se devem \u00e0 mudan\u00e7a da f\u00f3rmula de c\u00e1lculo da atualiza\u00e7\u00e3o dos limites do teto de gastos. A nota t\u00e9cnica diz que o dinheiro s\u00f3 poder\u00e1 ser usado nas despesas de sa\u00fade, previd\u00eancia e assist\u00eancia social, rubrica em que est\u00e1 incluso o Aux\u00edlio Brasil.<\/p>\n\n\n\n<p class=\"wp-block-paragraph\">As partes alteradas durante a vota\u00e7\u00e3o do Senado, h\u00e1 uma semana, voltaram para a C\u00e2mara e ter\u00e3o de ser analisadas novamente. De acordo com Lira, esses pontos\u00a0ser\u00e3o apensados a outra PEC\u00a0sobre o assunto e ser\u00e3o apreciados na pr\u00f3xima ter\u00e7a-feira (14).<\/p>\n\n\n\n<h2 class=\"wp-block-heading\">Vincula\u00e7\u00e3o de despesas<\/h2>\n\n\n\n<p class=\"wp-block-paragraph\">Alguns artigos alterados pelo Senado, o 4\u00ba e o 107, foram motivo de pol\u00eamica durante a promulga\u00e7\u00e3o da PEC. A senadora Simone Tebet (MDB-MS) disse que foi feito acordo no sentido de que a PEC s\u00f3 poderia ser fatiada caso o espa\u00e7o fiscal fosse apenas aquele vinculado \u00e0 seguridade social, o que, segundo ela, n\u00e3o teria ocorrido. Segundo o senador Alessandro Vieira (Cidadania-SE), milh\u00f5es de brasileiros seriam prejudicados com a eventual desvincula\u00e7\u00e3o.<\/p>\n\n\n\n<p class=\"wp-block-paragraph\">Diante da pol\u00eamica, o senador Jos\u00e9 Anibal (PSDB-SP) prop\u00f4s deixar a an\u00e1lise desses artigos para a C\u00e2mara.<\/p>\n\n\n\n<p class=\"wp-block-paragraph\">O relator da proposta no Senado, Fernando Bezerra Coelho (MDB-PE), disse acreditar que o texto traduziu a preocupa\u00e7\u00e3o e a urg\u00eancia de assistir aos brasileiros mais pobres atingidos pela pandemia de covid-19. \u201cTenho absoluta certeza de que as inova\u00e7\u00f5es ser\u00e3o apoiadas, sobretudo aquela que \u00e9 a preocupa\u00e7\u00e3o central: a vincula\u00e7\u00e3o do espa\u00e7o fiscal aberto\u201d, disse. \u201cN\u00f3s do Senado vinculamos todo esse espa\u00e7o fiscal ao Aux\u00edlio Brasil e \u00e0s despesas com sa\u00fade e assist\u00eancia social\u201d, completou. Fernando Bezerra Coelho acrescentou que, neste momento, n\u00e3o se pode haver desconfian\u00e7a em rela\u00e7\u00e3o ao que foi constru\u00eddo.<\/p>\n\n\n\n<p class=\"wp-block-paragraph\">O &nbsp;presidente do Senado decidiu, ent\u00e3o, promulgar o Artigo 107, que, segundo ele, \u00e9 coincidente com o que passou na C\u00e2mara, e tamb\u00e9m as partes coincidentes do Artigo 4\u00ba, deixando as inova\u00e7\u00f5es para an\u00e1lise dos deputados. \u201cCom isso evitamos qualquer tipo de questionamento sobre forma e reda\u00e7\u00e3o\u201d, disse.<\/p>\n\n\n\n<p class=\"wp-block-paragraph\">Diante do desconforto gerado pela desconfian\u00e7a de que a C\u00e2mara n\u00e3o referende as altera\u00e7\u00f5es propostas pelos senadores, o presidente da Casa considerou n\u00e3o haver espa\u00e7o para ler o discurso j\u00e1 preparado. \u201cO que n\u00f3s podemos dizer \u00e9 que iremos pautar essa PEC na ter\u00e7a e apreciar com boa vontade as altera\u00e7\u00f5es que o Senado fez\u201d, disse Arthur Lira. Ele destacou que as assessorias de ambas as casas trabalharam de forma independente com o compromisso de promulgar textos iguais e coerentes.<\/p>\n\n\n\n<h2 class=\"wp-block-heading\">Segunda parte&nbsp;deve&nbsp;ser votada na ter\u00e7a<\/h2>\n\n\n\n<p class=\"wp-block-paragraph\">As partes n\u00e3o convergentes que dever\u00e3o ser apreciadas pela C\u00e2mara na pr\u00f3xima ter\u00e7a liberar\u00e3o mais R$ 43,56 bilh\u00f5es. Destes, R$ 39,485 bilh\u00f5es ser\u00e3o abertos com o limite de pagamento para precat\u00f3rios. Esses recursos poder\u00e3o ser utilizados em despesas vinculadas \u00e0 seguridade social, incluindo o programa Aux\u00edlio Brasil. Por fim, R$ 4,08 bilh\u00f5es ser\u00e3o abertos com os precat\u00f3rios parcelados fora do limite. Esses recursos n\u00e3o t\u00eam nenhuma restri\u00e7\u00e3o de uso.<\/p>\n\n\n\n<p class=\"wp-block-paragraph\">Entre os pontos alterados pelo Senado est\u00e3o: estabelecimento do direito a uma renda b\u00e1sica familiar para brasileiros em situa\u00e7\u00e3o de vulnerabilidade e diversas mudan\u00e7as em rela\u00e7\u00e3o aos limites, prazo para apresenta\u00e7\u00e3o, posterga\u00e7\u00e3o de pagamento e ordem de pagamentos dos precat\u00f3rios. Al\u00e9m disso, o Senado objetiva tornar o programa Aux\u00edlio Brasil de car\u00e1ter permanente. Algo j\u00e1 dito por Lira que h\u00e1 consenso. Tamb\u00e9m h\u00e1 previs\u00e3o de R$ 15 bilh\u00f5es, vinculados \u00e0s despesas de vacina\u00e7\u00e3o contra a covid-19.<\/p>\n\n\n\n<p class=\"wp-block-paragraph\">&#8212;&#8212;&#8212;&#8212;&#8212;&#8212;<br><em>Quer receber as not\u00edcias do <strong>Aconteceu no Vale<\/strong> em primeira m\u00e3o? Siga-nos no Facebook <a rel=\"noreferrer noopener\" href=\"http:\/\/facebook.com\/aconteceunovale\" target=\"_blank\">@aconteceunovale<\/a>, Twitter <a rel=\"noreferrer noopener\" href=\"https:\/\/twitter.com\/noticiadosvales\" target=\"_blank\">@noticiadosvales<\/a> e Instagram <a rel=\"noreferrer noopener\" href=\"https:\/\/www.instagram.com\/aconteceunovale\" target=\"_blank\">@aconteceunovale<\/a>.<\/em><\/p>\n","protected":false},"excerpt":{"rendered":"<p>O Congresso Nacional promulgou na tarde desta quarta-feira (8\/12\/2021) parte da Proposta de Emenda \u00e0 Constitui\u00e7\u00e3o (PEC) 23\/21, conhecida como PEC dos Precat\u00f3rios. A cerim\u00f4nia contou com a presen\u00e7a dos presidentes da C\u00e2mara, Arthur Lira, e do Senado, Rodrigo Pacheco. A agora Emenda Constitucional 113\/21 \u00e9 essencial para viabilizar o pagamento do Aux\u00edlio Brasil, criado [&hellip;]<\/p>\n","protected":false},"author":4,"featured_media":184568,"comment_status":"open","ping_status":"closed","sticky":false,"template":"","format":"standard","meta":{"amp_status":"","footnotes":""},"categories":[6,40240],"tags":[235961,249432,20922,48796,249798,255540,71438,255539,39315,41221,21938],"class_list":["post-184567","post","type-post","status-publish","format-standard","has-post-thumbnail","hentry","category-br","category-politica","tag-arthur-lira","tag-auxilio-brasil","tag-camara-dos-deputados","tag-congresso-nacional","tag-pagamento-do-auxilio-brasil","tag-pec-23","tag-pec-dos-precatorios","tag-precatorios","tag-programa-bolsa-familia","tag-rodrigo-pacheco","tag-senado"],"yoast_head":"<!-- This site is optimized with the Yoast SEO plugin v28.3 - https:\/\/yoast.com\/product\/yoast-seo-wordpress\/ -->\n<title>Congresso Nacional promulga 1\u00aa parte da PEC dos Precat\u00f3rios - Aconteceu no Vale<\/title>\n<meta name=\"robots\" content=\"index, follow, max-snippet:-1, max-image-preview:large, max-video-preview:-1\" \/>\n<link rel=\"canonical\" href=\"https:\/\/aconteceunovale.com.br\/portal\/?p=184567\" \/>\n<meta property=\"og:locale\" content=\"pt_BR\" \/>\n<meta property=\"og:type\" content=\"article\" \/>\n<meta property=\"og:title\" content=\"Congresso Nacional promulga 1\u00aa parte da PEC dos Precat\u00f3rios - Aconteceu no Vale\" \/>\n<meta property=\"og:description\" content=\"O Congresso Nacional promulgou na tarde desta quarta-feira (8\/12\/2021) parte da Proposta de Emenda \u00e0 Constitui\u00e7\u00e3o (PEC) 23\/21, conhecida como PEC dos Precat\u00f3rios. A cerim\u00f4nia contou com a presen\u00e7a dos presidentes da C\u00e2mara, Arthur Lira, e do Senado, Rodrigo Pacheco. A agora Emenda Constitucional 113\/21 \u00e9 essencial para viabilizar o pagamento do Aux\u00edlio Brasil, criado [&hellip;]\" \/>\n<meta property=\"og:url\" content=\"https:\/\/aconteceunovale.com.br\/portal\/?p=184567\" \/>\n<meta property=\"og:site_name\" content=\"Aconteceu no Vale\" \/>\n<meta property=\"article:publisher\" content=\"https:\/\/www.facebook.com\/aconteceunovale\/\" \/>\n<meta property=\"article:published_time\" content=\"2021-12-09T02:48:00+00:00\" \/>\n<meta property=\"article:modified_time\" content=\"2021-12-09T02:48:18+00:00\" \/>\n<meta property=\"og:image\" content=\"https:\/\/aconteceunovale.com.br\/portal\/wp-content\/uploads\/2021\/12\/pec_precatorios.jpg\" \/>\n\t<meta property=\"og:image:width\" content=\"678\" \/>\n\t<meta property=\"og:image:height\" content=\"436\" \/>\n\t<meta property=\"og:image:type\" content=\"image\/jpeg\" \/>\n<meta name=\"author\" content=\"Reda\u00e7\u00e3o Aconteceu no Vale\" \/>\n<meta name=\"twitter:card\" content=\"summary_large_image\" \/>\n<meta name=\"twitter:creator\" content=\"@noticiadosvales\" \/>\n<meta name=\"twitter:site\" content=\"@noticiadosvales\" \/>\n<meta name=\"twitter:label1\" content=\"Escrito por\" \/>\n\t<meta name=\"twitter:data1\" content=\"Reda\u00e7\u00e3o Aconteceu no Vale\" \/>\n\t<meta name=\"twitter:label2\" content=\"Est. tempo de leitura\" \/>\n\t<meta name=\"twitter:data2\" content=\"4 minutos\" \/>\n<script type=\"application\/ld+json\" class=\"yoast-schema-graph\">{\"@context\":\"https:\\\/\\\/schema.org\",\"@graph\":[{\"@type\":\"Article\",\"@id\":\"https:\\\/\\\/aconteceunovale.com.br\\\/portal\\\/?p=184567#article\",\"isPartOf\":{\"@id\":\"https:\\\/\\\/aconteceunovale.com.br\\\/portal\\\/?p=184567\"},\"author\":{\"name\":\"Reda\u00e7\u00e3o Aconteceu no Vale\",\"@id\":\"https:\\\/\\\/aconteceunovale.com.br\\\/portal\\\/#\\\/schema\\\/person\\\/7d2f26d1483f8a63de73da1ee0754d35\"},\"headline\":\"Congresso Nacional promulga 1\u00aa parte da PEC dos Precat\u00f3rios\",\"datePublished\":\"2021-12-09T02:48:00+00:00\",\"dateModified\":\"2021-12-09T02:48:18+00:00\",\"mainEntityOfPage\":{\"@id\":\"https:\\\/\\\/aconteceunovale.com.br\\\/portal\\\/?p=184567\"},\"wordCount\":819,\"commentCount\":0,\"image\":{\"@id\":\"https:\\\/\\\/aconteceunovale.com.br\\\/portal\\\/?p=184567#primaryimage\"},\"thumbnailUrl\":\"https:\\\/\\\/aconteceunovale.com.br\\\/portal\\\/wp-content\\\/uploads\\\/2021\\\/12\\\/pec_precatorios.jpg\",\"keywords\":[\"Arthur Lira\",\"Aux\u00edlio Brasil\",\"C\u00e2mara dos Deputados\",\"Congresso Nacional\",\"Pagamento do Aux\u00edlio Brasil\",\"PEC 23\",\"PEC dos Precat\u00f3rios\",\"Precat\u00f3rios\",\"Programa Bolsa Fam\u00edlia\",\"Rodrigo Pacheco\",\"Senado\"],\"articleSection\":[\"Brasil\",\"Pol\u00edtica\"],\"inLanguage\":\"pt-BR\",\"potentialAction\":[{\"@type\":\"CommentAction\",\"name\":\"Comment\",\"target\":[\"https:\\\/\\\/aconteceunovale.com.br\\\/portal\\\/?p=184567#respond\"]}]},{\"@type\":\"WebPage\",\"@id\":\"https:\\\/\\\/aconteceunovale.com.br\\\/portal\\\/?p=184567\",\"url\":\"https:\\\/\\\/aconteceunovale.com.br\\\/portal\\\/?p=184567\",\"name\":\"Congresso Nacional promulga 1\u00aa parte da PEC dos Precat\u00f3rios - Aconteceu no Vale\",\"isPartOf\":{\"@id\":\"https:\\\/\\\/aconteceunovale.com.br\\\/portal\\\/#website\"},\"primaryImageOfPage\":{\"@id\":\"https:\\\/\\\/aconteceunovale.com.br\\\/portal\\\/?p=184567#primaryimage\"},\"image\":{\"@id\":\"https:\\\/\\\/aconteceunovale.com.br\\\/portal\\\/?p=184567#primaryimage\"},\"thumbnailUrl\":\"https:\\\/\\\/aconteceunovale.com.br\\\/portal\\\/wp-content\\\/uploads\\\/2021\\\/12\\\/pec_precatorios.jpg\",\"datePublished\":\"2021-12-09T02:48:00+00:00\",\"dateModified\":\"2021-12-09T02:48:18+00:00\",\"author\":{\"@id\":\"https:\\\/\\\/aconteceunovale.com.br\\\/portal\\\/#\\\/schema\\\/person\\\/7d2f26d1483f8a63de73da1ee0754d35\"},\"breadcrumb\":{\"@id\":\"https:\\\/\\\/aconteceunovale.com.br\\\/portal\\\/?p=184567#breadcrumb\"},\"inLanguage\":\"pt-BR\",\"potentialAction\":[{\"@type\":\"ReadAction\",\"target\":[\"https:\\\/\\\/aconteceunovale.com.br\\\/portal\\\/?p=184567\"]}]},{\"@type\":\"ImageObject\",\"inLanguage\":\"pt-BR\",\"@id\":\"https:\\\/\\\/aconteceunovale.com.br\\\/portal\\\/?p=184567#primaryimage\",\"url\":\"https:\\\/\\\/aconteceunovale.com.br\\\/portal\\\/wp-content\\\/uploads\\\/2021\\\/12\\\/pec_precatorios.jpg\",\"contentUrl\":\"https:\\\/\\\/aconteceunovale.com.br\\\/portal\\\/wp-content\\\/uploads\\\/2021\\\/12\\\/pec_precatorios.jpg\",\"width\":678,\"height\":436},{\"@type\":\"BreadcrumbList\",\"@id\":\"https:\\\/\\\/aconteceunovale.com.br\\\/portal\\\/?p=184567#breadcrumb\",\"itemListElement\":[{\"@type\":\"ListItem\",\"position\":1,\"name\":\"In\u00edcio\",\"item\":\"https:\\\/\\\/aconteceunovale.com.br\\\/portal\\\/\"},{\"@type\":\"ListItem\",\"position\":2,\"name\":\"Congresso Nacional promulga 1\u00aa parte da PEC dos Precat\u00f3rios\"}]},{\"@type\":\"WebSite\",\"@id\":\"https:\\\/\\\/aconteceunovale.com.br\\\/portal\\\/#website\",\"url\":\"https:\\\/\\\/aconteceunovale.com.br\\\/portal\\\/\",\"name\":\"Aconteceu no Vale\",\"description\":\"Portal de Not\u00edcias\",\"potentialAction\":[{\"@type\":\"SearchAction\",\"target\":{\"@type\":\"EntryPoint\",\"urlTemplate\":\"https:\\\/\\\/aconteceunovale.com.br\\\/portal\\\/?s={search_term_string}\"},\"query-input\":{\"@type\":\"PropertyValueSpecification\",\"valueRequired\":true,\"valueName\":\"search_term_string\"}}],\"inLanguage\":\"pt-BR\"},{\"@type\":\"Person\",\"@id\":\"https:\\\/\\\/aconteceunovale.com.br\\\/portal\\\/#\\\/schema\\\/person\\\/7d2f26d1483f8a63de73da1ee0754d35\",\"name\":\"Reda\u00e7\u00e3o Aconteceu no Vale\",\"description\":\"Equipe de reportagem do Aconteceu no Vale, portal de not\u00edcias do Vale do Jequitinhonha, em Minas Gerais. Cobrimos as 51 cidades do Vale desde 2013. Sugest\u00f5es de pauta e pedidos de corre\u00e7\u00e3o: contato@aconteceunovale.com.br\",\"url\":\"https:\\\/\\\/aconteceunovale.com.br\\\/portal\\\/?author=4\"}]}<\/script>\n<!-- \/ Yoast SEO plugin. -->","yoast_head_json":{"title":"Congresso Nacional promulga 1\u00aa parte da PEC dos Precat\u00f3rios - Aconteceu no Vale","robots":{"index":"index","follow":"follow","max-snippet":"max-snippet:-1","max-image-preview":"max-image-preview:large","max-video-preview":"max-video-preview:-1"},"canonical":"https:\/\/aconteceunovale.com.br\/portal\/?p=184567","og_locale":"pt_BR","og_type":"article","og_title":"Congresso Nacional promulga 1\u00aa parte da PEC dos Precat\u00f3rios - Aconteceu no Vale","og_description":"O Congresso Nacional promulgou na tarde desta quarta-feira (8\/12\/2021) parte da Proposta de Emenda \u00e0 Constitui\u00e7\u00e3o (PEC) 23\/21, conhecida como PEC dos Precat\u00f3rios. A cerim\u00f4nia contou com a presen\u00e7a dos presidentes da C\u00e2mara, Arthur Lira, e do Senado, Rodrigo Pacheco. A agora Emenda Constitucional 113\/21 \u00e9 essencial para viabilizar o pagamento do Aux\u00edlio Brasil, criado [&hellip;]","og_url":"https:\/\/aconteceunovale.com.br\/portal\/?p=184567","og_site_name":"Aconteceu no Vale","article_publisher":"https:\/\/www.facebook.com\/aconteceunovale\/","article_published_time":"2021-12-09T02:48:00+00:00","article_modified_time":"2021-12-09T02:48:18+00:00","og_image":[{"width":678,"height":436,"url":"https:\/\/aconteceunovale.com.br\/portal\/wp-content\/uploads\/2021\/12\/pec_precatorios.jpg","type":"image\/jpeg"}],"author":"Reda\u00e7\u00e3o Aconteceu no Vale","twitter_card":"summary_large_image","twitter_creator":"@noticiadosvales","twitter_site":"@noticiadosvales","twitter_misc":{"Escrito por":"Reda\u00e7\u00e3o Aconteceu no Vale","Est. tempo de leitura":"4 minutos"},"schema":{"@context":"https:\/\/schema.org","@graph":[{"@type":"Article","@id":"https:\/\/aconteceunovale.com.br\/portal\/?p=184567#article","isPartOf":{"@id":"https:\/\/aconteceunovale.com.br\/portal\/?p=184567"},"author":{"name":"Reda\u00e7\u00e3o Aconteceu no Vale","@id":"https:\/\/aconteceunovale.com.br\/portal\/#\/schema\/person\/7d2f26d1483f8a63de73da1ee0754d35"},"headline":"Congresso Nacional promulga 1\u00aa parte da PEC dos Precat\u00f3rios","datePublished":"2021-12-09T02:48:00+00:00","dateModified":"2021-12-09T02:48:18+00:00","mainEntityOfPage":{"@id":"https:\/\/aconteceunovale.com.br\/portal\/?p=184567"},"wordCount":819,"commentCount":0,"image":{"@id":"https:\/\/aconteceunovale.com.br\/portal\/?p=184567#primaryimage"},"thumbnailUrl":"https:\/\/aconteceunovale.com.br\/portal\/wp-content\/uploads\/2021\/12\/pec_precatorios.jpg","keywords":["Arthur Lira","Aux\u00edlio Brasil","C\u00e2mara dos Deputados","Congresso Nacional","Pagamento do Aux\u00edlio Brasil","PEC 23","PEC dos Precat\u00f3rios","Precat\u00f3rios","Programa Bolsa Fam\u00edlia","Rodrigo Pacheco","Senado"],"articleSection":["Brasil","Pol\u00edtica"],"inLanguage":"pt-BR","potentialAction":[{"@type":"CommentAction","name":"Comment","target":["https:\/\/aconteceunovale.com.br\/portal\/?p=184567#respond"]}]},{"@type":"WebPage","@id":"https:\/\/aconteceunovale.com.br\/portal\/?p=184567","url":"https:\/\/aconteceunovale.com.br\/portal\/?p=184567","name":"Congresso Nacional promulga 1\u00aa parte da PEC dos Precat\u00f3rios - Aconteceu no Vale","isPartOf":{"@id":"https:\/\/aconteceunovale.com.br\/portal\/#website"},"primaryImageOfPage":{"@id":"https:\/\/aconteceunovale.com.br\/portal\/?p=184567#primaryimage"},"image":{"@id":"https:\/\/aconteceunovale.com.br\/portal\/?p=184567#primaryimage"},"thumbnailUrl":"https:\/\/aconteceunovale.com.br\/portal\/wp-content\/uploads\/2021\/12\/pec_precatorios.jpg","datePublished":"2021-12-09T02:48:00+00:00","dateModified":"2021-12-09T02:48:18+00:00","author":{"@id":"https:\/\/aconteceunovale.com.br\/portal\/#\/schema\/person\/7d2f26d1483f8a63de73da1ee0754d35"},"breadcrumb":{"@id":"https:\/\/aconteceunovale.com.br\/portal\/?p=184567#breadcrumb"},"inLanguage":"pt-BR","potentialAction":[{"@type":"ReadAction","target":["https:\/\/aconteceunovale.com.br\/portal\/?p=184567"]}]},{"@type":"ImageObject","inLanguage":"pt-BR","@id":"https:\/\/aconteceunovale.com.br\/portal\/?p=184567#primaryimage","url":"https:\/\/aconteceunovale.com.br\/portal\/wp-content\/uploads\/2021\/12\/pec_precatorios.jpg","contentUrl":"https:\/\/aconteceunovale.com.br\/portal\/wp-content\/uploads\/2021\/12\/pec_precatorios.jpg","width":678,"height":436},{"@type":"BreadcrumbList","@id":"https:\/\/aconteceunovale.com.br\/portal\/?p=184567#breadcrumb","itemListElement":[{"@type":"ListItem","position":1,"name":"In\u00edcio","item":"https:\/\/aconteceunovale.com.br\/portal\/"},{"@type":"ListItem","position":2,"name":"Congresso Nacional promulga 1\u00aa parte da PEC dos Precat\u00f3rios"}]},{"@type":"WebSite","@id":"https:\/\/aconteceunovale.com.br\/portal\/#website","url":"https:\/\/aconteceunovale.com.br\/portal\/","name":"Aconteceu no Vale","description":"Portal de Not\u00edcias","potentialAction":[{"@type":"SearchAction","target":{"@type":"EntryPoint","urlTemplate":"https:\/\/aconteceunovale.com.br\/portal\/?s={search_term_string}"},"query-input":{"@type":"PropertyValueSpecification","valueRequired":true,"valueName":"search_term_string"}}],"inLanguage":"pt-BR"},{"@type":"Person","@id":"https:\/\/aconteceunovale.com.br\/portal\/#\/schema\/person\/7d2f26d1483f8a63de73da1ee0754d35","name":"Reda\u00e7\u00e3o Aconteceu no Vale","description":"Equipe de reportagem do Aconteceu no Vale, portal de not\u00edcias do Vale do Jequitinhonha, em Minas Gerais. Cobrimos as 51 cidades do Vale desde 2013. Sugest\u00f5es de pauta e pedidos de corre\u00e7\u00e3o: contato@aconteceunovale.com.br","url":"https:\/\/aconteceunovale.com.br\/portal\/?author=4"}]}},"_links":{"self":[{"href":"https:\/\/aconteceunovale.com.br\/portal\/index.php?rest_route=\/wp\/v2\/posts\/184567","targetHints":{"allow":["GET"]}}],"collection":[{"href":"https:\/\/aconteceunovale.com.br\/portal\/index.php?rest_route=\/wp\/v2\/posts"}],"about":[{"href":"https:\/\/aconteceunovale.com.br\/portal\/index.php?rest_route=\/wp\/v2\/types\/post"}],"author":[{"embeddable":true,"href":"https:\/\/aconteceunovale.com.br\/portal\/index.php?rest_route=\/wp\/v2\/users\/4"}],"replies":[{"embeddable":true,"href":"https:\/\/aconteceunovale.com.br\/portal\/index.php?rest_route=%2Fwp%2Fv2%2Fcomments&post=184567"}],"version-history":[{"count":1,"href":"https:\/\/aconteceunovale.com.br\/portal\/index.php?rest_route=\/wp\/v2\/posts\/184567\/revisions"}],"predecessor-version":[{"id":184569,"href":"https:\/\/aconteceunovale.com.br\/portal\/index.php?rest_route=\/wp\/v2\/posts\/184567\/revisions\/184569"}],"wp:featuredmedia":[{"embeddable":true,"href":"https:\/\/aconteceunovale.com.br\/portal\/index.php?rest_route=\/wp\/v2\/media\/184568"}],"wp:attachment":[{"href":"https:\/\/aconteceunovale.com.br\/portal\/index.php?rest_route=%2Fwp%2Fv2%2Fmedia&parent=184567"}],"wp:term":[{"taxonomy":"category","embeddable":true,"href":"https:\/\/aconteceunovale.com.br\/portal\/index.php?rest_route=%2Fwp%2Fv2%2Fcategories&post=184567"},{"taxonomy":"post_tag","embeddable":true,"href":"https:\/\/aconteceunovale.com.br\/portal\/index.php?rest_route=%2Fwp%2Fv2%2Ftags&post=184567"}],"curies":[{"name":"wp","href":"https:\/\/api.w.org\/{rel}","templated":true}]}}