{"id":184565,"date":"2021-12-08T23:40:22","date_gmt":"2021-12-09T02:40:22","guid":{"rendered":"https:\/\/aconteceunovale.com.br\/portal\/?p=184565"},"modified":"2021-12-08T23:41:21","modified_gmt":"2021-12-09T02:41:21","slug":"vacinas-sao-eficazes-contra-a-omicron-revela-organizacao-mundial-da-saude","status":"publish","type":"post","link":"https:\/\/aconteceunovale.com.br\/portal\/?p=184565","title":{"rendered":"Vacinas s\u00e3o eficazes contra a \u00d4micron, revela Organiza\u00e7\u00e3o Mundial da Sa\u00fade"},"content":{"rendered":"\n<p class=\"wp-block-paragraph\">A Organiza\u00e7\u00e3o Mundial da Sa\u00fade (OMS) revelou, nessa\u00a0ter\u00e7a-feira (7\/12\/2021), que as vacinas s\u00e3o eficazes contra a nova variante \u00d4micron do coronav\u00edrus, detectada na \u00c1frica do Sul, ao proteger\u00a0os infectados que desenvolvem\u00a0doen\u00e7a grave.<img decoding=\"async\" src=\"https:\/\/agenciabrasil.ebc.com.br\/ebc.png?id=1430914&amp;o=node\"><img decoding=\"async\" src=\"https:\/\/agenciabrasil.ebc.com.br\/ebc.gif?id=1430914&amp;o=node\"><\/p>\n\n\n\n<p class=\"wp-block-paragraph\">&#8220;N\u00e3o h\u00e1 raz\u00e3o para duvidar&#8221; de que as vacinas atuais protegem os doentes infectados com \u00d4micron contra formas graves de covid-19, afirmou o respons\u00e1vel pela resposta de emerg\u00eancia em sa\u00fade p\u00fablica da OMS, Michael Ryan, em entrevista.&nbsp;<\/p>\n\n\n\n<p class=\"wp-block-paragraph\">&#8220;Temos vacinas muito eficazes que se mostram potentes contra todas as variantes at\u00e9 agora, em termos de gravidade da doen\u00e7a e hospitaliza\u00e7\u00e3o, e n\u00e3o h\u00e1 raz\u00e3o para acreditar que n\u00e3o seja o caso&#8221; com a \u00d4micron, disse Ryan, acrescentando que est\u00e3o no in\u00edcio estudos da variante, detectada apenas em\u00a024 de novembro e que j\u00e1 foi registrada em cerca de 40 pa\u00edses.<\/p>\n\n\n\n<p class=\"wp-block-paragraph\">&#8212;&#8212;&#8212;&#8212;&#8212;&#8212;<br><em>Quer receber as not\u00edcias do <strong>Aconteceu no Vale<\/strong> em primeira m\u00e3o? Siga-nos no Facebook <a rel=\"noreferrer noopener\" href=\"http:\/\/facebook.com\/aconteceunovale\" target=\"_blank\">@aconteceunovale<\/a>, Twitter <a rel=\"noreferrer noopener\" href=\"https:\/\/twitter.com\/noticiadosvales\" target=\"_blank\">@noticiadosvales<\/a> e Instagram <a rel=\"noreferrer noopener\" href=\"https:\/\/www.instagram.com\/aconteceunovale\" target=\"_blank\">@aconteceunovale<\/a>.<\/em><\/p>\n","protected":false},"excerpt":{"rendered":"<p>A Organiza\u00e7\u00e3o Mundial da Sa\u00fade (OMS) revelou, nessa\u00a0ter\u00e7a-feira (7\/12\/2021), que as vacinas s\u00e3o eficazes contra a nova variante \u00d4micron do coronav\u00edrus, detectada na \u00c1frica do Sul, ao proteger\u00a0os infectados que desenvolvem\u00a0doen\u00e7a grave. &#8220;N\u00e3o h\u00e1 raz\u00e3o para duvidar&#8221; de que as vacinas atuais protegem os doentes infectados com \u00d4micron contra formas graves de covid-19, afirmou o [&hellip;]<\/p>\n","protected":false},"author":4,"featured_media":181849,"comment_status":"open","ping_status":"closed","sticky":false,"template":"","format":"standard","meta":{"amp_status":"","footnotes":""},"categories":[28848,40242],"tags":[59106,214884,216498,255538,223934,254969,23476,23479,140166,255537],"class_list":["post-184565","post","type-post","status-publish","format-standard","has-post-thumbnail","hentry","category-mundo","category-saude-2","tag-africa-do-sul","tag-coronavirus","tag-covid-19","tag-imunizante-contra-omicron","tag-michael-ryan","tag-omicron","tag-oms","tag-organizacao-mundial-da-saude","tag-pandemia","tag-vacina-contra-omicron"],"yoast_head":"<!-- This site is optimized with the Yoast SEO plugin v28.3 - https:\/\/yoast.com\/product\/yoast-seo-wordpress\/ -->\n<title>Vacinas s\u00e3o eficazes contra a \u00d4micron, revela Organiza\u00e7\u00e3o Mundial da Sa\u00fade - Aconteceu no Vale<\/title>\n<meta name=\"robots\" content=\"index, follow, max-snippet:-1, max-image-preview:large, max-video-preview:-1\" \/>\n<link rel=\"canonical\" href=\"https:\/\/aconteceunovale.com.br\/portal\/?p=184565\" \/>\n<meta property=\"og:locale\" content=\"pt_BR\" \/>\n<meta property=\"og:type\" content=\"article\" \/>\n<meta property=\"og:title\" content=\"Vacinas s\u00e3o eficazes contra a \u00d4micron, revela Organiza\u00e7\u00e3o Mundial da Sa\u00fade - Aconteceu no Vale\" \/>\n<meta property=\"og:description\" content=\"A Organiza\u00e7\u00e3o Mundial da Sa\u00fade (OMS) revelou, nessa\u00a0ter\u00e7a-feira (7\/12\/2021), que as vacinas s\u00e3o eficazes contra a nova variante \u00d4micron do coronav\u00edrus, detectada na \u00c1frica do Sul, ao proteger\u00a0os infectados que desenvolvem\u00a0doen\u00e7a grave. &#8220;N\u00e3o h\u00e1 raz\u00e3o para duvidar&#8221; de que as vacinas atuais protegem os doentes infectados com \u00d4micron contra formas graves de covid-19, afirmou o [&hellip;]\" \/>\n<meta property=\"og:url\" content=\"https:\/\/aconteceunovale.com.br\/portal\/?p=184565\" \/>\n<meta property=\"og:site_name\" content=\"Aconteceu no Vale\" \/>\n<meta property=\"article:publisher\" content=\"https:\/\/www.facebook.com\/aconteceunovale\/\" \/>\n<meta property=\"article:published_time\" content=\"2021-12-09T02:40:22+00:00\" \/>\n<meta property=\"article:modified_time\" content=\"2021-12-09T02:41:21+00:00\" \/>\n<meta property=\"og:image\" content=\"https:\/\/aconteceunovale.com.br\/portal\/wp-content\/uploads\/2021\/09\/vacina_brasil.jpg\" \/>\n\t<meta property=\"og:image:width\" content=\"678\" \/>\n\t<meta property=\"og:image:height\" content=\"406\" \/>\n\t<meta property=\"og:image:type\" content=\"image\/jpeg\" \/>\n<meta name=\"author\" content=\"Reda\u00e7\u00e3o Aconteceu no Vale\" \/>\n<meta name=\"twitter:card\" content=\"summary_large_image\" \/>\n<meta name=\"twitter:creator\" content=\"@noticiadosvales\" \/>\n<meta name=\"twitter:site\" content=\"@noticiadosvales\" \/>\n<meta name=\"twitter:label1\" content=\"Escrito por\" \/>\n\t<meta name=\"twitter:data1\" content=\"Reda\u00e7\u00e3o Aconteceu no Vale\" \/>\n\t<meta name=\"twitter:label2\" content=\"Est. tempo de leitura\" \/>\n\t<meta name=\"twitter:data2\" content=\"1 minuto\" \/>\n<script type=\"application\/ld+json\" class=\"yoast-schema-graph\">{\"@context\":\"https:\\\/\\\/schema.org\",\"@graph\":[{\"@type\":\"Article\",\"@id\":\"https:\\\/\\\/aconteceunovale.com.br\\\/portal\\\/?p=184565#article\",\"isPartOf\":{\"@id\":\"https:\\\/\\\/aconteceunovale.com.br\\\/portal\\\/?p=184565\"},\"author\":{\"name\":\"Reda\u00e7\u00e3o Aconteceu no Vale\",\"@id\":\"https:\\\/\\\/aconteceunovale.com.br\\\/portal\\\/#\\\/schema\\\/person\\\/7d2f26d1483f8a63de73da1ee0754d35\"},\"headline\":\"Vacinas s\u00e3o eficazes contra a \u00d4micron, revela Organiza\u00e7\u00e3o Mundial da Sa\u00fade\",\"datePublished\":\"2021-12-09T02:40:22+00:00\",\"dateModified\":\"2021-12-09T02:41:21+00:00\",\"mainEntityOfPage\":{\"@id\":\"https:\\\/\\\/aconteceunovale.com.br\\\/portal\\\/?p=184565\"},\"wordCount\":189,\"commentCount\":0,\"image\":{\"@id\":\"https:\\\/\\\/aconteceunovale.com.br\\\/portal\\\/?p=184565#primaryimage\"},\"thumbnailUrl\":\"https:\\\/\\\/aconteceunovale.com.br\\\/portal\\\/wp-content\\\/uploads\\\/2021\\\/09\\\/vacina_brasil.jpg\",\"keywords\":[\"\u00c1frica do Sul\",\"Coronav\u00edrus\",\"COVID-19\",\"Imunizante contra \u00d4micron\",\"Michael Ryan\",\"Omicron\",\"OMS\",\"Organiza\u00e7\u00e3o Mundial da Sa\u00fade\",\"pandemia\",\"Vacina contra \u00d4micron\"],\"articleSection\":[\"Mundo\",\"Sa\u00fade\"],\"inLanguage\":\"pt-BR\",\"potentialAction\":[{\"@type\":\"CommentAction\",\"name\":\"Comment\",\"target\":[\"https:\\\/\\\/aconteceunovale.com.br\\\/portal\\\/?p=184565#respond\"]}]},{\"@type\":\"WebPage\",\"@id\":\"https:\\\/\\\/aconteceunovale.com.br\\\/portal\\\/?p=184565\",\"url\":\"https:\\\/\\\/aconteceunovale.com.br\\\/portal\\\/?p=184565\",\"name\":\"Vacinas s\u00e3o eficazes contra a \u00d4micron, revela Organiza\u00e7\u00e3o Mundial da Sa\u00fade - Aconteceu no Vale\",\"isPartOf\":{\"@id\":\"https:\\\/\\\/aconteceunovale.com.br\\\/portal\\\/#website\"},\"primaryImageOfPage\":{\"@id\":\"https:\\\/\\\/aconteceunovale.com.br\\\/portal\\\/?p=184565#primaryimage\"},\"image\":{\"@id\":\"https:\\\/\\\/aconteceunovale.com.br\\\/portal\\\/?p=184565#primaryimage\"},\"thumbnailUrl\":\"https:\\\/\\\/aconteceunovale.com.br\\\/portal\\\/wp-content\\\/uploads\\\/2021\\\/09\\\/vacina_brasil.jpg\",\"datePublished\":\"2021-12-09T02:40:22+00:00\",\"dateModified\":\"2021-12-09T02:41:21+00:00\",\"author\":{\"@id\":\"https:\\\/\\\/aconteceunovale.com.br\\\/portal\\\/#\\\/schema\\\/person\\\/7d2f26d1483f8a63de73da1ee0754d35\"},\"breadcrumb\":{\"@id\":\"https:\\\/\\\/aconteceunovale.com.br\\\/portal\\\/?p=184565#breadcrumb\"},\"inLanguage\":\"pt-BR\",\"potentialAction\":[{\"@type\":\"ReadAction\",\"target\":[\"https:\\\/\\\/aconteceunovale.com.br\\\/portal\\\/?p=184565\"]}]},{\"@type\":\"ImageObject\",\"inLanguage\":\"pt-BR\",\"@id\":\"https:\\\/\\\/aconteceunovale.com.br\\\/portal\\\/?p=184565#primaryimage\",\"url\":\"https:\\\/\\\/aconteceunovale.com.br\\\/portal\\\/wp-content\\\/uploads\\\/2021\\\/09\\\/vacina_brasil.jpg\",\"contentUrl\":\"https:\\\/\\\/aconteceunovale.com.br\\\/portal\\\/wp-content\\\/uploads\\\/2021\\\/09\\\/vacina_brasil.jpg\",\"width\":678,\"height\":406,\"caption\":\"O Distrito Federal come\u00e7a neste s\u00e1bado (19) a vacinar pessoas com 49 anos, em Cinco pontos de vacina\u00e7\u00e3o, que atender\u00e3o esse grupo durante o fim de semana\"},{\"@type\":\"BreadcrumbList\",\"@id\":\"https:\\\/\\\/aconteceunovale.com.br\\\/portal\\\/?p=184565#breadcrumb\",\"itemListElement\":[{\"@type\":\"ListItem\",\"position\":1,\"name\":\"In\u00edcio\",\"item\":\"https:\\\/\\\/aconteceunovale.com.br\\\/portal\\\/\"},{\"@type\":\"ListItem\",\"position\":2,\"name\":\"Vacinas s\u00e3o eficazes contra a \u00d4micron, revela Organiza\u00e7\u00e3o Mundial da Sa\u00fade\"}]},{\"@type\":\"WebSite\",\"@id\":\"https:\\\/\\\/aconteceunovale.com.br\\\/portal\\\/#website\",\"url\":\"https:\\\/\\\/aconteceunovale.com.br\\\/portal\\\/\",\"name\":\"Aconteceu no Vale\",\"description\":\"Portal de Not\u00edcias\",\"potentialAction\":[{\"@type\":\"SearchAction\",\"target\":{\"@type\":\"EntryPoint\",\"urlTemplate\":\"https:\\\/\\\/aconteceunovale.com.br\\\/portal\\\/?s={search_term_string}\"},\"query-input\":{\"@type\":\"PropertyValueSpecification\",\"valueRequired\":true,\"valueName\":\"search_term_string\"}}],\"inLanguage\":\"pt-BR\"},{\"@type\":\"Person\",\"@id\":\"https:\\\/\\\/aconteceunovale.com.br\\\/portal\\\/#\\\/schema\\\/person\\\/7d2f26d1483f8a63de73da1ee0754d35\",\"name\":\"Reda\u00e7\u00e3o Aconteceu no Vale\",\"description\":\"Equipe de reportagem do Aconteceu no Vale, portal de not\u00edcias do Vale do Jequitinhonha, em Minas Gerais. Cobrimos as 51 cidades do Vale desde 2013. Sugest\u00f5es de pauta e pedidos de corre\u00e7\u00e3o: contato@aconteceunovale.com.br\",\"url\":\"https:\\\/\\\/aconteceunovale.com.br\\\/portal\\\/?author=4\"}]}<\/script>\n<!-- \/ Yoast SEO plugin. -->","yoast_head_json":{"title":"Vacinas s\u00e3o eficazes contra a \u00d4micron, revela Organiza\u00e7\u00e3o Mundial da Sa\u00fade - Aconteceu no Vale","robots":{"index":"index","follow":"follow","max-snippet":"max-snippet:-1","max-image-preview":"max-image-preview:large","max-video-preview":"max-video-preview:-1"},"canonical":"https:\/\/aconteceunovale.com.br\/portal\/?p=184565","og_locale":"pt_BR","og_type":"article","og_title":"Vacinas s\u00e3o eficazes contra a \u00d4micron, revela Organiza\u00e7\u00e3o Mundial da Sa\u00fade - Aconteceu no Vale","og_description":"A Organiza\u00e7\u00e3o Mundial da Sa\u00fade (OMS) revelou, nessa\u00a0ter\u00e7a-feira (7\/12\/2021), que as vacinas s\u00e3o eficazes contra a nova variante \u00d4micron do coronav\u00edrus, detectada na \u00c1frica do Sul, ao proteger\u00a0os infectados que desenvolvem\u00a0doen\u00e7a grave. &#8220;N\u00e3o h\u00e1 raz\u00e3o para duvidar&#8221; de que as vacinas atuais protegem os doentes infectados com \u00d4micron contra formas graves de covid-19, afirmou o [&hellip;]","og_url":"https:\/\/aconteceunovale.com.br\/portal\/?p=184565","og_site_name":"Aconteceu no Vale","article_publisher":"https:\/\/www.facebook.com\/aconteceunovale\/","article_published_time":"2021-12-09T02:40:22+00:00","article_modified_time":"2021-12-09T02:41:21+00:00","og_image":[{"width":678,"height":406,"url":"https:\/\/aconteceunovale.com.br\/portal\/wp-content\/uploads\/2021\/09\/vacina_brasil.jpg","type":"image\/jpeg"}],"author":"Reda\u00e7\u00e3o Aconteceu no Vale","twitter_card":"summary_large_image","twitter_creator":"@noticiadosvales","twitter_site":"@noticiadosvales","twitter_misc":{"Escrito por":"Reda\u00e7\u00e3o Aconteceu no Vale","Est. tempo de leitura":"1 minuto"},"schema":{"@context":"https:\/\/schema.org","@graph":[{"@type":"Article","@id":"https:\/\/aconteceunovale.com.br\/portal\/?p=184565#article","isPartOf":{"@id":"https:\/\/aconteceunovale.com.br\/portal\/?p=184565"},"author":{"name":"Reda\u00e7\u00e3o Aconteceu no Vale","@id":"https:\/\/aconteceunovale.com.br\/portal\/#\/schema\/person\/7d2f26d1483f8a63de73da1ee0754d35"},"headline":"Vacinas s\u00e3o eficazes contra a \u00d4micron, revela Organiza\u00e7\u00e3o Mundial da Sa\u00fade","datePublished":"2021-12-09T02:40:22+00:00","dateModified":"2021-12-09T02:41:21+00:00","mainEntityOfPage":{"@id":"https:\/\/aconteceunovale.com.br\/portal\/?p=184565"},"wordCount":189,"commentCount":0,"image":{"@id":"https:\/\/aconteceunovale.com.br\/portal\/?p=184565#primaryimage"},"thumbnailUrl":"https:\/\/aconteceunovale.com.br\/portal\/wp-content\/uploads\/2021\/09\/vacina_brasil.jpg","keywords":["\u00c1frica do Sul","Coronav\u00edrus","COVID-19","Imunizante contra \u00d4micron","Michael Ryan","Omicron","OMS","Organiza\u00e7\u00e3o Mundial da Sa\u00fade","pandemia","Vacina contra \u00d4micron"],"articleSection":["Mundo","Sa\u00fade"],"inLanguage":"pt-BR","potentialAction":[{"@type":"CommentAction","name":"Comment","target":["https:\/\/aconteceunovale.com.br\/portal\/?p=184565#respond"]}]},{"@type":"WebPage","@id":"https:\/\/aconteceunovale.com.br\/portal\/?p=184565","url":"https:\/\/aconteceunovale.com.br\/portal\/?p=184565","name":"Vacinas s\u00e3o eficazes contra a \u00d4micron, revela Organiza\u00e7\u00e3o Mundial da Sa\u00fade - Aconteceu no Vale","isPartOf":{"@id":"https:\/\/aconteceunovale.com.br\/portal\/#website"},"primaryImageOfPage":{"@id":"https:\/\/aconteceunovale.com.br\/portal\/?p=184565#primaryimage"},"image":{"@id":"https:\/\/aconteceunovale.com.br\/portal\/?p=184565#primaryimage"},"thumbnailUrl":"https:\/\/aconteceunovale.com.br\/portal\/wp-content\/uploads\/2021\/09\/vacina_brasil.jpg","datePublished":"2021-12-09T02:40:22+00:00","dateModified":"2021-12-09T02:41:21+00:00","author":{"@id":"https:\/\/aconteceunovale.com.br\/portal\/#\/schema\/person\/7d2f26d1483f8a63de73da1ee0754d35"},"breadcrumb":{"@id":"https:\/\/aconteceunovale.com.br\/portal\/?p=184565#breadcrumb"},"inLanguage":"pt-BR","potentialAction":[{"@type":"ReadAction","target":["https:\/\/aconteceunovale.com.br\/portal\/?p=184565"]}]},{"@type":"ImageObject","inLanguage":"pt-BR","@id":"https:\/\/aconteceunovale.com.br\/portal\/?p=184565#primaryimage","url":"https:\/\/aconteceunovale.com.br\/portal\/wp-content\/uploads\/2021\/09\/vacina_brasil.jpg","contentUrl":"https:\/\/aconteceunovale.com.br\/portal\/wp-content\/uploads\/2021\/09\/vacina_brasil.jpg","width":678,"height":406,"caption":"O Distrito Federal come\u00e7a neste s\u00e1bado (19) a vacinar pessoas com 49 anos, em Cinco pontos de vacina\u00e7\u00e3o, que atender\u00e3o esse grupo durante o fim de semana"},{"@type":"BreadcrumbList","@id":"https:\/\/aconteceunovale.com.br\/portal\/?p=184565#breadcrumb","itemListElement":[{"@type":"ListItem","position":1,"name":"In\u00edcio","item":"https:\/\/aconteceunovale.com.br\/portal\/"},{"@type":"ListItem","position":2,"name":"Vacinas s\u00e3o eficazes contra a \u00d4micron, revela Organiza\u00e7\u00e3o Mundial da Sa\u00fade"}]},{"@type":"WebSite","@id":"https:\/\/aconteceunovale.com.br\/portal\/#website","url":"https:\/\/aconteceunovale.com.br\/portal\/","name":"Aconteceu no Vale","description":"Portal de Not\u00edcias","potentialAction":[{"@type":"SearchAction","target":{"@type":"EntryPoint","urlTemplate":"https:\/\/aconteceunovale.com.br\/portal\/?s={search_term_string}"},"query-input":{"@type":"PropertyValueSpecification","valueRequired":true,"valueName":"search_term_string"}}],"inLanguage":"pt-BR"},{"@type":"Person","@id":"https:\/\/aconteceunovale.com.br\/portal\/#\/schema\/person\/7d2f26d1483f8a63de73da1ee0754d35","name":"Reda\u00e7\u00e3o Aconteceu no Vale","description":"Equipe de reportagem do Aconteceu no Vale, portal de not\u00edcias do Vale do Jequitinhonha, em Minas Gerais. Cobrimos as 51 cidades do Vale desde 2013. Sugest\u00f5es de pauta e pedidos de corre\u00e7\u00e3o: contato@aconteceunovale.com.br","url":"https:\/\/aconteceunovale.com.br\/portal\/?author=4"}]}},"_links":{"self":[{"href":"https:\/\/aconteceunovale.com.br\/portal\/index.php?rest_route=\/wp\/v2\/posts\/184565","targetHints":{"allow":["GET"]}}],"collection":[{"href":"https:\/\/aconteceunovale.com.br\/portal\/index.php?rest_route=\/wp\/v2\/posts"}],"about":[{"href":"https:\/\/aconteceunovale.com.br\/portal\/index.php?rest_route=\/wp\/v2\/types\/post"}],"author":[{"embeddable":true,"href":"https:\/\/aconteceunovale.com.br\/portal\/index.php?rest_route=\/wp\/v2\/users\/4"}],"replies":[{"embeddable":true,"href":"https:\/\/aconteceunovale.com.br\/portal\/index.php?rest_route=%2Fwp%2Fv2%2Fcomments&post=184565"}],"version-history":[{"count":1,"href":"https:\/\/aconteceunovale.com.br\/portal\/index.php?rest_route=\/wp\/v2\/posts\/184565\/revisions"}],"predecessor-version":[{"id":184566,"href":"https:\/\/aconteceunovale.com.br\/portal\/index.php?rest_route=\/wp\/v2\/posts\/184565\/revisions\/184566"}],"wp:featuredmedia":[{"embeddable":true,"href":"https:\/\/aconteceunovale.com.br\/portal\/index.php?rest_route=\/wp\/v2\/media\/181849"}],"wp:attachment":[{"href":"https:\/\/aconteceunovale.com.br\/portal\/index.php?rest_route=%2Fwp%2Fv2%2Fmedia&parent=184565"}],"wp:term":[{"taxonomy":"category","embeddable":true,"href":"https:\/\/aconteceunovale.com.br\/portal\/index.php?rest_route=%2Fwp%2Fv2%2Fcategories&post=184565"},{"taxonomy":"post_tag","embeddable":true,"href":"https:\/\/aconteceunovale.com.br\/portal\/index.php?rest_route=%2Fwp%2Fv2%2Ftags&post=184565"}],"curies":[{"name":"wp","href":"https:\/\/api.w.org\/{rel}","templated":true}]}}