{"id":18447,"date":"2014-01-14T09:36:28","date_gmt":"2014-01-14T11:36:28","guid":{"rendered":"http:\/\/aconteceunovale.com.br\/portal\/?p=18447"},"modified":"2014-01-14T09:36:28","modified_gmt":"2014-01-14T11:36:28","slug":"botar-fogo-em-onibus-virou-icone-de-bandido-afirma-prefeito-de-lassance","status":"publish","type":"post","link":"https:\/\/aconteceunovale.com.br\/portal\/?p=18447","title":{"rendered":"&#8220;Botar fogo em \u00f4nibus virou \u00edcone de bandido&#8221;, afirma prefeito de Lassance"},"content":{"rendered":"<p>Os cinco ve\u00edculos &#8211; quatro micro-\u00f4nibus e uma van &#8211; usados no transporte escolar de Lassance, no Norte de Minas, foram incendiados em uma a\u00e7\u00e3o criminosa no fim de semana, deixando 280 crian\u00e7as da zona rural do munic\u00edpio de 7 mil habitantes sem ve\u00edculos para transporte escolar. Essas crian\u00e7as poder\u00e3o ter o inicio letivo atrasado por conta da falta de transporte. A prefeitura j\u00e1 adiantou que n\u00e3o tem dinheiro para adquirir outros ve\u00edculos para essa finalidade. Ontem, cinco pessoas foram presas por envolvimento na queima dos carros, entre eles Ralf Daniel dos Santos, de 35 anos, que teria confessado ser o mandante do crime, que deixou assustada a cidade de 3,7 mil habitantes, a 300 quil\u00f4metros de Belo Horizonte.<\/p>\n<p><img decoding=\"async\" src=\"http:\/\/aconteceunovale.com.br\/portal\/wp-content\/uploads\/2014\/01\/onibus_escolar_queimado_lascance.jpg\" alt=\"\" \/><br \/>\n<em><strong>\u00d4nibus escolares foram queimados em Lassence, Norte de Minas Gerais. (Foto: Dard\u00e2nia Kelen Barbosa Souza)<\/strong><\/em><\/p>\n<p>Segundo o prefeito de Lassance, Idson Fernandes Brito (PCdoB), o suspeito Ralf Daniel, que tem passagens por envolvimento do tr\u00e1fico de drogas, foi influenciado pela divulga\u00e7\u00e3o na m\u00eddia sobre atentados a \u00f4nibus comandados por bandidos em grandes cidades brasileiras, como ocorreu recentemente em S\u00e3o Luis (MA) e Campinas (SP). &#8220;Botar fogo em \u00f4nibus virou \u00edcone de bandido que quer se firmar como fora da lei diante de companheiros de&#8221;, afirmou Brito, lembrando que est\u00e1 provado que o alvo era somente os \u00f4nibus, porque os ve\u00edculos incendiados estavam na garagem da prefeitura onde tamb\u00e9m havia m\u00e1quinas, como um patrol, que foram mantida intactas. O prefeito disse que policia descartou qualquer motiva\u00e7\u00e3o pol\u00edtica ou revide de algu\u00e9m que foi demitido da prefeitura, hip\u00f3teses que chegaram a serem levantadas.<\/p>\n<p>De acordo com as investiga\u00e7\u00f5es da pol\u00edcia, Ralf Daniel teria pago R$ 400 a um menor e a outras tr\u00eas pessoas para executarem a a\u00e7\u00e3o. Todos os envolvidos foram detidos numa opera\u00e7\u00e3o conjunta das policias Militar e Civil. Por\u00e9m, somente o nome do suposto mandante foi divulgado. Os ve\u00edculos foram incendiados por volta de uma hora de domingo. Um vigia da prefeitura tentou apagar as chamas, mas n\u00e3o conseguiu. Em Lassance n\u00e3o h\u00e1 brigada do Corpo de Bombeiros, e a unidade da corpora\u00e7\u00e3o mais pr\u00f3xima fica em Pirapora, a 50 quil\u00f4metros de dist\u00e2ncia.<\/p>\n<p>A queima dos ve\u00edculos escolares causou revolta e tristeza na cidade. Muitas pessoas choraram ao ver os \u00f4nibus queimados, pois a maioria dos moradores tem filhos ou parentes que usam esse transporte. Segundo a prefeitura, o preju\u00edzo chega a R$ 600 mil. O prefeito Idson Fernandes Brito vai pedir socorro ao governo do estado para comprar novos carros para o transporte escolar. O ano letivo come\u00e7a dia 3 de fevereiro.<\/p>\n<p><em>(Fonte: Jornal Estado de Minas)<\/em><\/p>\n","protected":false},"excerpt":{"rendered":"<p>Os cinco ve\u00edculos &#8211; quatro micro-\u00f4nibus e uma van &#8211; usados no transporte escolar de Lassance, no Norte de Minas, foram incendiados em uma a\u00e7\u00e3o criminosa no fim de semana, deixando 280 crian\u00e7as da zona rural do munic\u00edpio de 7 mil habitantes sem ve\u00edculos para transporte escolar. Essas crian\u00e7as poder\u00e3o ter o inicio letivo atrasado [&hellip;]<\/p>\n","protected":false},"author":1,"featured_media":0,"comment_status":"open","ping_status":"closed","sticky":false,"template":"","format":"standard","meta":{"amp_status":"","footnotes":""},"categories":[1236],"tags":[2942,2943,2941,2872],"class_list":["post-18447","post","type-post","status-publish","format-standard","hentry","category-norte_de_minas","tag-botar-fogo-em-onibus-virou-icone-de-bandido","tag-criminosos-colocam-fogo-em-onibus-do-transporte-escolar-de-lassance","tag-lassance","tag-rauf-daniel-dos-santos"],"_links":{"self":[{"href":"https:\/\/aconteceunovale.com.br\/portal\/index.php?rest_route=\/wp\/v2\/posts\/18447","targetHints":{"allow":["GET"]}}],"collection":[{"href":"https:\/\/aconteceunovale.com.br\/portal\/index.php?rest_route=\/wp\/v2\/posts"}],"about":[{"href":"https:\/\/aconteceunovale.com.br\/portal\/index.php?rest_route=\/wp\/v2\/types\/post"}],"author":[{"embeddable":true,"href":"https:\/\/aconteceunovale.com.br\/portal\/index.php?rest_route=\/wp\/v2\/users\/1"}],"replies":[{"embeddable":true,"href":"https:\/\/aconteceunovale.com.br\/portal\/index.php?rest_route=%2Fwp%2Fv2%2Fcomments&post=18447"}],"version-history":[{"count":0,"href":"https:\/\/aconteceunovale.com.br\/portal\/index.php?rest_route=\/wp\/v2\/posts\/18447\/revisions"}],"wp:attachment":[{"href":"https:\/\/aconteceunovale.com.br\/portal\/index.php?rest_route=%2Fwp%2Fv2%2Fmedia&parent=18447"}],"wp:term":[{"taxonomy":"category","embeddable":true,"href":"https:\/\/aconteceunovale.com.br\/portal\/index.php?rest_route=%2Fwp%2Fv2%2Fcategories&post=18447"},{"taxonomy":"post_tag","embeddable":true,"href":"https:\/\/aconteceunovale.com.br\/portal\/index.php?rest_route=%2Fwp%2Fv2%2Ftags&post=18447"}],"curies":[{"name":"wp","href":"https:\/\/api.w.org\/{rel}","templated":true}]}}