{"id":184454,"date":"2021-12-05T22:54:45","date_gmt":"2021-12-06T01:54:45","guid":{"rendered":"https:\/\/aconteceunovale.com.br\/portal\/?p=184454"},"modified":"2021-12-05T22:55:42","modified_gmt":"2021-12-06T01:55:42","slug":"caminhao-pega-fogo-na-br-251-no-norte-de-minas","status":"publish","type":"post","link":"https:\/\/aconteceunovale.com.br\/portal\/?p=184454","title":{"rendered":"Caminh\u00e3o pega fogo na BR-251, no Norte de Minas"},"content":{"rendered":"\n<p>Um caminh\u00e3o tombou e pegou fogo \u00e0s margens da BR-251, pr\u00f3ximo a Salinas (MG), na madrugada deste domingo (5\/12\/2021). O ve\u00edculo, que transportava uma carga de tubula\u00e7\u00e3o de ferro, seguia para Vit\u00f3ria da Conquista (BA).<\/p>\n\n\n\n<figure class=\"wp-block-gallery columns-1 is-cropped wp-block-gallery-1 is-layout-flex wp-block-gallery-is-layout-flex\"><ul class=\"blocks-gallery-grid\"><li class=\"blocks-gallery-item\"><figure><img loading=\"lazy\" decoding=\"async\" width=\"678\" height=\"416\" src=\"https:\/\/aconteceunovale.com.br\/portal\/wp-content\/uploads\/2021\/12\/incendio_salinas_1.jpg\" alt=\"\" data-id=\"184455\" data-full-url=\"https:\/\/aconteceunovale.com.br\/portal\/wp-content\/uploads\/2021\/12\/incendio_salinas_1.jpg\" data-link=\"https:\/\/aconteceunovale.com.br\/portal\/?attachment_id=184455\" class=\"wp-image-184455\" srcset=\"https:\/\/aconteceunovale.com.br\/portal\/wp-content\/uploads\/2021\/12\/incendio_salinas_1.jpg 678w, https:\/\/aconteceunovale.com.br\/portal\/wp-content\/uploads\/2021\/12\/incendio_salinas_1-300x184.jpg 300w\" sizes=\"auto, (max-width: 678px) 100vw, 678px\" \/><figcaption class=\"blocks-gallery-item__caption\"><em>Foto: Divulga\u00e7\u00e3o \/ Corpo de Bombeiros<\/em><\/figcaption><\/figure><\/li><\/ul><\/figure>\n\n\n\n<p>O motorista do caminh\u00e3o, de 26 anos, ficou levemente ferido. Ele contou que foi para o acostamento para tentar desviar de uma carreta que trafegava na contram\u00e3o durante uma ultrapassagem.<\/p>\n\n\n\n<p>Ao realizar a manobra, para evitar uma colis\u00e3o frontal, o caminhoneiro perdeu o controle da dire\u00e7\u00e3o e caiu em uma ribanceira marginal. O homem foi socorrido consciente e encaminhado para o hospital de Salinas.<\/p>\n\n\n\n<p>Equipes do Corpo de Bombeiros e da Defesa Civil trabalharam no local. Cerca de tr\u00eas mil litros de \u00e1gua foram utilizados para apagar o fogo.<\/p>\n\n\n\n<figure class=\"wp-block-gallery columns-1 is-cropped wp-block-gallery-2 is-layout-flex wp-block-gallery-is-layout-flex\"><ul class=\"blocks-gallery-grid\"><li class=\"blocks-gallery-item\"><figure><img loading=\"lazy\" decoding=\"async\" width=\"678\" height=\"437\" src=\"https:\/\/aconteceunovale.com.br\/portal\/wp-content\/uploads\/2021\/12\/incendio_salinas_2.jpg\" alt=\"\" data-id=\"184456\" data-full-url=\"https:\/\/aconteceunovale.com.br\/portal\/wp-content\/uploads\/2021\/12\/incendio_salinas_2.jpg\" data-link=\"https:\/\/aconteceunovale.com.br\/portal\/?attachment_id=184456\" class=\"wp-image-184456\" srcset=\"https:\/\/aconteceunovale.com.br\/portal\/wp-content\/uploads\/2021\/12\/incendio_salinas_2.jpg 678w, https:\/\/aconteceunovale.com.br\/portal\/wp-content\/uploads\/2021\/12\/incendio_salinas_2-300x193.jpg 300w, https:\/\/aconteceunovale.com.br\/portal\/wp-content\/uploads\/2021\/12\/incendio_salinas_2-652x420.jpg 652w\" sizes=\"auto, (max-width: 678px) 100vw, 678px\" \/><figcaption class=\"blocks-gallery-item__caption\"> <em>Foto: Divulga\u00e7\u00e3o \/ Corpo de Bombeiros<\/em> <\/figcaption><\/figure><\/li><\/ul><\/figure>\n\n\n\n<p>&#8212;&#8212;&#8212;&#8212;&#8212;&#8212;<br><em>Quer receber as not\u00edcias do <strong>Aconteceu no Vale<\/strong> em primeira m\u00e3o? Siga-nos no Facebook <a rel=\"noreferrer noopener\" href=\"http:\/\/facebook.com\/aconteceunovale\" target=\"_blank\">@aconteceunovale<\/a>, Twitter <a rel=\"noreferrer noopener\" href=\"https:\/\/twitter.com\/noticiadosvales\" target=\"_blank\">@noticiadosvales<\/a> e Instagram <a rel=\"noreferrer noopener\" href=\"https:\/\/www.instagram.com\/aconteceunovale\" target=\"_blank\">@aconteceunovale<\/a>.<\/em><\/p>\n","protected":false},"excerpt":{"rendered":"<p>Um caminh\u00e3o tombou e pegou fogo \u00e0s margens da BR-251, pr\u00f3ximo a Salinas (MG), na madrugada deste domingo (5\/12\/2021). O ve\u00edculo, que transportava uma carga de tubula\u00e7\u00e3o de ferro, seguia para Vit\u00f3ria da Conquista (BA). O motorista do caminh\u00e3o, de 26 anos, ficou levemente ferido. Ele contou que foi para o acostamento para tentar desviar [&hellip;]<\/p>\n","protected":false},"author":4,"featured_media":184456,"comment_status":"open","ping_status":"closed","sticky":false,"template":"","format":"standard","meta":{"amp_status":"","footnotes":""},"categories":[1236],"tags":[206349,138600,255367,255368,1018,204867,137999,211536,190,2842],"class_list":["post-184454","post","type-post","status-publish","format-standard","has-post-thumbnail","hentry","category-norte_de_minas","tag-br-251-2","tag-caminhao-pega-fogo-na-br-251","tag-caminhao-pega-fogo-na-br-251-em-salinas","tag-caminhao-pega-fogo-na-br-251-no-norte-de-minas","tag-destaque","tag-incendio-em-salinas","tag-incendio-na-br-251","tag-incendio-na-br-251-em-salinas","tag-salinas","tag-vitoria-da-conquista"],"_links":{"self":[{"href":"https:\/\/aconteceunovale.com.br\/portal\/index.php?rest_route=\/wp\/v2\/posts\/184454","targetHints":{"allow":["GET"]}}],"collection":[{"href":"https:\/\/aconteceunovale.com.br\/portal\/index.php?rest_route=\/wp\/v2\/posts"}],"about":[{"href":"https:\/\/aconteceunovale.com.br\/portal\/index.php?rest_route=\/wp\/v2\/types\/post"}],"author":[{"embeddable":true,"href":"https:\/\/aconteceunovale.com.br\/portal\/index.php?rest_route=\/wp\/v2\/users\/4"}],"replies":[{"embeddable":true,"href":"https:\/\/aconteceunovale.com.br\/portal\/index.php?rest_route=%2Fwp%2Fv2%2Fcomments&post=184454"}],"version-history":[{"count":1,"href":"https:\/\/aconteceunovale.com.br\/portal\/index.php?rest_route=\/wp\/v2\/posts\/184454\/revisions"}],"predecessor-version":[{"id":184457,"href":"https:\/\/aconteceunovale.com.br\/portal\/index.php?rest_route=\/wp\/v2\/posts\/184454\/revisions\/184457"}],"wp:featuredmedia":[{"embeddable":true,"href":"https:\/\/aconteceunovale.com.br\/portal\/index.php?rest_route=\/wp\/v2\/media\/184456"}],"wp:attachment":[{"href":"https:\/\/aconteceunovale.com.br\/portal\/index.php?rest_route=%2Fwp%2Fv2%2Fmedia&parent=184454"}],"wp:term":[{"taxonomy":"category","embeddable":true,"href":"https:\/\/aconteceunovale.com.br\/portal\/index.php?rest_route=%2Fwp%2Fv2%2Fcategories&post=184454"},{"taxonomy":"post_tag","embeddable":true,"href":"https:\/\/aconteceunovale.com.br\/portal\/index.php?rest_route=%2Fwp%2Fv2%2Ftags&post=184454"}],"curies":[{"name":"wp","href":"https:\/\/api.w.org\/{rel}","templated":true}]}}