{"id":18445,"date":"2014-01-14T09:24:34","date_gmt":"2014-01-14T11:24:34","guid":{"rendered":"http:\/\/aconteceunovale.com.br\/portal\/?p=18445"},"modified":"2014-01-14T09:24:34","modified_gmt":"2014-01-14T11:24:34","slug":"ufvjm-anula-provas-do-concurso-publico-para-cargos-de-carreira-tecnico-e-administrativo-aplicadas-no-campus-jk","status":"publish","type":"post","link":"https:\/\/aconteceunovale.com.br\/portal\/?p=18445","title":{"rendered":"UFVJM anula provas do concurso p\u00fablico para cargos de carreira t\u00e9cnico e administrativo aplicadas no Campus JK"},"content":{"rendered":"<p><em><strong>Por Vicente Alves, Portal Aconteceu no Vale<\/strong><\/em><\/p>\n<p>Foi publicado no Di\u00e1rio Oficial da Uni\u00e3o desta ter\u00e7a-feira (14\/01), a anula\u00e7\u00e3o de provas dos cargos de carreira t\u00e9cnico e administrativo da Universidade Federal dos Vales do Jequitinhonha e Mucuri, relativas ao edital 263\/2013, aplicadas no dia 22\/12\/2013, exclusivamente no Campus JK da UFVJM, em Diamantina\/MG.<\/p>\n<p>A publica\u00e7\u00e3o relata os v\u00e1rios acontecimentos que levaram a decis\u00e3o, como:<\/p>\n<p>&#8211; Um temporal que caiu durante a madrugada anterior e no per\u00edodo de realiza\u00e7\u00e3o das provas, provocando alagamentos em algumas instala\u00e7\u00f5es da Universidade;<\/p>\n<p>&#8211; Dificuldade de acesso a \u00e1rea urbana de Diamantina at\u00e9 a entrada do Campus JK, provocando engarrafamento que chegou a somar mais de 5 quil\u00f4metros das 7h30 at\u00e9 \u00e0s 8h35;<\/p>\n<p>&#8211; Acidente rodovi\u00e1rio ocorrido minutos antes do in\u00edcio das provas, que interrompeu o tr\u00e1fego na MGT-367, principal rodovia de acesso ao Campus JK, impossibilitando a chegada em tempo, para realiza\u00e7\u00e3o das provas, de diversos candidatos;<\/p>\n<p>&#8211; Tumulto gerado por candidatos que chegaram ao local atrasados, devido os casos citados anteriormente.<\/p>\n<p>Diante desses fatos, a institui\u00e7\u00e3o decidiu anular as provas para os cargos indicados abaixo, com lota\u00e7\u00e3o prevista exclusivamente para o Campus de Diamantina e realizadas no Campus JK no dia 22\/02\/2013, ofertadas por meio do Edital n\u00ba 263 de 08 de novembro de 2013, destinado ao provimento de cargos da carreira t\u00e9cnico-administrativa desta Universidade:<\/p>\n<p><strong>CARGO N\u00cdVEL E:<\/strong><\/p>\n<p>&#8211; Administrador &#8211; Portador de defici\u00eancia (somente prova ampliada)<br \/>\n&#8211; Analista de Tecnologia da Informa\u00e7\u00e3o<br \/>\n&#8211; Assistente Social<br \/>\n&#8211; Auditor<br \/>\n&#8211; Bibliotec\u00e1rio\/Documentarista<br \/>\n&#8211; Bi\u00f3logo<br \/>\n&#8211; Contador<br \/>\n&#8211; Enfermeiro<br \/>\n&#8211; Engenheiro Agr\u00f4nomo<br \/>\n&#8211; Engenheiro de Seguran\u00e7a do Trabalho<br \/>\n&#8211; Engenheiro mec\u00e2nico<br \/>\n&#8211; Engenheiro Qu\u00edmico<br \/>\n&#8211; Estat\u00edstico<br \/>\n&#8211; Ge\u00f3grafo<br \/>\n&#8211; Jornalista<br \/>\n&#8211; M\u00e9dico Veterin\u00e1rio<br \/>\n&#8211; Pedagogo<br \/>\n&#8211; Programador Visual<br \/>\n&#8211; Psic\u00f3logo<br \/>\n&#8211; Publicit\u00e1rio<br \/>\n&#8211; Revisor de Textos<br \/>\n&#8211; Secret\u00e1rio Executivo<br \/>\n&#8211; T\u00e9cnico em Assuntos Educacionais<br \/>\n&#8211; Tradutor Int\u00e9rprete<\/p>\n<p><strong>CARGOS N\u00cdVEL D:<\/strong><\/p>\n<p>&#8211; Assistente em Administra\u00e7\u00e3o<br \/>\n&#8211; T\u00e9cnico de Laborat\u00f3rio\/ Anatomia e Necropsia &#8211; Anatomia Humana<br \/>\n&#8211; T\u00e9cnico de Laborat\u00f3rio\/ Biologia<br \/>\n&#8211; T\u00e9cnico de Laborat\u00f3rio\/Biot\u00e9rio<br \/>\n&#8211; T\u00e9cnico de Laborat\u00f3rio\/Eletromec\u00e2nica<br \/>\n&#8211; T\u00e9cnico de Laborat\u00f3rio\/Eletroeletr\u00f4nica<br \/>\n&#8211; T\u00e9cnico de Laborat\u00f3rio\/Hidr\u00e1ulica<br \/>\n&#8211; T\u00e9cnico de Laborat\u00f3rio\/Higiene Dental<br \/>\n&#8211; T\u00e9cnico de Laborat\u00f3rio\/Inform\u00e1tica<br \/>\n&#8211; T\u00e9cnico de Laborat\u00f3rio\/Qu\u00edmica<br \/>\n&#8211; T\u00e9cnico em Enfermagem<br \/>\n&#8211; T\u00e9cnico em Tecnologia da Informa\u00e7\u00e3o<br \/>\n&#8211; Tradutor e Int\u00e9rprete de Sinais<\/p>\n<p><strong>CARGOS N\u00cdVEL C:<\/strong><\/p>\n<p>&#8211; Assistente em Tecnologia da Informa\u00e7\u00e3o<br \/>\n&#8211; Operador de M\u00e1quinas Agr\u00edcolas<\/p>\n<p><strong>NOVAS PROVAS<\/strong><\/p>\n<p>Uma nova data ser\u00e1 marcada para aplica\u00e7\u00e3o das provas para os cargos listados anteriormente. Ser\u00e1 mantida a inscri\u00e7\u00e3o para o mesmo cargo ao qual o candidato se inscreveu, com a dispensa de qualquer outro pagamento. A Universidade se compromete a orientar aos candidatos em rela\u00e7\u00e3o \u00e0 data, hor\u00e1rio e local para aplica\u00e7\u00e3o das novas provas.<\/p>\n<p>Um novo comprovante de inscri\u00e7\u00e3o ser\u00e1 disponibilizado no endere\u00e7o eletr\u00f4nico www.ufvjm.edu.br, onde constar\u00e3o os dados relativos ao hor\u00e1rio e local de realiza\u00e7\u00e3o das provas, bem como as informa\u00e7\u00f5es necess\u00e1rias.<\/p>\n<p><strong>CANCELAMENTO DE INSCRI\u00c7\u00c3O<\/strong><\/p>\n<p>Os interessados em cancelar a inscri\u00e7\u00e3o no concurso e receber de volta a quantia investida, poder\u00e3o requerer por meio de formul\u00e1rio disponibilizado na publica\u00e7\u00e3o do Di\u00e1rio Oficial da Uni\u00e3o, no per\u00edodo de 20\/01\/2014 a 31\/01\/2014.<\/p>\n<p>O cancelamento poder\u00e1 ser feito por meio de requerimento protocolado na Pr\u00f3-Reitoria de Gest\u00e3o de Pessoas (PROGEP) ou carta registrada para o endere\u00e7o da PROGEP.<\/p>\n<p>A devolu\u00e7\u00e3o do valor da inscri\u00e7\u00e3o ocorrer\u00e1 em at\u00e9 60 dias, a contar da de encerramento do prazo para requerer o cancelamento, no caso 31\/01\/2014.<\/p>\n<p><strong>SEM ALTERA\u00c7\u00c3O<\/strong><\/p>\n<p>Ficam mantidos os resultados das provas para os demais cargos, cuja aplica\u00e7\u00e3o foi realizada no Campus I, em Diamantina e para todos os cargos previstos para lota\u00e7\u00e3o nos campi de Te\u00f3filo Otoni, Una\u00ed e Jana\u00faba, uma vez que tiveram sua aplica\u00e7\u00e3o, dentro de total normalidade e sem qualquer tipo de ocorr\u00eancia.<\/p>\n<p><a href=\"http:\/\/pesquisa.in.gov.br\/imprensa\/jsp\/visualiza\/index.jsp?data=14\/01\/2014&#038;jornal=3&#038;pagina=97&#038;totalArquivos=256\" target=\"_blank\"><strong>&#8211; EDITAL DE ANULA\u00c7\u00c3O DAS PROVAS DO CAMPUS JK (Clique aqui)<\/strong><\/a><br \/>\n<a href=\"http:\/\/pesquisa.in.gov.br\/imprensa\/jsp\/visualiza\/index.jsp?data=14\/01\/2014&#038;jornal=3&#038;pagina=98&#038;totalArquivos=256\" target=\"_blank\"><strong>&#8211; FORMUL\u00c1RIO DE REQUERIMENTO DE DEVOLU\u00c7\u00c3O DO VALOR DA TAXA DE INSCRI\u00c7\u00c3O (Clique aqui)<\/strong><\/a><\/p>\n<p><img decoding=\"async\" src=\"http:\/\/aconteceunovale.com.br\/portal\/wp-content\/uploads\/2013\/12\/ufvjm1.jpg\" alt=\"\" \/><\/p>\n","protected":false},"excerpt":{"rendered":"<p>Por Vicente Alves, Portal Aconteceu no Vale Foi publicado no Di\u00e1rio Oficial da Uni\u00e3o desta ter\u00e7a-feira (14\/01), a anula\u00e7\u00e3o de provas dos cargos de carreira t\u00e9cnico e administrativo da Universidade Federal dos Vales do Jequitinhonha e Mucuri, relativas ao edital 263\/2013, aplicadas no dia 22\/12\/2013, exclusivamente no Campus JK da UFVJM, em Diamantina\/MG. A publica\u00e7\u00e3o [&hellip;]<\/p>\n","protected":false},"author":1,"featured_media":0,"comment_status":"open","ping_status":"closed","sticky":false,"template":"","format":"standard","meta":{"amp_status":"","footnotes":""},"categories":[120],"tags":[2939,198,250,2940],"class_list":["post-18445","post","type-post","status-publish","format-standard","hentry","category-jequi","tag-anulacao-de-provas-do-concurso-publico-da-ufvjm","tag-diamantina","tag-ufvjm","tag-ufvjm-anula-provas-do-concurso-publico-para-cargos-de-carreira-tecnico-e-administrativo-aplicadas-no-campus-jk"],"_links":{"self":[{"href":"https:\/\/aconteceunovale.com.br\/portal\/index.php?rest_route=\/wp\/v2\/posts\/18445","targetHints":{"allow":["GET"]}}],"collection":[{"href":"https:\/\/aconteceunovale.com.br\/portal\/index.php?rest_route=\/wp\/v2\/posts"}],"about":[{"href":"https:\/\/aconteceunovale.com.br\/portal\/index.php?rest_route=\/wp\/v2\/types\/post"}],"author":[{"embeddable":true,"href":"https:\/\/aconteceunovale.com.br\/portal\/index.php?rest_route=\/wp\/v2\/users\/1"}],"replies":[{"embeddable":true,"href":"https:\/\/aconteceunovale.com.br\/portal\/index.php?rest_route=%2Fwp%2Fv2%2Fcomments&post=18445"}],"version-history":[{"count":0,"href":"https:\/\/aconteceunovale.com.br\/portal\/index.php?rest_route=\/wp\/v2\/posts\/18445\/revisions"}],"wp:attachment":[{"href":"https:\/\/aconteceunovale.com.br\/portal\/index.php?rest_route=%2Fwp%2Fv2%2Fmedia&parent=18445"}],"wp:term":[{"taxonomy":"category","embeddable":true,"href":"https:\/\/aconteceunovale.com.br\/portal\/index.php?rest_route=%2Fwp%2Fv2%2Fcategories&post=18445"},{"taxonomy":"post_tag","embeddable":true,"href":"https:\/\/aconteceunovale.com.br\/portal\/index.php?rest_route=%2Fwp%2Fv2%2Ftags&post=18445"}],"curies":[{"name":"wp","href":"https:\/\/api.w.org\/{rel}","templated":true}]}}