{"id":184448,"date":"2021-12-05T22:06:42","date_gmt":"2021-12-06T01:06:42","guid":{"rendered":"https:\/\/aconteceunovale.com.br\/portal\/?p=184448"},"modified":"2021-12-05T22:19:13","modified_gmt":"2021-12-06T01:19:13","slug":"diamantina-cancela-reveillon-e-carnaval","status":"publish","type":"post","link":"https:\/\/aconteceunovale.com.br\/portal\/?p=184448","title":{"rendered":"Diamantina cancela r\u00e9veillon e carnaval"},"content":{"rendered":"\n<p>A Prefeitura de Diamantina, no Vale do Jequitinhonha, divulgou comunicado na \u00faltima sexta-feira (3\/12\/2021) confirmando o cancelamento das festas de r\u00e9veillon e carnaval. A decis\u00e3o foi tomada devido ao surgimento da variante \u00d4micron do novo coronav\u00edrus (Covid-19).<\/p>\n\n\n\n<figure class=\"wp-block-gallery aligncenter columns-1 is-cropped wp-block-gallery-1 is-layout-flex wp-block-gallery-is-layout-flex\"><ul class=\"blocks-gallery-grid\"><li class=\"blocks-gallery-item\"><figure><img loading=\"lazy\" decoding=\"async\" width=\"675\" height=\"450\" src=\"https:\/\/aconteceunovale.com.br\/portal\/wp-content\/uploads\/2021\/12\/carnaval_diamantina_2020.jpg\" alt=\"\" data-id=\"184449\" data-full-url=\"https:\/\/aconteceunovale.com.br\/portal\/wp-content\/uploads\/2021\/12\/carnaval_diamantina_2020.jpg\" data-link=\"https:\/\/aconteceunovale.com.br\/portal\/?attachment_id=184449\" class=\"wp-image-184449\" srcset=\"https:\/\/aconteceunovale.com.br\/portal\/wp-content\/uploads\/2021\/12\/carnaval_diamantina_2020.jpg 675w, https:\/\/aconteceunovale.com.br\/portal\/wp-content\/uploads\/2021\/12\/carnaval_diamantina_2020-300x200.jpg 300w, https:\/\/aconteceunovale.com.br\/portal\/wp-content\/uploads\/2021\/12\/carnaval_diamantina_2020-630x420.jpg 630w\" sizes=\"auto, (max-width: 675px) 100vw, 675px\" \/><figcaption class=\"blocks-gallery-item__caption\"><em>Carnaval 2020 em Diamantina &#8211; Foto: Prefeitura de Diamantina \/ Divulga\u00e7\u00e3o<\/em><\/figcaption><\/figure><\/li><\/ul><\/figure>\n\n\n\n<p>Anfitri\u00e3 de um dos carnavais mais famosos e tradicionais do Brasil, Diamantina n\u00e3o receber\u00e1 os foli\u00f5es em 2022. A prefeitura informou em suas redes sociais que os eventos representam risco \u00e0 coletividade e potencializam a transmiss\u00e3o do v\u00edrus e de sua variante.&nbsp;<\/p>\n\n\n\n<p>A prefeitura declarou que, al\u00e9m das festas em espa\u00e7os p\u00fablicos, eventos privados tamb\u00e9m est\u00e3o suspensos. <em>\u201cTodos os pedidos de realiza\u00e7\u00e3o de eventos com shows que promovam potencial aglomera\u00e7\u00e3o de pessoas em ambientes que dificultem ou impe\u00e7am a fiscaliza\u00e7\u00e3o e a manuten\u00e7\u00e3o do distanciamento entre as pessoas, inclusive eventos e\/ou locais privados, com alicerce nas raz\u00f5es acima apresentadas, ser\u00e3o temporariamente indeferidos\u201d.&nbsp;<\/em><em><\/em><\/p>\n\n\n\n<p><strong>Leia a nota na \u00edntegra:<\/strong><\/p>\n\n\n\n<p class=\"has-background\" style=\"background-color:#f0f2f4\"><em>O Munic\u00edpio de Diamantina\/Minas Gerais, considerando a confirma\u00e7\u00e3o de casos da variante \u00d4micron do v\u00edrus causador da COVID-19 no Brasil e as suspeitas da exist\u00eancia de casos no Estado de Minas Gerais;<\/em><br><br><em>Considerando a necessidade de maior vigil\u00e2ncia do Poder P\u00fablico at\u00e9 que maiores informa\u00e7\u00f5es sobre a variante e suas consequ\u00eancias sejam confirmadas pela ci\u00eancia;<\/em><br><br><em>Considerando que o interesse p\u00fablico e coletivo deve prevalecer sobre o individual, bem como que as decis\u00f5es da administra\u00e7\u00e3o municipal devem continuar pautadas com vistas a se privilegiar, preservar e promover a sa\u00fade p\u00fablica;<\/em><br><br><em>Considerando que todos os muitos esfor\u00e7os enviados no enfrentamento da Pandemia de COVID-19 at\u00e9 aqui, o que posicionou Diamantina em lugar de destaque diante do controle dos impactos causados, n\u00e3o podem ser comprometidos nesse cen\u00e1rio de incertezas que pode desencadear ainda mais desgastes e maior sofrimento para nossa cidade e nosso povo;<\/em><br><br><em>E considerando que eventos com potencial de promover grandes aglomera\u00e7\u00f5es e com evidente dificuldade de controle e manuten\u00e7\u00e3o das medidas sanit\u00e1rias de seguran\u00e7a, especialmente o distanciamento entre as pessoas, tais quais Carnaval, R\u00e9veillon e shows de m\u00e9dio a grande porte, representam iminente risco \u00e0 coletividade na medida em que potencializam a transmiss\u00e3o do v\u00edrus e de sua variante, DECIDE SUSPENDER os eventos p\u00fablicos e em espa\u00e7os p\u00fablicos em comemora\u00e7\u00e3o ao R\u00e9veillon e ao Carnaval 2022, e COMUNICA que todos os pedidos de realiza\u00e7\u00e3o de eventos com shows que promovam potencial aglomera\u00e7\u00e3o de pessoas em ambientes que dificultem ou impe\u00e7am a fiscaliza\u00e7\u00e3o e a manuten\u00e7\u00e3o do distanciamento entre as pessoas, inclusive eventos e\/ou locais privados, com alicerce nas raz\u00f5es acima apresentadas, ser\u00e3o temporariamente indeferidos.<\/em><br><br><em>Diamantina, 03 de dezembro de 2021.<\/em><br><br><em>Juscelino Brasiliano Roque \u2013 Prefeito Municipal<\/em><br><em>Liliany Carvalho \u2013 Secret\u00e1ria Municipal de Sa\u00fade<\/em><br><em>Ednalma Leticya Santiago Vial \u2013 Secret\u00e1ria Municipal de Governo<\/em><\/p>\n\n\n\n<p>&#8212;&#8212;&#8212;&#8212;&#8212;&#8212;<br><em>Quer receber as not\u00edcias do <strong>Aconteceu no Vale<\/strong> em primeira m\u00e3o? Siga-nos no Facebook <a rel=\"noreferrer noopener\" href=\"http:\/\/facebook.com\/aconteceunovale\" target=\"_blank\">@aconteceunovale<\/a>, Twitter <a rel=\"noreferrer noopener\" href=\"https:\/\/twitter.com\/noticiadosvales\" target=\"_blank\">@noticiadosvales<\/a> e Instagram <a rel=\"noreferrer noopener\" href=\"https:\/\/www.instagram.com\/aconteceunovale\" target=\"_blank\">@aconteceunovale<\/a>.<\/em><\/p>\n","protected":false},"excerpt":{"rendered":"<p>A Prefeitura de Diamantina, no Vale do Jequitinhonha, divulgou comunicado na \u00faltima sexta-feira (3\/12\/2021) confirmando o cancelamento das festas de r\u00e9veillon e carnaval. A decis\u00e3o foi tomada devido ao surgimento da variante \u00d4micron do novo coronav\u00edrus (Covid-19). Anfitri\u00e3 de um dos carnavais mais famosos e tradicionais do Brasil, Diamantina n\u00e3o receber\u00e1 os foli\u00f5es em 2022. [&hellip;]<\/p>\n","protected":false},"author":4,"featured_media":184449,"comment_status":"open","ping_status":"closed","sticky":false,"template":"","format":"standard","meta":{"amp_status":"","footnotes":""},"categories":[125,120],"tags":[255363,255365,33241,214884,216498,1018,198,255362,255364,215653,254969,140166,42865,31299,255366,130978,219312],"class_list":["post-184448","post","type-post","status-publish","format-standard","has-post-thumbnail","hentry","category-noticias","category-jequi","tag-carnaval-2022-em-diamantina","tag-carnaval-de-diamantina-e-cancelado","tag-carnaval-em-diamantina","tag-coronavirus","tag-covid-19","tag-destaque","tag-diamantina","tag-diamantina-cancela-reveillon-e-carnaval","tag-festa-de-carnaval-em-diamantina","tag-novo-coronavirus","tag-omicron","tag-pandemia","tag-prefeito-de-diamantina","tag-prefeitura-de-diamantina","tag-reveillon-de-diamantina-e-cancelado","tag-reveillon-em-diamantina","tag-sars-cov-2"],"_links":{"self":[{"href":"https:\/\/aconteceunovale.com.br\/portal\/index.php?rest_route=\/wp\/v2\/posts\/184448","targetHints":{"allow":["GET"]}}],"collection":[{"href":"https:\/\/aconteceunovale.com.br\/portal\/index.php?rest_route=\/wp\/v2\/posts"}],"about":[{"href":"https:\/\/aconteceunovale.com.br\/portal\/index.php?rest_route=\/wp\/v2\/types\/post"}],"author":[{"embeddable":true,"href":"https:\/\/aconteceunovale.com.br\/portal\/index.php?rest_route=\/wp\/v2\/users\/4"}],"replies":[{"embeddable":true,"href":"https:\/\/aconteceunovale.com.br\/portal\/index.php?rest_route=%2Fwp%2Fv2%2Fcomments&post=184448"}],"version-history":[{"count":3,"href":"https:\/\/aconteceunovale.com.br\/portal\/index.php?rest_route=\/wp\/v2\/posts\/184448\/revisions"}],"predecessor-version":[{"id":184453,"href":"https:\/\/aconteceunovale.com.br\/portal\/index.php?rest_route=\/wp\/v2\/posts\/184448\/revisions\/184453"}],"wp:featuredmedia":[{"embeddable":true,"href":"https:\/\/aconteceunovale.com.br\/portal\/index.php?rest_route=\/wp\/v2\/media\/184449"}],"wp:attachment":[{"href":"https:\/\/aconteceunovale.com.br\/portal\/index.php?rest_route=%2Fwp%2Fv2%2Fmedia&parent=184448"}],"wp:term":[{"taxonomy":"category","embeddable":true,"href":"https:\/\/aconteceunovale.com.br\/portal\/index.php?rest_route=%2Fwp%2Fv2%2Fcategories&post=184448"},{"taxonomy":"post_tag","embeddable":true,"href":"https:\/\/aconteceunovale.com.br\/portal\/index.php?rest_route=%2Fwp%2Fv2%2Ftags&post=184448"}],"curies":[{"name":"wp","href":"https:\/\/api.w.org\/{rel}","templated":true}]}}