{"id":184385,"date":"2021-12-02T18:18:39","date_gmt":"2021-12-02T21:18:39","guid":{"rendered":"https:\/\/aconteceunovale.com.br\/portal\/?p=184385"},"modified":"2021-12-02T18:19:35","modified_gmt":"2021-12-02T21:19:35","slug":"presidente-regulamenta-auxilio-gas-e-programa-alimenta-brasil","status":"publish","type":"post","link":"https:\/\/aconteceunovale.com.br\/portal\/?p=184385","title":{"rendered":"Presidente regulamenta aux\u00edlio g\u00e1s e Programa Alimenta Brasil"},"content":{"rendered":"\n<p>O presidente Jair Bolsonaro editou nesta\u00a0quinta-feira (2) decreto que regulamenta a Lei 14.237\/21, que institui o aux\u00edlio g\u00e1s. O texto detalha regras necess\u00e1rias \u00e0 operacionaliza\u00e7\u00e3o do programa, destinado a atenuar o efeito do pre\u00e7o do g\u00e1s liquefeito de petr\u00f3leo (GLP) no or\u00e7amento de fam\u00edlias de baixa renda.<img decoding=\"async\" src=\"https:\/\/agenciabrasil.ebc.com.br\/ebc.png?id=1430151&amp;o=node\"><\/p>\n\n\n\n<figure class=\"wp-block-gallery columns-1 is-cropped wp-block-gallery-1 is-layout-flex wp-block-gallery-is-layout-flex\"><ul class=\"blocks-gallery-grid\"><li class=\"blocks-gallery-item\"><figure><img loading=\"lazy\" decoding=\"async\" width=\"678\" height=\"406\" src=\"https:\/\/aconteceunovale.com.br\/portal\/wp-content\/uploads\/2021\/12\/bolsonaro_auxilio.jpg\" alt=\"\" data-id=\"184386\" data-full-url=\"https:\/\/aconteceunovale.com.br\/portal\/wp-content\/uploads\/2021\/12\/bolsonaro_auxilio.jpg\" data-link=\"https:\/\/aconteceunovale.com.br\/portal\/?attachment_id=184386\" class=\"wp-image-184386\" srcset=\"https:\/\/aconteceunovale.com.br\/portal\/wp-content\/uploads\/2021\/12\/bolsonaro_auxilio.jpg 678w, https:\/\/aconteceunovale.com.br\/portal\/wp-content\/uploads\/2021\/12\/bolsonaro_auxilio-300x180.jpg 300w\" sizes=\"auto, (max-width: 678px) 100vw, 678px\" \/><figcaption class=\"blocks-gallery-item__caption\"><em>Foto: Valter Campanato\/Ag\u00eancia Brasil<\/em><\/figcaption><\/figure><\/li><\/ul><\/figure>\n\n\n\n<p>O aux\u00edlio ser\u00e1 concedido \u00e0s&nbsp;fam\u00edlias inscritas no Cadastro \u00danico para Programas Sociais (Cad\u00danico) cuja renda familiar mensal&nbsp;<em>per capita<\/em>&nbsp;for igual ou inferior a meio sal\u00e1rio m\u00ednimo e \u00e0s fam\u00edlias que tenham, entre seus membros, quem receba o Benef\u00edcio de Presta\u00e7\u00e3o Continuada (BPC). A edi\u00e7\u00e3o do decreto viabiliza a implanta\u00e7\u00e3o do benef\u00edcio a partir deste m\u00eas.<\/p>\n\n\n\n<p>A lei prev\u00ea ainda que o aux\u00edlio seja concedido preferencialmente \u00e0s fam\u00edlias com mulheres v\u00edtimas de viol\u00eancia&nbsp;dom\u00e9stica que estejam sob o monitoramento de medidas protetivas de urg\u00eancia. Neste sentido, o decreto define que tal concess\u00e3o ser\u00e1 realizada a partir do acesso a informa\u00e7\u00f5es do banco de dados mantido pelo Conselho Nacional de Justi\u00e7a (CNJ).<\/p>\n\n\n\n<p>As fam\u00edlias beneficiadas&nbsp;ter\u00e3o direito, a cada bimestre, a um valor equivalente a 50% da m\u00e9dia do pre\u00e7o nacional de refer\u00eancia do botij\u00e3o de 13 quilogramas (kg) dos \u00faltimos seis meses. O pre\u00e7o de refer\u00eancia ser\u00e1 estabelecido pela Ag\u00eancia Nacional do Petr\u00f3leo, G\u00e1s Natural e Biocombust\u00edveis (ANP).<\/p>\n\n\n\n<h2 class=\"wp-block-heading\">Programa Alimenta Brasil<\/h2>\n\n\n\n<p>Bolsonaro editou tamb\u00e9m&nbsp;hoje&nbsp;decreto que regulamenta o funcionamento do Alimenta Brasil, programa de aquisi\u00e7\u00e3o de alimentos de produtores rurais familiares,&nbsp;extrativistas, pescadores artesanais, povos ind\u00edgenas e demais popula\u00e7\u00f5es tradicionais. O texto ainda amplia o limite de recursos que cada entidade familiar ou cooperativa pode receber do poder p\u00fablico.<\/p>\n\n\n\n<p>&#8220;N\u00e3o \u00e9 admiss\u00edvel que nesse Brasil do conhecimento ainda exista brasileiro e brasileira passando fome. A fome n\u00e3o \u00e9 silenciosa, ela d\u00f3i&#8221;, afirmou o ministro da Cidadania, Jo\u00e3o Roma, durante a solenidade de assinatura do decreto.<\/p>\n\n\n\n<p>De acordo com o decreto, a partir de 1\u00ba de janeiro de 2022, o limite anual de valores pagos a unidades familiares para a aquisi\u00e7\u00e3o dos alimentos vai aumentar em rela\u00e7\u00e3o ao antigo programa, da seguinte forma:<\/p>\n\n\n\n<figure class=\"wp-block-table is-style-stripes\"><table><thead><tr><th scope=\"col\">Modalidade<\/th><th scope=\"col\">PPA (antigo)<\/th><th scope=\"col\">Alimenta Brasil<\/th><\/tr><\/thead><tbody><tr><td>Compra com doa\u00e7\u00e3o simult\u00e2nea<\/td><td>R$ 6,5 mil<\/td><td>R$ 12 mil<\/td><\/tr><tr><td>Compra direta<\/td><td>R$ 8 mil<\/td><td>R$ 12 mil<\/td><\/tr><tr><td>Incentivo \u00e0 produ\u00e7\u00e3o e ao consumo de leite<\/td><td>valor anual referente a venda 35 litros de leite por dia<\/td><td>R$ 30 mil<\/td><\/tr><tr><td>Apoio \u00e0 forma\u00e7\u00e3o de estoques<\/td><td>R$ 8 mil<\/td><td>R$ 12 mil<\/td><\/tr><tr><td>Compra institucional<\/td><td>R$ 20 mil<\/td><td>R$ 30 mil<\/td><\/tr><\/tbody><\/table><\/figure>\n\n\n\n<p>Para as cooperativas, o limite anual a ser pago tamb\u00e9m ser\u00e1 aumentado nas modalidades apoio \u00e0 forma\u00e7\u00e3o de estoque, que passar\u00e1 de R$ 1,5 milh\u00e3o para R$ 2 milh\u00f5es; e compra direta, de R$ 500 mil para R$ 2 milh\u00f5es. Nas demais modalidades, os limites ser\u00e3o mantidos: compra com doa\u00e7\u00e3o simult\u00e2nea, com R$ 2 milh\u00f5es; e compra institucional, com R$ 6 milh\u00f5es.<\/p>\n\n\n\n<p>O Programa Alimenta Brasil tem como finalidade incentivar a agricultura familiar, promovendo a inclus\u00e3o econ\u00f4mica e social dos agricultores familiares mais pobres, al\u00e9m de promover o acesso \u00e0 alimenta\u00e7\u00e3o, em quantidade, qualidade e regularidade necess\u00e1rias, pelas pessoas em situa\u00e7\u00e3o de inseguran\u00e7a alimentar e nutricional.<\/p>\n\n\n\n<p>&#8212;&#8212;&#8212;&#8212;&#8212;&#8212;<br><em>Quer receber as not\u00edcias do <strong>Aconteceu no Vale<\/strong> em primeira m\u00e3o? Siga-nos no Facebook <a rel=\"noreferrer noopener\" href=\"http:\/\/facebook.com\/aconteceunovale\" target=\"_blank\">@aconteceunovale<\/a>, Twitter <a rel=\"noreferrer noopener\" href=\"https:\/\/twitter.com\/noticiadosvales\" target=\"_blank\">@noticiadosvales<\/a> e Instagram <a rel=\"noreferrer noopener\" href=\"https:\/\/www.instagram.com\/aconteceunovale\" target=\"_blank\">@aconteceunovale<\/a>.<\/em><\/p>\n","protected":false},"excerpt":{"rendered":"<p>O presidente Jair Bolsonaro editou nesta\u00a0quinta-feira (2) decreto que regulamenta a Lei 14.237\/21, que institui o aux\u00edlio g\u00e1s. O texto detalha regras necess\u00e1rias \u00e0 operacionaliza\u00e7\u00e3o do programa, destinado a atenuar o efeito do pre\u00e7o do g\u00e1s liquefeito de petr\u00f3leo (GLP) no or\u00e7amento de fam\u00edlias de baixa renda. O aux\u00edlio ser\u00e1 concedido \u00e0s&nbsp;fam\u00edlias inscritas no Cadastro [&hellip;]<\/p>\n","protected":false},"author":4,"featured_media":184386,"comment_status":"open","ping_status":"closed","sticky":false,"template":"","format":"standard","meta":{"amp_status":"","footnotes":""},"categories":[6,40240],"tags":[255256,255255,252069,252067,20922,48796,252071,1018,252070,252068,254687,190881,249436,255046,255045,255044,255043,21938,203331],"class_list":["post-184385","post","type-post","status-publish","format-standard","has-post-thumbnail","hentry","category-br","category-politica-2","tag-alimenta-brasil","tag-auxilio-gas","tag-auxilio-gas-de-cozinha","tag-auxilio-gas-social","tag-camara-dos-deputados","tag-congresso-nacional","tag-deputado-christiano-aureo","tag-destaque","tag-gas-de-cozinha-para-familias-de-baixa-renda","tag-gas-social","tag-lei-que-institui-o-auxilio-gas-e-sancionada","tag-ministerio-da-cidadania","tag-programa-alimenta-brasil","tag-qual-o-valor-do-vale-gas","tag-quando-comeca-a-pagar-o-vale-gas","tag-quando-sera-pago-o-vale-gas","tag-quem-tem-direito-ao-vale-gas","tag-senado","tag-vale-gas"],"_links":{"self":[{"href":"https:\/\/aconteceunovale.com.br\/portal\/index.php?rest_route=\/wp\/v2\/posts\/184385","targetHints":{"allow":["GET"]}}],"collection":[{"href":"https:\/\/aconteceunovale.com.br\/portal\/index.php?rest_route=\/wp\/v2\/posts"}],"about":[{"href":"https:\/\/aconteceunovale.com.br\/portal\/index.php?rest_route=\/wp\/v2\/types\/post"}],"author":[{"embeddable":true,"href":"https:\/\/aconteceunovale.com.br\/portal\/index.php?rest_route=\/wp\/v2\/users\/4"}],"replies":[{"embeddable":true,"href":"https:\/\/aconteceunovale.com.br\/portal\/index.php?rest_route=%2Fwp%2Fv2%2Fcomments&post=184385"}],"version-history":[{"count":1,"href":"https:\/\/aconteceunovale.com.br\/portal\/index.php?rest_route=\/wp\/v2\/posts\/184385\/revisions"}],"predecessor-version":[{"id":184387,"href":"https:\/\/aconteceunovale.com.br\/portal\/index.php?rest_route=\/wp\/v2\/posts\/184385\/revisions\/184387"}],"wp:featuredmedia":[{"embeddable":true,"href":"https:\/\/aconteceunovale.com.br\/portal\/index.php?rest_route=\/wp\/v2\/media\/184386"}],"wp:attachment":[{"href":"https:\/\/aconteceunovale.com.br\/portal\/index.php?rest_route=%2Fwp%2Fv2%2Fmedia&parent=184385"}],"wp:term":[{"taxonomy":"category","embeddable":true,"href":"https:\/\/aconteceunovale.com.br\/portal\/index.php?rest_route=%2Fwp%2Fv2%2Fcategories&post=184385"},{"taxonomy":"post_tag","embeddable":true,"href":"https:\/\/aconteceunovale.com.br\/portal\/index.php?rest_route=%2Fwp%2Fv2%2Ftags&post=184385"}],"curies":[{"name":"wp","href":"https:\/\/api.w.org\/{rel}","templated":true}]}}