{"id":184381,"date":"2021-12-02T18:04:57","date_gmt":"2021-12-02T21:04:57","guid":{"rendered":"https:\/\/aconteceunovale.com.br\/portal\/?p=184381"},"modified":"2021-12-02T18:07:54","modified_gmt":"2021-12-02T21:07:54","slug":"divulgados-os-finalistas-do-concurso-estadual-de-qualidade-dos-cafes-de-minas-gerais","status":"publish","type":"post","link":"https:\/\/aconteceunovale.com.br\/portal\/?p=184381","title":{"rendered":"Divulgados os finalistas do Concurso Estadual de Qualidade dos Caf\u00e9s de Minas Gerais"},"content":{"rendered":"\n<p>A\u00a0<a rel=\"noreferrer noopener\" href=\"https:\/\/www.emater.mg.gov.br\/\" target=\"_blank\">Emater-MG\u00a0<\/a>disponibilizou a rela\u00e7\u00e3o dos finalistas do 18\u00ba Concurso Estadual de Qualidade dos Caf\u00e9s de Minas Gerais. S\u00e3o 15 amostras da categoria \u201cCaf\u00e9 Natural\u201d e 16 amostras da categoria \u201cCaf\u00e9 Cereja Descascado\/Desmucilado ou Despolpado\u201d. Os nomes dos vencedores da premia\u00e7\u00e3o ser\u00e3o relevados em live no dia 10\/12, no canal da empresa\u00a0no YouTube, \u00e0s 14h.<\/p>\n\n\n\n<figure class=\"wp-block-gallery columns-1 is-cropped wp-block-gallery-1 is-layout-flex wp-block-gallery-is-layout-flex\"><ul class=\"blocks-gallery-grid\"><li class=\"blocks-gallery-item\"><figure><img loading=\"lazy\" decoding=\"async\" width=\"675\" height=\"450\" src=\"https:\/\/aconteceunovale.com.br\/portal\/wp-content\/uploads\/2021\/12\/concurso_cafe.jpeg\" alt=\"\" data-id=\"184383\" data-full-url=\"https:\/\/aconteceunovale.com.br\/portal\/wp-content\/uploads\/2021\/12\/concurso_cafe.jpeg\" data-link=\"https:\/\/aconteceunovale.com.br\/portal\/?attachment_id=184383\" class=\"wp-image-184383\" srcset=\"https:\/\/aconteceunovale.com.br\/portal\/wp-content\/uploads\/2021\/12\/concurso_cafe.jpeg 675w, https:\/\/aconteceunovale.com.br\/portal\/wp-content\/uploads\/2021\/12\/concurso_cafe-300x200.jpeg 300w, https:\/\/aconteceunovale.com.br\/portal\/wp-content\/uploads\/2021\/12\/concurso_cafe-630x420.jpeg 630w\" sizes=\"auto, (max-width: 675px) 100vw, 675px\" \/><figcaption class=\"blocks-gallery-item__caption\"><em>Foto: Divulga\u00e7\u00e3o \/ Emater-MG<\/em><\/figcaption><\/figure><\/li><\/ul><\/figure>\n\n\n\n<p>Na etapa final do concurso, que ocorreu no dia 29\/11, as amostras foram submetidas \u00e0 an\u00e1lise sensorial, de acordo com a metodologia da Associa\u00e7\u00e3o de Caf\u00e9s Especiais (SCA), sendo observados atributos como fragr\u00e2ncia, aroma, sabor, acidez, corpo, uniformidade, aus\u00eancia de defeitos, do\u00e7ura, finaliza\u00e7\u00e3o, equil\u00edbrio e avalia\u00e7\u00e3o global. Segundo os jurados do concurso, os gr\u00e3os concorrentes este ano s\u00e3o de excelente qualidade e devem atingir notas muito altas.<\/p>\n\n\n\n<p>Na solenidade de encerramento do concurso e divulga\u00e7\u00e3o dos vencedores da premia\u00e7\u00e3o, ser\u00e3o conhecidos os tr\u00eas primeiros colocados de cada regi\u00e3o produtora (Sul de Minas, Matas de Minas, Cerrado e Chapada de Minas) em cada categoria e o grande campe\u00e3o estadual (a maior nota do concurso). Tamb\u00e9m ser\u00e1 destacada a cafeicultora que obtiver a melhor pontua\u00e7\u00e3o entre os finalistas.<\/p>\n\n\n\n<p>O Concurso de Qualidade dos Caf\u00e9s de Minas Gerais \u00e9 promovido pelo\u00a0Governo de Minas Gerais, por meio da Emater-MG e da\u00a0Secretaria de Estado de Agricultura, Pecu\u00e1ria e Abastecimento de Minas Gerais (Seapa), em parceria com a Universidade Federal de Lavras (Ufla), o Instituto Federal de Educa\u00e7\u00e3o, Ci\u00eancia e Tecnologia do Sul de Minas e a Funda\u00e7\u00e3o de Apoio ao Ensino, Pesquisa e Extens\u00e3o (Faepe).\u00a0<\/p>\n\n\n\n<p>Neste ano, o concurso recebeu 1.557 inscri\u00e7\u00f5es.<\/p>\n\n\n\n<h2 class=\"wp-block-heading\"><strong>Confira a lista dos finalistas:<\/strong><\/h2>\n\n\n\n<div data-wp-interactive=\"core\/file\" class=\"wp-block-file\"><object data-wp-bind--hidden=\"!state.hasPdfPreview\" hidden class=\"wp-block-file__embed\" data=\"https:\/\/aconteceunovale.com.br\/portal\/wp-content\/uploads\/2021\/12\/finalistas_concurso_de_qualidade_do_cafe.pdf\" type=\"application\/pdf\" style=\"width:100%;height:600px\" aria-label=\"Incorporado de Incorporado de \u2022 Documento em PDF..\"><\/object><a href=\"https:\/\/aconteceunovale.com.br\/portal\/wp-content\/uploads\/2021\/12\/finalistas_concurso_de_qualidade_do_cafe.pdf\">\u2022 Documento em PDF<\/a><a href=\"https:\/\/aconteceunovale.com.br\/portal\/wp-content\/uploads\/2021\/12\/finalistas_concurso_de_qualidade_do_cafe.pdf\" class=\"wp-block-file__button\" download>Baixar<\/a><\/div>\n\n\n\n<p>&#8212;&#8212;&#8212;&#8212;&#8212;&#8212;<br><em>Quer receber as not\u00edcias do <strong>Aconteceu no Vale<\/strong> em primeira m\u00e3o? Siga-nos no Facebook <a rel=\"noreferrer noopener\" href=\"http:\/\/facebook.com\/aconteceunovale\" target=\"_blank\">@aconteceunovale<\/a>, Twitter <a rel=\"noreferrer noopener\" href=\"https:\/\/twitter.com\/noticiadosvales\" target=\"_blank\">@noticiadosvales<\/a> e Instagram <a rel=\"noreferrer noopener\" href=\"https:\/\/www.instagram.com\/aconteceunovale\" target=\"_blank\">@aconteceunovale<\/a>.<\/em><\/p>\n","protected":false},"excerpt":{"rendered":"<p>A\u00a0Emater-MG\u00a0disponibilizou a rela\u00e7\u00e3o dos finalistas do 18\u00ba Concurso Estadual de Qualidade dos Caf\u00e9s de Minas Gerais. S\u00e3o 15 amostras da categoria \u201cCaf\u00e9 Natural\u201d e 16 amostras da categoria \u201cCaf\u00e9 Cereja Descascado\/Desmucilado ou Despolpado\u201d. Os nomes dos vencedores da premia\u00e7\u00e3o ser\u00e3o relevados em live no dia 10\/12, no canal da empresa\u00a0no YouTube, \u00e0s 14h. Na etapa [&hellip;]<\/p>\n","protected":false},"author":4,"featured_media":184383,"comment_status":"open","ping_status":"closed","sticky":false,"template":"","format":"standard","meta":{"amp_status":"","footnotes":""},"categories":[125,123,120],"tags":[657,551,255249,255248,211728,164387,132,378,164394,255247,22083,1018,255251,25775,255252,255244,1692,255253,255245,255250,164396,137,255246,255254,225481,36989],"class_list":["post-184381","post","type-post","status-publish","format-standard","has-post-thumbnail","hentry","category-noticias","category-gerais","category-jequi","tag-angelandia","tag-aricanduva","tag-cafe-angelandia","tag-cafe-descascado","tag-cafe-natural","tag-cafes-de-minas-gerais","tag-capelinha","tag-cerrado","tag-chapada-de-minas","tag-concurso-de-cafes","tag-concurso-estadual-de-qualidade-dos-cafes-de-minas-gerais","tag-destaque","tag-ecoagricola-cafe","tag-emater-mg","tag-fazenda-sequoia-minas","tag-finalistas-do-concurso-estadual-de-qualidade-dos-cafes-de-minas-gerais","tag-francisco-dumont","tag-ildeu-geraldo-caldeira","tag-lista-de-finalistas-do-concurso-estadual-de-qualidade-dos-cafes-de-minas-gerais","tag-lucas-soares-pecanha-de-oliveira","tag-matas-de-minas","tag-minas-novas","tag-produtores-finalistas-do-concurso-estadual-de-qualidade-dos-cafes-de-minas-gerais","tag-rodrigo-montesanto-pereira-leite","tag-sca","tag-sul-de-minas"],"_links":{"self":[{"href":"https:\/\/aconteceunovale.com.br\/portal\/index.php?rest_route=\/wp\/v2\/posts\/184381","targetHints":{"allow":["GET"]}}],"collection":[{"href":"https:\/\/aconteceunovale.com.br\/portal\/index.php?rest_route=\/wp\/v2\/posts"}],"about":[{"href":"https:\/\/aconteceunovale.com.br\/portal\/index.php?rest_route=\/wp\/v2\/types\/post"}],"author":[{"embeddable":true,"href":"https:\/\/aconteceunovale.com.br\/portal\/index.php?rest_route=\/wp\/v2\/users\/4"}],"replies":[{"embeddable":true,"href":"https:\/\/aconteceunovale.com.br\/portal\/index.php?rest_route=%2Fwp%2Fv2%2Fcomments&post=184381"}],"version-history":[{"count":1,"href":"https:\/\/aconteceunovale.com.br\/portal\/index.php?rest_route=\/wp\/v2\/posts\/184381\/revisions"}],"predecessor-version":[{"id":184384,"href":"https:\/\/aconteceunovale.com.br\/portal\/index.php?rest_route=\/wp\/v2\/posts\/184381\/revisions\/184384"}],"wp:featuredmedia":[{"embeddable":true,"href":"https:\/\/aconteceunovale.com.br\/portal\/index.php?rest_route=\/wp\/v2\/media\/184383"}],"wp:attachment":[{"href":"https:\/\/aconteceunovale.com.br\/portal\/index.php?rest_route=%2Fwp%2Fv2%2Fmedia&parent=184381"}],"wp:term":[{"taxonomy":"category","embeddable":true,"href":"https:\/\/aconteceunovale.com.br\/portal\/index.php?rest_route=%2Fwp%2Fv2%2Fcategories&post=184381"},{"taxonomy":"post_tag","embeddable":true,"href":"https:\/\/aconteceunovale.com.br\/portal\/index.php?rest_route=%2Fwp%2Fv2%2Ftags&post=184381"}],"curies":[{"name":"wp","href":"https:\/\/api.w.org\/{rel}","templated":true}]}}