{"id":184379,"date":"2021-12-02T16:19:40","date_gmt":"2021-12-02T19:19:40","guid":{"rendered":"https:\/\/aconteceunovale.com.br\/portal\/?p=184379"},"modified":"2021-12-02T16:20:44","modified_gmt":"2021-12-02T19:20:44","slug":"90-dos-adultos-brasileiros-ja-tomaram-a-1a-dose-de-vacina-contra-covid-19","status":"publish","type":"post","link":"https:\/\/aconteceunovale.com.br\/portal\/?p=184379","title":{"rendered":"90% dos adultos brasileiros j\u00e1 tomaram a 1\u00aa dose de vacina contra Covid-19"},"content":{"rendered":"\n<p>O Minist\u00e9rio da Sa\u00fade informou hoje (2\/12\/2021) que o n\u00famero de pessoas aptas a receberem o imunizante corresponde a 177 milh\u00f5es de brasileiros. Ao todo, 159,3 milh\u00f5es tomaram a primeira dose da vacina. At\u00e9 o momento, mais de 372,5 milh\u00f5es de doses foram distribu\u00eddas aos 26 estados e Distrito Federal.<img decoding=\"async\" src=\"https:\/\/agenciabrasil.ebc.com.br\/ebc.png?id=1430077&amp;o=node\"><img decoding=\"async\" src=\"https:\/\/agenciabrasil.ebc.com.br\/ebc.gif?id=1430077&amp;o=node\"><\/p>\n\n\n\n<p>O Brasil atingiu nesta quinta-feira a marca de 90% do p\u00fablico-alvo, ou seja, adultos com mais de 18 anos vacinados com a primeira dose de algum dos imunizantes contra a covid-19. Ao todo, 159,3 milh\u00f5es de brasileiros iniciaram o ciclo vacinal contra a doen\u00e7a e 79,03% completaram o esquema com as duas doses ou dose \u00fanica, de acordo com dados divulgados pelo minist\u00e9rio.<\/p>\n\n\n\n<p>O pa\u00eds tamb\u00e9m registrou queda de 92,57% na m\u00e9dia de \u00f3bitos desde o pico da pandemia, registrado em 19 de abril deste ano.<\/p>\n\n\n\n<h2 class=\"wp-block-heading\">Novas doses<\/h2>\n\n\n\n<p>Em novembro, o governo federal comprou mais de 550 milh\u00f5es de doses de imunizantes. A expectativa do Minist\u00e9rio da Sa\u00fade \u00e9 que mais de 354 milh\u00f5es de doses sejam utilizadas como refor\u00e7o em 2022.<\/p>\n\n\n\n<p>At\u00e9 o momento, 14,1 milh\u00f5es de pessoas est\u00e3o com a imuniza\u00e7\u00e3o refor\u00e7ada com a dose adicional ou de refor\u00e7o. Cerca de 13,7 milh\u00f5es de brasileiros entre 12 e 17 anos j\u00e1 tomaram a primeira dose da vacina e 3,4 milh\u00f5es est\u00e3o completamente vacinados com as duas doses da Pfizer.<\/p>\n\n\n\n<p>&#8212;&#8212;&#8212;&#8212;&#8212;&#8212;<br><em>Quer receber as not\u00edcias do <strong>Aconteceu no Vale<\/strong> em primeira m\u00e3o? Siga-nos no Facebook <a rel=\"noreferrer noopener\" href=\"http:\/\/facebook.com\/aconteceunovale\" target=\"_blank\">@aconteceunovale<\/a>, Twitter <a rel=\"noreferrer noopener\" href=\"https:\/\/twitter.com\/noticiadosvales\" target=\"_blank\">@noticiadosvales<\/a> e Instagram <a rel=\"noreferrer noopener\" href=\"https:\/\/www.instagram.com\/aconteceunovale\" target=\"_blank\">@aconteceunovale<\/a>.<\/em><\/p>\n","protected":false},"excerpt":{"rendered":"<p>O Minist\u00e9rio da Sa\u00fade informou hoje (2\/12\/2021) que o n\u00famero de pessoas aptas a receberem o imunizante corresponde a 177 milh\u00f5es de brasileiros. Ao todo, 159,3 milh\u00f5es tomaram a primeira dose da vacina. At\u00e9 o momento, mais de 372,5 milh\u00f5es de doses foram distribu\u00eddas aos 26 estados e Distrito Federal. O Brasil atingiu nesta quinta-feira [&hellip;]<\/p>\n","protected":false},"author":4,"featured_media":181849,"comment_status":"open","ping_status":"closed","sticky":false,"template":"","format":"standard","meta":{"amp_status":"","footnotes":""},"categories":[6,40242],"tags":[248769,255243,4785,249773,215394,218043,1018,246445,224484,134903,241171,248771,248770,239472],"class_list":["post-184379","post","type-post","status-publish","format-standard","has-post-thumbnail","hentry","category-br","category-saude-2","tag-40-milhoes-de-pessoas-ja-completaram-o-ciclo-de-vacinacao-contra-a-covid-19-no-brasil","tag-90-dos-adultos-brasileiros-ja-tomaram-a-1a-dose-de-vacina-contra-covid-19","tag-brasil","tag-brasil-atinge-50-milhoes-de-pessoas-com-vacinacao-completa-contra-covid-19","tag-coronavirus-no-brasil","tag-covid-19-no-brasil","tag-destaque","tag-imunizacao-contra-covid-19-no-brasil","tag-pandemia-no-brasil","tag-pni","tag-programa-nacional-de-imunizacao","tag-totalmente-imunizado-no-brasil","tag-vacinacao-completa-no-brasil","tag-vacinacao-contra-covid-19-no-brasil"],"_links":{"self":[{"href":"https:\/\/aconteceunovale.com.br\/portal\/index.php?rest_route=\/wp\/v2\/posts\/184379","targetHints":{"allow":["GET"]}}],"collection":[{"href":"https:\/\/aconteceunovale.com.br\/portal\/index.php?rest_route=\/wp\/v2\/posts"}],"about":[{"href":"https:\/\/aconteceunovale.com.br\/portal\/index.php?rest_route=\/wp\/v2\/types\/post"}],"author":[{"embeddable":true,"href":"https:\/\/aconteceunovale.com.br\/portal\/index.php?rest_route=\/wp\/v2\/users\/4"}],"replies":[{"embeddable":true,"href":"https:\/\/aconteceunovale.com.br\/portal\/index.php?rest_route=%2Fwp%2Fv2%2Fcomments&post=184379"}],"version-history":[{"count":1,"href":"https:\/\/aconteceunovale.com.br\/portal\/index.php?rest_route=\/wp\/v2\/posts\/184379\/revisions"}],"predecessor-version":[{"id":184380,"href":"https:\/\/aconteceunovale.com.br\/portal\/index.php?rest_route=\/wp\/v2\/posts\/184379\/revisions\/184380"}],"wp:featuredmedia":[{"embeddable":true,"href":"https:\/\/aconteceunovale.com.br\/portal\/index.php?rest_route=\/wp\/v2\/media\/181849"}],"wp:attachment":[{"href":"https:\/\/aconteceunovale.com.br\/portal\/index.php?rest_route=%2Fwp%2Fv2%2Fmedia&parent=184379"}],"wp:term":[{"taxonomy":"category","embeddable":true,"href":"https:\/\/aconteceunovale.com.br\/portal\/index.php?rest_route=%2Fwp%2Fv2%2Fcategories&post=184379"},{"taxonomy":"post_tag","embeddable":true,"href":"https:\/\/aconteceunovale.com.br\/portal\/index.php?rest_route=%2Fwp%2Fv2%2Ftags&post=184379"}],"curies":[{"name":"wp","href":"https:\/\/api.w.org\/{rel}","templated":true}]}}