{"id":184376,"date":"2021-12-02T16:15:31","date_gmt":"2021-12-02T19:15:31","guid":{"rendered":"https:\/\/aconteceunovale.com.br\/portal\/?p=184376"},"modified":"2021-12-02T16:16:36","modified_gmt":"2021-12-02T19:16:36","slug":"sao-paulo-cancela-festa-de-reveillon","status":"publish","type":"post","link":"https:\/\/aconteceunovale.com.br\/portal\/?p=184376","title":{"rendered":"S\u00e3o Paulo cancela festa de r\u00e9veillon"},"content":{"rendered":"\n<p>O prefeito de S\u00e3o Paulo, Ricardo Nunes, informou nesta quinta-feira (2\/12\/2021) que a tradicional festa de r\u00e9veillon realizada na Avenida Paulista ser\u00e1 cancelada. \u201cO que pesou muito foi a quest\u00e3o da nova variante \u00d4micron\u201d, disse. O an\u00fancio foi feito em coletiva de imprensa em Nova York.<img decoding=\"async\" src=\"https:\/\/agenciabrasil.ebc.com.br\/ebc.png?id=1430076&amp;o=node\"><img decoding=\"async\" src=\"https:\/\/agenciabrasil.ebc.com.br\/ebc.gif?id=1430076&amp;o=node\"><\/p>\n\n\n\n<figure class=\"wp-block-gallery columns-1 is-cropped wp-block-gallery-1 is-layout-flex wp-block-gallery-is-layout-flex\"><ul class=\"blocks-gallery-grid\"><li class=\"blocks-gallery-item\"><figure><img loading=\"lazy\" decoding=\"async\" width=\"675\" height=\"450\" src=\"https:\/\/aconteceunovale.com.br\/portal\/wp-content\/uploads\/2021\/12\/reveillon_paulista.jpeg\" alt=\"\" data-id=\"184377\" data-full-url=\"https:\/\/aconteceunovale.com.br\/portal\/wp-content\/uploads\/2021\/12\/reveillon_paulista.jpeg\" data-link=\"https:\/\/aconteceunovale.com.br\/portal\/?attachment_id=184377\" class=\"wp-image-184377\" srcset=\"https:\/\/aconteceunovale.com.br\/portal\/wp-content\/uploads\/2021\/12\/reveillon_paulista.jpeg 675w, https:\/\/aconteceunovale.com.br\/portal\/wp-content\/uploads\/2021\/12\/reveillon_paulista-300x200.jpeg 300w, https:\/\/aconteceunovale.com.br\/portal\/wp-content\/uploads\/2021\/12\/reveillon_paulista-630x420.jpeg 630w\" sizes=\"auto, (max-width: 675px) 100vw, 675px\" \/><figcaption class=\"blocks-gallery-item__caption\"><em>Foto: Marcelo Pereira\/Secom\/Prefeitura de S\u00e3o Paulo<\/em><\/figcaption><\/figure><\/li><\/ul><\/figure>\n\n\n\n<p>A cidade de S\u00e3o Paulo decidiu tamb\u00e9m pela continuidade da obrigatoriedade do uso de m\u00e1scaras em ambiente aberto. Segundo o prefeito, um estudo realizado pela Vigil\u00e2ncia Sanit\u00e1ria municipal analisou os efeitos da chegada da nova variante na cidade e estabeleceu que o momento atual \u00e9 de cautela.&nbsp;<\/p>\n\n\n\n<p>O governo do estado de S\u00e3o Paulo\u00a0optou pela mesma decis\u00e3o em rela\u00e7\u00e3o \u00e0s m\u00e1scaras.\u00a0<\/p>\n\n\n\n<p>Com rela\u00e7\u00e3o ao carnaval, o prefeito disse que haver\u00e1 tempo para a melhor tomada de decis\u00e3o.<\/p>\n\n\n\n<p>&#8212;&#8212;&#8212;&#8212;&#8212;&#8212;<br><em>Quer receber as not\u00edcias do <strong>Aconteceu no Vale<\/strong> em primeira m\u00e3o? Siga-nos no Facebook <a rel=\"noreferrer noopener\" href=\"http:\/\/facebook.com\/aconteceunovale\" target=\"_blank\">@aconteceunovale<\/a>, Twitter <a rel=\"noreferrer noopener\" href=\"https:\/\/twitter.com\/noticiadosvales\" target=\"_blank\">@noticiadosvales<\/a> e Instagram <a rel=\"noreferrer noopener\" href=\"https:\/\/www.instagram.com\/aconteceunovale\" target=\"_blank\">@aconteceunovale<\/a>.<\/em><\/p>\n","protected":false},"excerpt":{"rendered":"<p>O prefeito de S\u00e3o Paulo, Ricardo Nunes, informou nesta quinta-feira (2\/12\/2021) que a tradicional festa de r\u00e9veillon realizada na Avenida Paulista ser\u00e1 cancelada. \u201cO que pesou muito foi a quest\u00e3o da nova variante \u00d4micron\u201d, disse. O an\u00fancio foi feito em coletiva de imprensa em Nova York. A cidade de S\u00e3o Paulo decidiu tamb\u00e9m pela continuidade [&hellip;]<\/p>\n","protected":false},"author":4,"featured_media":184377,"comment_status":"open","ping_status":"closed","sticky":false,"template":"","format":"standard","meta":{"amp_status":"","footnotes":""},"categories":[6,125],"tags":[82393,255242,255240,255241,255239,133892,232873,232874,93703],"class_list":["post-184376","post","type-post","status-publish","format-standard","has-post-thumbnail","hentry","category-br","category-noticias","tag-avenida-paulista","tag-cancelamento-da-festa-de-reveillon-em-sao-paulo","tag-cancelamento-do-festa-de-reveillon-da-avenida-paulista","tag-festa-de-reveillon-de-sao-paulo","tag-festa-de-reveillon-na-avenida-paulista","tag-prefeito-de-sao-paulo","tag-reveillon-da-avenida-paulista","tag-reveillon-de-sao-paulo","tag-ricardo-nunes"],"_links":{"self":[{"href":"https:\/\/aconteceunovale.com.br\/portal\/index.php?rest_route=\/wp\/v2\/posts\/184376","targetHints":{"allow":["GET"]}}],"collection":[{"href":"https:\/\/aconteceunovale.com.br\/portal\/index.php?rest_route=\/wp\/v2\/posts"}],"about":[{"href":"https:\/\/aconteceunovale.com.br\/portal\/index.php?rest_route=\/wp\/v2\/types\/post"}],"author":[{"embeddable":true,"href":"https:\/\/aconteceunovale.com.br\/portal\/index.php?rest_route=\/wp\/v2\/users\/4"}],"replies":[{"embeddable":true,"href":"https:\/\/aconteceunovale.com.br\/portal\/index.php?rest_route=%2Fwp%2Fv2%2Fcomments&post=184376"}],"version-history":[{"count":1,"href":"https:\/\/aconteceunovale.com.br\/portal\/index.php?rest_route=\/wp\/v2\/posts\/184376\/revisions"}],"predecessor-version":[{"id":184378,"href":"https:\/\/aconteceunovale.com.br\/portal\/index.php?rest_route=\/wp\/v2\/posts\/184376\/revisions\/184378"}],"wp:featuredmedia":[{"embeddable":true,"href":"https:\/\/aconteceunovale.com.br\/portal\/index.php?rest_route=\/wp\/v2\/media\/184377"}],"wp:attachment":[{"href":"https:\/\/aconteceunovale.com.br\/portal\/index.php?rest_route=%2Fwp%2Fv2%2Fmedia&parent=184376"}],"wp:term":[{"taxonomy":"category","embeddable":true,"href":"https:\/\/aconteceunovale.com.br\/portal\/index.php?rest_route=%2Fwp%2Fv2%2Fcategories&post=184376"},{"taxonomy":"post_tag","embeddable":true,"href":"https:\/\/aconteceunovale.com.br\/portal\/index.php?rest_route=%2Fwp%2Fv2%2Ftags&post=184376"}],"curies":[{"name":"wp","href":"https:\/\/api.w.org\/{rel}","templated":true}]}}