{"id":184300,"date":"2021-11-30T22:45:51","date_gmt":"2021-12-01T01:45:51","guid":{"rendered":"https:\/\/aconteceunovale.com.br\/portal\/?p=184300"},"modified":"2021-11-30T22:46:55","modified_gmt":"2021-12-01T01:46:55","slug":"confira-dicas-para-evitar-acidentes-com-a-rede-eletrica-na-decoracao-natalina","status":"publish","type":"post","link":"https:\/\/aconteceunovale.com.br\/portal\/?p=184300","title":{"rendered":"Confira dicas para evitar acidentes com a rede el\u00e9trica na decora\u00e7\u00e3o natalina"},"content":{"rendered":"\n<p class=\"wp-block-paragraph\">A decora\u00e7\u00e3o natalina nas fachadas e nos interiores de resid\u00eancias, pr\u00e9dios e pra\u00e7as \u00e9 uma das principais tradi\u00e7\u00f5es desta \u00e9poca do ano. Essas instala\u00e7\u00f5es embelezam as cidades e as edifica\u00e7\u00f5es, mas requerem muita aten\u00e7\u00e3o, para que sejam evitados acidentes envolvendo choques el\u00e9tricos ou curtos-circuitos, que podem causar v\u00edtimas, inc\u00eandios e outros danos.<\/p>\n\n\n\n<figure class=\"wp-block-gallery columns-1 is-cropped wp-block-gallery-1 is-layout-flex wp-block-gallery-is-layout-flex\"><ul class=\"blocks-gallery-grid\"><li class=\"blocks-gallery-item\"><figure><img loading=\"lazy\" decoding=\"async\" width=\"678\" height=\"381\" src=\"https:\/\/aconteceunovale.com.br\/portal\/wp-content\/uploads\/2021\/11\/enfeite_de_natal.jpg\" alt=\"\" data-id=\"184301\" data-full-url=\"https:\/\/aconteceunovale.com.br\/portal\/wp-content\/uploads\/2021\/11\/enfeite_de_natal.jpg\" data-link=\"https:\/\/aconteceunovale.com.br\/portal\/?attachment_id=184301\" class=\"wp-image-184301\" srcset=\"https:\/\/aconteceunovale.com.br\/portal\/wp-content\/uploads\/2021\/11\/enfeite_de_natal.jpg 678w, https:\/\/aconteceunovale.com.br\/portal\/wp-content\/uploads\/2021\/11\/enfeite_de_natal-300x169.jpg 300w\" sizes=\"auto, (max-width: 678px) 100vw, 678px\" \/><figcaption class=\"blocks-gallery-item__caption\"><em>Foto: Divulga\u00e7\u00e3o \/ Prefeitura de Contagem<\/em><\/figcaption><\/figure><\/li><\/ul><\/figure>\n\n\n\n<p class=\"wp-block-paragraph\">Um dos principais pontos deve ser considerado j\u00e1 no ato da compra. De acordo com o engenheiro de Seguran\u00e7a do Trabalho Francis Nascimento, da&nbsp;<a href=\"https:\/\/www.cemig.com.br\/\" rel=\"noreferrer noopener\" target=\"_blank\">Cemig<\/a>, os enfeites luminosos devem apresentar o selo Inmetro para atestar a qualidade do produto.&nbsp;<\/p>\n\n\n\n<p class=\"wp-block-paragraph\">\u201c\u00c9 muito comum as pessoas n\u00e3o darem muita import\u00e2ncia para a proced\u00eancia do enfeite luminoso. Mas um produto que possua a qualidade aprovada pelo Inmetro \u00e9 fundamental para a preven\u00e7\u00e3o de acidentes. Itens com qualidade duvidosa podem causar uma s\u00e9rie de transtornos, como choque el\u00e9trico e curtos-circuitos\u201d, alerta o especialista.<\/p>\n\n\n\n<p class=\"wp-block-paragraph\">Al\u00e9m disso, Francis Nascimento ressalta que as pessoas devem dar prefer\u00eancia a enfeites luminosos com l\u00e2mpadas de led. \u201cAs l\u00e2mpadas de led v\u00e3o proporcionar um consumo mais consciente de energia el\u00e9trica. Al\u00e9m disso, elas s\u00e3o mais dur\u00e1veis e podem ser utilizadas tanto em ambientes internos quanto externos, sem que haja o risco de superaquecerem\u201d, explica.&nbsp;<\/p>\n\n\n\n<h2 class=\"wp-block-heading\"><strong>Cuidados na instala\u00e7\u00e3o<\/strong><\/h2>\n\n\n\n<p class=\"wp-block-paragraph\">Instala\u00e7\u00f5es feitas de forma incorreta trazem um grande risco para a popula\u00e7\u00e3o. A coloca\u00e7\u00e3o dos enfeites deve ser feita de modo seguro, de acordo com a especifica\u00e7\u00e3o t\u00e9cnica de cada equipamento e, principalmente, evitando as gambiarras.<\/p>\n\n\n\n<p class=\"wp-block-paragraph\">\u201cS\u00e3o consideradas gambiarras as instala\u00e7\u00f5es que utilizam diversos fios e adaptadores (benjamins ou \u2018Ts\u2019) para realizar a liga\u00e7\u00e3o de diversos enfeites em uma \u00fanica tomada. Esses dispositivos provocam sobrecarga e, consequentemente, o mau funcionamento dos aparelhos, podendo causar choque el\u00e9trico e princ\u00edpios de inc\u00eandio\u201d, afirma o engenheiro de Seguran\u00e7a do Trabalho da Cemig.&nbsp;<\/p>\n\n\n\n<p class=\"wp-block-paragraph\">A instala\u00e7\u00e3o de ornamentos luminosos em \u00e1reas externas merece aten\u00e7\u00e3o devido \u00e0 exposi\u00e7\u00e3o a elementos naturais, como vento e chuva. O engenheiro eletricista alerta para a necessidade de prote\u00e7\u00e3o dos pontos das conex\u00f5es e das tomadas, al\u00e9m da dist\u00e2ncia de 1,5 metro da rede el\u00e9trica , nos casos de instala\u00e7\u00e3o de l\u00e2mpadas decorativas em fachadas, muros, jardins e \u00e1rvores.<\/p>\n\n\n\n<p class=\"wp-block-paragraph\">\u201cRecomenda-se, ainda, instalar enfeites em locais fora do alcance de crian\u00e7as e animais dom\u00e9sticos. Em caso de \u00e1rvores de Natal com ilumina\u00e7\u00e3o instalada no ch\u00e3o, uma sugest\u00e3o \u00e9 criar uma barreira f\u00edsica com caixas embrulhadas de presentes para impedir o acesso aos enfeites el\u00e9tricos\u201d, orienta o especialista.<\/p>\n\n\n\n<p class=\"wp-block-paragraph\">O tempo de uso dos enfeites luminosos tamb\u00e9m \u00e9 importante para que o risco de acidentes seja o menor poss\u00edvel. \u201cPelo fato de ficarem muito tempo guardados, o cabeamento dos produtos pode apresentar problemas de desgaste no isolamento e provocar um curto-circuito\u201d, lembra Francis Nascimento.<\/p>\n\n\n\n<p class=\"wp-block-paragraph\">&#8212;&#8212;&#8212;&#8212;&#8212;&#8212;<br><em>Quer receber as not\u00edcias do <strong>Aconteceu no Vale<\/strong> em primeira m\u00e3o? Siga-nos no Facebook <a rel=\"noreferrer noopener\" href=\"http:\/\/facebook.com\/aconteceunovale\" target=\"_blank\">@aconteceunovale<\/a>, Twitter <a rel=\"noreferrer noopener\" href=\"https:\/\/twitter.com\/noticiadosvales\" target=\"_blank\">@noticiadosvales<\/a> e Instagram <a rel=\"noreferrer noopener\" href=\"https:\/\/www.instagram.com\/aconteceunovale\" target=\"_blank\">@aconteceunovale<\/a>.<\/em><\/p>\n","protected":false},"excerpt":{"rendered":"<p>A decora\u00e7\u00e3o natalina nas fachadas e nos interiores de resid\u00eancias, pr\u00e9dios e pra\u00e7as \u00e9 uma das principais tradi\u00e7\u00f5es desta \u00e9poca do ano. Essas instala\u00e7\u00f5es embelezam as cidades e as edifica\u00e7\u00f5es, mas requerem muita aten\u00e7\u00e3o, para que sejam evitados acidentes envolvendo choques el\u00e9tricos ou curtos-circuitos, que podem causar v\u00edtimas, inc\u00eandios e outros danos. Um dos principais [&hellip;]<\/p>\n","protected":false},"author":4,"featured_media":184301,"comment_status":"open","ping_status":"closed","sticky":false,"template":"","format":"standard","meta":{"amp_status":"","footnotes":""},"categories":[123],"tags":[209278,347,255139,255138,255137,230861,25640],"class_list":["post-184300","post","type-post","status-publish","format-standard","has-post-thumbnail","hentry","category-gerais","tag-acidentes-com-rede-eletrica","tag-cemig","tag-cuidados-na-instalacao-de-decoracao-natalina","tag-decoracao-natalina","tag-dicas-para-evitar-acidentes-com-rede-eletrica","tag-francis-nascimento","tag-instalacao-de-decoracao-natalina"],"yoast_head":"<!-- This site is optimized with the Yoast SEO plugin v28.3 - https:\/\/yoast.com\/product\/yoast-seo-wordpress\/ -->\n<title>Confira dicas para evitar acidentes com a rede el\u00e9trica na decora\u00e7\u00e3o natalina - Aconteceu no Vale<\/title>\n<meta name=\"robots\" content=\"index, follow, max-snippet:-1, max-image-preview:large, max-video-preview:-1\" \/>\n<link rel=\"canonical\" href=\"https:\/\/aconteceunovale.com.br\/portal\/?p=184300\" \/>\n<meta property=\"og:locale\" content=\"pt_BR\" \/>\n<meta property=\"og:type\" content=\"article\" \/>\n<meta property=\"og:title\" content=\"Confira dicas para evitar acidentes com a rede el\u00e9trica na decora\u00e7\u00e3o natalina - Aconteceu no Vale\" \/>\n<meta property=\"og:description\" content=\"A decora\u00e7\u00e3o natalina nas fachadas e nos interiores de resid\u00eancias, pr\u00e9dios e pra\u00e7as \u00e9 uma das principais tradi\u00e7\u00f5es desta \u00e9poca do ano. Essas instala\u00e7\u00f5es embelezam as cidades e as edifica\u00e7\u00f5es, mas requerem muita aten\u00e7\u00e3o, para que sejam evitados acidentes envolvendo choques el\u00e9tricos ou curtos-circuitos, que podem causar v\u00edtimas, inc\u00eandios e outros danos. Um dos principais [&hellip;]\" \/>\n<meta property=\"og:url\" content=\"https:\/\/aconteceunovale.com.br\/portal\/?p=184300\" \/>\n<meta property=\"og:site_name\" content=\"Aconteceu no Vale\" \/>\n<meta property=\"article:publisher\" content=\"https:\/\/www.facebook.com\/aconteceunovale\/\" \/>\n<meta property=\"article:published_time\" content=\"2021-12-01T01:45:51+00:00\" \/>\n<meta property=\"article:modified_time\" content=\"2021-12-01T01:46:55+00:00\" \/>\n<meta property=\"og:image\" content=\"https:\/\/aconteceunovale.com.br\/portal\/wp-content\/uploads\/2021\/11\/enfeite_de_natal.jpg\" \/>\n\t<meta property=\"og:image:width\" content=\"678\" \/>\n\t<meta property=\"og:image:height\" content=\"381\" \/>\n\t<meta property=\"og:image:type\" content=\"image\/jpeg\" \/>\n<meta name=\"author\" content=\"Reda\u00e7\u00e3o Aconteceu no Vale\" \/>\n<meta name=\"twitter:card\" content=\"summary_large_image\" \/>\n<meta name=\"twitter:creator\" content=\"@noticiadosvales\" \/>\n<meta name=\"twitter:site\" content=\"@noticiadosvales\" \/>\n<meta name=\"twitter:label1\" content=\"Escrito por\" \/>\n\t<meta name=\"twitter:data1\" content=\"Reda\u00e7\u00e3o Aconteceu no Vale\" \/>\n\t<meta name=\"twitter:label2\" content=\"Est. tempo de leitura\" \/>\n\t<meta name=\"twitter:data2\" content=\"3 minutos\" \/>\n<script type=\"application\/ld+json\" class=\"yoast-schema-graph\">{\"@context\":\"https:\\\/\\\/schema.org\",\"@graph\":[{\"@type\":\"Article\",\"@id\":\"https:\\\/\\\/aconteceunovale.com.br\\\/portal\\\/?p=184300#article\",\"isPartOf\":{\"@id\":\"https:\\\/\\\/aconteceunovale.com.br\\\/portal\\\/?p=184300\"},\"author\":{\"name\":\"Reda\u00e7\u00e3o Aconteceu no Vale\",\"@id\":\"https:\\\/\\\/aconteceunovale.com.br\\\/portal\\\/#\\\/schema\\\/person\\\/7d2f26d1483f8a63de73da1ee0754d35\"},\"headline\":\"Confira dicas para evitar acidentes com a rede el\u00e9trica na decora\u00e7\u00e3o natalina\",\"datePublished\":\"2021-12-01T01:45:51+00:00\",\"dateModified\":\"2021-12-01T01:46:55+00:00\",\"mainEntityOfPage\":{\"@id\":\"https:\\\/\\\/aconteceunovale.com.br\\\/portal\\\/?p=184300\"},\"wordCount\":537,\"commentCount\":0,\"image\":{\"@id\":\"https:\\\/\\\/aconteceunovale.com.br\\\/portal\\\/?p=184300#primaryimage\"},\"thumbnailUrl\":\"https:\\\/\\\/aconteceunovale.com.br\\\/portal\\\/wp-content\\\/uploads\\\/2021\\\/11\\\/enfeite_de_natal.jpg\",\"keywords\":[\"Acidentes com rede el\u00e9trica\",\"cemig\",\"Cuidados na instala\u00e7\u00e3o de decora\u00e7\u00e3o natalina\",\"Decora\u00e7\u00e3o natalina\",\"Dicas para evitar acidentes com rede el\u00e9trica\",\"Francis Nascimento\",\"instala\u00e7\u00e3o de decora\u00e7\u00e3o natalina\"],\"articleSection\":[\"Minas Gerais\"],\"inLanguage\":\"pt-BR\",\"potentialAction\":[{\"@type\":\"CommentAction\",\"name\":\"Comment\",\"target\":[\"https:\\\/\\\/aconteceunovale.com.br\\\/portal\\\/?p=184300#respond\"]}]},{\"@type\":\"WebPage\",\"@id\":\"https:\\\/\\\/aconteceunovale.com.br\\\/portal\\\/?p=184300\",\"url\":\"https:\\\/\\\/aconteceunovale.com.br\\\/portal\\\/?p=184300\",\"name\":\"Confira dicas para evitar acidentes com a rede el\u00e9trica na decora\u00e7\u00e3o natalina - Aconteceu no Vale\",\"isPartOf\":{\"@id\":\"https:\\\/\\\/aconteceunovale.com.br\\\/portal\\\/#website\"},\"primaryImageOfPage\":{\"@id\":\"https:\\\/\\\/aconteceunovale.com.br\\\/portal\\\/?p=184300#primaryimage\"},\"image\":{\"@id\":\"https:\\\/\\\/aconteceunovale.com.br\\\/portal\\\/?p=184300#primaryimage\"},\"thumbnailUrl\":\"https:\\\/\\\/aconteceunovale.com.br\\\/portal\\\/wp-content\\\/uploads\\\/2021\\\/11\\\/enfeite_de_natal.jpg\",\"datePublished\":\"2021-12-01T01:45:51+00:00\",\"dateModified\":\"2021-12-01T01:46:55+00:00\",\"author\":{\"@id\":\"https:\\\/\\\/aconteceunovale.com.br\\\/portal\\\/#\\\/schema\\\/person\\\/7d2f26d1483f8a63de73da1ee0754d35\"},\"breadcrumb\":{\"@id\":\"https:\\\/\\\/aconteceunovale.com.br\\\/portal\\\/?p=184300#breadcrumb\"},\"inLanguage\":\"pt-BR\",\"potentialAction\":[{\"@type\":\"ReadAction\",\"target\":[\"https:\\\/\\\/aconteceunovale.com.br\\\/portal\\\/?p=184300\"]}]},{\"@type\":\"ImageObject\",\"inLanguage\":\"pt-BR\",\"@id\":\"https:\\\/\\\/aconteceunovale.com.br\\\/portal\\\/?p=184300#primaryimage\",\"url\":\"https:\\\/\\\/aconteceunovale.com.br\\\/portal\\\/wp-content\\\/uploads\\\/2021\\\/11\\\/enfeite_de_natal.jpg\",\"contentUrl\":\"https:\\\/\\\/aconteceunovale.com.br\\\/portal\\\/wp-content\\\/uploads\\\/2021\\\/11\\\/enfeite_de_natal.jpg\",\"width\":678,\"height\":381},{\"@type\":\"BreadcrumbList\",\"@id\":\"https:\\\/\\\/aconteceunovale.com.br\\\/portal\\\/?p=184300#breadcrumb\",\"itemListElement\":[{\"@type\":\"ListItem\",\"position\":1,\"name\":\"In\u00edcio\",\"item\":\"https:\\\/\\\/aconteceunovale.com.br\\\/portal\\\/\"},{\"@type\":\"ListItem\",\"position\":2,\"name\":\"Confira dicas para evitar acidentes com a rede el\u00e9trica na decora\u00e7\u00e3o natalina\"}]},{\"@type\":\"WebSite\",\"@id\":\"https:\\\/\\\/aconteceunovale.com.br\\\/portal\\\/#website\",\"url\":\"https:\\\/\\\/aconteceunovale.com.br\\\/portal\\\/\",\"name\":\"Aconteceu no Vale\",\"description\":\"Portal de Not\u00edcias\",\"potentialAction\":[{\"@type\":\"SearchAction\",\"target\":{\"@type\":\"EntryPoint\",\"urlTemplate\":\"https:\\\/\\\/aconteceunovale.com.br\\\/portal\\\/?s={search_term_string}\"},\"query-input\":{\"@type\":\"PropertyValueSpecification\",\"valueRequired\":true,\"valueName\":\"search_term_string\"}}],\"inLanguage\":\"pt-BR\"},{\"@type\":\"Person\",\"@id\":\"https:\\\/\\\/aconteceunovale.com.br\\\/portal\\\/#\\\/schema\\\/person\\\/7d2f26d1483f8a63de73da1ee0754d35\",\"name\":\"Reda\u00e7\u00e3o Aconteceu no Vale\",\"description\":\"Equipe de reportagem do Aconteceu no Vale, portal de not\u00edcias do Vale do Jequitinhonha, em Minas Gerais. Cobrimos as 51 cidades do Vale desde 2013. Sugest\u00f5es de pauta e pedidos de corre\u00e7\u00e3o: contato@aconteceunovale.com.br\",\"url\":\"https:\\\/\\\/aconteceunovale.com.br\\\/portal\\\/?author=4\"}]}<\/script>\n<!-- \/ Yoast SEO plugin. -->","yoast_head_json":{"title":"Confira dicas para evitar acidentes com a rede el\u00e9trica na decora\u00e7\u00e3o natalina - Aconteceu no Vale","robots":{"index":"index","follow":"follow","max-snippet":"max-snippet:-1","max-image-preview":"max-image-preview:large","max-video-preview":"max-video-preview:-1"},"canonical":"https:\/\/aconteceunovale.com.br\/portal\/?p=184300","og_locale":"pt_BR","og_type":"article","og_title":"Confira dicas para evitar acidentes com a rede el\u00e9trica na decora\u00e7\u00e3o natalina - Aconteceu no Vale","og_description":"A decora\u00e7\u00e3o natalina nas fachadas e nos interiores de resid\u00eancias, pr\u00e9dios e pra\u00e7as \u00e9 uma das principais tradi\u00e7\u00f5es desta \u00e9poca do ano. Essas instala\u00e7\u00f5es embelezam as cidades e as edifica\u00e7\u00f5es, mas requerem muita aten\u00e7\u00e3o, para que sejam evitados acidentes envolvendo choques el\u00e9tricos ou curtos-circuitos, que podem causar v\u00edtimas, inc\u00eandios e outros danos. Um dos principais [&hellip;]","og_url":"https:\/\/aconteceunovale.com.br\/portal\/?p=184300","og_site_name":"Aconteceu no Vale","article_publisher":"https:\/\/www.facebook.com\/aconteceunovale\/","article_published_time":"2021-12-01T01:45:51+00:00","article_modified_time":"2021-12-01T01:46:55+00:00","og_image":[{"width":678,"height":381,"url":"https:\/\/aconteceunovale.com.br\/portal\/wp-content\/uploads\/2021\/11\/enfeite_de_natal.jpg","type":"image\/jpeg"}],"author":"Reda\u00e7\u00e3o Aconteceu no Vale","twitter_card":"summary_large_image","twitter_creator":"@noticiadosvales","twitter_site":"@noticiadosvales","twitter_misc":{"Escrito por":"Reda\u00e7\u00e3o Aconteceu no Vale","Est. tempo de leitura":"3 minutos"},"schema":{"@context":"https:\/\/schema.org","@graph":[{"@type":"Article","@id":"https:\/\/aconteceunovale.com.br\/portal\/?p=184300#article","isPartOf":{"@id":"https:\/\/aconteceunovale.com.br\/portal\/?p=184300"},"author":{"name":"Reda\u00e7\u00e3o Aconteceu no Vale","@id":"https:\/\/aconteceunovale.com.br\/portal\/#\/schema\/person\/7d2f26d1483f8a63de73da1ee0754d35"},"headline":"Confira dicas para evitar acidentes com a rede el\u00e9trica na decora\u00e7\u00e3o natalina","datePublished":"2021-12-01T01:45:51+00:00","dateModified":"2021-12-01T01:46:55+00:00","mainEntityOfPage":{"@id":"https:\/\/aconteceunovale.com.br\/portal\/?p=184300"},"wordCount":537,"commentCount":0,"image":{"@id":"https:\/\/aconteceunovale.com.br\/portal\/?p=184300#primaryimage"},"thumbnailUrl":"https:\/\/aconteceunovale.com.br\/portal\/wp-content\/uploads\/2021\/11\/enfeite_de_natal.jpg","keywords":["Acidentes com rede el\u00e9trica","cemig","Cuidados na instala\u00e7\u00e3o de decora\u00e7\u00e3o natalina","Decora\u00e7\u00e3o natalina","Dicas para evitar acidentes com rede el\u00e9trica","Francis Nascimento","instala\u00e7\u00e3o de decora\u00e7\u00e3o natalina"],"articleSection":["Minas Gerais"],"inLanguage":"pt-BR","potentialAction":[{"@type":"CommentAction","name":"Comment","target":["https:\/\/aconteceunovale.com.br\/portal\/?p=184300#respond"]}]},{"@type":"WebPage","@id":"https:\/\/aconteceunovale.com.br\/portal\/?p=184300","url":"https:\/\/aconteceunovale.com.br\/portal\/?p=184300","name":"Confira dicas para evitar acidentes com a rede el\u00e9trica na decora\u00e7\u00e3o natalina - Aconteceu no Vale","isPartOf":{"@id":"https:\/\/aconteceunovale.com.br\/portal\/#website"},"primaryImageOfPage":{"@id":"https:\/\/aconteceunovale.com.br\/portal\/?p=184300#primaryimage"},"image":{"@id":"https:\/\/aconteceunovale.com.br\/portal\/?p=184300#primaryimage"},"thumbnailUrl":"https:\/\/aconteceunovale.com.br\/portal\/wp-content\/uploads\/2021\/11\/enfeite_de_natal.jpg","datePublished":"2021-12-01T01:45:51+00:00","dateModified":"2021-12-01T01:46:55+00:00","author":{"@id":"https:\/\/aconteceunovale.com.br\/portal\/#\/schema\/person\/7d2f26d1483f8a63de73da1ee0754d35"},"breadcrumb":{"@id":"https:\/\/aconteceunovale.com.br\/portal\/?p=184300#breadcrumb"},"inLanguage":"pt-BR","potentialAction":[{"@type":"ReadAction","target":["https:\/\/aconteceunovale.com.br\/portal\/?p=184300"]}]},{"@type":"ImageObject","inLanguage":"pt-BR","@id":"https:\/\/aconteceunovale.com.br\/portal\/?p=184300#primaryimage","url":"https:\/\/aconteceunovale.com.br\/portal\/wp-content\/uploads\/2021\/11\/enfeite_de_natal.jpg","contentUrl":"https:\/\/aconteceunovale.com.br\/portal\/wp-content\/uploads\/2021\/11\/enfeite_de_natal.jpg","width":678,"height":381},{"@type":"BreadcrumbList","@id":"https:\/\/aconteceunovale.com.br\/portal\/?p=184300#breadcrumb","itemListElement":[{"@type":"ListItem","position":1,"name":"In\u00edcio","item":"https:\/\/aconteceunovale.com.br\/portal\/"},{"@type":"ListItem","position":2,"name":"Confira dicas para evitar acidentes com a rede el\u00e9trica na decora\u00e7\u00e3o natalina"}]},{"@type":"WebSite","@id":"https:\/\/aconteceunovale.com.br\/portal\/#website","url":"https:\/\/aconteceunovale.com.br\/portal\/","name":"Aconteceu no Vale","description":"Portal de Not\u00edcias","potentialAction":[{"@type":"SearchAction","target":{"@type":"EntryPoint","urlTemplate":"https:\/\/aconteceunovale.com.br\/portal\/?s={search_term_string}"},"query-input":{"@type":"PropertyValueSpecification","valueRequired":true,"valueName":"search_term_string"}}],"inLanguage":"pt-BR"},{"@type":"Person","@id":"https:\/\/aconteceunovale.com.br\/portal\/#\/schema\/person\/7d2f26d1483f8a63de73da1ee0754d35","name":"Reda\u00e7\u00e3o Aconteceu no Vale","description":"Equipe de reportagem do Aconteceu no Vale, portal de not\u00edcias do Vale do Jequitinhonha, em Minas Gerais. Cobrimos as 51 cidades do Vale desde 2013. Sugest\u00f5es de pauta e pedidos de corre\u00e7\u00e3o: contato@aconteceunovale.com.br","url":"https:\/\/aconteceunovale.com.br\/portal\/?author=4"}]}},"_links":{"self":[{"href":"https:\/\/aconteceunovale.com.br\/portal\/index.php?rest_route=\/wp\/v2\/posts\/184300","targetHints":{"allow":["GET"]}}],"collection":[{"href":"https:\/\/aconteceunovale.com.br\/portal\/index.php?rest_route=\/wp\/v2\/posts"}],"about":[{"href":"https:\/\/aconteceunovale.com.br\/portal\/index.php?rest_route=\/wp\/v2\/types\/post"}],"author":[{"embeddable":true,"href":"https:\/\/aconteceunovale.com.br\/portal\/index.php?rest_route=\/wp\/v2\/users\/4"}],"replies":[{"embeddable":true,"href":"https:\/\/aconteceunovale.com.br\/portal\/index.php?rest_route=%2Fwp%2Fv2%2Fcomments&post=184300"}],"version-history":[{"count":1,"href":"https:\/\/aconteceunovale.com.br\/portal\/index.php?rest_route=\/wp\/v2\/posts\/184300\/revisions"}],"predecessor-version":[{"id":184302,"href":"https:\/\/aconteceunovale.com.br\/portal\/index.php?rest_route=\/wp\/v2\/posts\/184300\/revisions\/184302"}],"wp:featuredmedia":[{"embeddable":true,"href":"https:\/\/aconteceunovale.com.br\/portal\/index.php?rest_route=\/wp\/v2\/media\/184301"}],"wp:attachment":[{"href":"https:\/\/aconteceunovale.com.br\/portal\/index.php?rest_route=%2Fwp%2Fv2%2Fmedia&parent=184300"}],"wp:term":[{"taxonomy":"category","embeddable":true,"href":"https:\/\/aconteceunovale.com.br\/portal\/index.php?rest_route=%2Fwp%2Fv2%2Fcategories&post=184300"},{"taxonomy":"post_tag","embeddable":true,"href":"https:\/\/aconteceunovale.com.br\/portal\/index.php?rest_route=%2Fwp%2Fv2%2Ftags&post=184300"}],"curies":[{"name":"wp","href":"https:\/\/api.w.org\/{rel}","templated":true}]}}