{"id":184291,"date":"2021-11-30T19:09:30","date_gmt":"2021-11-30T22:09:30","guid":{"rendered":"https:\/\/aconteceunovale.com.br\/portal\/?p=184291"},"modified":"2021-11-30T19:09:56","modified_gmt":"2021-11-30T22:09:56","slug":"bolsonaro-assina-filiacao-ao-partido-liberal","status":"publish","type":"post","link":"https:\/\/aconteceunovale.com.br\/portal\/?p=184291","title":{"rendered":"Bolsonaro assina filia\u00e7\u00e3o ao Partido Liberal"},"content":{"rendered":"\n<p class=\"wp-block-paragraph\">O presidente Jair Bolsonaro se filiou hoje (30\/11\/2021) ao Partido Liberal (PL). O ato de assinatura da ficha de filia\u00e7\u00e3o foi realizado nesta manh\u00e3 durante uma cerim\u00f4nia promovida pela legenda.<img decoding=\"async\" src=\"https:\/\/agenciabrasil.ebc.com.br\/ebc.png?id=1429721&amp;o=node\"><img decoding=\"async\" src=\"https:\/\/agenciabrasil.ebc.com.br\/ebc.gif?id=1429721&amp;o=node\"><\/p>\n\n\n\n<figure class=\"wp-block-gallery columns-1 is-cropped wp-block-gallery-1 is-layout-flex wp-block-gallery-is-layout-flex\"><ul class=\"blocks-gallery-grid\"><li class=\"blocks-gallery-item\"><figure><img loading=\"lazy\" decoding=\"async\" width=\"678\" height=\"406\" src=\"https:\/\/aconteceunovale.com.br\/portal\/wp-content\/uploads\/2021\/11\/bolsonaro.jpg\" alt=\"\" data-id=\"184292\" data-full-url=\"https:\/\/aconteceunovale.com.br\/portal\/wp-content\/uploads\/2021\/11\/bolsonaro.jpg\" data-link=\"https:\/\/aconteceunovale.com.br\/portal\/?attachment_id=184292\" class=\"wp-image-184292\" srcset=\"https:\/\/aconteceunovale.com.br\/portal\/wp-content\/uploads\/2021\/11\/bolsonaro.jpg 678w, https:\/\/aconteceunovale.com.br\/portal\/wp-content\/uploads\/2021\/11\/bolsonaro-300x180.jpg 300w\" sizes=\"auto, (max-width: 678px) 100vw, 678px\" \/><figcaption class=\"blocks-gallery-item__caption\"><em>Jair Bolsonaro &#8211; Foto: Marcelo Camargo\/Ag\u00eancia Brasil<\/em><\/figcaption><\/figure><\/li><\/ul><\/figure>\n\n\n\n<p class=\"wp-block-paragraph\">Eleito em 2018 pelo PSL, Bolsonaro deixou o partido em novembro de 2019 e n\u00e3o estava filiado a nenhuma agremia\u00e7\u00e3o. A condi\u00e7\u00e3o \u00e9 necess\u00e1ria para a disputa das elei\u00e7\u00f5es gerais de 2022. At\u00e9 o momento, a eventual candidatura do presidente \u00e0 reelei\u00e7\u00e3o n\u00e3o foi oficializada.<\/p>\n\n\n\n<p class=\"wp-block-paragraph\">Durante o evento, Bolsonaro destacou que a cerim\u00f4nia foi uma simples filia\u00e7\u00e3o ao partido e que n\u00e3o estava \u201clan\u00e7ando ningu\u00e9m a cargo nenhum\u201d.<\/p>\n\n\n\n<p class=\"wp-block-paragraph\">&#8220;Estou me sentindo aqui em casa, dentro do Congresso Nacional, aquele plen\u00e1rio da C\u00e2mara dos Deputados, tendo em vista a quantidade enorme de parlamentares aqui presentes. Voc\u00eas me trazem lembran\u00e7as agrad\u00e1veis, lembran\u00e7as de luta, de embate, mas, acima de tudo, momentos em que n\u00f3s, juntos, fizemos pelo nosso pa\u00eds. Eu vim do meio de voc\u00eas. Fiquei 28 anos dentro da C\u00e2mara dos Deputados\u201d, disse.<\/p>\n\n\n\n<p class=\"wp-block-paragraph\">Pelas redes sociais, o ministro do Desenvolvimento Regional, Rog\u00e9rio Marinho, confirmou que tamb\u00e9m se filiou ao partido e que ser\u00e1 pr\u00e9-candidato ao Senado pelo Rio Grande do Norte.<\/p>\n\n\n\n<p class=\"wp-block-paragraph\">&#8212;&#8212;&#8212;&#8212;&#8212;&#8212;<br><em>Quer receber as not\u00edcias do <strong>Aconteceu no Vale<\/strong> em primeira m\u00e3o? Siga-nos no Facebook <a rel=\"noreferrer noopener\" href=\"http:\/\/facebook.com\/aconteceunovale\" target=\"_blank\">@aconteceunovale<\/a>, Twitter <a rel=\"noreferrer noopener\" href=\"https:\/\/twitter.com\/noticiadosvales\" target=\"_blank\">@noticiadosvales<\/a> e Instagram <a rel=\"noreferrer noopener\" href=\"https:\/\/www.instagram.com\/aconteceunovale\" target=\"_blank\">@aconteceunovale<\/a>.<\/em><\/p>\n","protected":false},"excerpt":{"rendered":"<p>O presidente Jair Bolsonaro se filiou hoje (30\/11\/2021) ao Partido Liberal (PL). O ato de assinatura da ficha de filia\u00e7\u00e3o foi realizado nesta manh\u00e3 durante uma cerim\u00f4nia promovida pela legenda. Eleito em 2018 pelo PSL, Bolsonaro deixou o partido em novembro de 2019 e n\u00e3o estava filiado a nenhuma agremia\u00e7\u00e3o. A condi\u00e7\u00e3o \u00e9 necess\u00e1ria para [&hellip;]<\/p>\n","protected":false},"author":4,"featured_media":184292,"comment_status":"open","ping_status":"closed","sticky":false,"template":"","format":"standard","meta":{"amp_status":"","footnotes":""},"categories":[6,249933,40240],"tags":[100375,255132,4606,1018,26436,210588,254814,243991,254811,254810,254812,243467,20321,174222,254813],"class_list":["post-184291","post","type-post","status-publish","format-standard","has-post-thumbnail","hentry","category-br","category-eleicoes-2022","category-politica","tag-bolsonaro","tag-bolsonaro-assina-filiacao-ao-partido-liberal","tag-brasilia","tag-destaque","tag-jair-bolsonaro","tag-novo-partido-de-bolsonaro","tag-novo-partido-de-jair-bolsonaro","tag-partido-liberal","tag-partido-liberal-anuncia-filiacao-de-bolsonaro","tag-partido-liberal-anuncia-filiacao-de-jair-bolsonaro","tag-partido-liberal-anuncia-filiacao-do-presidente-jair-bolsonaro","tag-pl","tag-presidente-da-republica","tag-presidente-jair-bolsonaro","tag-valdemar-costa-neto"],"yoast_head":"<!-- This site is optimized with the Yoast SEO plugin v28.3 - https:\/\/yoast.com\/product\/yoast-seo-wordpress\/ -->\n<title>Bolsonaro assina filia\u00e7\u00e3o ao Partido Liberal - Aconteceu no Vale<\/title>\n<meta name=\"robots\" content=\"index, follow, max-snippet:-1, max-image-preview:large, max-video-preview:-1\" \/>\n<link rel=\"canonical\" href=\"https:\/\/aconteceunovale.com.br\/portal\/?p=184291\" \/>\n<meta property=\"og:locale\" content=\"pt_BR\" \/>\n<meta property=\"og:type\" content=\"article\" \/>\n<meta property=\"og:title\" content=\"Bolsonaro assina filia\u00e7\u00e3o ao Partido Liberal - Aconteceu no Vale\" \/>\n<meta property=\"og:description\" content=\"O presidente Jair Bolsonaro se filiou hoje (30\/11\/2021) ao Partido Liberal (PL). O ato de assinatura da ficha de filia\u00e7\u00e3o foi realizado nesta manh\u00e3 durante uma cerim\u00f4nia promovida pela legenda. Eleito em 2018 pelo PSL, Bolsonaro deixou o partido em novembro de 2019 e n\u00e3o estava filiado a nenhuma agremia\u00e7\u00e3o. A condi\u00e7\u00e3o \u00e9 necess\u00e1ria para [&hellip;]\" \/>\n<meta property=\"og:url\" content=\"https:\/\/aconteceunovale.com.br\/portal\/?p=184291\" \/>\n<meta property=\"og:site_name\" content=\"Aconteceu no Vale\" \/>\n<meta property=\"article:publisher\" content=\"https:\/\/www.facebook.com\/aconteceunovale\/\" \/>\n<meta property=\"article:published_time\" content=\"2021-11-30T22:09:30+00:00\" \/>\n<meta property=\"article:modified_time\" content=\"2021-11-30T22:09:56+00:00\" \/>\n<meta property=\"og:image\" content=\"https:\/\/aconteceunovale.com.br\/portal\/wp-content\/uploads\/2021\/11\/bolsonaro.jpg\" \/>\n\t<meta property=\"og:image:width\" content=\"678\" \/>\n\t<meta property=\"og:image:height\" content=\"406\" \/>\n\t<meta property=\"og:image:type\" content=\"image\/jpeg\" \/>\n<meta name=\"author\" content=\"Reda\u00e7\u00e3o Aconteceu no Vale\" \/>\n<meta name=\"twitter:card\" content=\"summary_large_image\" \/>\n<meta name=\"twitter:creator\" content=\"@noticiadosvales\" \/>\n<meta name=\"twitter:site\" content=\"@noticiadosvales\" \/>\n<meta name=\"twitter:label1\" content=\"Escrito por\" \/>\n\t<meta name=\"twitter:data1\" content=\"Reda\u00e7\u00e3o Aconteceu no Vale\" \/>\n\t<meta name=\"twitter:label2\" content=\"Est. tempo de leitura\" \/>\n\t<meta name=\"twitter:data2\" content=\"1 minuto\" \/>\n<script type=\"application\/ld+json\" class=\"yoast-schema-graph\">{\"@context\":\"https:\\\/\\\/schema.org\",\"@graph\":[{\"@type\":\"Article\",\"@id\":\"https:\\\/\\\/aconteceunovale.com.br\\\/portal\\\/?p=184291#article\",\"isPartOf\":{\"@id\":\"https:\\\/\\\/aconteceunovale.com.br\\\/portal\\\/?p=184291\"},\"author\":{\"name\":\"Reda\u00e7\u00e3o Aconteceu no Vale\",\"@id\":\"https:\\\/\\\/aconteceunovale.com.br\\\/portal\\\/#\\\/schema\\\/person\\\/7d2f26d1483f8a63de73da1ee0754d35\"},\"headline\":\"Bolsonaro assina filia\u00e7\u00e3o ao Partido Liberal\",\"datePublished\":\"2021-11-30T22:09:30+00:00\",\"dateModified\":\"2021-11-30T22:09:56+00:00\",\"mainEntityOfPage\":{\"@id\":\"https:\\\/\\\/aconteceunovale.com.br\\\/portal\\\/?p=184291\"},\"wordCount\":249,\"commentCount\":0,\"image\":{\"@id\":\"https:\\\/\\\/aconteceunovale.com.br\\\/portal\\\/?p=184291#primaryimage\"},\"thumbnailUrl\":\"https:\\\/\\\/aconteceunovale.com.br\\\/portal\\\/wp-content\\\/uploads\\\/2021\\\/11\\\/bolsonaro.jpg\",\"keywords\":[\"Bolsonaro\",\"Bolsonaro assina filia\u00e7\u00e3o ao Partido Liberal\",\"Bras\u00edlia\",\"destaque\",\"Jair Bolsonaro\",\"Novo partido de Bolsonaro\",\"Novo partido de Jair Bolsonaro\",\"Partido Liberal\",\"Partido Liberal anuncia filia\u00e7\u00e3o de Bolsonaro\",\"Partido Liberal anuncia filia\u00e7\u00e3o de Jair Bolsonaro\",\"Partido Liberal anuncia filia\u00e7\u00e3o do presidente Jair Bolsonaro\",\"PL\",\"presidente da Rep\u00fablica\",\"Presidente Jair Bolsonaro\",\"Valdemar Costa Neto\"],\"articleSection\":[\"Brasil\",\"Elei\u00e7\u00f5es 2022\",\"Pol\u00edtica\"],\"inLanguage\":\"pt-BR\",\"potentialAction\":[{\"@type\":\"CommentAction\",\"name\":\"Comment\",\"target\":[\"https:\\\/\\\/aconteceunovale.com.br\\\/portal\\\/?p=184291#respond\"]}]},{\"@type\":\"WebPage\",\"@id\":\"https:\\\/\\\/aconteceunovale.com.br\\\/portal\\\/?p=184291\",\"url\":\"https:\\\/\\\/aconteceunovale.com.br\\\/portal\\\/?p=184291\",\"name\":\"Bolsonaro assina filia\u00e7\u00e3o ao Partido Liberal - Aconteceu no Vale\",\"isPartOf\":{\"@id\":\"https:\\\/\\\/aconteceunovale.com.br\\\/portal\\\/#website\"},\"primaryImageOfPage\":{\"@id\":\"https:\\\/\\\/aconteceunovale.com.br\\\/portal\\\/?p=184291#primaryimage\"},\"image\":{\"@id\":\"https:\\\/\\\/aconteceunovale.com.br\\\/portal\\\/?p=184291#primaryimage\"},\"thumbnailUrl\":\"https:\\\/\\\/aconteceunovale.com.br\\\/portal\\\/wp-content\\\/uploads\\\/2021\\\/11\\\/bolsonaro.jpg\",\"datePublished\":\"2021-11-30T22:09:30+00:00\",\"dateModified\":\"2021-11-30T22:09:56+00:00\",\"author\":{\"@id\":\"https:\\\/\\\/aconteceunovale.com.br\\\/portal\\\/#\\\/schema\\\/person\\\/7d2f26d1483f8a63de73da1ee0754d35\"},\"breadcrumb\":{\"@id\":\"https:\\\/\\\/aconteceunovale.com.br\\\/portal\\\/?p=184291#breadcrumb\"},\"inLanguage\":\"pt-BR\",\"potentialAction\":[{\"@type\":\"ReadAction\",\"target\":[\"https:\\\/\\\/aconteceunovale.com.br\\\/portal\\\/?p=184291\"]}]},{\"@type\":\"ImageObject\",\"inLanguage\":\"pt-BR\",\"@id\":\"https:\\\/\\\/aconteceunovale.com.br\\\/portal\\\/?p=184291#primaryimage\",\"url\":\"https:\\\/\\\/aconteceunovale.com.br\\\/portal\\\/wp-content\\\/uploads\\\/2021\\\/11\\\/bolsonaro.jpg\",\"contentUrl\":\"https:\\\/\\\/aconteceunovale.com.br\\\/portal\\\/wp-content\\\/uploads\\\/2021\\\/11\\\/bolsonaro.jpg\",\"width\":678,\"height\":406},{\"@type\":\"BreadcrumbList\",\"@id\":\"https:\\\/\\\/aconteceunovale.com.br\\\/portal\\\/?p=184291#breadcrumb\",\"itemListElement\":[{\"@type\":\"ListItem\",\"position\":1,\"name\":\"In\u00edcio\",\"item\":\"https:\\\/\\\/aconteceunovale.com.br\\\/portal\\\/\"},{\"@type\":\"ListItem\",\"position\":2,\"name\":\"Bolsonaro assina filia\u00e7\u00e3o ao Partido Liberal\"}]},{\"@type\":\"WebSite\",\"@id\":\"https:\\\/\\\/aconteceunovale.com.br\\\/portal\\\/#website\",\"url\":\"https:\\\/\\\/aconteceunovale.com.br\\\/portal\\\/\",\"name\":\"Aconteceu no Vale\",\"description\":\"Portal de Not\u00edcias\",\"potentialAction\":[{\"@type\":\"SearchAction\",\"target\":{\"@type\":\"EntryPoint\",\"urlTemplate\":\"https:\\\/\\\/aconteceunovale.com.br\\\/portal\\\/?s={search_term_string}\"},\"query-input\":{\"@type\":\"PropertyValueSpecification\",\"valueRequired\":true,\"valueName\":\"search_term_string\"}}],\"inLanguage\":\"pt-BR\"},{\"@type\":\"Person\",\"@id\":\"https:\\\/\\\/aconteceunovale.com.br\\\/portal\\\/#\\\/schema\\\/person\\\/7d2f26d1483f8a63de73da1ee0754d35\",\"name\":\"Reda\u00e7\u00e3o Aconteceu no Vale\",\"description\":\"Equipe de reportagem do Aconteceu no Vale, portal de not\u00edcias do Vale do Jequitinhonha, em Minas Gerais. Cobrimos as 51 cidades do Vale desde 2013. Sugest\u00f5es de pauta e pedidos de corre\u00e7\u00e3o: contato@aconteceunovale.com.br\",\"url\":\"https:\\\/\\\/aconteceunovale.com.br\\\/portal\\\/?author=4\"}]}<\/script>\n<!-- \/ Yoast SEO plugin. -->","yoast_head_json":{"title":"Bolsonaro assina filia\u00e7\u00e3o ao Partido Liberal - Aconteceu no Vale","robots":{"index":"index","follow":"follow","max-snippet":"max-snippet:-1","max-image-preview":"max-image-preview:large","max-video-preview":"max-video-preview:-1"},"canonical":"https:\/\/aconteceunovale.com.br\/portal\/?p=184291","og_locale":"pt_BR","og_type":"article","og_title":"Bolsonaro assina filia\u00e7\u00e3o ao Partido Liberal - Aconteceu no Vale","og_description":"O presidente Jair Bolsonaro se filiou hoje (30\/11\/2021) ao Partido Liberal (PL). O ato de assinatura da ficha de filia\u00e7\u00e3o foi realizado nesta manh\u00e3 durante uma cerim\u00f4nia promovida pela legenda. Eleito em 2018 pelo PSL, Bolsonaro deixou o partido em novembro de 2019 e n\u00e3o estava filiado a nenhuma agremia\u00e7\u00e3o. A condi\u00e7\u00e3o \u00e9 necess\u00e1ria para [&hellip;]","og_url":"https:\/\/aconteceunovale.com.br\/portal\/?p=184291","og_site_name":"Aconteceu no Vale","article_publisher":"https:\/\/www.facebook.com\/aconteceunovale\/","article_published_time":"2021-11-30T22:09:30+00:00","article_modified_time":"2021-11-30T22:09:56+00:00","og_image":[{"width":678,"height":406,"url":"https:\/\/aconteceunovale.com.br\/portal\/wp-content\/uploads\/2021\/11\/bolsonaro.jpg","type":"image\/jpeg"}],"author":"Reda\u00e7\u00e3o Aconteceu no Vale","twitter_card":"summary_large_image","twitter_creator":"@noticiadosvales","twitter_site":"@noticiadosvales","twitter_misc":{"Escrito por":"Reda\u00e7\u00e3o Aconteceu no Vale","Est. tempo de leitura":"1 minuto"},"schema":{"@context":"https:\/\/schema.org","@graph":[{"@type":"Article","@id":"https:\/\/aconteceunovale.com.br\/portal\/?p=184291#article","isPartOf":{"@id":"https:\/\/aconteceunovale.com.br\/portal\/?p=184291"},"author":{"name":"Reda\u00e7\u00e3o Aconteceu no Vale","@id":"https:\/\/aconteceunovale.com.br\/portal\/#\/schema\/person\/7d2f26d1483f8a63de73da1ee0754d35"},"headline":"Bolsonaro assina filia\u00e7\u00e3o ao Partido Liberal","datePublished":"2021-11-30T22:09:30+00:00","dateModified":"2021-11-30T22:09:56+00:00","mainEntityOfPage":{"@id":"https:\/\/aconteceunovale.com.br\/portal\/?p=184291"},"wordCount":249,"commentCount":0,"image":{"@id":"https:\/\/aconteceunovale.com.br\/portal\/?p=184291#primaryimage"},"thumbnailUrl":"https:\/\/aconteceunovale.com.br\/portal\/wp-content\/uploads\/2021\/11\/bolsonaro.jpg","keywords":["Bolsonaro","Bolsonaro assina filia\u00e7\u00e3o ao Partido Liberal","Bras\u00edlia","destaque","Jair Bolsonaro","Novo partido de Bolsonaro","Novo partido de Jair Bolsonaro","Partido Liberal","Partido Liberal anuncia filia\u00e7\u00e3o de Bolsonaro","Partido Liberal anuncia filia\u00e7\u00e3o de Jair Bolsonaro","Partido Liberal anuncia filia\u00e7\u00e3o do presidente Jair Bolsonaro","PL","presidente da Rep\u00fablica","Presidente Jair Bolsonaro","Valdemar Costa Neto"],"articleSection":["Brasil","Elei\u00e7\u00f5es 2022","Pol\u00edtica"],"inLanguage":"pt-BR","potentialAction":[{"@type":"CommentAction","name":"Comment","target":["https:\/\/aconteceunovale.com.br\/portal\/?p=184291#respond"]}]},{"@type":"WebPage","@id":"https:\/\/aconteceunovale.com.br\/portal\/?p=184291","url":"https:\/\/aconteceunovale.com.br\/portal\/?p=184291","name":"Bolsonaro assina filia\u00e7\u00e3o ao Partido Liberal - Aconteceu no Vale","isPartOf":{"@id":"https:\/\/aconteceunovale.com.br\/portal\/#website"},"primaryImageOfPage":{"@id":"https:\/\/aconteceunovale.com.br\/portal\/?p=184291#primaryimage"},"image":{"@id":"https:\/\/aconteceunovale.com.br\/portal\/?p=184291#primaryimage"},"thumbnailUrl":"https:\/\/aconteceunovale.com.br\/portal\/wp-content\/uploads\/2021\/11\/bolsonaro.jpg","datePublished":"2021-11-30T22:09:30+00:00","dateModified":"2021-11-30T22:09:56+00:00","author":{"@id":"https:\/\/aconteceunovale.com.br\/portal\/#\/schema\/person\/7d2f26d1483f8a63de73da1ee0754d35"},"breadcrumb":{"@id":"https:\/\/aconteceunovale.com.br\/portal\/?p=184291#breadcrumb"},"inLanguage":"pt-BR","potentialAction":[{"@type":"ReadAction","target":["https:\/\/aconteceunovale.com.br\/portal\/?p=184291"]}]},{"@type":"ImageObject","inLanguage":"pt-BR","@id":"https:\/\/aconteceunovale.com.br\/portal\/?p=184291#primaryimage","url":"https:\/\/aconteceunovale.com.br\/portal\/wp-content\/uploads\/2021\/11\/bolsonaro.jpg","contentUrl":"https:\/\/aconteceunovale.com.br\/portal\/wp-content\/uploads\/2021\/11\/bolsonaro.jpg","width":678,"height":406},{"@type":"BreadcrumbList","@id":"https:\/\/aconteceunovale.com.br\/portal\/?p=184291#breadcrumb","itemListElement":[{"@type":"ListItem","position":1,"name":"In\u00edcio","item":"https:\/\/aconteceunovale.com.br\/portal\/"},{"@type":"ListItem","position":2,"name":"Bolsonaro assina filia\u00e7\u00e3o ao Partido Liberal"}]},{"@type":"WebSite","@id":"https:\/\/aconteceunovale.com.br\/portal\/#website","url":"https:\/\/aconteceunovale.com.br\/portal\/","name":"Aconteceu no Vale","description":"Portal de Not\u00edcias","potentialAction":[{"@type":"SearchAction","target":{"@type":"EntryPoint","urlTemplate":"https:\/\/aconteceunovale.com.br\/portal\/?s={search_term_string}"},"query-input":{"@type":"PropertyValueSpecification","valueRequired":true,"valueName":"search_term_string"}}],"inLanguage":"pt-BR"},{"@type":"Person","@id":"https:\/\/aconteceunovale.com.br\/portal\/#\/schema\/person\/7d2f26d1483f8a63de73da1ee0754d35","name":"Reda\u00e7\u00e3o Aconteceu no Vale","description":"Equipe de reportagem do Aconteceu no Vale, portal de not\u00edcias do Vale do Jequitinhonha, em Minas Gerais. Cobrimos as 51 cidades do Vale desde 2013. Sugest\u00f5es de pauta e pedidos de corre\u00e7\u00e3o: contato@aconteceunovale.com.br","url":"https:\/\/aconteceunovale.com.br\/portal\/?author=4"}]}},"_links":{"self":[{"href":"https:\/\/aconteceunovale.com.br\/portal\/index.php?rest_route=\/wp\/v2\/posts\/184291","targetHints":{"allow":["GET"]}}],"collection":[{"href":"https:\/\/aconteceunovale.com.br\/portal\/index.php?rest_route=\/wp\/v2\/posts"}],"about":[{"href":"https:\/\/aconteceunovale.com.br\/portal\/index.php?rest_route=\/wp\/v2\/types\/post"}],"author":[{"embeddable":true,"href":"https:\/\/aconteceunovale.com.br\/portal\/index.php?rest_route=\/wp\/v2\/users\/4"}],"replies":[{"embeddable":true,"href":"https:\/\/aconteceunovale.com.br\/portal\/index.php?rest_route=%2Fwp%2Fv2%2Fcomments&post=184291"}],"version-history":[{"count":1,"href":"https:\/\/aconteceunovale.com.br\/portal\/index.php?rest_route=\/wp\/v2\/posts\/184291\/revisions"}],"predecessor-version":[{"id":184293,"href":"https:\/\/aconteceunovale.com.br\/portal\/index.php?rest_route=\/wp\/v2\/posts\/184291\/revisions\/184293"}],"wp:featuredmedia":[{"embeddable":true,"href":"https:\/\/aconteceunovale.com.br\/portal\/index.php?rest_route=\/wp\/v2\/media\/184292"}],"wp:attachment":[{"href":"https:\/\/aconteceunovale.com.br\/portal\/index.php?rest_route=%2Fwp%2Fv2%2Fmedia&parent=184291"}],"wp:term":[{"taxonomy":"category","embeddable":true,"href":"https:\/\/aconteceunovale.com.br\/portal\/index.php?rest_route=%2Fwp%2Fv2%2Fcategories&post=184291"},{"taxonomy":"post_tag","embeddable":true,"href":"https:\/\/aconteceunovale.com.br\/portal\/index.php?rest_route=%2Fwp%2Fv2%2Ftags&post=184291"}],"curies":[{"name":"wp","href":"https:\/\/api.w.org\/{rel}","templated":true}]}}