{"id":184289,"date":"2021-11-30T19:00:42","date_gmt":"2021-11-30T22:00:42","guid":{"rendered":"https:\/\/aconteceunovale.com.br\/portal\/?p=184289"},"modified":"2021-11-30T19:05:35","modified_gmt":"2021-11-30T22:05:35","slug":"dois-casos-da-variante-omicron-sao-identificados-no-brasil","status":"publish","type":"post","link":"https:\/\/aconteceunovale.com.br\/portal\/?p=184289","title":{"rendered":"Dois casos da variante \u00d4micron s\u00e3o identificados no Brasil"},"content":{"rendered":"\n<p class=\"wp-block-paragraph\">A Ag\u00eancia Nacional de Vigil\u00e2ncia Sanit\u00e1ria (Anvisa) informou na tarde desta ter\u00e7a-feira (30\/11\/2021) que ser\u00e3o enviadas para an\u00e1lise laboratorial as amostras de dois brasileiros que, em an\u00e1lise preliminar, apresentaram resultado positivo para a variante \u00d4micron do novo coronav\u00edrus. A testagem foi realizada pelo laborat\u00f3rio Albert Einstein.<\/p>\n\n\n\n<p class=\"wp-block-paragraph\">O caso positivo investigado \u00e9 de um passageiro vindo da \u00c1frica do Sul e que desembarcou no aeroporto internacional em Guarulhos, S\u00e3o Paulo, no dia 23. O passageiro portava&nbsp; resultado de RT-PCR negativo e ia voltar para o pa\u00eds africano no dia 25 e ia fazer novo teste, acompanhado de sua mulher, para poder embarcar. Nesse novo teste os dois testaram positivo para a covid-19 e foi feita a comunica\u00e7\u00e3o ao Centro de Informa\u00e7\u00f5es Estrat\u00e9gicas em Vigil\u00e2ncia em Sa\u00fade (CIEVS) de S\u00e3o Paulo.<\/p>\n\n\n\n<p class=\"wp-block-paragraph\">O laborat\u00f3rio Albert Einstein fez o sequenciamento gen\u00e9tico das amostras e notificou a Anvisa sobre os resultados positivos e informou hoje que tratava-se da nova variante.&nbsp;<\/p>\n\n\n\n<p class=\"wp-block-paragraph\">\u201cDiante da identifica\u00e7\u00e3o e testagem com resultado positivo para Covid-19, a Rede CIEVS, ligada ao Minist\u00e9rio da Sa\u00fade, deve monitorar casos de acordo com o sistema de vigil\u00e2ncia vigente no Brasil, para avalia\u00e7\u00e3o das condi\u00e7\u00f5es de sa\u00fade e direcionamento dos indiv\u00edduos aos servi\u00e7os de aten\u00e7\u00e3o \u00e0 sa\u00fade, bem como para ado\u00e7\u00e3o das medidas de preven\u00e7\u00e3o e controle da covid-19\u201d, destacou a Anvisa em nota.&nbsp;<\/p>\n\n\n\n<p class=\"wp-block-paragraph\">A entrada do passageiro no pa\u00eds foi anterior \u00e0 edi\u00e7\u00e3o da\u00a0portaria Interministerial\u00a0que proibiu, em car\u00e1ter tempor\u00e1rio, voos com destino ao Brasil que tenham origem ou passagem pela \u00c1frica do Sul.<\/p>\n\n\n\n<h2 class=\"wp-block-heading\">Vacina\u00e7\u00e3o<\/h2>\n\n\n\n<p class=\"wp-block-paragraph\">Ontem, o ministro da Sa\u00fade, Marcelo Queiroga, disse que a principal resposta contra a variante \u00d4micron \u00e9 a vacina\u00e7\u00e3o. \u201cEsse contrato assinado com a farmac\u00eautica Pfizer \u00e9 a prova cabal da programa\u00e7\u00e3o do Minist\u00e9rio da Sa\u00fade para enfrentar n\u00e3o s\u00f3 essa variante \u00d4micron como as outras que j\u00e1 criaram tanto problema para n\u00f3s\u201d, completou.<\/p>\n\n\n\n<p class=\"wp-block-paragraph\">Ele afirmou que o cuidado da vigil\u00e2ncia em sa\u00fade no pa\u00eds permanece o mesmo adotado desde o come\u00e7o da pandemia. \u201c\u00c9 uma variante de preocupa\u00e7\u00e3o, mas n\u00e3o \u00e9 uma variante de desespero porque temos um sistema de sa\u00fade capaz de nos dar as respostas no caso de uma variante dessa ter uma letalidade um pouco maior. Ningu\u00e9m sabe ainda\u201d.<\/p>\n\n\n\n<p class=\"wp-block-paragraph\">&#8212;&#8212;&#8212;&#8212;&#8212;&#8212;<br><em>Quer receber as not\u00edcias do <strong>Aconteceu no Vale<\/strong> em primeira m\u00e3o? Siga-nos no Facebook <a rel=\"noreferrer noopener\" href=\"http:\/\/facebook.com\/aconteceunovale\" target=\"_blank\">@aconteceunovale<\/a>, Twitter <a rel=\"noreferrer noopener\" href=\"https:\/\/twitter.com\/noticiadosvales\" target=\"_blank\">@noticiadosvales<\/a> e Instagram <a rel=\"noreferrer noopener\" href=\"https:\/\/www.instagram.com\/aconteceunovale\" target=\"_blank\">@aconteceunovale<\/a>.<\/em><\/p>\n","protected":false},"excerpt":{"rendered":"<p>A Ag\u00eancia Nacional de Vigil\u00e2ncia Sanit\u00e1ria (Anvisa) informou na tarde desta ter\u00e7a-feira (30\/11\/2021) que ser\u00e3o enviadas para an\u00e1lise laboratorial as amostras de dois brasileiros que, em an\u00e1lise preliminar, apresentaram resultado positivo para a variante \u00d4micron do novo coronav\u00edrus. A testagem foi realizada pelo laborat\u00f3rio Albert Einstein. O caso positivo investigado \u00e9 de um passageiro vindo [&hellip;]<\/p>\n","protected":false},"author":4,"featured_media":180866,"comment_status":"open","ping_status":"closed","sticky":false,"template":"","format":"standard","meta":{"amp_status":"","footnotes":""},"categories":[6,40242],"tags":[59106,22396,2278,255080,255131,255129,255126,254976,254975,214884,216498,1018,254954,4611,246445,18920,255130,254955,239762,19326,34259,254956,254973,254972,254974,254952,254953,232975,215653,254969,255127,37790,255081,2382,219312,40916,239472,255079,254977,254957,254971,254970,255128,150350],"class_list":["post-184289","post","type-post","status-publish","format-standard","has-post-thumbnail","hentry","category-br","category-saude-2","tag-africa-do-sul","tag-alemanha","tag-anvisa","tag-arma-contra-omicron","tag-casal-infectado-com-a-variante-omicron","tag-casos-da-variante-omicron-no-brasil","tag-casos-de-omicron-no-brasil","tag-cepa-africana-omicron","tag-cepa-omicron","tag-coronavirus","tag-covid-19","tag-destaque","tag-eswatini","tag-guarulhos","tag-imunizacao-contra-covid-19-no-brasil","tag-italia","tag-laboratorio-albert-einstein","tag-lesoto","tag-marcelo-queiroga","tag-ministerio-da-saude","tag-ministro-da-saude","tag-namibia","tag-nome-da-nova-variante-da-covid-19","tag-nome-da-nova-variante-do-coronavirus","tag-nome-da-nova-variante-do-sars-cov-2","tag-nova-variante-de-covid-19","tag-nova-variante-de-sars-cov-2","tag-nova-variante-do-coronavirus","tag-novo-coronavirus","tag-omicron","tag-omicron-no-brasil","tag-reino-unido","tag-resposta-contra-omicron","tag-sao-paulo","tag-sars-cov-2","tag-sp","tag-vacinacao-contra-covid-19-no-brasil","tag-vacinacao-contra-omicron","tag-variante-africana-omicron","tag-variante-b-1-1-529","tag-variante-de-preocupacao-omicron","tag-variante-omicron","tag-variante-omicron-no-brasil","tag-zimbabue"],"yoast_head":"<!-- This site is optimized with the Yoast SEO plugin v28.3 - https:\/\/yoast.com\/product\/yoast-seo-wordpress\/ -->\n<title>Dois casos da variante \u00d4micron s\u00e3o identificados no Brasil - Aconteceu no Vale<\/title>\n<meta name=\"robots\" content=\"index, follow, max-snippet:-1, max-image-preview:large, max-video-preview:-1\" \/>\n<link rel=\"canonical\" href=\"https:\/\/aconteceunovale.com.br\/portal\/?p=184289\" \/>\n<meta property=\"og:locale\" content=\"pt_BR\" \/>\n<meta property=\"og:type\" content=\"article\" \/>\n<meta property=\"og:title\" content=\"Dois casos da variante \u00d4micron s\u00e3o identificados no Brasil - Aconteceu no Vale\" \/>\n<meta property=\"og:description\" content=\"A Ag\u00eancia Nacional de Vigil\u00e2ncia Sanit\u00e1ria (Anvisa) informou na tarde desta ter\u00e7a-feira (30\/11\/2021) que ser\u00e3o enviadas para an\u00e1lise laboratorial as amostras de dois brasileiros que, em an\u00e1lise preliminar, apresentaram resultado positivo para a variante \u00d4micron do novo coronav\u00edrus. A testagem foi realizada pelo laborat\u00f3rio Albert Einstein. O caso positivo investigado \u00e9 de um passageiro vindo [&hellip;]\" \/>\n<meta property=\"og:url\" content=\"https:\/\/aconteceunovale.com.br\/portal\/?p=184289\" \/>\n<meta property=\"og:site_name\" content=\"Aconteceu no Vale\" \/>\n<meta property=\"article:publisher\" content=\"https:\/\/www.facebook.com\/aconteceunovale\/\" \/>\n<meta property=\"article:published_time\" content=\"2021-11-30T22:00:42+00:00\" \/>\n<meta property=\"article:modified_time\" content=\"2021-11-30T22:05:35+00:00\" \/>\n<meta property=\"og:image\" content=\"https:\/\/aconteceunovale.com.br\/portal\/wp-content\/uploads\/2021\/08\/coronavirus_delta.jpg\" \/>\n\t<meta property=\"og:image:width\" content=\"678\" \/>\n\t<meta property=\"og:image:height\" content=\"362\" \/>\n\t<meta property=\"og:image:type\" content=\"image\/jpeg\" \/>\n<meta name=\"author\" content=\"Reda\u00e7\u00e3o Aconteceu no Vale\" \/>\n<meta name=\"twitter:card\" content=\"summary_large_image\" \/>\n<meta name=\"twitter:creator\" content=\"@noticiadosvales\" \/>\n<meta name=\"twitter:site\" content=\"@noticiadosvales\" \/>\n<meta name=\"twitter:label1\" content=\"Escrito por\" \/>\n\t<meta name=\"twitter:data1\" content=\"Reda\u00e7\u00e3o Aconteceu no Vale\" \/>\n\t<meta name=\"twitter:label2\" content=\"Est. tempo de leitura\" \/>\n\t<meta name=\"twitter:data2\" content=\"2 minutos\" \/>\n<script type=\"application\/ld+json\" class=\"yoast-schema-graph\">{\"@context\":\"https:\\\/\\\/schema.org\",\"@graph\":[{\"@type\":\"Article\",\"@id\":\"https:\\\/\\\/aconteceunovale.com.br\\\/portal\\\/?p=184289#article\",\"isPartOf\":{\"@id\":\"https:\\\/\\\/aconteceunovale.com.br\\\/portal\\\/?p=184289\"},\"author\":{\"name\":\"Reda\u00e7\u00e3o Aconteceu no Vale\",\"@id\":\"https:\\\/\\\/aconteceunovale.com.br\\\/portal\\\/#\\\/schema\\\/person\\\/7d2f26d1483f8a63de73da1ee0754d35\"},\"headline\":\"Dois casos da variante \u00d4micron s\u00e3o identificados no Brasil\",\"datePublished\":\"2021-11-30T22:00:42+00:00\",\"dateModified\":\"2021-11-30T22:05:35+00:00\",\"mainEntityOfPage\":{\"@id\":\"https:\\\/\\\/aconteceunovale.com.br\\\/portal\\\/?p=184289\"},\"wordCount\":444,\"commentCount\":0,\"image\":{\"@id\":\"https:\\\/\\\/aconteceunovale.com.br\\\/portal\\\/?p=184289#primaryimage\"},\"thumbnailUrl\":\"https:\\\/\\\/aconteceunovale.com.br\\\/portal\\\/wp-content\\\/uploads\\\/2021\\\/08\\\/coronavirus_delta.jpg\",\"keywords\":[\"\u00c1frica do Sul\",\"Alemanha\",\"Anvisa\",\"Arma contra \u00d4micron\",\"Casal infectado com a variante \u00d4micron\",\"Casos da variante \u00d4micron no Brasil\",\"Casos de \u00d4micron no Brasil\",\"Cepa africana Omicron\",\"Cepa Omicron\",\"Coronav\u00edrus\",\"COVID-19\",\"destaque\",\"Eswatini\",\"Guarulhos\",\"Imuniza\u00e7\u00e3o contra covid-19 no Brasil\",\"It\u00e1lia\",\"Laborat\u00f3rio Albert Einstein\",\"Lesoto\",\"Marcelo Queiroga\",\"Minist\u00e9rio da Sa\u00fade\",\"ministro da Sa\u00fade\",\"Nam\u00edbia\",\"Nome da nova variante da Covid-19\",\"Nome da nova variante do coronav\u00edrus\",\"Nome da nova variante do Sars-Cov-2\",\"Nova variante de covid-19\",\"Nova variante de Sars-Cov-2\",\"Nova variante do coronav\u00edrus\",\"Novo coronav\u00edrus\",\"Omicron\",\"\u00d4micron no Brasil\",\"Reino Unido\",\"Resposta contra \u00d4micron\",\"S\u00e3o Paulo\",\"Sars-Cov-2\",\"SP\",\"Vacina\u00e7\u00e3o contra covid-19 no Brasil\",\"Vacina\u00e7\u00e3o contra \u00d4micron\",\"Variante africana Omicron\",\"Variante B.1.1.529\",\"Variante de Preocupa\u00e7\u00e3o Omicron\",\"Variante Omicron\",\"Variante \u00d4micron no Brasil\",\"Zimb\u00e1bue\"],\"articleSection\":[\"Brasil\",\"Sa\u00fade\"],\"inLanguage\":\"pt-BR\",\"potentialAction\":[{\"@type\":\"CommentAction\",\"name\":\"Comment\",\"target\":[\"https:\\\/\\\/aconteceunovale.com.br\\\/portal\\\/?p=184289#respond\"]}]},{\"@type\":\"WebPage\",\"@id\":\"https:\\\/\\\/aconteceunovale.com.br\\\/portal\\\/?p=184289\",\"url\":\"https:\\\/\\\/aconteceunovale.com.br\\\/portal\\\/?p=184289\",\"name\":\"Dois casos da variante \u00d4micron s\u00e3o identificados no Brasil - Aconteceu no Vale\",\"isPartOf\":{\"@id\":\"https:\\\/\\\/aconteceunovale.com.br\\\/portal\\\/#website\"},\"primaryImageOfPage\":{\"@id\":\"https:\\\/\\\/aconteceunovale.com.br\\\/portal\\\/?p=184289#primaryimage\"},\"image\":{\"@id\":\"https:\\\/\\\/aconteceunovale.com.br\\\/portal\\\/?p=184289#primaryimage\"},\"thumbnailUrl\":\"https:\\\/\\\/aconteceunovale.com.br\\\/portal\\\/wp-content\\\/uploads\\\/2021\\\/08\\\/coronavirus_delta.jpg\",\"datePublished\":\"2021-11-30T22:00:42+00:00\",\"dateModified\":\"2021-11-30T22:05:35+00:00\",\"author\":{\"@id\":\"https:\\\/\\\/aconteceunovale.com.br\\\/portal\\\/#\\\/schema\\\/person\\\/7d2f26d1483f8a63de73da1ee0754d35\"},\"breadcrumb\":{\"@id\":\"https:\\\/\\\/aconteceunovale.com.br\\\/portal\\\/?p=184289#breadcrumb\"},\"inLanguage\":\"pt-BR\",\"potentialAction\":[{\"@type\":\"ReadAction\",\"target\":[\"https:\\\/\\\/aconteceunovale.com.br\\\/portal\\\/?p=184289\"]}]},{\"@type\":\"ImageObject\",\"inLanguage\":\"pt-BR\",\"@id\":\"https:\\\/\\\/aconteceunovale.com.br\\\/portal\\\/?p=184289#primaryimage\",\"url\":\"https:\\\/\\\/aconteceunovale.com.br\\\/portal\\\/wp-content\\\/uploads\\\/2021\\\/08\\\/coronavirus_delta.jpg\",\"contentUrl\":\"https:\\\/\\\/aconteceunovale.com.br\\\/portal\\\/wp-content\\\/uploads\\\/2021\\\/08\\\/coronavirus_delta.jpg\",\"width\":678,\"height\":362},{\"@type\":\"BreadcrumbList\",\"@id\":\"https:\\\/\\\/aconteceunovale.com.br\\\/portal\\\/?p=184289#breadcrumb\",\"itemListElement\":[{\"@type\":\"ListItem\",\"position\":1,\"name\":\"In\u00edcio\",\"item\":\"https:\\\/\\\/aconteceunovale.com.br\\\/portal\\\/\"},{\"@type\":\"ListItem\",\"position\":2,\"name\":\"Dois casos da variante \u00d4micron s\u00e3o identificados no Brasil\"}]},{\"@type\":\"WebSite\",\"@id\":\"https:\\\/\\\/aconteceunovale.com.br\\\/portal\\\/#website\",\"url\":\"https:\\\/\\\/aconteceunovale.com.br\\\/portal\\\/\",\"name\":\"Aconteceu no Vale\",\"description\":\"Portal de Not\u00edcias\",\"potentialAction\":[{\"@type\":\"SearchAction\",\"target\":{\"@type\":\"EntryPoint\",\"urlTemplate\":\"https:\\\/\\\/aconteceunovale.com.br\\\/portal\\\/?s={search_term_string}\"},\"query-input\":{\"@type\":\"PropertyValueSpecification\",\"valueRequired\":true,\"valueName\":\"search_term_string\"}}],\"inLanguage\":\"pt-BR\"},{\"@type\":\"Person\",\"@id\":\"https:\\\/\\\/aconteceunovale.com.br\\\/portal\\\/#\\\/schema\\\/person\\\/7d2f26d1483f8a63de73da1ee0754d35\",\"name\":\"Reda\u00e7\u00e3o Aconteceu no Vale\",\"description\":\"Equipe de reportagem do Aconteceu no Vale, portal de not\u00edcias do Vale do Jequitinhonha, em Minas Gerais. Cobrimos as 51 cidades do Vale desde 2013. Sugest\u00f5es de pauta e pedidos de corre\u00e7\u00e3o: contato@aconteceunovale.com.br\",\"url\":\"https:\\\/\\\/aconteceunovale.com.br\\\/portal\\\/?author=4\"}]}<\/script>\n<!-- \/ Yoast SEO plugin. -->","yoast_head_json":{"title":"Dois casos da variante \u00d4micron s\u00e3o identificados no Brasil - Aconteceu no Vale","robots":{"index":"index","follow":"follow","max-snippet":"max-snippet:-1","max-image-preview":"max-image-preview:large","max-video-preview":"max-video-preview:-1"},"canonical":"https:\/\/aconteceunovale.com.br\/portal\/?p=184289","og_locale":"pt_BR","og_type":"article","og_title":"Dois casos da variante \u00d4micron s\u00e3o identificados no Brasil - Aconteceu no Vale","og_description":"A Ag\u00eancia Nacional de Vigil\u00e2ncia Sanit\u00e1ria (Anvisa) informou na tarde desta ter\u00e7a-feira (30\/11\/2021) que ser\u00e3o enviadas para an\u00e1lise laboratorial as amostras de dois brasileiros que, em an\u00e1lise preliminar, apresentaram resultado positivo para a variante \u00d4micron do novo coronav\u00edrus. A testagem foi realizada pelo laborat\u00f3rio Albert Einstein. O caso positivo investigado \u00e9 de um passageiro vindo [&hellip;]","og_url":"https:\/\/aconteceunovale.com.br\/portal\/?p=184289","og_site_name":"Aconteceu no Vale","article_publisher":"https:\/\/www.facebook.com\/aconteceunovale\/","article_published_time":"2021-11-30T22:00:42+00:00","article_modified_time":"2021-11-30T22:05:35+00:00","og_image":[{"width":678,"height":362,"url":"https:\/\/aconteceunovale.com.br\/portal\/wp-content\/uploads\/2021\/08\/coronavirus_delta.jpg","type":"image\/jpeg"}],"author":"Reda\u00e7\u00e3o Aconteceu no Vale","twitter_card":"summary_large_image","twitter_creator":"@noticiadosvales","twitter_site":"@noticiadosvales","twitter_misc":{"Escrito por":"Reda\u00e7\u00e3o Aconteceu no Vale","Est. tempo de leitura":"2 minutos"},"schema":{"@context":"https:\/\/schema.org","@graph":[{"@type":"Article","@id":"https:\/\/aconteceunovale.com.br\/portal\/?p=184289#article","isPartOf":{"@id":"https:\/\/aconteceunovale.com.br\/portal\/?p=184289"},"author":{"name":"Reda\u00e7\u00e3o Aconteceu no Vale","@id":"https:\/\/aconteceunovale.com.br\/portal\/#\/schema\/person\/7d2f26d1483f8a63de73da1ee0754d35"},"headline":"Dois casos da variante \u00d4micron s\u00e3o identificados no Brasil","datePublished":"2021-11-30T22:00:42+00:00","dateModified":"2021-11-30T22:05:35+00:00","mainEntityOfPage":{"@id":"https:\/\/aconteceunovale.com.br\/portal\/?p=184289"},"wordCount":444,"commentCount":0,"image":{"@id":"https:\/\/aconteceunovale.com.br\/portal\/?p=184289#primaryimage"},"thumbnailUrl":"https:\/\/aconteceunovale.com.br\/portal\/wp-content\/uploads\/2021\/08\/coronavirus_delta.jpg","keywords":["\u00c1frica do Sul","Alemanha","Anvisa","Arma contra \u00d4micron","Casal infectado com a variante \u00d4micron","Casos da variante \u00d4micron no Brasil","Casos de \u00d4micron no Brasil","Cepa africana Omicron","Cepa Omicron","Coronav\u00edrus","COVID-19","destaque","Eswatini","Guarulhos","Imuniza\u00e7\u00e3o contra covid-19 no Brasil","It\u00e1lia","Laborat\u00f3rio Albert Einstein","Lesoto","Marcelo Queiroga","Minist\u00e9rio da Sa\u00fade","ministro da Sa\u00fade","Nam\u00edbia","Nome da nova variante da Covid-19","Nome da nova variante do coronav\u00edrus","Nome da nova variante do Sars-Cov-2","Nova variante de covid-19","Nova variante de Sars-Cov-2","Nova variante do coronav\u00edrus","Novo coronav\u00edrus","Omicron","\u00d4micron no Brasil","Reino Unido","Resposta contra \u00d4micron","S\u00e3o Paulo","Sars-Cov-2","SP","Vacina\u00e7\u00e3o contra covid-19 no Brasil","Vacina\u00e7\u00e3o contra \u00d4micron","Variante africana Omicron","Variante B.1.1.529","Variante de Preocupa\u00e7\u00e3o Omicron","Variante Omicron","Variante \u00d4micron no Brasil","Zimb\u00e1bue"],"articleSection":["Brasil","Sa\u00fade"],"inLanguage":"pt-BR","potentialAction":[{"@type":"CommentAction","name":"Comment","target":["https:\/\/aconteceunovale.com.br\/portal\/?p=184289#respond"]}]},{"@type":"WebPage","@id":"https:\/\/aconteceunovale.com.br\/portal\/?p=184289","url":"https:\/\/aconteceunovale.com.br\/portal\/?p=184289","name":"Dois casos da variante \u00d4micron s\u00e3o identificados no Brasil - Aconteceu no Vale","isPartOf":{"@id":"https:\/\/aconteceunovale.com.br\/portal\/#website"},"primaryImageOfPage":{"@id":"https:\/\/aconteceunovale.com.br\/portal\/?p=184289#primaryimage"},"image":{"@id":"https:\/\/aconteceunovale.com.br\/portal\/?p=184289#primaryimage"},"thumbnailUrl":"https:\/\/aconteceunovale.com.br\/portal\/wp-content\/uploads\/2021\/08\/coronavirus_delta.jpg","datePublished":"2021-11-30T22:00:42+00:00","dateModified":"2021-11-30T22:05:35+00:00","author":{"@id":"https:\/\/aconteceunovale.com.br\/portal\/#\/schema\/person\/7d2f26d1483f8a63de73da1ee0754d35"},"breadcrumb":{"@id":"https:\/\/aconteceunovale.com.br\/portal\/?p=184289#breadcrumb"},"inLanguage":"pt-BR","potentialAction":[{"@type":"ReadAction","target":["https:\/\/aconteceunovale.com.br\/portal\/?p=184289"]}]},{"@type":"ImageObject","inLanguage":"pt-BR","@id":"https:\/\/aconteceunovale.com.br\/portal\/?p=184289#primaryimage","url":"https:\/\/aconteceunovale.com.br\/portal\/wp-content\/uploads\/2021\/08\/coronavirus_delta.jpg","contentUrl":"https:\/\/aconteceunovale.com.br\/portal\/wp-content\/uploads\/2021\/08\/coronavirus_delta.jpg","width":678,"height":362},{"@type":"BreadcrumbList","@id":"https:\/\/aconteceunovale.com.br\/portal\/?p=184289#breadcrumb","itemListElement":[{"@type":"ListItem","position":1,"name":"In\u00edcio","item":"https:\/\/aconteceunovale.com.br\/portal\/"},{"@type":"ListItem","position":2,"name":"Dois casos da variante \u00d4micron s\u00e3o identificados no Brasil"}]},{"@type":"WebSite","@id":"https:\/\/aconteceunovale.com.br\/portal\/#website","url":"https:\/\/aconteceunovale.com.br\/portal\/","name":"Aconteceu no Vale","description":"Portal de Not\u00edcias","potentialAction":[{"@type":"SearchAction","target":{"@type":"EntryPoint","urlTemplate":"https:\/\/aconteceunovale.com.br\/portal\/?s={search_term_string}"},"query-input":{"@type":"PropertyValueSpecification","valueRequired":true,"valueName":"search_term_string"}}],"inLanguage":"pt-BR"},{"@type":"Person","@id":"https:\/\/aconteceunovale.com.br\/portal\/#\/schema\/person\/7d2f26d1483f8a63de73da1ee0754d35","name":"Reda\u00e7\u00e3o Aconteceu no Vale","description":"Equipe de reportagem do Aconteceu no Vale, portal de not\u00edcias do Vale do Jequitinhonha, em Minas Gerais. Cobrimos as 51 cidades do Vale desde 2013. Sugest\u00f5es de pauta e pedidos de corre\u00e7\u00e3o: contato@aconteceunovale.com.br","url":"https:\/\/aconteceunovale.com.br\/portal\/?author=4"}]}},"_links":{"self":[{"href":"https:\/\/aconteceunovale.com.br\/portal\/index.php?rest_route=\/wp\/v2\/posts\/184289","targetHints":{"allow":["GET"]}}],"collection":[{"href":"https:\/\/aconteceunovale.com.br\/portal\/index.php?rest_route=\/wp\/v2\/posts"}],"about":[{"href":"https:\/\/aconteceunovale.com.br\/portal\/index.php?rest_route=\/wp\/v2\/types\/post"}],"author":[{"embeddable":true,"href":"https:\/\/aconteceunovale.com.br\/portal\/index.php?rest_route=\/wp\/v2\/users\/4"}],"replies":[{"embeddable":true,"href":"https:\/\/aconteceunovale.com.br\/portal\/index.php?rest_route=%2Fwp%2Fv2%2Fcomments&post=184289"}],"version-history":[{"count":1,"href":"https:\/\/aconteceunovale.com.br\/portal\/index.php?rest_route=\/wp\/v2\/posts\/184289\/revisions"}],"predecessor-version":[{"id":184290,"href":"https:\/\/aconteceunovale.com.br\/portal\/index.php?rest_route=\/wp\/v2\/posts\/184289\/revisions\/184290"}],"wp:featuredmedia":[{"embeddable":true,"href":"https:\/\/aconteceunovale.com.br\/portal\/index.php?rest_route=\/wp\/v2\/media\/180866"}],"wp:attachment":[{"href":"https:\/\/aconteceunovale.com.br\/portal\/index.php?rest_route=%2Fwp%2Fv2%2Fmedia&parent=184289"}],"wp:term":[{"taxonomy":"category","embeddable":true,"href":"https:\/\/aconteceunovale.com.br\/portal\/index.php?rest_route=%2Fwp%2Fv2%2Fcategories&post=184289"},{"taxonomy":"post_tag","embeddable":true,"href":"https:\/\/aconteceunovale.com.br\/portal\/index.php?rest_route=%2Fwp%2Fv2%2Ftags&post=184289"}],"curies":[{"name":"wp","href":"https:\/\/api.w.org\/{rel}","templated":true}]}}