{"id":184287,"date":"2021-11-30T18:55:43","date_gmt":"2021-11-30T21:55:43","guid":{"rendered":"https:\/\/aconteceunovale.com.br\/portal\/?p=184287"},"modified":"2021-11-30T18:56:48","modified_gmt":"2021-11-30T21:56:48","slug":"brasil-criou-253-mil-vagas-de-emprego-em-outubro","status":"publish","type":"post","link":"https:\/\/aconteceunovale.com.br\/portal\/?p=184287","title":{"rendered":"Brasil criou 253 mil vagas de emprego em outubro"},"content":{"rendered":"\n<p class=\"wp-block-paragraph\">O Minist\u00e9rio do Trabalho e Previd\u00eancia informou hoje (30\/11\/2021) que foram gerados 253.083 empregos com carteira assinada em outubro. O n\u00fameros fazem parte do Novo Cadastro Geral de Empregados e Desempregados (Novo Caged). Conforme o levantamento, o saldo \u00e9 de 2,6 milh\u00f5es de novas vagas nos dez primeiros meses deste ano.<\/p>\n\n\n\n<p class=\"wp-block-paragraph\">Na avalia\u00e7\u00e3o do ministro do Trabalho e Previd\u00eancia, Onyx Lorenzoni, o saldo positivo na cria\u00e7\u00e3o formal de empregos \u00e9 uma demonstra\u00e7\u00e3o da recupera\u00e7\u00e3o formal da economia.<\/p>\n\n\n\n<p class=\"wp-block-paragraph\">\u201cApenas neste ano, mesmo com os efeitos ainda do \u2018fique em casa, a economia a gente v\u00ea depois\u2019, conseguimos gerar mais de 2,6 milh\u00f5es de novos postos formais de trabalho\u201d, afirmou o ministro.<\/p>\n\n\n\n<p class=\"wp-block-paragraph\">No m\u00eas passado, o setor de servi\u00e7os gerou 144,6 mil postos de trabalho. No com\u00e9rcio, foram criadas 70,3 mil vagas. Em terceiro lugar, o setor da industria teve saldo de 26,6 mil novos empregos.<\/p>\n\n\n\n<p class=\"wp-block-paragraph\">Os estados de S\u00e3o Paulo (76,9 mil), Minas Gerais (21,3 mil) e Rio de Janeiro (19,7 mil) foram as unidades da federa\u00e7\u00e3o que mais geraram postos de trabalho.<\/p>\n\n\n\n<p class=\"wp-block-paragraph\">&#8212;&#8212;&#8212;&#8212;&#8212;&#8212;<br><em>Quer receber as not\u00edcias do <strong>Aconteceu no Vale<\/strong> em primeira m\u00e3o? Siga-nos no Facebook <a rel=\"noreferrer noopener\" href=\"http:\/\/facebook.com\/aconteceunovale\" target=\"_blank\">@aconteceunovale<\/a>, Twitter <a rel=\"noreferrer noopener\" href=\"https:\/\/twitter.com\/noticiadosvales\" target=\"_blank\">@noticiadosvales<\/a> e Instagram <a rel=\"noreferrer noopener\" href=\"https:\/\/www.instagram.com\/aconteceunovale\" target=\"_blank\">@aconteceunovale<\/a>.<\/em><\/p>\n","protected":false},"excerpt":{"rendered":"<p>O Minist\u00e9rio do Trabalho e Previd\u00eancia informou hoje (30\/11\/2021) que foram gerados 253.083 empregos com carteira assinada em outubro. O n\u00fameros fazem parte do Novo Cadastro Geral de Empregados e Desempregados (Novo Caged). Conforme o levantamento, o saldo \u00e9 de 2,6 milh\u00f5es de novas vagas nos dez primeiros meses deste ano. Na avalia\u00e7\u00e3o do ministro [&hellip;]<\/p>\n","protected":false},"author":4,"featured_media":180316,"comment_status":"open","ping_status":"closed","sticky":false,"template":"","format":"standard","meta":{"amp_status":"","footnotes":""},"categories":[6,40236],"tags":[19007,210916,231166,255122,131,249404,184434,255125,255124,255123],"class_list":["post-184287","post","type-post","status-publish","format-standard","has-post-thumbnail","hentry","category-br","category-empregos-2","tag-caged","tag-caged-de-outubro","tag-criacao-de-empregos-no-brasil","tag-empregos-com-carteira-assinada-no-brasil","tag-minas-gerais","tag-ministerio-do-trabalho-e-previdencia","tag-onyx-lorenzoni","tag-saldo-positivo-na-geracao-de-empregos-no-brasil","tag-trabalho-com-carteira-assinada-no-brasil","tag-trabalho-no-brasil"],"yoast_head":"<!-- This site is optimized with the Yoast SEO plugin v28.3 - https:\/\/yoast.com\/product\/yoast-seo-wordpress\/ -->\n<title>Brasil criou 253 mil vagas de emprego em outubro - Aconteceu no Vale<\/title>\n<meta name=\"robots\" content=\"index, follow, max-snippet:-1, max-image-preview:large, max-video-preview:-1\" \/>\n<link rel=\"canonical\" href=\"https:\/\/aconteceunovale.com.br\/portal\/?p=184287\" \/>\n<meta property=\"og:locale\" content=\"pt_BR\" \/>\n<meta property=\"og:type\" content=\"article\" \/>\n<meta property=\"og:title\" content=\"Brasil criou 253 mil vagas de emprego em outubro - Aconteceu no Vale\" \/>\n<meta property=\"og:description\" content=\"O Minist\u00e9rio do Trabalho e Previd\u00eancia informou hoje (30\/11\/2021) que foram gerados 253.083 empregos com carteira assinada em outubro. O n\u00fameros fazem parte do Novo Cadastro Geral de Empregados e Desempregados (Novo Caged). Conforme o levantamento, o saldo \u00e9 de 2,6 milh\u00f5es de novas vagas nos dez primeiros meses deste ano. Na avalia\u00e7\u00e3o do ministro [&hellip;]\" \/>\n<meta property=\"og:url\" content=\"https:\/\/aconteceunovale.com.br\/portal\/?p=184287\" \/>\n<meta property=\"og:site_name\" content=\"Aconteceu no Vale\" \/>\n<meta property=\"article:publisher\" content=\"https:\/\/www.facebook.com\/aconteceunovale\/\" \/>\n<meta property=\"article:published_time\" content=\"2021-11-30T21:55:43+00:00\" \/>\n<meta property=\"article:modified_time\" content=\"2021-11-30T21:56:48+00:00\" \/>\n<meta property=\"og:image\" content=\"https:\/\/aconteceunovale.com.br\/portal\/wp-content\/uploads\/2021\/07\/ctps_digital.jpg\" \/>\n\t<meta property=\"og:image:width\" content=\"678\" \/>\n\t<meta property=\"og:image:height\" content=\"406\" \/>\n\t<meta property=\"og:image:type\" content=\"image\/jpeg\" \/>\n<meta name=\"author\" content=\"Reda\u00e7\u00e3o Aconteceu no Vale\" \/>\n<meta name=\"twitter:card\" content=\"summary_large_image\" \/>\n<meta name=\"twitter:creator\" content=\"@noticiadosvales\" \/>\n<meta name=\"twitter:site\" content=\"@noticiadosvales\" \/>\n<meta name=\"twitter:label1\" content=\"Escrito por\" \/>\n\t<meta name=\"twitter:data1\" content=\"Reda\u00e7\u00e3o Aconteceu no Vale\" \/>\n\t<meta name=\"twitter:label2\" content=\"Est. tempo de leitura\" \/>\n\t<meta name=\"twitter:data2\" content=\"1 minuto\" \/>\n<script type=\"application\/ld+json\" class=\"yoast-schema-graph\">{\"@context\":\"https:\\\/\\\/schema.org\",\"@graph\":[{\"@type\":\"Article\",\"@id\":\"https:\\\/\\\/aconteceunovale.com.br\\\/portal\\\/?p=184287#article\",\"isPartOf\":{\"@id\":\"https:\\\/\\\/aconteceunovale.com.br\\\/portal\\\/?p=184287\"},\"author\":{\"name\":\"Reda\u00e7\u00e3o Aconteceu no Vale\",\"@id\":\"https:\\\/\\\/aconteceunovale.com.br\\\/portal\\\/#\\\/schema\\\/person\\\/7d2f26d1483f8a63de73da1ee0754d35\"},\"headline\":\"Brasil criou 253 mil vagas de emprego em outubro\",\"datePublished\":\"2021-11-30T21:55:43+00:00\",\"dateModified\":\"2021-11-30T21:56:48+00:00\",\"mainEntityOfPage\":{\"@id\":\"https:\\\/\\\/aconteceunovale.com.br\\\/portal\\\/?p=184287\"},\"wordCount\":206,\"commentCount\":0,\"image\":{\"@id\":\"https:\\\/\\\/aconteceunovale.com.br\\\/portal\\\/?p=184287#primaryimage\"},\"thumbnailUrl\":\"https:\\\/\\\/aconteceunovale.com.br\\\/portal\\\/wp-content\\\/uploads\\\/2021\\\/07\\\/ctps_digital.jpg\",\"keywords\":[\"Caged\",\"Caged de outubro\",\"Cria\u00e7\u00e3o de empregos no Brasil\",\"Empregos com carteira assinada no Brasil\",\"Minas Gerais\",\"Minist\u00e9rio do Trabalho e Previd\u00eancia\",\"Onyx Lorenzoni\",\"Saldo positivo na gera\u00e7\u00e3o de empregos no Brasil\",\"Trabalho com carteira assinada no Brasil\",\"Trabalho no Brasil\"],\"articleSection\":[\"Brasil\",\"Empregos\"],\"inLanguage\":\"pt-BR\",\"potentialAction\":[{\"@type\":\"CommentAction\",\"name\":\"Comment\",\"target\":[\"https:\\\/\\\/aconteceunovale.com.br\\\/portal\\\/?p=184287#respond\"]}]},{\"@type\":\"WebPage\",\"@id\":\"https:\\\/\\\/aconteceunovale.com.br\\\/portal\\\/?p=184287\",\"url\":\"https:\\\/\\\/aconteceunovale.com.br\\\/portal\\\/?p=184287\",\"name\":\"Brasil criou 253 mil vagas de emprego em outubro - Aconteceu no Vale\",\"isPartOf\":{\"@id\":\"https:\\\/\\\/aconteceunovale.com.br\\\/portal\\\/#website\"},\"primaryImageOfPage\":{\"@id\":\"https:\\\/\\\/aconteceunovale.com.br\\\/portal\\\/?p=184287#primaryimage\"},\"image\":{\"@id\":\"https:\\\/\\\/aconteceunovale.com.br\\\/portal\\\/?p=184287#primaryimage\"},\"thumbnailUrl\":\"https:\\\/\\\/aconteceunovale.com.br\\\/portal\\\/wp-content\\\/uploads\\\/2021\\\/07\\\/ctps_digital.jpg\",\"datePublished\":\"2021-11-30T21:55:43+00:00\",\"dateModified\":\"2021-11-30T21:56:48+00:00\",\"author\":{\"@id\":\"https:\\\/\\\/aconteceunovale.com.br\\\/portal\\\/#\\\/schema\\\/person\\\/7d2f26d1483f8a63de73da1ee0754d35\"},\"breadcrumb\":{\"@id\":\"https:\\\/\\\/aconteceunovale.com.br\\\/portal\\\/?p=184287#breadcrumb\"},\"inLanguage\":\"pt-BR\",\"potentialAction\":[{\"@type\":\"ReadAction\",\"target\":[\"https:\\\/\\\/aconteceunovale.com.br\\\/portal\\\/?p=184287\"]}]},{\"@type\":\"ImageObject\",\"inLanguage\":\"pt-BR\",\"@id\":\"https:\\\/\\\/aconteceunovale.com.br\\\/portal\\\/?p=184287#primaryimage\",\"url\":\"https:\\\/\\\/aconteceunovale.com.br\\\/portal\\\/wp-content\\\/uploads\\\/2021\\\/07\\\/ctps_digital.jpg\",\"contentUrl\":\"https:\\\/\\\/aconteceunovale.com.br\\\/portal\\\/wp-content\\\/uploads\\\/2021\\\/07\\\/ctps_digital.jpg\",\"width\":678,\"height\":406,\"caption\":\"Carteira de trabalho digital.\"},{\"@type\":\"BreadcrumbList\",\"@id\":\"https:\\\/\\\/aconteceunovale.com.br\\\/portal\\\/?p=184287#breadcrumb\",\"itemListElement\":[{\"@type\":\"ListItem\",\"position\":1,\"name\":\"In\u00edcio\",\"item\":\"https:\\\/\\\/aconteceunovale.com.br\\\/portal\\\/\"},{\"@type\":\"ListItem\",\"position\":2,\"name\":\"Brasil criou 253 mil vagas de emprego em outubro\"}]},{\"@type\":\"WebSite\",\"@id\":\"https:\\\/\\\/aconteceunovale.com.br\\\/portal\\\/#website\",\"url\":\"https:\\\/\\\/aconteceunovale.com.br\\\/portal\\\/\",\"name\":\"Aconteceu no Vale\",\"description\":\"Portal de Not\u00edcias\",\"potentialAction\":[{\"@type\":\"SearchAction\",\"target\":{\"@type\":\"EntryPoint\",\"urlTemplate\":\"https:\\\/\\\/aconteceunovale.com.br\\\/portal\\\/?s={search_term_string}\"},\"query-input\":{\"@type\":\"PropertyValueSpecification\",\"valueRequired\":true,\"valueName\":\"search_term_string\"}}],\"inLanguage\":\"pt-BR\"},{\"@type\":\"Person\",\"@id\":\"https:\\\/\\\/aconteceunovale.com.br\\\/portal\\\/#\\\/schema\\\/person\\\/7d2f26d1483f8a63de73da1ee0754d35\",\"name\":\"Reda\u00e7\u00e3o Aconteceu no Vale\",\"description\":\"Equipe de reportagem do Aconteceu no Vale, portal de not\u00edcias do Vale do Jequitinhonha, em Minas Gerais. Cobrimos as 51 cidades do Vale desde 2013. Sugest\u00f5es de pauta e pedidos de corre\u00e7\u00e3o: contato@aconteceunovale.com.br\",\"url\":\"https:\\\/\\\/aconteceunovale.com.br\\\/portal\\\/?author=4\"}]}<\/script>\n<!-- \/ Yoast SEO plugin. -->","yoast_head_json":{"title":"Brasil criou 253 mil vagas de emprego em outubro - Aconteceu no Vale","robots":{"index":"index","follow":"follow","max-snippet":"max-snippet:-1","max-image-preview":"max-image-preview:large","max-video-preview":"max-video-preview:-1"},"canonical":"https:\/\/aconteceunovale.com.br\/portal\/?p=184287","og_locale":"pt_BR","og_type":"article","og_title":"Brasil criou 253 mil vagas de emprego em outubro - Aconteceu no Vale","og_description":"O Minist\u00e9rio do Trabalho e Previd\u00eancia informou hoje (30\/11\/2021) que foram gerados 253.083 empregos com carteira assinada em outubro. O n\u00fameros fazem parte do Novo Cadastro Geral de Empregados e Desempregados (Novo Caged). Conforme o levantamento, o saldo \u00e9 de 2,6 milh\u00f5es de novas vagas nos dez primeiros meses deste ano. Na avalia\u00e7\u00e3o do ministro [&hellip;]","og_url":"https:\/\/aconteceunovale.com.br\/portal\/?p=184287","og_site_name":"Aconteceu no Vale","article_publisher":"https:\/\/www.facebook.com\/aconteceunovale\/","article_published_time":"2021-11-30T21:55:43+00:00","article_modified_time":"2021-11-30T21:56:48+00:00","og_image":[{"width":678,"height":406,"url":"https:\/\/aconteceunovale.com.br\/portal\/wp-content\/uploads\/2021\/07\/ctps_digital.jpg","type":"image\/jpeg"}],"author":"Reda\u00e7\u00e3o Aconteceu no Vale","twitter_card":"summary_large_image","twitter_creator":"@noticiadosvales","twitter_site":"@noticiadosvales","twitter_misc":{"Escrito por":"Reda\u00e7\u00e3o Aconteceu no Vale","Est. tempo de leitura":"1 minuto"},"schema":{"@context":"https:\/\/schema.org","@graph":[{"@type":"Article","@id":"https:\/\/aconteceunovale.com.br\/portal\/?p=184287#article","isPartOf":{"@id":"https:\/\/aconteceunovale.com.br\/portal\/?p=184287"},"author":{"name":"Reda\u00e7\u00e3o Aconteceu no Vale","@id":"https:\/\/aconteceunovale.com.br\/portal\/#\/schema\/person\/7d2f26d1483f8a63de73da1ee0754d35"},"headline":"Brasil criou 253 mil vagas de emprego em outubro","datePublished":"2021-11-30T21:55:43+00:00","dateModified":"2021-11-30T21:56:48+00:00","mainEntityOfPage":{"@id":"https:\/\/aconteceunovale.com.br\/portal\/?p=184287"},"wordCount":206,"commentCount":0,"image":{"@id":"https:\/\/aconteceunovale.com.br\/portal\/?p=184287#primaryimage"},"thumbnailUrl":"https:\/\/aconteceunovale.com.br\/portal\/wp-content\/uploads\/2021\/07\/ctps_digital.jpg","keywords":["Caged","Caged de outubro","Cria\u00e7\u00e3o de empregos no Brasil","Empregos com carteira assinada no Brasil","Minas Gerais","Minist\u00e9rio do Trabalho e Previd\u00eancia","Onyx Lorenzoni","Saldo positivo na gera\u00e7\u00e3o de empregos no Brasil","Trabalho com carteira assinada no Brasil","Trabalho no Brasil"],"articleSection":["Brasil","Empregos"],"inLanguage":"pt-BR","potentialAction":[{"@type":"CommentAction","name":"Comment","target":["https:\/\/aconteceunovale.com.br\/portal\/?p=184287#respond"]}]},{"@type":"WebPage","@id":"https:\/\/aconteceunovale.com.br\/portal\/?p=184287","url":"https:\/\/aconteceunovale.com.br\/portal\/?p=184287","name":"Brasil criou 253 mil vagas de emprego em outubro - Aconteceu no Vale","isPartOf":{"@id":"https:\/\/aconteceunovale.com.br\/portal\/#website"},"primaryImageOfPage":{"@id":"https:\/\/aconteceunovale.com.br\/portal\/?p=184287#primaryimage"},"image":{"@id":"https:\/\/aconteceunovale.com.br\/portal\/?p=184287#primaryimage"},"thumbnailUrl":"https:\/\/aconteceunovale.com.br\/portal\/wp-content\/uploads\/2021\/07\/ctps_digital.jpg","datePublished":"2021-11-30T21:55:43+00:00","dateModified":"2021-11-30T21:56:48+00:00","author":{"@id":"https:\/\/aconteceunovale.com.br\/portal\/#\/schema\/person\/7d2f26d1483f8a63de73da1ee0754d35"},"breadcrumb":{"@id":"https:\/\/aconteceunovale.com.br\/portal\/?p=184287#breadcrumb"},"inLanguage":"pt-BR","potentialAction":[{"@type":"ReadAction","target":["https:\/\/aconteceunovale.com.br\/portal\/?p=184287"]}]},{"@type":"ImageObject","inLanguage":"pt-BR","@id":"https:\/\/aconteceunovale.com.br\/portal\/?p=184287#primaryimage","url":"https:\/\/aconteceunovale.com.br\/portal\/wp-content\/uploads\/2021\/07\/ctps_digital.jpg","contentUrl":"https:\/\/aconteceunovale.com.br\/portal\/wp-content\/uploads\/2021\/07\/ctps_digital.jpg","width":678,"height":406,"caption":"Carteira de trabalho digital."},{"@type":"BreadcrumbList","@id":"https:\/\/aconteceunovale.com.br\/portal\/?p=184287#breadcrumb","itemListElement":[{"@type":"ListItem","position":1,"name":"In\u00edcio","item":"https:\/\/aconteceunovale.com.br\/portal\/"},{"@type":"ListItem","position":2,"name":"Brasil criou 253 mil vagas de emprego em outubro"}]},{"@type":"WebSite","@id":"https:\/\/aconteceunovale.com.br\/portal\/#website","url":"https:\/\/aconteceunovale.com.br\/portal\/","name":"Aconteceu no Vale","description":"Portal de Not\u00edcias","potentialAction":[{"@type":"SearchAction","target":{"@type":"EntryPoint","urlTemplate":"https:\/\/aconteceunovale.com.br\/portal\/?s={search_term_string}"},"query-input":{"@type":"PropertyValueSpecification","valueRequired":true,"valueName":"search_term_string"}}],"inLanguage":"pt-BR"},{"@type":"Person","@id":"https:\/\/aconteceunovale.com.br\/portal\/#\/schema\/person\/7d2f26d1483f8a63de73da1ee0754d35","name":"Reda\u00e7\u00e3o Aconteceu no Vale","description":"Equipe de reportagem do Aconteceu no Vale, portal de not\u00edcias do Vale do Jequitinhonha, em Minas Gerais. Cobrimos as 51 cidades do Vale desde 2013. Sugest\u00f5es de pauta e pedidos de corre\u00e7\u00e3o: contato@aconteceunovale.com.br","url":"https:\/\/aconteceunovale.com.br\/portal\/?author=4"}]}},"_links":{"self":[{"href":"https:\/\/aconteceunovale.com.br\/portal\/index.php?rest_route=\/wp\/v2\/posts\/184287","targetHints":{"allow":["GET"]}}],"collection":[{"href":"https:\/\/aconteceunovale.com.br\/portal\/index.php?rest_route=\/wp\/v2\/posts"}],"about":[{"href":"https:\/\/aconteceunovale.com.br\/portal\/index.php?rest_route=\/wp\/v2\/types\/post"}],"author":[{"embeddable":true,"href":"https:\/\/aconteceunovale.com.br\/portal\/index.php?rest_route=\/wp\/v2\/users\/4"}],"replies":[{"embeddable":true,"href":"https:\/\/aconteceunovale.com.br\/portal\/index.php?rest_route=%2Fwp%2Fv2%2Fcomments&post=184287"}],"version-history":[{"count":1,"href":"https:\/\/aconteceunovale.com.br\/portal\/index.php?rest_route=\/wp\/v2\/posts\/184287\/revisions"}],"predecessor-version":[{"id":184288,"href":"https:\/\/aconteceunovale.com.br\/portal\/index.php?rest_route=\/wp\/v2\/posts\/184287\/revisions\/184288"}],"wp:featuredmedia":[{"embeddable":true,"href":"https:\/\/aconteceunovale.com.br\/portal\/index.php?rest_route=\/wp\/v2\/media\/180316"}],"wp:attachment":[{"href":"https:\/\/aconteceunovale.com.br\/portal\/index.php?rest_route=%2Fwp%2Fv2%2Fmedia&parent=184287"}],"wp:term":[{"taxonomy":"category","embeddable":true,"href":"https:\/\/aconteceunovale.com.br\/portal\/index.php?rest_route=%2Fwp%2Fv2%2Fcategories&post=184287"},{"taxonomy":"post_tag","embeddable":true,"href":"https:\/\/aconteceunovale.com.br\/portal\/index.php?rest_route=%2Fwp%2Fv2%2Ftags&post=184287"}],"curies":[{"name":"wp","href":"https:\/\/api.w.org\/{rel}","templated":true}]}}