{"id":184281,"date":"2021-11-30T09:33:35","date_gmt":"2021-11-30T12:33:35","guid":{"rendered":"https:\/\/aconteceunovale.com.br\/portal\/?p=184281"},"modified":"2021-11-30T09:34:29","modified_gmt":"2021-11-30T12:34:29","slug":"primeira-parcela-do-13o-salario-deve-ser-paga-ate-hoje","status":"publish","type":"post","link":"https:\/\/aconteceunovale.com.br\/portal\/?p=184281","title":{"rendered":"Primeira parcela do 13\u00ba sal\u00e1rio deve ser paga at\u00e9 hoje"},"content":{"rendered":"\n<p class=\"wp-block-paragraph\">Um dos principais benef\u00edcios trabalhistas do pa\u00eds, o d\u00e9cimo terceiro sal\u00e1rio tem a primeira parcela paga at\u00e9 hoje (30\/11). A partir de amanh\u00e3 (01\/12), o empregado com carteira assinada come\u00e7ar\u00e1 a receber a segunda parcela, que deve ser paga at\u00e9 20 de dezembro.<img decoding=\"async\" src=\"https:\/\/agenciabrasil.ebc.com.br\/ebc.png?id=1429668&amp;o=node\"><img decoding=\"async\" src=\"https:\/\/agenciabrasil.ebc.com.br\/ebc.gif?id=1429668&amp;o=node\"><\/p>\n\n\n\n<p class=\"wp-block-paragraph\">Essas datas valem apenas para os trabalhadores na ativa. Por causa da pandemia de covid-19, o d\u00e9cimo terceiro dos aposentados e pensionistas do Instituto Nacional do Seguro Social (INSS) foi antecipado pelo segundo ano seguido. A primeira parcela foi paga entre 25 de maio e 8 de junho. A segunda foi depositada de 24 de junho a 7 de julho.<\/p>\n\n\n\n<h2 class=\"wp-block-heading\">Quem tem direito<\/h2>\n\n\n\n<p class=\"wp-block-paragraph\">Segundo a<a href=\"http:\/\/www.planalto.gov.br\/ccivil_03\/leis\/l4090.htm\" target=\"_blank\" rel=\"noreferrer noopener\">&nbsp;Lei 4.090\/1962<\/a>, que criou a gratifica\u00e7\u00e3o natalina, t\u00eam direito ao d\u00e9cimo terceiro aposentados, pensionistas e quem trabalhou com carteira assinada por pelo menos 15 dias. Trabalhadores em licen\u00e7a maternidade e afastados por doen\u00e7a ou por acidente tamb\u00e9m recebem o benef\u00edcio.<\/p>\n\n\n\n<p class=\"wp-block-paragraph\">No caso de demiss\u00e3o sem justa causa, o d\u00e9cimo terceiro deve ser calculado proporcionalmente ao per\u00edodo trabalhado e pago junto com a rescis\u00e3o. No entanto, o trabalhador perde o benef\u00edcio se for dispensado com justa causa.<\/p>\n\n\n\n<h2 class=\"wp-block-heading\">C\u00e1lculo proporcional<\/h2>\n\n\n\n<p class=\"wp-block-paragraph\">O d\u00e9cimo terceiro sal\u00e1rio s\u00f3 ser\u00e1 pago integralmente a quem trabalha h\u00e1 pelo menos um ano na mesma empresa. Quem trabalhou menos tempo receber\u00e1 proporcionalmente. O c\u00e1lculo \u00e9 feito da seguinte forma: a cada m\u00eas em que trabalha pelo menos 15 dias, o empregado tem direito a 1\/12 (um doze avos) do sal\u00e1rio total de dezembro. Dessa forma, o c\u00e1lculo do d\u00e9cimo terceiro considera como um m\u00eas inteiro o prazo de 15 dias trabalhados.<\/p>\n\n\n\n<p class=\"wp-block-paragraph\">A regra que beneficia o trabalhador o prejudica no caso de excesso de faltas sem justificativa. O m\u00eas inteiro ser\u00e1 descontado do d\u00e9cimo terceiro se o empregado deixar de trabalhar mais de 15 dias no m\u00eas e n\u00e3o justificar a aus\u00eancia.<\/p>\n\n\n\n<h2 class=\"wp-block-heading\">Tributa\u00e7\u00e3o<\/h2>\n\n\n\n<p class=\"wp-block-paragraph\">O trabalhador deve estar atento quanto \u00e0 tributa\u00e7\u00e3o do d\u00e9cimo terceiro. Sobre o d\u00e9cimo terceiro, incide tributa\u00e7\u00e3o de Imposto de Renda, INSS e, no caso do patr\u00e3o, Fundo de Garantia do Tempo de Servi\u00e7o. No entanto, os tributos s\u00f3 s\u00e3o cobrados no pagamento da segunda parcela.<\/p>\n\n\n\n<p class=\"wp-block-paragraph\">A primeira metade do sal\u00e1rio \u00e9 paga integralmente, sem descontos. A tributa\u00e7\u00e3o do d\u00e9cimo terceiro \u00e9 informada num campo especial na declara\u00e7\u00e3o anual do Imposto de Renda Pessoa F\u00edsica.<\/p>\n\n\n\n<h2 class=\"wp-block-heading\">Pandemia<\/h2>\n\n\n\n<p class=\"wp-block-paragraph\">A situa\u00e7\u00e3o dos trabalhadores com contrato suspenso ou com jornada reduzida com diminui\u00e7\u00e3o proporcional dos sal\u00e1rios, porque fecharam acordo durante a segunda onda da pandemia de covid-19, seguiu o\u00a0modelo do ano passado. Para os contratos com jornada reduzida, o d\u00e9cimo terceiro e as f\u00e9rias devem ser pagos de forma integral.<\/p>\n\n\n\n<p class=\"wp-block-paragraph\">No caso de suspens\u00e3o de contratos, o per\u00edodo n\u00e3o trabalhado ser\u00e1 descontado do d\u00e9cimo terceiro. No entanto, para manter a harmonia com a legisla\u00e7\u00e3o, o m\u00eas em que o empregado tiver trabalhado 15 dias ou mais ser\u00e1 contado como m\u00eas inteiro e ser\u00e1 pago.<\/p>\n\n\n\n<p class=\"wp-block-paragraph\">Os crit\u00e9rios para o pagamento do d\u00e9cimo terceiro nessas situa\u00e7\u00f5es foram definidos por nota t\u00e9cnica do Minist\u00e9rio do Trabalho e Previd\u00eancia. Embora a nota t\u00e9cnica n\u00e3o tenha for\u00e7a de lei, equivale \u00e0 interpreta\u00e7\u00e3o da norma pelo governo e ser\u00e1 levada em conta pelos auditores fiscais do trabalho nas fiscaliza\u00e7\u00f5es das empresas.<\/p>\n\n\n\n<p class=\"wp-block-paragraph\">&#8212;&#8212;&#8212;&#8212;&#8212;&#8212;<br><em>Quer receber as not\u00edcias do <strong>Aconteceu no Vale<\/strong> em primeira m\u00e3o? Siga-nos no Facebook <a rel=\"noreferrer noopener\" href=\"http:\/\/facebook.com\/aconteceunovale\" target=\"_blank\">@aconteceunovale<\/a>, Twitter <a rel=\"noreferrer noopener\" href=\"https:\/\/twitter.com\/noticiadosvales\" target=\"_blank\">@noticiadosvales<\/a> e Instagram <a rel=\"noreferrer noopener\" href=\"https:\/\/www.instagram.com\/aconteceunovale\" target=\"_blank\">@aconteceunovale<\/a>.<\/em><\/p>\n","protected":false},"excerpt":{"rendered":"<p>Um dos principais benef\u00edcios trabalhistas do pa\u00eds, o d\u00e9cimo terceiro sal\u00e1rio tem a primeira parcela paga at\u00e9 hoje (30\/11). A partir de amanh\u00e3 (01\/12), o empregado com carteira assinada come\u00e7ar\u00e1 a receber a segunda parcela, que deve ser paga at\u00e9 20 de dezembro. Essas datas valem apenas para os trabalhadores na ativa. Por causa da [&hellip;]<\/p>\n","protected":false},"author":4,"featured_media":133149,"comment_status":"open","ping_status":"closed","sticky":false,"template":"","format":"standard","meta":{"amp_status":"","footnotes":""},"categories":[6,40236],"tags":[255112,6528,229947,255111,255110,158221,255113],"class_list":["post-184281","post","type-post","status-publish","format-standard","has-post-thumbnail","hentry","category-br","category-empregos-2","tag-beneficio-trabalhista","tag-inss","tag-pagamento-do-13o-salario","tag-pagamento-do-decimo-terceiro","tag-primeira-parcela-do-13o-salario-deve-ser-paga-ate-hoje","tag-primeira-parcela-do-decimo-terceiro","tag-quem-tem-direito-ao-decimo-terceiro"],"yoast_head":"<!-- This site is optimized with the Yoast SEO plugin v28.3 - https:\/\/yoast.com\/product\/yoast-seo-wordpress\/ -->\n<title>Primeira parcela do 13\u00ba sal\u00e1rio deve ser paga at\u00e9 hoje - Aconteceu no Vale<\/title>\n<meta name=\"robots\" content=\"index, follow, max-snippet:-1, max-image-preview:large, max-video-preview:-1\" \/>\n<link rel=\"canonical\" href=\"https:\/\/aconteceunovale.com.br\/portal\/?p=184281\" \/>\n<meta property=\"og:locale\" content=\"pt_BR\" \/>\n<meta property=\"og:type\" content=\"article\" \/>\n<meta property=\"og:title\" content=\"Primeira parcela do 13\u00ba sal\u00e1rio deve ser paga at\u00e9 hoje - Aconteceu no Vale\" \/>\n<meta property=\"og:description\" content=\"Um dos principais benef\u00edcios trabalhistas do pa\u00eds, o d\u00e9cimo terceiro sal\u00e1rio tem a primeira parcela paga at\u00e9 hoje (30\/11). A partir de amanh\u00e3 (01\/12), o empregado com carteira assinada come\u00e7ar\u00e1 a receber a segunda parcela, que deve ser paga at\u00e9 20 de dezembro. Essas datas valem apenas para os trabalhadores na ativa. Por causa da [&hellip;]\" \/>\n<meta property=\"og:url\" content=\"https:\/\/aconteceunovale.com.br\/portal\/?p=184281\" \/>\n<meta property=\"og:site_name\" content=\"Aconteceu no Vale\" \/>\n<meta property=\"article:publisher\" content=\"https:\/\/www.facebook.com\/aconteceunovale\/\" \/>\n<meta property=\"article:published_time\" content=\"2021-11-30T12:33:35+00:00\" \/>\n<meta property=\"article:modified_time\" content=\"2021-11-30T12:34:29+00:00\" \/>\n<meta property=\"og:image\" content=\"https:\/\/aconteceunovale.com.br\/portal\/wp-content\/uploads\/2018\/06\/ctps_dinheiro.png\" \/>\n\t<meta property=\"og:image:width\" content=\"600\" \/>\n\t<meta property=\"og:image:height\" content=\"314\" \/>\n\t<meta property=\"og:image:type\" content=\"image\/png\" \/>\n<meta name=\"author\" content=\"Reda\u00e7\u00e3o Aconteceu no Vale\" \/>\n<meta name=\"twitter:card\" content=\"summary_large_image\" \/>\n<meta name=\"twitter:creator\" content=\"@noticiadosvales\" \/>\n<meta name=\"twitter:site\" content=\"@noticiadosvales\" \/>\n<meta name=\"twitter:label1\" content=\"Escrito por\" \/>\n\t<meta name=\"twitter:data1\" content=\"Reda\u00e7\u00e3o Aconteceu no Vale\" \/>\n\t<meta name=\"twitter:label2\" content=\"Est. tempo de leitura\" \/>\n\t<meta name=\"twitter:data2\" content=\"3 minutos\" \/>\n<script type=\"application\/ld+json\" class=\"yoast-schema-graph\">{\"@context\":\"https:\\\/\\\/schema.org\",\"@graph\":[{\"@type\":\"Article\",\"@id\":\"https:\\\/\\\/aconteceunovale.com.br\\\/portal\\\/?p=184281#article\",\"isPartOf\":{\"@id\":\"https:\\\/\\\/aconteceunovale.com.br\\\/portal\\\/?p=184281\"},\"author\":{\"name\":\"Reda\u00e7\u00e3o Aconteceu no Vale\",\"@id\":\"https:\\\/\\\/aconteceunovale.com.br\\\/portal\\\/#\\\/schema\\\/person\\\/7d2f26d1483f8a63de73da1ee0754d35\"},\"headline\":\"Primeira parcela do 13\u00ba sal\u00e1rio deve ser paga at\u00e9 hoje\",\"datePublished\":\"2021-11-30T12:33:35+00:00\",\"dateModified\":\"2021-11-30T12:34:29+00:00\",\"mainEntityOfPage\":{\"@id\":\"https:\\\/\\\/aconteceunovale.com.br\\\/portal\\\/?p=184281\"},\"wordCount\":607,\"commentCount\":0,\"image\":{\"@id\":\"https:\\\/\\\/aconteceunovale.com.br\\\/portal\\\/?p=184281#primaryimage\"},\"thumbnailUrl\":\"https:\\\/\\\/aconteceunovale.com.br\\\/portal\\\/wp-content\\\/uploads\\\/2018\\\/06\\\/ctps_dinheiro.png\",\"keywords\":[\"Benef\u00edcio trabalhista\",\"INSS\",\"Pagamento do 13\u00ba sal\u00e1rio\",\"Pagamento do d\u00e9cimo terceiro\",\"Primeira parcela do 13\u00ba sal\u00e1rio deve ser paga at\u00e9 hoje\",\"Primeira parcela do d\u00e9cimo terceiro\",\"Quem tem direito ao d\u00e9cimo terceiro\"],\"articleSection\":[\"Brasil\",\"Empregos\"],\"inLanguage\":\"pt-BR\",\"potentialAction\":[{\"@type\":\"CommentAction\",\"name\":\"Comment\",\"target\":[\"https:\\\/\\\/aconteceunovale.com.br\\\/portal\\\/?p=184281#respond\"]}]},{\"@type\":\"WebPage\",\"@id\":\"https:\\\/\\\/aconteceunovale.com.br\\\/portal\\\/?p=184281\",\"url\":\"https:\\\/\\\/aconteceunovale.com.br\\\/portal\\\/?p=184281\",\"name\":\"Primeira parcela do 13\u00ba sal\u00e1rio deve ser paga at\u00e9 hoje - Aconteceu no Vale\",\"isPartOf\":{\"@id\":\"https:\\\/\\\/aconteceunovale.com.br\\\/portal\\\/#website\"},\"primaryImageOfPage\":{\"@id\":\"https:\\\/\\\/aconteceunovale.com.br\\\/portal\\\/?p=184281#primaryimage\"},\"image\":{\"@id\":\"https:\\\/\\\/aconteceunovale.com.br\\\/portal\\\/?p=184281#primaryimage\"},\"thumbnailUrl\":\"https:\\\/\\\/aconteceunovale.com.br\\\/portal\\\/wp-content\\\/uploads\\\/2018\\\/06\\\/ctps_dinheiro.png\",\"datePublished\":\"2021-11-30T12:33:35+00:00\",\"dateModified\":\"2021-11-30T12:34:29+00:00\",\"author\":{\"@id\":\"https:\\\/\\\/aconteceunovale.com.br\\\/portal\\\/#\\\/schema\\\/person\\\/7d2f26d1483f8a63de73da1ee0754d35\"},\"breadcrumb\":{\"@id\":\"https:\\\/\\\/aconteceunovale.com.br\\\/portal\\\/?p=184281#breadcrumb\"},\"inLanguage\":\"pt-BR\",\"potentialAction\":[{\"@type\":\"ReadAction\",\"target\":[\"https:\\\/\\\/aconteceunovale.com.br\\\/portal\\\/?p=184281\"]}]},{\"@type\":\"ImageObject\",\"inLanguage\":\"pt-BR\",\"@id\":\"https:\\\/\\\/aconteceunovale.com.br\\\/portal\\\/?p=184281#primaryimage\",\"url\":\"https:\\\/\\\/aconteceunovale.com.br\\\/portal\\\/wp-content\\\/uploads\\\/2018\\\/06\\\/ctps_dinheiro.png\",\"contentUrl\":\"https:\\\/\\\/aconteceunovale.com.br\\\/portal\\\/wp-content\\\/uploads\\\/2018\\\/06\\\/ctps_dinheiro.png\",\"width\":600,\"height\":314},{\"@type\":\"BreadcrumbList\",\"@id\":\"https:\\\/\\\/aconteceunovale.com.br\\\/portal\\\/?p=184281#breadcrumb\",\"itemListElement\":[{\"@type\":\"ListItem\",\"position\":1,\"name\":\"In\u00edcio\",\"item\":\"https:\\\/\\\/aconteceunovale.com.br\\\/portal\\\/\"},{\"@type\":\"ListItem\",\"position\":2,\"name\":\"Primeira parcela do 13\u00ba sal\u00e1rio deve ser paga at\u00e9 hoje\"}]},{\"@type\":\"WebSite\",\"@id\":\"https:\\\/\\\/aconteceunovale.com.br\\\/portal\\\/#website\",\"url\":\"https:\\\/\\\/aconteceunovale.com.br\\\/portal\\\/\",\"name\":\"Aconteceu no Vale\",\"description\":\"Portal de Not\u00edcias\",\"potentialAction\":[{\"@type\":\"SearchAction\",\"target\":{\"@type\":\"EntryPoint\",\"urlTemplate\":\"https:\\\/\\\/aconteceunovale.com.br\\\/portal\\\/?s={search_term_string}\"},\"query-input\":{\"@type\":\"PropertyValueSpecification\",\"valueRequired\":true,\"valueName\":\"search_term_string\"}}],\"inLanguage\":\"pt-BR\"},{\"@type\":\"Person\",\"@id\":\"https:\\\/\\\/aconteceunovale.com.br\\\/portal\\\/#\\\/schema\\\/person\\\/7d2f26d1483f8a63de73da1ee0754d35\",\"name\":\"Reda\u00e7\u00e3o Aconteceu no Vale\",\"description\":\"Equipe de reportagem do Aconteceu no Vale, portal de not\u00edcias do Vale do Jequitinhonha, em Minas Gerais. Cobrimos as 51 cidades do Vale desde 2013. Sugest\u00f5es de pauta e pedidos de corre\u00e7\u00e3o: contato@aconteceunovale.com.br\",\"url\":\"https:\\\/\\\/aconteceunovale.com.br\\\/portal\\\/?author=4\"}]}<\/script>\n<!-- \/ Yoast SEO plugin. -->","yoast_head_json":{"title":"Primeira parcela do 13\u00ba sal\u00e1rio deve ser paga at\u00e9 hoje - Aconteceu no Vale","robots":{"index":"index","follow":"follow","max-snippet":"max-snippet:-1","max-image-preview":"max-image-preview:large","max-video-preview":"max-video-preview:-1"},"canonical":"https:\/\/aconteceunovale.com.br\/portal\/?p=184281","og_locale":"pt_BR","og_type":"article","og_title":"Primeira parcela do 13\u00ba sal\u00e1rio deve ser paga at\u00e9 hoje - Aconteceu no Vale","og_description":"Um dos principais benef\u00edcios trabalhistas do pa\u00eds, o d\u00e9cimo terceiro sal\u00e1rio tem a primeira parcela paga at\u00e9 hoje (30\/11). A partir de amanh\u00e3 (01\/12), o empregado com carteira assinada come\u00e7ar\u00e1 a receber a segunda parcela, que deve ser paga at\u00e9 20 de dezembro. Essas datas valem apenas para os trabalhadores na ativa. Por causa da [&hellip;]","og_url":"https:\/\/aconteceunovale.com.br\/portal\/?p=184281","og_site_name":"Aconteceu no Vale","article_publisher":"https:\/\/www.facebook.com\/aconteceunovale\/","article_published_time":"2021-11-30T12:33:35+00:00","article_modified_time":"2021-11-30T12:34:29+00:00","og_image":[{"width":600,"height":314,"url":"https:\/\/aconteceunovale.com.br\/portal\/wp-content\/uploads\/2018\/06\/ctps_dinheiro.png","type":"image\/png"}],"author":"Reda\u00e7\u00e3o Aconteceu no Vale","twitter_card":"summary_large_image","twitter_creator":"@noticiadosvales","twitter_site":"@noticiadosvales","twitter_misc":{"Escrito por":"Reda\u00e7\u00e3o Aconteceu no Vale","Est. tempo de leitura":"3 minutos"},"schema":{"@context":"https:\/\/schema.org","@graph":[{"@type":"Article","@id":"https:\/\/aconteceunovale.com.br\/portal\/?p=184281#article","isPartOf":{"@id":"https:\/\/aconteceunovale.com.br\/portal\/?p=184281"},"author":{"name":"Reda\u00e7\u00e3o Aconteceu no Vale","@id":"https:\/\/aconteceunovale.com.br\/portal\/#\/schema\/person\/7d2f26d1483f8a63de73da1ee0754d35"},"headline":"Primeira parcela do 13\u00ba sal\u00e1rio deve ser paga at\u00e9 hoje","datePublished":"2021-11-30T12:33:35+00:00","dateModified":"2021-11-30T12:34:29+00:00","mainEntityOfPage":{"@id":"https:\/\/aconteceunovale.com.br\/portal\/?p=184281"},"wordCount":607,"commentCount":0,"image":{"@id":"https:\/\/aconteceunovale.com.br\/portal\/?p=184281#primaryimage"},"thumbnailUrl":"https:\/\/aconteceunovale.com.br\/portal\/wp-content\/uploads\/2018\/06\/ctps_dinheiro.png","keywords":["Benef\u00edcio trabalhista","INSS","Pagamento do 13\u00ba sal\u00e1rio","Pagamento do d\u00e9cimo terceiro","Primeira parcela do 13\u00ba sal\u00e1rio deve ser paga at\u00e9 hoje","Primeira parcela do d\u00e9cimo terceiro","Quem tem direito ao d\u00e9cimo terceiro"],"articleSection":["Brasil","Empregos"],"inLanguage":"pt-BR","potentialAction":[{"@type":"CommentAction","name":"Comment","target":["https:\/\/aconteceunovale.com.br\/portal\/?p=184281#respond"]}]},{"@type":"WebPage","@id":"https:\/\/aconteceunovale.com.br\/portal\/?p=184281","url":"https:\/\/aconteceunovale.com.br\/portal\/?p=184281","name":"Primeira parcela do 13\u00ba sal\u00e1rio deve ser paga at\u00e9 hoje - Aconteceu no Vale","isPartOf":{"@id":"https:\/\/aconteceunovale.com.br\/portal\/#website"},"primaryImageOfPage":{"@id":"https:\/\/aconteceunovale.com.br\/portal\/?p=184281#primaryimage"},"image":{"@id":"https:\/\/aconteceunovale.com.br\/portal\/?p=184281#primaryimage"},"thumbnailUrl":"https:\/\/aconteceunovale.com.br\/portal\/wp-content\/uploads\/2018\/06\/ctps_dinheiro.png","datePublished":"2021-11-30T12:33:35+00:00","dateModified":"2021-11-30T12:34:29+00:00","author":{"@id":"https:\/\/aconteceunovale.com.br\/portal\/#\/schema\/person\/7d2f26d1483f8a63de73da1ee0754d35"},"breadcrumb":{"@id":"https:\/\/aconteceunovale.com.br\/portal\/?p=184281#breadcrumb"},"inLanguage":"pt-BR","potentialAction":[{"@type":"ReadAction","target":["https:\/\/aconteceunovale.com.br\/portal\/?p=184281"]}]},{"@type":"ImageObject","inLanguage":"pt-BR","@id":"https:\/\/aconteceunovale.com.br\/portal\/?p=184281#primaryimage","url":"https:\/\/aconteceunovale.com.br\/portal\/wp-content\/uploads\/2018\/06\/ctps_dinheiro.png","contentUrl":"https:\/\/aconteceunovale.com.br\/portal\/wp-content\/uploads\/2018\/06\/ctps_dinheiro.png","width":600,"height":314},{"@type":"BreadcrumbList","@id":"https:\/\/aconteceunovale.com.br\/portal\/?p=184281#breadcrumb","itemListElement":[{"@type":"ListItem","position":1,"name":"In\u00edcio","item":"https:\/\/aconteceunovale.com.br\/portal\/"},{"@type":"ListItem","position":2,"name":"Primeira parcela do 13\u00ba sal\u00e1rio deve ser paga at\u00e9 hoje"}]},{"@type":"WebSite","@id":"https:\/\/aconteceunovale.com.br\/portal\/#website","url":"https:\/\/aconteceunovale.com.br\/portal\/","name":"Aconteceu no Vale","description":"Portal de Not\u00edcias","potentialAction":[{"@type":"SearchAction","target":{"@type":"EntryPoint","urlTemplate":"https:\/\/aconteceunovale.com.br\/portal\/?s={search_term_string}"},"query-input":{"@type":"PropertyValueSpecification","valueRequired":true,"valueName":"search_term_string"}}],"inLanguage":"pt-BR"},{"@type":"Person","@id":"https:\/\/aconteceunovale.com.br\/portal\/#\/schema\/person\/7d2f26d1483f8a63de73da1ee0754d35","name":"Reda\u00e7\u00e3o Aconteceu no Vale","description":"Equipe de reportagem do Aconteceu no Vale, portal de not\u00edcias do Vale do Jequitinhonha, em Minas Gerais. Cobrimos as 51 cidades do Vale desde 2013. Sugest\u00f5es de pauta e pedidos de corre\u00e7\u00e3o: contato@aconteceunovale.com.br","url":"https:\/\/aconteceunovale.com.br\/portal\/?author=4"}]}},"_links":{"self":[{"href":"https:\/\/aconteceunovale.com.br\/portal\/index.php?rest_route=\/wp\/v2\/posts\/184281","targetHints":{"allow":["GET"]}}],"collection":[{"href":"https:\/\/aconteceunovale.com.br\/portal\/index.php?rest_route=\/wp\/v2\/posts"}],"about":[{"href":"https:\/\/aconteceunovale.com.br\/portal\/index.php?rest_route=\/wp\/v2\/types\/post"}],"author":[{"embeddable":true,"href":"https:\/\/aconteceunovale.com.br\/portal\/index.php?rest_route=\/wp\/v2\/users\/4"}],"replies":[{"embeddable":true,"href":"https:\/\/aconteceunovale.com.br\/portal\/index.php?rest_route=%2Fwp%2Fv2%2Fcomments&post=184281"}],"version-history":[{"count":1,"href":"https:\/\/aconteceunovale.com.br\/portal\/index.php?rest_route=\/wp\/v2\/posts\/184281\/revisions"}],"predecessor-version":[{"id":184282,"href":"https:\/\/aconteceunovale.com.br\/portal\/index.php?rest_route=\/wp\/v2\/posts\/184281\/revisions\/184282"}],"wp:featuredmedia":[{"embeddable":true,"href":"https:\/\/aconteceunovale.com.br\/portal\/index.php?rest_route=\/wp\/v2\/media\/133149"}],"wp:attachment":[{"href":"https:\/\/aconteceunovale.com.br\/portal\/index.php?rest_route=%2Fwp%2Fv2%2Fmedia&parent=184281"}],"wp:term":[{"taxonomy":"category","embeddable":true,"href":"https:\/\/aconteceunovale.com.br\/portal\/index.php?rest_route=%2Fwp%2Fv2%2Fcategories&post=184281"},{"taxonomy":"post_tag","embeddable":true,"href":"https:\/\/aconteceunovale.com.br\/portal\/index.php?rest_route=%2Fwp%2Fv2%2Ftags&post=184281"}],"curies":[{"name":"wp","href":"https:\/\/api.w.org\/{rel}","templated":true}]}}