{"id":184252,"date":"2021-11-29T16:06:00","date_gmt":"2021-11-29T19:06:00","guid":{"rendered":"https:\/\/aconteceunovale.com.br\/portal\/?p=184252"},"modified":"2021-11-30T07:09:55","modified_gmt":"2021-11-30T10:09:55","slug":"flamengo-demite-renato-gaucho","status":"publish","type":"post","link":"https:\/\/aconteceunovale.com.br\/portal\/?p=184252","title":{"rendered":"Flamengo demite Renato Ga\u00facho"},"content":{"rendered":"\n<p>A passagem de Renato Portaluppi pelo comando do Flamengo chegou ao fim nesta segunda-feira (29\/11\/2021). No in\u00edcio da tarde, o clube anunciou a sa\u00edda do treinador \u201cap\u00f3s conversa entre as partes\u201d e que o auxiliar Maur\u00edcio Souza ser\u00e1 respons\u00e1vel pelo time profissional at\u00e9 o fim do Campeonato Brasileiro.<img decoding=\"async\" src=\"https:\/\/agenciabrasil.ebc.com.br\/ebc.png?id=1429565&amp;o=node\"><img decoding=\"async\" src=\"https:\/\/agenciabrasil.ebc.com.br\/ebc.gif?id=1429565&amp;o=node\"><\/p>\n\n\n\n<figure class=\"wp-block-gallery columns-1 is-cropped wp-block-gallery-1 is-layout-flex wp-block-gallery-is-layout-flex\"><ul class=\"blocks-gallery-grid\"><li class=\"blocks-gallery-item\"><figure><img loading=\"lazy\" decoding=\"async\" width=\"678\" height=\"406\" src=\"https:\/\/aconteceunovale.com.br\/portal\/wp-content\/uploads\/2021\/11\/renato_gaucho.jpg\" alt=\"\" data-id=\"184253\" data-full-url=\"https:\/\/aconteceunovale.com.br\/portal\/wp-content\/uploads\/2021\/11\/renato_gaucho.jpg\" data-link=\"https:\/\/aconteceunovale.com.br\/portal\/?attachment_id=184253\" class=\"wp-image-184253\" srcset=\"https:\/\/aconteceunovale.com.br\/portal\/wp-content\/uploads\/2021\/11\/renato_gaucho.jpg 678w, https:\/\/aconteceunovale.com.br\/portal\/wp-content\/uploads\/2021\/11\/renato_gaucho-300x180.jpg 300w\" sizes=\"auto, (max-width: 678px) 100vw, 678px\" \/><figcaption class=\"blocks-gallery-item__caption\"><em>Foto: Alexandre Vidal \/ Flamengo<\/em><\/figcaption><\/figure><\/li><\/ul><\/figure>\n\n\n\n<p>Renato deixa o Rubro-Negro ap\u00f3s 38 jogos, com 25 vit\u00f3rias, oito empates e cinco derrotas. Apesar de um aproveitamento de 72,8%, o t\u00e9cnico n\u00e3o ergueu ta\u00e7as pela equipe carioca, que tem chances somente matem\u00e1ticas de vencer o Campeonato Brasileiro, foi eliminada nas semifinais da Copa do Brasil para o Athletico-PR e perdeu a decis\u00e3o da Libertadores para o Palmeiras, no \u00faltimo s\u00e1bado (27).<\/p>\n\n\n\n<p>Os primeiros momentos de Renato no Flamengo foram marcados por goleadas e sequ\u00eancias hist\u00f3ricas. As vit\u00f3rias nos sete primeiros jogos o fizeram alcan\u00e7ar o melhor come\u00e7o de um trabalho no Rubro-Negro em 84 anos. O aproveitamento de quase 90%, atingido ap\u00f3s derrotar o Gr\u00eamio por 2 a 0, no jogo de volta do confronto pelas quartas de final da Copa do Brasil, isolaram-no como treinador com in\u00edcio mais promissor no clube.<\/p>\n\n\n\n<p>A queda de rendimento, por\u00e9m, minou a confian\u00e7a do torcedor, que vaiou Renato na derrota por 3 a 0 para o Athletico-PR, que custou a vaga na final da Copa do Brasil, e cantou o nome de Jorge Jesus, atualmente no Benfica (Portugal). Nas entrevistas coletivas, o treinador foi cobrado pela declara\u00e7\u00e3o dada em 2019, quando ainda dirigia Gr\u00eamio, de que o Flamengo tinha obriga\u00e7\u00e3o de ser campe\u00e3o \u201cpor ter um investimento de R$ 200 milh\u00f5es\u201d.<\/p>\n\n\n\n<p>Sem Renato e com Maur\u00edcio Souza no comando, o Rubro-Negro volta a campo nesta ter\u00e7a-feira (30), \u00e0s 20h (hor\u00e1rio de Bras\u00edlia), no Maracan\u00e3, no Rio de Janeiro, contra o Cear\u00e1, pela 36\u00aa rodada do Brasileiro. Os cariocas t\u00eam de ganhar para manterem a remota chance de alcan\u00e7arem o tricampeonato nacional. Em caso de empate ou derrota, o Atl\u00e9tico-MG garante o t\u00edtulo por anteced\u00eancia.<\/p>\n\n\n\n<p>&#8212;&#8212;&#8212;&#8212;&#8212;&#8212;<br><em>Quer receber as not\u00edcias do <strong>Aconteceu no Vale<\/strong> em primeira m\u00e3o? Siga-nos no Facebook <a rel=\"noreferrer noopener\" href=\"http:\/\/facebook.com\/aconteceunovale\" target=\"_blank\">@aconteceunovale<\/a>, Twitter <a rel=\"noreferrer noopener\" href=\"https:\/\/twitter.com\/noticiadosvales\" target=\"_blank\">@noticiadosvales<\/a> e Instagram <a rel=\"noreferrer noopener\" href=\"https:\/\/www.instagram.com\/aconteceunovale\" target=\"_blank\">@aconteceunovale<\/a>.<\/em><\/p>\n","protected":false},"excerpt":{"rendered":"<p>A passagem de Renato Portaluppi pelo comando do Flamengo chegou ao fim nesta segunda-feira (29\/11\/2021). No in\u00edcio da tarde, o clube anunciou a sa\u00edda do treinador \u201cap\u00f3s conversa entre as partes\u201d e que o auxiliar Maur\u00edcio Souza ser\u00e1 respons\u00e1vel pelo time profissional at\u00e9 o fim do Campeonato Brasileiro. Renato deixa o Rubro-Negro ap\u00f3s 38 jogos, [&hellip;]<\/p>\n","protected":false},"author":4,"featured_media":184253,"comment_status":"open","ping_status":"closed","sticky":false,"template":"","format":"standard","meta":{"amp_status":"","footnotes":""},"categories":[6,59],"tags":[255073,255072,1018,14190,255075,255071,255074],"class_list":["post-184252","post","type-post","status-publish","format-standard","has-post-thumbnail","hentry","category-br","category-sports","tag-demissao-de-renato-gaucho","tag-demissao-do-tecnico-renato-gaucho","tag-destaque","tag-flamengo","tag-novo-tecnico-do-flamengo","tag-renato-gaucho","tag-renato-gaucho-e-demitido-do-flamengo"],"_links":{"self":[{"href":"https:\/\/aconteceunovale.com.br\/portal\/index.php?rest_route=\/wp\/v2\/posts\/184252","targetHints":{"allow":["GET"]}}],"collection":[{"href":"https:\/\/aconteceunovale.com.br\/portal\/index.php?rest_route=\/wp\/v2\/posts"}],"about":[{"href":"https:\/\/aconteceunovale.com.br\/portal\/index.php?rest_route=\/wp\/v2\/types\/post"}],"author":[{"embeddable":true,"href":"https:\/\/aconteceunovale.com.br\/portal\/index.php?rest_route=\/wp\/v2\/users\/4"}],"replies":[{"embeddable":true,"href":"https:\/\/aconteceunovale.com.br\/portal\/index.php?rest_route=%2Fwp%2Fv2%2Fcomments&post=184252"}],"version-history":[{"count":1,"href":"https:\/\/aconteceunovale.com.br\/portal\/index.php?rest_route=\/wp\/v2\/posts\/184252\/revisions"}],"predecessor-version":[{"id":184254,"href":"https:\/\/aconteceunovale.com.br\/portal\/index.php?rest_route=\/wp\/v2\/posts\/184252\/revisions\/184254"}],"wp:featuredmedia":[{"embeddable":true,"href":"https:\/\/aconteceunovale.com.br\/portal\/index.php?rest_route=\/wp\/v2\/media\/184253"}],"wp:attachment":[{"href":"https:\/\/aconteceunovale.com.br\/portal\/index.php?rest_route=%2Fwp%2Fv2%2Fmedia&parent=184252"}],"wp:term":[{"taxonomy":"category","embeddable":true,"href":"https:\/\/aconteceunovale.com.br\/portal\/index.php?rest_route=%2Fwp%2Fv2%2Fcategories&post=184252"},{"taxonomy":"post_tag","embeddable":true,"href":"https:\/\/aconteceunovale.com.br\/portal\/index.php?rest_route=%2Fwp%2Fv2%2Ftags&post=184252"}],"curies":[{"name":"wp","href":"https:\/\/api.w.org\/{rel}","templated":true}]}}