{"id":184238,"date":"2021-11-29T12:12:42","date_gmt":"2021-11-29T15:12:42","guid":{"rendered":"https:\/\/aconteceunovale.com.br\/portal\/?p=184238"},"modified":"2021-11-29T12:14:09","modified_gmt":"2021-11-29T15:14:09","slug":"preocupacao-com-nova-variante-do-coronavirus-faz-salvador-cancelar-festa-de-reveillon","status":"publish","type":"post","link":"https:\/\/aconteceunovale.com.br\/portal\/?p=184238","title":{"rendered":"Preocupa\u00e7\u00e3o com nova variante do coronav\u00edrus faz Salvador cancelar festa de r\u00e9veillon"},"content":{"rendered":"\n<p>O prefeito de Salvador, Bruno Reis, anunciou nesta\u00a0segunda-feira (29\/11\/2021) o cancelamento da festa de R\u00e9veillon na capital baiana. Ele informou\u00a0ter\u00a0feito uma avalia\u00e7\u00e3o criteriosa a partir do surgimento da nova variante \u00d4micron e do aumento de casos de covid-19 em pa\u00edses da Europa. &#8220;Sei da import\u00e2ncia do evento para a economia da nossa cidade, mas seguimos colocando a vida das pessoas em primeiro lugar&#8221;, disse em uma rede social.<img decoding=\"async\" src=\"https:\/\/agenciabrasil.ebc.com.br\/ebc.png?id=1429511&amp;o=node\"><img decoding=\"async\" src=\"https:\/\/agenciabrasil.ebc.com.br\/ebc.gif?id=1429511&amp;o=node\"><\/p>\n\n\n\n<figure class=\"wp-block-gallery columns-1 is-cropped wp-block-gallery-1 is-layout-flex wp-block-gallery-is-layout-flex\"><ul class=\"blocks-gallery-grid\"><li class=\"blocks-gallery-item\"><figure><img loading=\"lazy\" decoding=\"async\" width=\"678\" height=\"406\" src=\"https:\/\/aconteceunovale.com.br\/portal\/wp-content\/uploads\/2021\/11\/salvador.jpg\" alt=\"\" data-id=\"184239\" data-full-url=\"https:\/\/aconteceunovale.com.br\/portal\/wp-content\/uploads\/2021\/11\/salvador.jpg\" data-link=\"https:\/\/aconteceunovale.com.br\/portal\/?attachment_id=184239\" class=\"wp-image-184239\" srcset=\"https:\/\/aconteceunovale.com.br\/portal\/wp-content\/uploads\/2021\/11\/salvador.jpg 678w, https:\/\/aconteceunovale.com.br\/portal\/wp-content\/uploads\/2021\/11\/salvador-300x180.jpg 300w\" sizes=\"auto, (max-width: 678px) 100vw, 678px\" \/><figcaption class=\"blocks-gallery-item__caption\"><em>Salvador &#8211; Foto: M\u00e1rcio Filho \/ MTUR<\/em><\/figcaption><\/figure><\/li><\/ul><\/figure>\n\n\n\n<p>Com rela\u00e7\u00e3o aos festejos de Carnaval, considerados dos mais tradicionais do pa\u00eds, o prefeito declarou que ir\u00e1 tomar a decis\u00e3o em conjunto com o governo estadual, &#8220;considerando toda seguran\u00e7a e cautela necess\u00e1ria para o momento&#8221;, disse.<\/p>\n\n\n\n<p>&#8212;&#8212;&#8212;&#8212;&#8212;&#8212;<br><em>Quer receber as not\u00edcias do <strong>Aconteceu no Vale<\/strong> em primeira m\u00e3o? Siga-nos no Facebook <a rel=\"noreferrer noopener\" href=\"http:\/\/facebook.com\/aconteceunovale\" target=\"_blank\">@aconteceunovale<\/a>, Twitter <a rel=\"noreferrer noopener\" href=\"https:\/\/twitter.com\/noticiadosvales\" target=\"_blank\">@noticiadosvales<\/a> e Instagram <a rel=\"noreferrer noopener\" href=\"https:\/\/www.instagram.com\/aconteceunovale\" target=\"_blank\">@aconteceunovale<\/a>.<\/em><\/p>\n","protected":false},"excerpt":{"rendered":"<p>O prefeito de Salvador, Bruno Reis, anunciou nesta\u00a0segunda-feira (29\/11\/2021) o cancelamento da festa de R\u00e9veillon na capital baiana. Ele informou\u00a0ter\u00a0feito uma avalia\u00e7\u00e3o criteriosa a partir do surgimento da nova variante \u00d4micron e do aumento de casos de covid-19 em pa\u00edses da Europa. &#8220;Sei da import\u00e2ncia do evento para a economia da nossa cidade, mas seguimos [&hellip;]<\/p>\n","protected":false},"author":4,"featured_media":184239,"comment_status":"open","ping_status":"closed","sticky":false,"template":"","format":"standard","meta":{"amp_status":"","footnotes":""},"categories":[6,125],"tags":[255050,255052,255051,255054,255048,254969,255049,255053,6531],"class_list":["post-184238","post","type-post","status-publish","format-standard","has-post-thumbnail","hentry","category-br","category-noticias","tag-bruno-reis","tag-cancelamento-da-festa-de-reveillon-em-salvador","tag-cancelamento-do-reveillon-em-salvador","tag-carnaval-em-salvador","tag-festa-de-reveillon-em-salvador","tag-omicron","tag-prefeito-de-salvador","tag-preocupacao-com-a-variante-omicron","tag-salvador"],"_links":{"self":[{"href":"https:\/\/aconteceunovale.com.br\/portal\/index.php?rest_route=\/wp\/v2\/posts\/184238","targetHints":{"allow":["GET"]}}],"collection":[{"href":"https:\/\/aconteceunovale.com.br\/portal\/index.php?rest_route=\/wp\/v2\/posts"}],"about":[{"href":"https:\/\/aconteceunovale.com.br\/portal\/index.php?rest_route=\/wp\/v2\/types\/post"}],"author":[{"embeddable":true,"href":"https:\/\/aconteceunovale.com.br\/portal\/index.php?rest_route=\/wp\/v2\/users\/4"}],"replies":[{"embeddable":true,"href":"https:\/\/aconteceunovale.com.br\/portal\/index.php?rest_route=%2Fwp%2Fv2%2Fcomments&post=184238"}],"version-history":[{"count":1,"href":"https:\/\/aconteceunovale.com.br\/portal\/index.php?rest_route=\/wp\/v2\/posts\/184238\/revisions"}],"predecessor-version":[{"id":184240,"href":"https:\/\/aconteceunovale.com.br\/portal\/index.php?rest_route=\/wp\/v2\/posts\/184238\/revisions\/184240"}],"wp:featuredmedia":[{"embeddable":true,"href":"https:\/\/aconteceunovale.com.br\/portal\/index.php?rest_route=\/wp\/v2\/media\/184239"}],"wp:attachment":[{"href":"https:\/\/aconteceunovale.com.br\/portal\/index.php?rest_route=%2Fwp%2Fv2%2Fmedia&parent=184238"}],"wp:term":[{"taxonomy":"category","embeddable":true,"href":"https:\/\/aconteceunovale.com.br\/portal\/index.php?rest_route=%2Fwp%2Fv2%2Fcategories&post=184238"},{"taxonomy":"post_tag","embeddable":true,"href":"https:\/\/aconteceunovale.com.br\/portal\/index.php?rest_route=%2Fwp%2Fv2%2Ftags&post=184238"}],"curies":[{"name":"wp","href":"https:\/\/api.w.org\/{rel}","templated":true}]}}