{"id":184131,"date":"2021-11-25T22:33:06","date_gmt":"2021-11-26T01:33:06","guid":{"rendered":"https:\/\/aconteceunovale.com.br\/portal\/?p=184131"},"modified":"2021-11-25T22:34:03","modified_gmt":"2021-11-26T01:34:03","slug":"casal-e-condenado-por-homicidio-qualificado-de-amigo","status":"publish","type":"post","link":"https:\/\/aconteceunovale.com.br\/portal\/?p=184131","title":{"rendered":"Casal \u00e9 condenado por homic\u00eddio qualificado de amigo"},"content":{"rendered":"\n<p class=\"wp-block-paragraph\">Em sess\u00e3o no Tribunal do J\u00fari de Campestre, na regi\u00e3o Sul de Minas Gerais, um homem e uma mulher foram condenados, respectivamente, a 23 e a 14 anos de pris\u00e3o em regime fechado pelo assassinato de um amigo deles, em mar\u00e7o de 2019, no local de trabalho da v\u00edtima,\u00a0no Centro do munic\u00edpio.<\/p>\n\n\n\n<figure class=\"wp-block-gallery columns-1 is-cropped wp-block-gallery-1 is-layout-flex wp-block-gallery-is-layout-flex\"><ul class=\"blocks-gallery-grid\"><li class=\"blocks-gallery-item\"><figure><img loading=\"lazy\" decoding=\"async\" width=\"678\" height=\"374\" src=\"https:\/\/aconteceunovale.com.br\/portal\/wp-content\/uploads\/2021\/11\/campestre_mg.jpg\" alt=\"\" data-id=\"184132\" data-full-url=\"https:\/\/aconteceunovale.com.br\/portal\/wp-content\/uploads\/2021\/11\/campestre_mg.jpg\" data-link=\"https:\/\/aconteceunovale.com.br\/portal\/?attachment_id=184132\" class=\"wp-image-184132\" srcset=\"https:\/\/aconteceunovale.com.br\/portal\/wp-content\/uploads\/2021\/11\/campestre_mg.jpg 678w, https:\/\/aconteceunovale.com.br\/portal\/wp-content\/uploads\/2021\/11\/campestre_mg-300x165.jpg 300w\" sizes=\"auto, (max-width: 678px) 100vw, 678px\" \/><figcaption class=\"blocks-gallery-item__caption\"><em>Foto: Reprodu\u00e7\u00e3o \/ Site Oficial da C\u00e2mara Municipal de Campestre<\/em><\/figcaption><\/figure><\/li><\/ul><\/figure>\n\n\n\n<p class=\"wp-block-paragraph\">O J\u00fari considerou as teses apresentadas na den\u00fancia oferecida pelo Minist\u00e9rio P\u00fablico de Minas Gerais (MPMG) \u00e0 Justi\u00e7a e reconheceu as qualificadoras de motivo torpe, meio cruel e emprego de recurso que dificultou a defesa da v\u00edtima. \u00c0 condena\u00e7\u00e3o do homem soma-se ainda a tentativa de homic\u00eddio de outra pessoa que tentou impedir crime. &nbsp;&nbsp;<\/p>\n\n\n\n<p class=\"wp-block-paragraph\">Segundo o Minist\u00e9rio P\u00fablico, o homem denunciado e a v\u00edtima eram amigos de longa data. J\u00e1 a mulher teria tido um relacionamento amoroso com a v\u00edtima, mas, depois do t\u00e9rmino, passou a se relacionar com o condenado, com o qual teve uma filha. No entanto, o caso chegou ao fim e a mulher teria voltado a ter uma liga\u00e7\u00e3o com a v\u00edtima. Cerca de um m\u00eas antes do crime, ela teria retornado aos bra\u00e7os do acusado. &nbsp;<\/p>\n\n\n\n<p class=\"wp-block-paragraph\">O MPMG explica, na den\u00fancia, que o casal condenado tramou o crime e contou com a ajuda de um terceiro denunciado, que auxiliou a dupla a vigiar o estabelecimento onde a v\u00edtima trabalhava e a fornecer informa\u00e7\u00f5es para que o ato fosse consumado. Os tr\u00eas teriam, inclusive, arquitetado uma divis\u00e3o de tarefas, o que foi provado pela quebra do sigilo telef\u00f4nico deles. &nbsp;<\/p>\n\n\n\n<p class=\"wp-block-paragraph\">Na manh\u00e3 do crime, o casal de condenados teria chegado ao local do assassinato em uma BMW Z4, de cor vermelha. O homem levava, na m\u00e3o direita, um rev\u00f3lver e, na m\u00e3o esquerda, uma pistola. A mulher, por sua vez, carregava uma arma de fogo escondida dentro da blusa. O denunciado disparou diversos tiros, que atingiram a cabe\u00e7a e o t\u00f3rax da v\u00edtima, que caiu no ch\u00e3o. Os disparos continuaram mesmo com a v\u00edtima clamando por vida. O assassinado foi consumado com tiros de pistola na cabe\u00e7a, mesmo com a tentativa de uma outra pessoa impedir que isso acontecesse. Essa outra pessoa tamb\u00e9m foi atingida com dois tiros que causaram ferimentos no t\u00f3rax.&nbsp;<\/p>\n\n\n\n<p class=\"wp-block-paragraph\">Segundo a den\u00fancia do MPMG, o homem condenado tem envolvimento anterior com os crimes de porte ilegal de arma de fogo, tr\u00e1fico de drogas, roubo, les\u00e3o corporal, amea\u00e7a contra autoridade e recepta\u00e7\u00e3o.\u00a0<\/p>\n\n\n\n<p class=\"wp-block-paragraph\">&#8212;&#8212;&#8212;&#8212;&#8212;&#8212;<br><em>Quer receber as not\u00edcias do <strong>Aconteceu no Vale<\/strong> em primeira m\u00e3o? Siga-nos no Facebook <a rel=\"noreferrer noopener\" href=\"http:\/\/facebook.com\/aconteceunovale\" target=\"_blank\">@aconteceunovale<\/a>, Twitter <a rel=\"noreferrer noopener\" href=\"https:\/\/twitter.com\/noticiadosvales\" target=\"_blank\">@noticiadosvales<\/a> e Instagram <a rel=\"noreferrer noopener\" href=\"https:\/\/www.instagram.com\/aconteceunovale\" target=\"_blank\">@aconteceunovale<\/a>.<\/em><\/p>\n","protected":false},"excerpt":{"rendered":"<p>Em sess\u00e3o no Tribunal do J\u00fari de Campestre, na regi\u00e3o Sul de Minas Gerais, um homem e uma mulher foram condenados, respectivamente, a 23 e a 14 anos de pris\u00e3o em regime fechado pelo assassinato de um amigo deles, em mar\u00e7o de 2019, no local de trabalho da v\u00edtima,\u00a0no Centro do munic\u00edpio. O J\u00fari considerou [&hellip;]<\/p>\n","protected":false},"author":4,"featured_media":184132,"comment_status":"open","ping_status":"closed","sticky":false,"template":"","format":"standard","meta":{"amp_status":"","footnotes":""},"categories":[123],"tags":[22501,254887,254889,254888,19675,36989],"class_list":["post-184131","post","type-post","status-publish","format-standard","has-post-thumbnail","hentry","category-gerais","tag-campestre","tag-casal-e-condenado-por-homicidio-qualificado-de-amigo-em-campestre","tag-casal-e-condenado-por-homicidio-qualificado-de-amigo-no-centro-de-campestre","tag-casal-e-condenado-por-homicidio-qualificado-de-amigo-no-sul-de-minas","tag-mpmg","tag-sul-de-minas"],"yoast_head":"<!-- This site is optimized with the Yoast SEO plugin v28.3 - https:\/\/yoast.com\/product\/yoast-seo-wordpress\/ -->\n<title>Casal \u00e9 condenado por homic\u00eddio qualificado de amigo - Aconteceu no Vale<\/title>\n<meta name=\"robots\" content=\"index, follow, max-snippet:-1, max-image-preview:large, max-video-preview:-1\" \/>\n<link rel=\"canonical\" href=\"https:\/\/aconteceunovale.com.br\/portal\/?p=184131\" \/>\n<meta property=\"og:locale\" content=\"pt_BR\" \/>\n<meta property=\"og:type\" content=\"article\" \/>\n<meta property=\"og:title\" content=\"Casal \u00e9 condenado por homic\u00eddio qualificado de amigo - Aconteceu no Vale\" \/>\n<meta property=\"og:description\" content=\"Em sess\u00e3o no Tribunal do J\u00fari de Campestre, na regi\u00e3o Sul de Minas Gerais, um homem e uma mulher foram condenados, respectivamente, a 23 e a 14 anos de pris\u00e3o em regime fechado pelo assassinato de um amigo deles, em mar\u00e7o de 2019, no local de trabalho da v\u00edtima,\u00a0no Centro do munic\u00edpio. O J\u00fari considerou [&hellip;]\" \/>\n<meta property=\"og:url\" content=\"https:\/\/aconteceunovale.com.br\/portal\/?p=184131\" \/>\n<meta property=\"og:site_name\" content=\"Aconteceu no Vale\" \/>\n<meta property=\"article:publisher\" content=\"https:\/\/www.facebook.com\/aconteceunovale\/\" \/>\n<meta property=\"article:published_time\" content=\"2021-11-26T01:33:06+00:00\" \/>\n<meta property=\"article:modified_time\" content=\"2021-11-26T01:34:03+00:00\" \/>\n<meta property=\"og:image\" content=\"https:\/\/aconteceunovale.com.br\/portal\/wp-content\/uploads\/2021\/11\/campestre_mg.jpg\" \/>\n\t<meta property=\"og:image:width\" content=\"678\" \/>\n\t<meta property=\"og:image:height\" content=\"374\" \/>\n\t<meta property=\"og:image:type\" content=\"image\/jpeg\" \/>\n<meta name=\"author\" content=\"Reda\u00e7\u00e3o Aconteceu no Vale\" \/>\n<meta name=\"twitter:card\" content=\"summary_large_image\" \/>\n<meta name=\"twitter:creator\" content=\"@noticiadosvales\" \/>\n<meta name=\"twitter:site\" content=\"@noticiadosvales\" \/>\n<meta name=\"twitter:label1\" content=\"Escrito por\" \/>\n\t<meta name=\"twitter:data1\" content=\"Reda\u00e7\u00e3o Aconteceu no Vale\" \/>\n\t<meta name=\"twitter:label2\" content=\"Est. tempo de leitura\" \/>\n\t<meta name=\"twitter:data2\" content=\"2 minutos\" \/>\n<script type=\"application\/ld+json\" class=\"yoast-schema-graph\">{\"@context\":\"https:\\\/\\\/schema.org\",\"@graph\":[{\"@type\":\"Article\",\"@id\":\"https:\\\/\\\/aconteceunovale.com.br\\\/portal\\\/?p=184131#article\",\"isPartOf\":{\"@id\":\"https:\\\/\\\/aconteceunovale.com.br\\\/portal\\\/?p=184131\"},\"author\":{\"name\":\"Reda\u00e7\u00e3o Aconteceu no Vale\",\"@id\":\"https:\\\/\\\/aconteceunovale.com.br\\\/portal\\\/#\\\/schema\\\/person\\\/7d2f26d1483f8a63de73da1ee0754d35\"},\"headline\":\"Casal \u00e9 condenado por homic\u00eddio qualificado de amigo\",\"datePublished\":\"2021-11-26T01:33:06+00:00\",\"dateModified\":\"2021-11-26T01:34:03+00:00\",\"mainEntityOfPage\":{\"@id\":\"https:\\\/\\\/aconteceunovale.com.br\\\/portal\\\/?p=184131\"},\"wordCount\":478,\"commentCount\":0,\"image\":{\"@id\":\"https:\\\/\\\/aconteceunovale.com.br\\\/portal\\\/?p=184131#primaryimage\"},\"thumbnailUrl\":\"https:\\\/\\\/aconteceunovale.com.br\\\/portal\\\/wp-content\\\/uploads\\\/2021\\\/11\\\/campestre_mg.jpg\",\"keywords\":[\"Campestre\",\"Casal \u00e9 condenado por homic\u00eddio qualificado de amigo em Campestre\",\"Casal \u00e9 condenado por homic\u00eddio qualificado de amigo no Centro de Campestre\",\"Casal \u00e9 condenado por homic\u00eddio qualificado de amigo no Sul de Minas\",\"MPMG\",\"Sul de Minas\"],\"articleSection\":[\"Minas Gerais\"],\"inLanguage\":\"pt-BR\",\"potentialAction\":[{\"@type\":\"CommentAction\",\"name\":\"Comment\",\"target\":[\"https:\\\/\\\/aconteceunovale.com.br\\\/portal\\\/?p=184131#respond\"]}]},{\"@type\":\"WebPage\",\"@id\":\"https:\\\/\\\/aconteceunovale.com.br\\\/portal\\\/?p=184131\",\"url\":\"https:\\\/\\\/aconteceunovale.com.br\\\/portal\\\/?p=184131\",\"name\":\"Casal \u00e9 condenado por homic\u00eddio qualificado de amigo - Aconteceu no Vale\",\"isPartOf\":{\"@id\":\"https:\\\/\\\/aconteceunovale.com.br\\\/portal\\\/#website\"},\"primaryImageOfPage\":{\"@id\":\"https:\\\/\\\/aconteceunovale.com.br\\\/portal\\\/?p=184131#primaryimage\"},\"image\":{\"@id\":\"https:\\\/\\\/aconteceunovale.com.br\\\/portal\\\/?p=184131#primaryimage\"},\"thumbnailUrl\":\"https:\\\/\\\/aconteceunovale.com.br\\\/portal\\\/wp-content\\\/uploads\\\/2021\\\/11\\\/campestre_mg.jpg\",\"datePublished\":\"2021-11-26T01:33:06+00:00\",\"dateModified\":\"2021-11-26T01:34:03+00:00\",\"author\":{\"@id\":\"https:\\\/\\\/aconteceunovale.com.br\\\/portal\\\/#\\\/schema\\\/person\\\/7d2f26d1483f8a63de73da1ee0754d35\"},\"breadcrumb\":{\"@id\":\"https:\\\/\\\/aconteceunovale.com.br\\\/portal\\\/?p=184131#breadcrumb\"},\"inLanguage\":\"pt-BR\",\"potentialAction\":[{\"@type\":\"ReadAction\",\"target\":[\"https:\\\/\\\/aconteceunovale.com.br\\\/portal\\\/?p=184131\"]}]},{\"@type\":\"ImageObject\",\"inLanguage\":\"pt-BR\",\"@id\":\"https:\\\/\\\/aconteceunovale.com.br\\\/portal\\\/?p=184131#primaryimage\",\"url\":\"https:\\\/\\\/aconteceunovale.com.br\\\/portal\\\/wp-content\\\/uploads\\\/2021\\\/11\\\/campestre_mg.jpg\",\"contentUrl\":\"https:\\\/\\\/aconteceunovale.com.br\\\/portal\\\/wp-content\\\/uploads\\\/2021\\\/11\\\/campestre_mg.jpg\",\"width\":678,\"height\":374},{\"@type\":\"BreadcrumbList\",\"@id\":\"https:\\\/\\\/aconteceunovale.com.br\\\/portal\\\/?p=184131#breadcrumb\",\"itemListElement\":[{\"@type\":\"ListItem\",\"position\":1,\"name\":\"In\u00edcio\",\"item\":\"https:\\\/\\\/aconteceunovale.com.br\\\/portal\\\/\"},{\"@type\":\"ListItem\",\"position\":2,\"name\":\"Casal \u00e9 condenado por homic\u00eddio qualificado de amigo\"}]},{\"@type\":\"WebSite\",\"@id\":\"https:\\\/\\\/aconteceunovale.com.br\\\/portal\\\/#website\",\"url\":\"https:\\\/\\\/aconteceunovale.com.br\\\/portal\\\/\",\"name\":\"Aconteceu no Vale\",\"description\":\"Portal de Not\u00edcias\",\"potentialAction\":[{\"@type\":\"SearchAction\",\"target\":{\"@type\":\"EntryPoint\",\"urlTemplate\":\"https:\\\/\\\/aconteceunovale.com.br\\\/portal\\\/?s={search_term_string}\"},\"query-input\":{\"@type\":\"PropertyValueSpecification\",\"valueRequired\":true,\"valueName\":\"search_term_string\"}}],\"inLanguage\":\"pt-BR\"},{\"@type\":\"Person\",\"@id\":\"https:\\\/\\\/aconteceunovale.com.br\\\/portal\\\/#\\\/schema\\\/person\\\/7d2f26d1483f8a63de73da1ee0754d35\",\"name\":\"Reda\u00e7\u00e3o Aconteceu no Vale\",\"description\":\"Equipe de reportagem do Aconteceu no Vale, portal de not\u00edcias do Vale do Jequitinhonha, em Minas Gerais. Cobrimos as 51 cidades do Vale desde 2013. Sugest\u00f5es de pauta e pedidos de corre\u00e7\u00e3o: contato@aconteceunovale.com.br\",\"url\":\"https:\\\/\\\/aconteceunovale.com.br\\\/portal\\\/?author=4\"}]}<\/script>\n<!-- \/ Yoast SEO plugin. -->","yoast_head_json":{"title":"Casal \u00e9 condenado por homic\u00eddio qualificado de amigo - Aconteceu no Vale","robots":{"index":"index","follow":"follow","max-snippet":"max-snippet:-1","max-image-preview":"max-image-preview:large","max-video-preview":"max-video-preview:-1"},"canonical":"https:\/\/aconteceunovale.com.br\/portal\/?p=184131","og_locale":"pt_BR","og_type":"article","og_title":"Casal \u00e9 condenado por homic\u00eddio qualificado de amigo - Aconteceu no Vale","og_description":"Em sess\u00e3o no Tribunal do J\u00fari de Campestre, na regi\u00e3o Sul de Minas Gerais, um homem e uma mulher foram condenados, respectivamente, a 23 e a 14 anos de pris\u00e3o em regime fechado pelo assassinato de um amigo deles, em mar\u00e7o de 2019, no local de trabalho da v\u00edtima,\u00a0no Centro do munic\u00edpio. O J\u00fari considerou [&hellip;]","og_url":"https:\/\/aconteceunovale.com.br\/portal\/?p=184131","og_site_name":"Aconteceu no Vale","article_publisher":"https:\/\/www.facebook.com\/aconteceunovale\/","article_published_time":"2021-11-26T01:33:06+00:00","article_modified_time":"2021-11-26T01:34:03+00:00","og_image":[{"width":678,"height":374,"url":"https:\/\/aconteceunovale.com.br\/portal\/wp-content\/uploads\/2021\/11\/campestre_mg.jpg","type":"image\/jpeg"}],"author":"Reda\u00e7\u00e3o Aconteceu no Vale","twitter_card":"summary_large_image","twitter_creator":"@noticiadosvales","twitter_site":"@noticiadosvales","twitter_misc":{"Escrito por":"Reda\u00e7\u00e3o Aconteceu no Vale","Est. tempo de leitura":"2 minutos"},"schema":{"@context":"https:\/\/schema.org","@graph":[{"@type":"Article","@id":"https:\/\/aconteceunovale.com.br\/portal\/?p=184131#article","isPartOf":{"@id":"https:\/\/aconteceunovale.com.br\/portal\/?p=184131"},"author":{"name":"Reda\u00e7\u00e3o Aconteceu no Vale","@id":"https:\/\/aconteceunovale.com.br\/portal\/#\/schema\/person\/7d2f26d1483f8a63de73da1ee0754d35"},"headline":"Casal \u00e9 condenado por homic\u00eddio qualificado de amigo","datePublished":"2021-11-26T01:33:06+00:00","dateModified":"2021-11-26T01:34:03+00:00","mainEntityOfPage":{"@id":"https:\/\/aconteceunovale.com.br\/portal\/?p=184131"},"wordCount":478,"commentCount":0,"image":{"@id":"https:\/\/aconteceunovale.com.br\/portal\/?p=184131#primaryimage"},"thumbnailUrl":"https:\/\/aconteceunovale.com.br\/portal\/wp-content\/uploads\/2021\/11\/campestre_mg.jpg","keywords":["Campestre","Casal \u00e9 condenado por homic\u00eddio qualificado de amigo em Campestre","Casal \u00e9 condenado por homic\u00eddio qualificado de amigo no Centro de Campestre","Casal \u00e9 condenado por homic\u00eddio qualificado de amigo no Sul de Minas","MPMG","Sul de Minas"],"articleSection":["Minas Gerais"],"inLanguage":"pt-BR","potentialAction":[{"@type":"CommentAction","name":"Comment","target":["https:\/\/aconteceunovale.com.br\/portal\/?p=184131#respond"]}]},{"@type":"WebPage","@id":"https:\/\/aconteceunovale.com.br\/portal\/?p=184131","url":"https:\/\/aconteceunovale.com.br\/portal\/?p=184131","name":"Casal \u00e9 condenado por homic\u00eddio qualificado de amigo - Aconteceu no Vale","isPartOf":{"@id":"https:\/\/aconteceunovale.com.br\/portal\/#website"},"primaryImageOfPage":{"@id":"https:\/\/aconteceunovale.com.br\/portal\/?p=184131#primaryimage"},"image":{"@id":"https:\/\/aconteceunovale.com.br\/portal\/?p=184131#primaryimage"},"thumbnailUrl":"https:\/\/aconteceunovale.com.br\/portal\/wp-content\/uploads\/2021\/11\/campestre_mg.jpg","datePublished":"2021-11-26T01:33:06+00:00","dateModified":"2021-11-26T01:34:03+00:00","author":{"@id":"https:\/\/aconteceunovale.com.br\/portal\/#\/schema\/person\/7d2f26d1483f8a63de73da1ee0754d35"},"breadcrumb":{"@id":"https:\/\/aconteceunovale.com.br\/portal\/?p=184131#breadcrumb"},"inLanguage":"pt-BR","potentialAction":[{"@type":"ReadAction","target":["https:\/\/aconteceunovale.com.br\/portal\/?p=184131"]}]},{"@type":"ImageObject","inLanguage":"pt-BR","@id":"https:\/\/aconteceunovale.com.br\/portal\/?p=184131#primaryimage","url":"https:\/\/aconteceunovale.com.br\/portal\/wp-content\/uploads\/2021\/11\/campestre_mg.jpg","contentUrl":"https:\/\/aconteceunovale.com.br\/portal\/wp-content\/uploads\/2021\/11\/campestre_mg.jpg","width":678,"height":374},{"@type":"BreadcrumbList","@id":"https:\/\/aconteceunovale.com.br\/portal\/?p=184131#breadcrumb","itemListElement":[{"@type":"ListItem","position":1,"name":"In\u00edcio","item":"https:\/\/aconteceunovale.com.br\/portal\/"},{"@type":"ListItem","position":2,"name":"Casal \u00e9 condenado por homic\u00eddio qualificado de amigo"}]},{"@type":"WebSite","@id":"https:\/\/aconteceunovale.com.br\/portal\/#website","url":"https:\/\/aconteceunovale.com.br\/portal\/","name":"Aconteceu no Vale","description":"Portal de Not\u00edcias","potentialAction":[{"@type":"SearchAction","target":{"@type":"EntryPoint","urlTemplate":"https:\/\/aconteceunovale.com.br\/portal\/?s={search_term_string}"},"query-input":{"@type":"PropertyValueSpecification","valueRequired":true,"valueName":"search_term_string"}}],"inLanguage":"pt-BR"},{"@type":"Person","@id":"https:\/\/aconteceunovale.com.br\/portal\/#\/schema\/person\/7d2f26d1483f8a63de73da1ee0754d35","name":"Reda\u00e7\u00e3o Aconteceu no Vale","description":"Equipe de reportagem do Aconteceu no Vale, portal de not\u00edcias do Vale do Jequitinhonha, em Minas Gerais. Cobrimos as 51 cidades do Vale desde 2013. Sugest\u00f5es de pauta e pedidos de corre\u00e7\u00e3o: contato@aconteceunovale.com.br","url":"https:\/\/aconteceunovale.com.br\/portal\/?author=4"}]}},"_links":{"self":[{"href":"https:\/\/aconteceunovale.com.br\/portal\/index.php?rest_route=\/wp\/v2\/posts\/184131","targetHints":{"allow":["GET"]}}],"collection":[{"href":"https:\/\/aconteceunovale.com.br\/portal\/index.php?rest_route=\/wp\/v2\/posts"}],"about":[{"href":"https:\/\/aconteceunovale.com.br\/portal\/index.php?rest_route=\/wp\/v2\/types\/post"}],"author":[{"embeddable":true,"href":"https:\/\/aconteceunovale.com.br\/portal\/index.php?rest_route=\/wp\/v2\/users\/4"}],"replies":[{"embeddable":true,"href":"https:\/\/aconteceunovale.com.br\/portal\/index.php?rest_route=%2Fwp%2Fv2%2Fcomments&post=184131"}],"version-history":[{"count":1,"href":"https:\/\/aconteceunovale.com.br\/portal\/index.php?rest_route=\/wp\/v2\/posts\/184131\/revisions"}],"predecessor-version":[{"id":184133,"href":"https:\/\/aconteceunovale.com.br\/portal\/index.php?rest_route=\/wp\/v2\/posts\/184131\/revisions\/184133"}],"wp:featuredmedia":[{"embeddable":true,"href":"https:\/\/aconteceunovale.com.br\/portal\/index.php?rest_route=\/wp\/v2\/media\/184132"}],"wp:attachment":[{"href":"https:\/\/aconteceunovale.com.br\/portal\/index.php?rest_route=%2Fwp%2Fv2%2Fmedia&parent=184131"}],"wp:term":[{"taxonomy":"category","embeddable":true,"href":"https:\/\/aconteceunovale.com.br\/portal\/index.php?rest_route=%2Fwp%2Fv2%2Fcategories&post=184131"},{"taxonomy":"post_tag","embeddable":true,"href":"https:\/\/aconteceunovale.com.br\/portal\/index.php?rest_route=%2Fwp%2Fv2%2Ftags&post=184131"}],"curies":[{"name":"wp","href":"https:\/\/api.w.org\/{rel}","templated":true}]}}