{"id":184129,"date":"2021-11-25T22:23:34","date_gmt":"2021-11-26T01:23:34","guid":{"rendered":"https:\/\/aconteceunovale.com.br\/portal\/?p=184129"},"modified":"2021-11-25T22:24:38","modified_gmt":"2021-11-26T01:24:38","slug":"vitimas-de-acidente-aereo-morreram-por-impacto-conclui-policia-civil","status":"publish","type":"post","link":"https:\/\/aconteceunovale.com.br\/portal\/?p=184129","title":{"rendered":"V\u00edtimas de acidente a\u00e9reo morreram por impacto, conclui Pol\u00edcia Civil"},"content":{"rendered":"\n<p class=\"wp-block-paragraph\">Os laudos periciais das cinco v\u00edtimas do acidente a\u00e9reo no Vale do Rio Doce, que matou a cantora Mar\u00edlia Mendon\u00e7a, apontaram que todas morreram em raz\u00e3o do impacto da aeronave no solo. A conclus\u00e3o foi divulgada nesta quinta-feira (25\/11\/2021) pela a Pol\u00edcia Civil de Minas Gerais (PCMG).<\/p>\n\n\n\n<figure class=\"wp-block-gallery columns-1 is-cropped wp-block-gallery-1 is-layout-flex wp-block-gallery-is-layout-flex\"><ul class=\"blocks-gallery-grid\"><li class=\"blocks-gallery-item\"><figure><img loading=\"lazy\" decoding=\"async\" width=\"678\" height=\"429\" src=\"https:\/\/aconteceunovale.com.br\/portal\/wp-content\/uploads\/2021\/11\/aviao_marilia_mendonca_3.jpg\" alt=\"\" data-id=\"183612\" data-full-url=\"https:\/\/aconteceunovale.com.br\/portal\/wp-content\/uploads\/2021\/11\/aviao_marilia_mendonca_3.jpg\" data-link=\"https:\/\/aconteceunovale.com.br\/portal\/?attachment_id=183612\" class=\"wp-image-183612\" srcset=\"https:\/\/aconteceunovale.com.br\/portal\/wp-content\/uploads\/2021\/11\/aviao_marilia_mendonca_3.jpg 678w, https:\/\/aconteceunovale.com.br\/portal\/wp-content\/uploads\/2021\/11\/aviao_marilia_mendonca_3-300x190.jpg 300w, https:\/\/aconteceunovale.com.br\/portal\/wp-content\/uploads\/2021\/11\/aviao_marilia_mendonca_3-664x420.jpg 664w\" sizes=\"auto, (max-width: 678px) 100vw, 678px\" \/><figcaption class=\"blocks-gallery-item__caption\"><em>Foto: Divulga\u00e7\u00e3o \/ PCMG<\/em><\/figcaption><\/figure><\/li><\/ul><\/figure>\n\n\n\n<p class=\"wp-block-paragraph\">Os trabalhos realizados no Instituto M\u00e9dico Legal Dr. Andr\u00e9 Roquette (IMLAR), em Belo Horizonte, conclu\u00edram que as v\u00edtimas morreram por politraumatismo contuso, em decorr\u00eancia do impacto sofrido com a queda da aeronave, no dia\u00a05 de novembro.<\/p>\n\n\n\n<p class=\"wp-block-paragraph\">O delegado regional em Caratinga, Ivan Lopes Sales, que preside o inqu\u00e9rito policial, adiantou que a Pol\u00edcia Civil j\u00e1 conseguiu descartar algumas das hip\u00f3teses das causas do acidente, como a possibilidade de a aeronave ter sido atingida com um disparo de arma de fogo. <em>\u201cAgora, com as evid\u00eancias apresentadas pela per\u00edcia t\u00e9cnica, podemos descartar tamb\u00e9m a hip\u00f3tese de um mal s\u00fabito por parte do piloto e do copiloto\u201d, <\/em>afirmou.<\/p>\n\n\n\n<p class=\"wp-block-paragraph\">Ainda de acordo com Sales, a PCMG ouviu um piloto de um avi\u00e3o que saiu de Vi\u00e7osa, tamb\u00e9m com destino a Caratinga, cerca de 20 minutos depois da aeronave envolvida no acidente. Ele chegou a se comunicar por r\u00e1dio com o piloto da aeronave que levava a cantora momentos antes do acidente. <em>\u201cA testemunha nos informou que o piloto da aeronave que acidentou n\u00e3o chegou a relatar qualquer problema no avi\u00e3o\u201d, <\/em>diz o delegado.<\/p>\n\n\n\n<p class=\"wp-block-paragraph\"><em>\u201cAl\u00e9m disso, ele disse que o piloto v\u00edtima comunicou que j\u00e1 estava em procedimento de pouso, ou seja, levaria entre um minuto a um minuto e meio para pousar, quando provavelmente se chocou com uma rede el\u00e9trica\u201d, <\/em>informa Sales, chamando a aten\u00e7\u00e3o ao fato de que isso n\u00e3o significa que se possa atribuir culpa, at\u00e9 o momento, \u00e0 companhia respons\u00e1vel pela transmiss\u00e3o de energia.<\/p>\n\n\n\n<h2 class=\"wp-block-heading\">Leia a \u00edntegra da nota divulgada pela PCMG:<\/h2>\n\n\n\n<p class=\"wp-block-paragraph\"><em>Com a finaliza\u00e7\u00e3o, nesta quinta-feira (25\/11), dos laudos periciais das cinco v\u00edtimas do acidente a\u00e9reo em Piedade de Caratinga, a Pol\u00edcia Civil de Minas Gerais (PCMG) concluiu que a cantora e todos os ocupantes morreram em raz\u00e3o do impacto da aeronave ao solo. No dia 5 de novembro, o avi\u00e3o transportava Mar\u00edlia Mendon\u00e7a para a realiza\u00e7\u00e3o de um show em Caratinga, regi\u00e3o do Rio Doce.<\/em><\/p>\n\n\n\n<p class=\"wp-block-paragraph\"><em>De acordo com o superintendente de Pol\u00edcia T\u00e9cnico-Cient\u00edfica da PCMG, m\u00e9dico-legista Thales Bittencourt, os trabalhos realizados no Instituto M\u00e9dico Legal Dr. Andr\u00e9 Roquette (IMLAR), em Belo Horizonte, conclu\u00edram que as v\u00edtimas morreram por politraumatismo contuso, em decorr\u00eancia do impacto sofrido com a queda da aeronave.<\/em><\/p>\n\n\n\n<p class=\"wp-block-paragraph\"><em>\u201cAl\u00e9m disso, foram realizados exames complementares, como toxicol\u00f3gico, de teor alco\u00f3lico e anatomopatol\u00f3gicos, que indicaram que as v\u00edtimas n\u00e3o estavam intoxicadas nem apresentavam doen\u00e7as preexistentes que poderiam ter associa\u00e7\u00e3o com os \u00f3bitos\u201d, revela o m\u00e9dico-legista.<\/em><\/p>\n\n\n\n<p class=\"wp-block-paragraph\"><strong><em>Investiga\u00e7\u00f5es<\/em><\/strong><\/p>\n\n\n\n<p class=\"wp-block-paragraph\"><em>O delegado regional em Caratinga, Ivan Lopes Sales, que preside o inqu\u00e9rito policial, adianta que a Pol\u00edcia Civil j\u00e1 conseguiu descartar algumas das hip\u00f3teses, por exemplo, a possibilidade de a aeronave ter sido atingida com um disparo de arma de fogo. \u201cAgora, com as evid\u00eancias apresentadas pela per\u00edcia t\u00e9cnica, podemos descartar tamb\u00e9m a hip\u00f3tese de um mal s\u00fabito por parte do piloto e do copiloto\u201d, afirma.<\/em><\/p>\n\n\n\n<p class=\"wp-block-paragraph\"><em>Ainda de acordo com Sales, a PCMG ouviu um piloto de um avi\u00e3o que saiu de Vi\u00e7osa, tamb\u00e9m com destino a Caratinga, cerca de 20 minutos depois da aeronave envolvida no acidente. Ele chegou a se comunicar por r\u00e1dio com o piloto da aeronave que levava a cantora momentos antes do acidente. \u201cA testemunha nos informou que o piloto da aeronave que acidentou n\u00e3o chegou a relatar qualquer problema no avi\u00e3o\u201d, diz o delegado.<\/em><\/p>\n\n\n\n<p class=\"wp-block-paragraph\"><em>\u201cAl\u00e9m disso, ele disse que o piloto v\u00edtima comunicou que j\u00e1 estava em procedimento de pouso, ou seja, levaria entre um minuto a um minuto e meio para pousar, quando provavelmente se chocou com uma rede el\u00e9trica\u201d, informa Sales, chamando a aten\u00e7\u00e3o ao fato de que isso n\u00e3o significa que se possa atribuir culpa, at\u00e9 o momento, \u00e0 companhia respons\u00e1vel pela transmiss\u00e3o de energia.<\/em><\/p>\n\n\n\n<p class=\"wp-block-paragraph\"><em>O delegado observa que o testemunho, contudo, n\u00e3o \u00e9 suficiente para afastar por completo a hip\u00f3tese de problemas t\u00e9cnicos no avi\u00e3o, o que ser\u00e1 averiguado ao final das apura\u00e7\u00f5es conduzidas pelo Centro de Investiga\u00e7\u00e3o e Preven\u00e7\u00e3o de Acidentes Aeron\u00e1uticos (Cenipa).<\/em><\/p>\n\n\n\n<p class=\"wp-block-paragraph\"><strong>Pr\u00f3ximos passos<\/strong><\/p>\n\n\n\n<p class=\"wp-block-paragraph\"><em>Al\u00e9m do piloto, a PCMG j\u00e1 ouviu o advogado e o propriet\u00e1rio da empresa respons\u00e1vel pelo transporte a\u00e9reo e deve solicitar o depoimento dos familiares do piloto e do copiloto v\u00edtimas. \u201cEstamos respeitando o per\u00edodo de luto dessas fam\u00edlias, afinal, est\u00e3o muito sens\u00edveis ao que ocorreu. Assim, devemos ouvi-las em breve\u201d, pontua Sales, afirmando que os laudos que ser\u00e3o produzidos pelo Cenipa dever\u00e3o contribuir para as investiga\u00e7\u00f5es da PCMG para apurar eventual crime.<\/em><\/p>\n\n\n\n<p class=\"wp-block-paragraph\">&#8212;&#8212;&#8212;&#8212;&#8212;&#8212;<br><em>Quer receber as not\u00edcias do <strong>Aconteceu no Vale<\/strong> em primeira m\u00e3o? Siga-nos no Facebook <a rel=\"noreferrer noopener\" href=\"http:\/\/facebook.com\/aconteceunovale\" target=\"_blank\">@aconteceunovale<\/a>, Twitter <a rel=\"noreferrer noopener\" href=\"https:\/\/twitter.com\/noticiadosvales\" target=\"_blank\">@noticiadosvales<\/a> e Instagram <a rel=\"noreferrer noopener\" href=\"https:\/\/www.instagram.com\/aconteceunovale\" target=\"_blank\">@aconteceunovale<\/a>.<\/em><\/p>\n","protected":false},"excerpt":{"rendered":"<p>Os laudos periciais das cinco v\u00edtimas do acidente a\u00e9reo no Vale do Rio Doce, que matou a cantora Mar\u00edlia Mendon\u00e7a, apontaram que todas morreram em raz\u00e3o do impacto da aeronave no solo. A conclus\u00e3o foi divulgada nesta quinta-feira (25\/11\/2021) pela a Pol\u00edcia Civil de Minas Gerais (PCMG). Os trabalhos realizados no Instituto M\u00e9dico Legal Dr. [&hellip;]<\/p>\n","protected":false},"author":4,"featured_media":183612,"comment_status":"open","ping_status":"closed","sticky":false,"template":"","format":"standard","meta":{"amp_status":"","footnotes":""},"categories":[121],"tags":[254203,254194,254184,254189,254191,254193,254188,254183,2581,254185,254181,254182,254180,237,254884,254886,254195,1018,254202,116471,254199,254200,254198,254201,254197,254196,254885,254186,254190,254192,254187],"class_list":["post-184129","post","type-post","status-publish","format-standard","has-post-thumbnail","hentry","category-leste","tag-abicieli-silveira-dias-filho","tag-acidente-com-aviao-beech-aircraft","tag-acidente-com-aviao-da-marilia-mendonca","tag-acidente-com-aviao-em-caratinga","tag-acidente-com-aviao-na-serra-de-caratinga","tag-acidente-com-aviao-pt-onj","tag-acidente-com-marilia-mendonca","tag-aeronave-marilia-mendonca","tag-anac","tag-aviao-cai-com-marilia-mendonca","tag-aviao-da-cantora-marilia-mendonca","tag-aviao-marilia-mendonca","tag-aviao-que-transportava-a-cantora-marilia-mendonca-cai-em-cachoeira-no-leste-de-minas","tag-caratinga","tag-causa-da-morte-de-marilia-mendonca","tag-conclusao-sobre-causa-da-morte-de-marilia-mendonca","tag-corpo-de-bombeiros-e-policia-civil-confirmam-morte-da-cantora-marilia-mendonca","tag-destaque","tag-henrique-ribeiro","tag-marilia-mendonca","tag-marilia-mendonca-em-piedade-de-caratinga","tag-marilia-mendonca-morre-em-acidente-de-aviao","tag-marilia-mendonca-morre-em-minas","tag-marilia-mendonca-morre-em-queda-de-aviao","tag-morre-marilia-mendonca","tag-morte-da-cantora-marilia-mendonca","tag-o-que-causou-a-morte-de-marilia-mendonca","tag-queda-de-aviao-da-cantora-marilia-mendonca","tag-queda-de-aviao-em-caratinga","tag-queda-de-aviao-na-serra-de-caratinga","tag-queda-de-aviao-que-transportava-marilia-mendonca"],"yoast_head":"<!-- This site is optimized with the Yoast SEO plugin v28.3 - https:\/\/yoast.com\/product\/yoast-seo-wordpress\/ -->\n<title>V\u00edtimas de acidente a\u00e9reo morreram por impacto, conclui Pol\u00edcia Civil - Aconteceu no Vale<\/title>\n<meta name=\"robots\" content=\"index, follow, max-snippet:-1, max-image-preview:large, max-video-preview:-1\" \/>\n<link rel=\"canonical\" href=\"https:\/\/aconteceunovale.com.br\/portal\/?p=184129\" \/>\n<meta property=\"og:locale\" content=\"pt_BR\" \/>\n<meta property=\"og:type\" content=\"article\" \/>\n<meta property=\"og:title\" content=\"V\u00edtimas de acidente a\u00e9reo morreram por impacto, conclui Pol\u00edcia Civil - Aconteceu no Vale\" \/>\n<meta property=\"og:description\" content=\"Os laudos periciais das cinco v\u00edtimas do acidente a\u00e9reo no Vale do Rio Doce, que matou a cantora Mar\u00edlia Mendon\u00e7a, apontaram que todas morreram em raz\u00e3o do impacto da aeronave no solo. A conclus\u00e3o foi divulgada nesta quinta-feira (25\/11\/2021) pela a Pol\u00edcia Civil de Minas Gerais (PCMG). Os trabalhos realizados no Instituto M\u00e9dico Legal Dr. [&hellip;]\" \/>\n<meta property=\"og:url\" content=\"https:\/\/aconteceunovale.com.br\/portal\/?p=184129\" \/>\n<meta property=\"og:site_name\" content=\"Aconteceu no Vale\" \/>\n<meta property=\"article:publisher\" content=\"https:\/\/www.facebook.com\/aconteceunovale\/\" \/>\n<meta property=\"article:published_time\" content=\"2021-11-26T01:23:34+00:00\" \/>\n<meta property=\"article:modified_time\" content=\"2021-11-26T01:24:38+00:00\" \/>\n<meta property=\"og:image\" content=\"https:\/\/aconteceunovale.com.br\/portal\/wp-content\/uploads\/2021\/11\/aviao_marilia_mendonca_3.jpg\" \/>\n\t<meta property=\"og:image:width\" content=\"678\" \/>\n\t<meta property=\"og:image:height\" content=\"429\" \/>\n\t<meta property=\"og:image:type\" content=\"image\/jpeg\" \/>\n<meta name=\"author\" content=\"Reda\u00e7\u00e3o Aconteceu no Vale\" \/>\n<meta name=\"twitter:card\" content=\"summary_large_image\" \/>\n<meta name=\"twitter:creator\" content=\"@noticiadosvales\" \/>\n<meta name=\"twitter:site\" content=\"@noticiadosvales\" \/>\n<meta name=\"twitter:label1\" content=\"Escrito por\" \/>\n\t<meta name=\"twitter:data1\" content=\"Reda\u00e7\u00e3o Aconteceu no Vale\" \/>\n\t<meta name=\"twitter:label2\" content=\"Est. tempo de leitura\" \/>\n\t<meta name=\"twitter:data2\" content=\"4 minutos\" \/>\n<script type=\"application\/ld+json\" class=\"yoast-schema-graph\">{\"@context\":\"https:\\\/\\\/schema.org\",\"@graph\":[{\"@type\":\"Article\",\"@id\":\"https:\\\/\\\/aconteceunovale.com.br\\\/portal\\\/?p=184129#article\",\"isPartOf\":{\"@id\":\"https:\\\/\\\/aconteceunovale.com.br\\\/portal\\\/?p=184129\"},\"author\":{\"name\":\"Reda\u00e7\u00e3o Aconteceu no Vale\",\"@id\":\"https:\\\/\\\/aconteceunovale.com.br\\\/portal\\\/#\\\/schema\\\/person\\\/7d2f26d1483f8a63de73da1ee0754d35\"},\"headline\":\"V\u00edtimas de acidente a\u00e9reo morreram por impacto, conclui Pol\u00edcia Civil\",\"datePublished\":\"2021-11-26T01:23:34+00:00\",\"dateModified\":\"2021-11-26T01:24:38+00:00\",\"mainEntityOfPage\":{\"@id\":\"https:\\\/\\\/aconteceunovale.com.br\\\/portal\\\/?p=184129\"},\"wordCount\":899,\"commentCount\":0,\"image\":{\"@id\":\"https:\\\/\\\/aconteceunovale.com.br\\\/portal\\\/?p=184129#primaryimage\"},\"thumbnailUrl\":\"https:\\\/\\\/aconteceunovale.com.br\\\/portal\\\/wp-content\\\/uploads\\\/2021\\\/11\\\/aviao_marilia_mendonca_3.jpg\",\"keywords\":[\"Abicieli Silveira Dias Filho\",\"Acidente com avi\u00e3o Beech Aircraft\",\"Acidente com avi\u00e3o da Mar\u00edlia Mendon\u00e7a\",\"Acidente com avi\u00e3o em Caratinga\",\"Acidente com avi\u00e3o na Serra de Caratinga\",\"Acidente com avi\u00e3o PT-ONJ\",\"Acidente com Mar\u00edlia Mendon\u00e7a\",\"Aeronave Mar\u00edlia Mendon\u00e7a\",\"Anac\",\"Avi\u00e3o cai com Mar\u00edlia Mendon\u00e7a\",\"Avi\u00e3o da cantora Mar\u00edlia Mendon\u00e7a\",\"Avi\u00e3o Mar\u00edlia Mendon\u00e7a\",\"Avi\u00e3o que transportava a cantora Mar\u00edlia Mendon\u00e7a cai em cachoeira no Leste de Minas\",\"Caratinga\",\"Causa da morte de Mar\u00edlia Mendon\u00e7a\",\"Conclus\u00e3o sobre causa da morte de Mar\u00edlia Mendon\u00e7a\",\"Corpo de Bombeiros e Pol\u00edcia Civil confirmam morte da cantora Mar\u00edlia Mendon\u00e7a\",\"destaque\",\"Henrique Ribeiro\",\"Mar\u00edlia Mendon\u00e7a\",\"Mar\u00edlia Mendon\u00e7a em Piedade de Caratinga\",\"Mar\u00edlia Mendon\u00e7a morre em acidente de avi\u00e3o\",\"Mar\u00edlia Mendon\u00e7a morre em Minas\",\"Mar\u00edlia Mendon\u00e7a morre em queda de avi\u00e3o\",\"Morre Mar\u00edlia Mendon\u00e7a\",\"Morte da cantora Mar\u00edlia Mendon\u00e7a\",\"O que causou a morte de Mar\u00edlia Mendon\u00e7a\",\"Queda de avi\u00e3o da cantora Mar\u00edlia Mendon\u00e7a\",\"Queda de avi\u00e3o em Caratinga\",\"Queda de avi\u00e3o na Serra de Caratinga\",\"Queda de avi\u00e3o que transportava Mar\u00edlia Mendon\u00e7a\"],\"articleSection\":[\"Leste de Minas\"],\"inLanguage\":\"pt-BR\",\"potentialAction\":[{\"@type\":\"CommentAction\",\"name\":\"Comment\",\"target\":[\"https:\\\/\\\/aconteceunovale.com.br\\\/portal\\\/?p=184129#respond\"]}]},{\"@type\":\"WebPage\",\"@id\":\"https:\\\/\\\/aconteceunovale.com.br\\\/portal\\\/?p=184129\",\"url\":\"https:\\\/\\\/aconteceunovale.com.br\\\/portal\\\/?p=184129\",\"name\":\"V\u00edtimas de acidente a\u00e9reo morreram por impacto, conclui Pol\u00edcia Civil - Aconteceu no Vale\",\"isPartOf\":{\"@id\":\"https:\\\/\\\/aconteceunovale.com.br\\\/portal\\\/#website\"},\"primaryImageOfPage\":{\"@id\":\"https:\\\/\\\/aconteceunovale.com.br\\\/portal\\\/?p=184129#primaryimage\"},\"image\":{\"@id\":\"https:\\\/\\\/aconteceunovale.com.br\\\/portal\\\/?p=184129#primaryimage\"},\"thumbnailUrl\":\"https:\\\/\\\/aconteceunovale.com.br\\\/portal\\\/wp-content\\\/uploads\\\/2021\\\/11\\\/aviao_marilia_mendonca_3.jpg\",\"datePublished\":\"2021-11-26T01:23:34+00:00\",\"dateModified\":\"2021-11-26T01:24:38+00:00\",\"author\":{\"@id\":\"https:\\\/\\\/aconteceunovale.com.br\\\/portal\\\/#\\\/schema\\\/person\\\/7d2f26d1483f8a63de73da1ee0754d35\"},\"breadcrumb\":{\"@id\":\"https:\\\/\\\/aconteceunovale.com.br\\\/portal\\\/?p=184129#breadcrumb\"},\"inLanguage\":\"pt-BR\",\"potentialAction\":[{\"@type\":\"ReadAction\",\"target\":[\"https:\\\/\\\/aconteceunovale.com.br\\\/portal\\\/?p=184129\"]}]},{\"@type\":\"ImageObject\",\"inLanguage\":\"pt-BR\",\"@id\":\"https:\\\/\\\/aconteceunovale.com.br\\\/portal\\\/?p=184129#primaryimage\",\"url\":\"https:\\\/\\\/aconteceunovale.com.br\\\/portal\\\/wp-content\\\/uploads\\\/2021\\\/11\\\/aviao_marilia_mendonca_3.jpg\",\"contentUrl\":\"https:\\\/\\\/aconteceunovale.com.br\\\/portal\\\/wp-content\\\/uploads\\\/2021\\\/11\\\/aviao_marilia_mendonca_3.jpg\",\"width\":678,\"height\":429},{\"@type\":\"BreadcrumbList\",\"@id\":\"https:\\\/\\\/aconteceunovale.com.br\\\/portal\\\/?p=184129#breadcrumb\",\"itemListElement\":[{\"@type\":\"ListItem\",\"position\":1,\"name\":\"In\u00edcio\",\"item\":\"https:\\\/\\\/aconteceunovale.com.br\\\/portal\\\/\"},{\"@type\":\"ListItem\",\"position\":2,\"name\":\"V\u00edtimas de acidente a\u00e9reo morreram por impacto, conclui Pol\u00edcia Civil\"}]},{\"@type\":\"WebSite\",\"@id\":\"https:\\\/\\\/aconteceunovale.com.br\\\/portal\\\/#website\",\"url\":\"https:\\\/\\\/aconteceunovale.com.br\\\/portal\\\/\",\"name\":\"Aconteceu no Vale\",\"description\":\"Portal de Not\u00edcias\",\"potentialAction\":[{\"@type\":\"SearchAction\",\"target\":{\"@type\":\"EntryPoint\",\"urlTemplate\":\"https:\\\/\\\/aconteceunovale.com.br\\\/portal\\\/?s={search_term_string}\"},\"query-input\":{\"@type\":\"PropertyValueSpecification\",\"valueRequired\":true,\"valueName\":\"search_term_string\"}}],\"inLanguage\":\"pt-BR\"},{\"@type\":\"Person\",\"@id\":\"https:\\\/\\\/aconteceunovale.com.br\\\/portal\\\/#\\\/schema\\\/person\\\/7d2f26d1483f8a63de73da1ee0754d35\",\"name\":\"Reda\u00e7\u00e3o Aconteceu no Vale\",\"description\":\"Equipe de reportagem do Aconteceu no Vale, portal de not\u00edcias do Vale do Jequitinhonha, em Minas Gerais. Cobrimos as 51 cidades do Vale desde 2013. Sugest\u00f5es de pauta e pedidos de corre\u00e7\u00e3o: contato@aconteceunovale.com.br\",\"url\":\"https:\\\/\\\/aconteceunovale.com.br\\\/portal\\\/?author=4\"}]}<\/script>\n<!-- \/ Yoast SEO plugin. -->","yoast_head_json":{"title":"V\u00edtimas de acidente a\u00e9reo morreram por impacto, conclui Pol\u00edcia Civil - Aconteceu no Vale","robots":{"index":"index","follow":"follow","max-snippet":"max-snippet:-1","max-image-preview":"max-image-preview:large","max-video-preview":"max-video-preview:-1"},"canonical":"https:\/\/aconteceunovale.com.br\/portal\/?p=184129","og_locale":"pt_BR","og_type":"article","og_title":"V\u00edtimas de acidente a\u00e9reo morreram por impacto, conclui Pol\u00edcia Civil - Aconteceu no Vale","og_description":"Os laudos periciais das cinco v\u00edtimas do acidente a\u00e9reo no Vale do Rio Doce, que matou a cantora Mar\u00edlia Mendon\u00e7a, apontaram que todas morreram em raz\u00e3o do impacto da aeronave no solo. A conclus\u00e3o foi divulgada nesta quinta-feira (25\/11\/2021) pela a Pol\u00edcia Civil de Minas Gerais (PCMG). Os trabalhos realizados no Instituto M\u00e9dico Legal Dr. [&hellip;]","og_url":"https:\/\/aconteceunovale.com.br\/portal\/?p=184129","og_site_name":"Aconteceu no Vale","article_publisher":"https:\/\/www.facebook.com\/aconteceunovale\/","article_published_time":"2021-11-26T01:23:34+00:00","article_modified_time":"2021-11-26T01:24:38+00:00","og_image":[{"width":678,"height":429,"url":"https:\/\/aconteceunovale.com.br\/portal\/wp-content\/uploads\/2021\/11\/aviao_marilia_mendonca_3.jpg","type":"image\/jpeg"}],"author":"Reda\u00e7\u00e3o Aconteceu no Vale","twitter_card":"summary_large_image","twitter_creator":"@noticiadosvales","twitter_site":"@noticiadosvales","twitter_misc":{"Escrito por":"Reda\u00e7\u00e3o Aconteceu no Vale","Est. tempo de leitura":"4 minutos"},"schema":{"@context":"https:\/\/schema.org","@graph":[{"@type":"Article","@id":"https:\/\/aconteceunovale.com.br\/portal\/?p=184129#article","isPartOf":{"@id":"https:\/\/aconteceunovale.com.br\/portal\/?p=184129"},"author":{"name":"Reda\u00e7\u00e3o Aconteceu no Vale","@id":"https:\/\/aconteceunovale.com.br\/portal\/#\/schema\/person\/7d2f26d1483f8a63de73da1ee0754d35"},"headline":"V\u00edtimas de acidente a\u00e9reo morreram por impacto, conclui Pol\u00edcia Civil","datePublished":"2021-11-26T01:23:34+00:00","dateModified":"2021-11-26T01:24:38+00:00","mainEntityOfPage":{"@id":"https:\/\/aconteceunovale.com.br\/portal\/?p=184129"},"wordCount":899,"commentCount":0,"image":{"@id":"https:\/\/aconteceunovale.com.br\/portal\/?p=184129#primaryimage"},"thumbnailUrl":"https:\/\/aconteceunovale.com.br\/portal\/wp-content\/uploads\/2021\/11\/aviao_marilia_mendonca_3.jpg","keywords":["Abicieli Silveira Dias Filho","Acidente com avi\u00e3o Beech Aircraft","Acidente com avi\u00e3o da Mar\u00edlia Mendon\u00e7a","Acidente com avi\u00e3o em Caratinga","Acidente com avi\u00e3o na Serra de Caratinga","Acidente com avi\u00e3o PT-ONJ","Acidente com Mar\u00edlia Mendon\u00e7a","Aeronave Mar\u00edlia Mendon\u00e7a","Anac","Avi\u00e3o cai com Mar\u00edlia Mendon\u00e7a","Avi\u00e3o da cantora Mar\u00edlia Mendon\u00e7a","Avi\u00e3o Mar\u00edlia Mendon\u00e7a","Avi\u00e3o que transportava a cantora Mar\u00edlia Mendon\u00e7a cai em cachoeira no Leste de Minas","Caratinga","Causa da morte de Mar\u00edlia Mendon\u00e7a","Conclus\u00e3o sobre causa da morte de Mar\u00edlia Mendon\u00e7a","Corpo de Bombeiros e Pol\u00edcia Civil confirmam morte da cantora Mar\u00edlia Mendon\u00e7a","destaque","Henrique Ribeiro","Mar\u00edlia Mendon\u00e7a","Mar\u00edlia Mendon\u00e7a em Piedade de Caratinga","Mar\u00edlia Mendon\u00e7a morre em acidente de avi\u00e3o","Mar\u00edlia Mendon\u00e7a morre em Minas","Mar\u00edlia Mendon\u00e7a morre em queda de avi\u00e3o","Morre Mar\u00edlia Mendon\u00e7a","Morte da cantora Mar\u00edlia Mendon\u00e7a","O que causou a morte de Mar\u00edlia Mendon\u00e7a","Queda de avi\u00e3o da cantora Mar\u00edlia Mendon\u00e7a","Queda de avi\u00e3o em Caratinga","Queda de avi\u00e3o na Serra de Caratinga","Queda de avi\u00e3o que transportava Mar\u00edlia Mendon\u00e7a"],"articleSection":["Leste de Minas"],"inLanguage":"pt-BR","potentialAction":[{"@type":"CommentAction","name":"Comment","target":["https:\/\/aconteceunovale.com.br\/portal\/?p=184129#respond"]}]},{"@type":"WebPage","@id":"https:\/\/aconteceunovale.com.br\/portal\/?p=184129","url":"https:\/\/aconteceunovale.com.br\/portal\/?p=184129","name":"V\u00edtimas de acidente a\u00e9reo morreram por impacto, conclui Pol\u00edcia Civil - Aconteceu no Vale","isPartOf":{"@id":"https:\/\/aconteceunovale.com.br\/portal\/#website"},"primaryImageOfPage":{"@id":"https:\/\/aconteceunovale.com.br\/portal\/?p=184129#primaryimage"},"image":{"@id":"https:\/\/aconteceunovale.com.br\/portal\/?p=184129#primaryimage"},"thumbnailUrl":"https:\/\/aconteceunovale.com.br\/portal\/wp-content\/uploads\/2021\/11\/aviao_marilia_mendonca_3.jpg","datePublished":"2021-11-26T01:23:34+00:00","dateModified":"2021-11-26T01:24:38+00:00","author":{"@id":"https:\/\/aconteceunovale.com.br\/portal\/#\/schema\/person\/7d2f26d1483f8a63de73da1ee0754d35"},"breadcrumb":{"@id":"https:\/\/aconteceunovale.com.br\/portal\/?p=184129#breadcrumb"},"inLanguage":"pt-BR","potentialAction":[{"@type":"ReadAction","target":["https:\/\/aconteceunovale.com.br\/portal\/?p=184129"]}]},{"@type":"ImageObject","inLanguage":"pt-BR","@id":"https:\/\/aconteceunovale.com.br\/portal\/?p=184129#primaryimage","url":"https:\/\/aconteceunovale.com.br\/portal\/wp-content\/uploads\/2021\/11\/aviao_marilia_mendonca_3.jpg","contentUrl":"https:\/\/aconteceunovale.com.br\/portal\/wp-content\/uploads\/2021\/11\/aviao_marilia_mendonca_3.jpg","width":678,"height":429},{"@type":"BreadcrumbList","@id":"https:\/\/aconteceunovale.com.br\/portal\/?p=184129#breadcrumb","itemListElement":[{"@type":"ListItem","position":1,"name":"In\u00edcio","item":"https:\/\/aconteceunovale.com.br\/portal\/"},{"@type":"ListItem","position":2,"name":"V\u00edtimas de acidente a\u00e9reo morreram por impacto, conclui Pol\u00edcia Civil"}]},{"@type":"WebSite","@id":"https:\/\/aconteceunovale.com.br\/portal\/#website","url":"https:\/\/aconteceunovale.com.br\/portal\/","name":"Aconteceu no Vale","description":"Portal de Not\u00edcias","potentialAction":[{"@type":"SearchAction","target":{"@type":"EntryPoint","urlTemplate":"https:\/\/aconteceunovale.com.br\/portal\/?s={search_term_string}"},"query-input":{"@type":"PropertyValueSpecification","valueRequired":true,"valueName":"search_term_string"}}],"inLanguage":"pt-BR"},{"@type":"Person","@id":"https:\/\/aconteceunovale.com.br\/portal\/#\/schema\/person\/7d2f26d1483f8a63de73da1ee0754d35","name":"Reda\u00e7\u00e3o Aconteceu no Vale","description":"Equipe de reportagem do Aconteceu no Vale, portal de not\u00edcias do Vale do Jequitinhonha, em Minas Gerais. Cobrimos as 51 cidades do Vale desde 2013. Sugest\u00f5es de pauta e pedidos de corre\u00e7\u00e3o: contato@aconteceunovale.com.br","url":"https:\/\/aconteceunovale.com.br\/portal\/?author=4"}]}},"_links":{"self":[{"href":"https:\/\/aconteceunovale.com.br\/portal\/index.php?rest_route=\/wp\/v2\/posts\/184129","targetHints":{"allow":["GET"]}}],"collection":[{"href":"https:\/\/aconteceunovale.com.br\/portal\/index.php?rest_route=\/wp\/v2\/posts"}],"about":[{"href":"https:\/\/aconteceunovale.com.br\/portal\/index.php?rest_route=\/wp\/v2\/types\/post"}],"author":[{"embeddable":true,"href":"https:\/\/aconteceunovale.com.br\/portal\/index.php?rest_route=\/wp\/v2\/users\/4"}],"replies":[{"embeddable":true,"href":"https:\/\/aconteceunovale.com.br\/portal\/index.php?rest_route=%2Fwp%2Fv2%2Fcomments&post=184129"}],"version-history":[{"count":1,"href":"https:\/\/aconteceunovale.com.br\/portal\/index.php?rest_route=\/wp\/v2\/posts\/184129\/revisions"}],"predecessor-version":[{"id":184130,"href":"https:\/\/aconteceunovale.com.br\/portal\/index.php?rest_route=\/wp\/v2\/posts\/184129\/revisions\/184130"}],"wp:featuredmedia":[{"embeddable":true,"href":"https:\/\/aconteceunovale.com.br\/portal\/index.php?rest_route=\/wp\/v2\/media\/183612"}],"wp:attachment":[{"href":"https:\/\/aconteceunovale.com.br\/portal\/index.php?rest_route=%2Fwp%2Fv2%2Fmedia&parent=184129"}],"wp:term":[{"taxonomy":"category","embeddable":true,"href":"https:\/\/aconteceunovale.com.br\/portal\/index.php?rest_route=%2Fwp%2Fv2%2Fcategories&post=184129"},{"taxonomy":"post_tag","embeddable":true,"href":"https:\/\/aconteceunovale.com.br\/portal\/index.php?rest_route=%2Fwp%2Fv2%2Ftags&post=184129"}],"curies":[{"name":"wp","href":"https:\/\/api.w.org\/{rel}","templated":true}]}}