{"id":184120,"date":"2021-11-25T11:34:39","date_gmt":"2021-11-25T14:34:39","guid":{"rendered":"https:\/\/aconteceunovale.com.br\/portal\/?p=184120"},"modified":"2021-11-25T21:55:56","modified_gmt":"2021-11-26T00:55:56","slug":"bombeiros-buscam-ocupantes-de-aviao-que-caiu-no-mar-entre-sao-paulo-e-o-rio-de-janeiro","status":"publish","type":"post","link":"https:\/\/aconteceunovale.com.br\/portal\/?p=184120","title":{"rendered":"Bombeiros buscam ocupantes de avi\u00e3o que caiu no mar entre S\u00e3o Paulo e o Rio de Janeiro"},"content":{"rendered":"\n<p class=\"wp-block-paragraph\">O Corpo de Bombeiros do Estado de S\u00e3o Paulo, em conjunto com a Marinha e a Capitania dos Portos, est\u00e1 realizando as buscas de tr\u00eas pessoas que estavam em um avi\u00e3o bimotor que caiu em mar aberto entre as cidades de Ubatuba, no litoral norte paulista, e Paraty (RJ).<\/p>\n\n\n\n<figure class=\"wp-block-gallery columns-1 is-cropped wp-block-gallery-1 is-layout-flex wp-block-gallery-is-layout-flex\"><ul class=\"blocks-gallery-grid\"><li class=\"blocks-gallery-item\"><figure><img loading=\"lazy\" decoding=\"async\" width=\"678\" height=\"369\" src=\"https:\/\/aconteceunovale.com.br\/portal\/wp-content\/uploads\/2021\/11\/aviao_queda_ubatuba.png\" alt=\"\" data-id=\"184122\" data-full-url=\"https:\/\/aconteceunovale.com.br\/portal\/wp-content\/uploads\/2021\/11\/aviao_queda_ubatuba.png\" data-link=\"https:\/\/aconteceunovale.com.br\/portal\/?attachment_id=184122\" class=\"wp-image-184122\" srcset=\"https:\/\/aconteceunovale.com.br\/portal\/wp-content\/uploads\/2021\/11\/aviao_queda_ubatuba.png 678w, https:\/\/aconteceunovale.com.br\/portal\/wp-content\/uploads\/2021\/11\/aviao_queda_ubatuba-300x163.png 300w\" sizes=\"auto, (max-width: 678px) 100vw, 678px\" \/><figcaption class=\"blocks-gallery-item__caption\"><em>Avi\u00e3o caiu entre S\u00e3o Paulo e o Rio de Janeiro (Foto: Reprodu\u00e7\u00e3o)<\/em><\/figcaption><\/figure><\/li><\/ul><\/figure>\n\n\n\n<p class=\"wp-block-paragraph\">O voo saiu \u00e0s 20h30 do Aeroporto dos Amarais, em Campinas, e pousaria em Jacarepagu\u00e1, no Rio de Janeiro. No in\u00edcio da manh\u00e3, a For\u00e7a A\u00e9rea Brasileira (FAB) localizou destro\u00e7os que podem ser do avi\u00e3o. Segundo as informa\u00e7\u00f5es, a queda teria ocorrido por volta das 21h de\u00a0ontem (24\/11\/2021).<\/p>\n\n\n\n<p class=\"wp-block-paragraph\">O Corpo de Bombeiros de S\u00e3o Paulo informou que recebeu o chamado do Corpo de Bombeiros do Rio&nbsp;de Janeiro&nbsp;\u00e0 1h20 informando sobre a queda da aeronave e, em seguida, de parentes do piloto que relataram problemas com o avi\u00e3o. Al\u00e9m do piloto, estavam no avi\u00e3o mais um tripulante e um passageiro.<\/p>\n\n\n\n<p class=\"wp-block-paragraph\">&#8212;&#8212;&#8212;&#8212;&#8212;&#8212;<br><em>Quer receber as not\u00edcias do <strong>Aconteceu no Vale<\/strong> em primeira m\u00e3o? Siga-nos no Facebook <a rel=\"noreferrer noopener\" href=\"http:\/\/facebook.com\/aconteceunovale\" target=\"_blank\">@aconteceunovale<\/a>, Twitter <a rel=\"noreferrer noopener\" href=\"https:\/\/twitter.com\/noticiadosvales\" target=\"_blank\">@noticiadosvales<\/a> e Instagram <a rel=\"noreferrer noopener\" href=\"https:\/\/www.instagram.com\/aconteceunovale\" target=\"_blank\">@aconteceunovale<\/a>.<\/em><\/p>\n","protected":false},"excerpt":{"rendered":"<p>O Corpo de Bombeiros do Estado de S\u00e3o Paulo, em conjunto com a Marinha e a Capitania dos Portos, est\u00e1 realizando as buscas de tr\u00eas pessoas que estavam em um avi\u00e3o bimotor que caiu em mar aberto entre as cidades de Ubatuba, no litoral norte paulista, e Paraty (RJ). O voo saiu \u00e0s 20h30 do [&hellip;]<\/p>\n","protected":false},"author":4,"featured_media":184122,"comment_status":"open","ping_status":"closed","sticky":false,"template":"","format":"standard","meta":{"amp_status":"","footnotes":""},"categories":[6],"tags":[254875,254879,4607,254878,254877,77698,29583,20915,254876,1104,2382,20699],"class_list":["post-184120","post","type-post","status-publish","format-standard","has-post-thumbnail","hentry","category-br","tag-acidente-com-aviao-entre-sao-paulo-e-rio-de-janeiro","tag-acidente-com-aviao-entre-ubatuba-e-paraty","tag-campinas","tag-capitania-dos-portos","tag-corpo-de-bombeiros-de-sao-paulo","tag-jacarepagua","tag-marinha","tag-paraty","tag-queda-de-aviao-entre-sao-paulo-e-rio-de-janeiro","tag-rio-de-janeiro","tag-sao-paulo","tag-ubatuba"],"yoast_head":"<!-- This site is optimized with the Yoast SEO plugin v28.3 - https:\/\/yoast.com\/product\/yoast-seo-wordpress\/ -->\n<title>Bombeiros buscam ocupantes de avi\u00e3o que caiu no mar entre S\u00e3o Paulo e o Rio de Janeiro - Aconteceu no Vale<\/title>\n<meta name=\"robots\" content=\"index, follow, max-snippet:-1, max-image-preview:large, max-video-preview:-1\" \/>\n<link rel=\"canonical\" href=\"https:\/\/aconteceunovale.com.br\/portal\/?p=184120\" \/>\n<meta property=\"og:locale\" content=\"pt_BR\" \/>\n<meta property=\"og:type\" content=\"article\" \/>\n<meta property=\"og:title\" content=\"Bombeiros buscam ocupantes de avi\u00e3o que caiu no mar entre S\u00e3o Paulo e o Rio de Janeiro - Aconteceu no Vale\" \/>\n<meta property=\"og:description\" content=\"O Corpo de Bombeiros do Estado de S\u00e3o Paulo, em conjunto com a Marinha e a Capitania dos Portos, est\u00e1 realizando as buscas de tr\u00eas pessoas que estavam em um avi\u00e3o bimotor que caiu em mar aberto entre as cidades de Ubatuba, no litoral norte paulista, e Paraty (RJ). O voo saiu \u00e0s 20h30 do [&hellip;]\" \/>\n<meta property=\"og:url\" content=\"https:\/\/aconteceunovale.com.br\/portal\/?p=184120\" \/>\n<meta property=\"og:site_name\" content=\"Aconteceu no Vale\" \/>\n<meta property=\"article:publisher\" content=\"https:\/\/www.facebook.com\/aconteceunovale\/\" \/>\n<meta property=\"article:published_time\" content=\"2021-11-25T14:34:39+00:00\" \/>\n<meta property=\"article:modified_time\" content=\"2021-11-26T00:55:56+00:00\" \/>\n<meta property=\"og:image\" content=\"https:\/\/aconteceunovale.com.br\/portal\/wp-content\/uploads\/2021\/11\/aviao_queda_ubatuba.png\" \/>\n\t<meta property=\"og:image:width\" content=\"678\" \/>\n\t<meta property=\"og:image:height\" content=\"369\" \/>\n\t<meta property=\"og:image:type\" content=\"image\/png\" \/>\n<meta name=\"author\" content=\"Reda\u00e7\u00e3o Aconteceu no Vale\" \/>\n<meta name=\"twitter:card\" content=\"summary_large_image\" \/>\n<meta name=\"twitter:creator\" content=\"@noticiadosvales\" \/>\n<meta name=\"twitter:site\" content=\"@noticiadosvales\" \/>\n<meta name=\"twitter:label1\" content=\"Escrito por\" \/>\n\t<meta name=\"twitter:data1\" content=\"Reda\u00e7\u00e3o Aconteceu no Vale\" \/>\n\t<meta name=\"twitter:label2\" content=\"Est. tempo de leitura\" \/>\n\t<meta name=\"twitter:data2\" content=\"1 minuto\" \/>\n<script type=\"application\/ld+json\" class=\"yoast-schema-graph\">{\"@context\":\"https:\\\/\\\/schema.org\",\"@graph\":[{\"@type\":\"Article\",\"@id\":\"https:\\\/\\\/aconteceunovale.com.br\\\/portal\\\/?p=184120#article\",\"isPartOf\":{\"@id\":\"https:\\\/\\\/aconteceunovale.com.br\\\/portal\\\/?p=184120\"},\"author\":{\"name\":\"Reda\u00e7\u00e3o Aconteceu no Vale\",\"@id\":\"https:\\\/\\\/aconteceunovale.com.br\\\/portal\\\/#\\\/schema\\\/person\\\/7d2f26d1483f8a63de73da1ee0754d35\"},\"headline\":\"Bombeiros buscam ocupantes de avi\u00e3o que caiu no mar entre S\u00e3o Paulo e o Rio de Janeiro\",\"datePublished\":\"2021-11-25T14:34:39+00:00\",\"dateModified\":\"2021-11-26T00:55:56+00:00\",\"mainEntityOfPage\":{\"@id\":\"https:\\\/\\\/aconteceunovale.com.br\\\/portal\\\/?p=184120\"},\"wordCount\":221,\"commentCount\":0,\"image\":{\"@id\":\"https:\\\/\\\/aconteceunovale.com.br\\\/portal\\\/?p=184120#primaryimage\"},\"thumbnailUrl\":\"https:\\\/\\\/aconteceunovale.com.br\\\/portal\\\/wp-content\\\/uploads\\\/2021\\\/11\\\/aviao_queda_ubatuba.png\",\"keywords\":[\"Acidente com avi\u00e3o entre S\u00e3o Paulo e Rio de Janeiro\",\"Acidente com avi\u00e3o entre Ubatuba e Paraty\",\"Campinas\",\"Capitania dos Portos\",\"Corpo de Bombeiros de S\u00e3o Paulo\",\"Jacarepagu\u00e1\",\"Marinha\",\"Paraty\",\"Queda de avi\u00e3o entre S\u00e3o Paulo e Rio de Janeiro\",\"Rio de Janeiro\",\"S\u00e3o Paulo\",\"Ubatuba\"],\"articleSection\":[\"Brasil\"],\"inLanguage\":\"pt-BR\",\"potentialAction\":[{\"@type\":\"CommentAction\",\"name\":\"Comment\",\"target\":[\"https:\\\/\\\/aconteceunovale.com.br\\\/portal\\\/?p=184120#respond\"]}]},{\"@type\":\"WebPage\",\"@id\":\"https:\\\/\\\/aconteceunovale.com.br\\\/portal\\\/?p=184120\",\"url\":\"https:\\\/\\\/aconteceunovale.com.br\\\/portal\\\/?p=184120\",\"name\":\"Bombeiros buscam ocupantes de avi\u00e3o que caiu no mar entre S\u00e3o Paulo e o Rio de Janeiro - Aconteceu no Vale\",\"isPartOf\":{\"@id\":\"https:\\\/\\\/aconteceunovale.com.br\\\/portal\\\/#website\"},\"primaryImageOfPage\":{\"@id\":\"https:\\\/\\\/aconteceunovale.com.br\\\/portal\\\/?p=184120#primaryimage\"},\"image\":{\"@id\":\"https:\\\/\\\/aconteceunovale.com.br\\\/portal\\\/?p=184120#primaryimage\"},\"thumbnailUrl\":\"https:\\\/\\\/aconteceunovale.com.br\\\/portal\\\/wp-content\\\/uploads\\\/2021\\\/11\\\/aviao_queda_ubatuba.png\",\"datePublished\":\"2021-11-25T14:34:39+00:00\",\"dateModified\":\"2021-11-26T00:55:56+00:00\",\"author\":{\"@id\":\"https:\\\/\\\/aconteceunovale.com.br\\\/portal\\\/#\\\/schema\\\/person\\\/7d2f26d1483f8a63de73da1ee0754d35\"},\"breadcrumb\":{\"@id\":\"https:\\\/\\\/aconteceunovale.com.br\\\/portal\\\/?p=184120#breadcrumb\"},\"inLanguage\":\"pt-BR\",\"potentialAction\":[{\"@type\":\"ReadAction\",\"target\":[\"https:\\\/\\\/aconteceunovale.com.br\\\/portal\\\/?p=184120\"]}]},{\"@type\":\"ImageObject\",\"inLanguage\":\"pt-BR\",\"@id\":\"https:\\\/\\\/aconteceunovale.com.br\\\/portal\\\/?p=184120#primaryimage\",\"url\":\"https:\\\/\\\/aconteceunovale.com.br\\\/portal\\\/wp-content\\\/uploads\\\/2021\\\/11\\\/aviao_queda_ubatuba.png\",\"contentUrl\":\"https:\\\/\\\/aconteceunovale.com.br\\\/portal\\\/wp-content\\\/uploads\\\/2021\\\/11\\\/aviao_queda_ubatuba.png\",\"width\":678,\"height\":369},{\"@type\":\"BreadcrumbList\",\"@id\":\"https:\\\/\\\/aconteceunovale.com.br\\\/portal\\\/?p=184120#breadcrumb\",\"itemListElement\":[{\"@type\":\"ListItem\",\"position\":1,\"name\":\"In\u00edcio\",\"item\":\"https:\\\/\\\/aconteceunovale.com.br\\\/portal\\\/\"},{\"@type\":\"ListItem\",\"position\":2,\"name\":\"Bombeiros buscam ocupantes de avi\u00e3o que caiu no mar entre S\u00e3o Paulo e o Rio de Janeiro\"}]},{\"@type\":\"WebSite\",\"@id\":\"https:\\\/\\\/aconteceunovale.com.br\\\/portal\\\/#website\",\"url\":\"https:\\\/\\\/aconteceunovale.com.br\\\/portal\\\/\",\"name\":\"Aconteceu no Vale\",\"description\":\"Portal de Not\u00edcias\",\"potentialAction\":[{\"@type\":\"SearchAction\",\"target\":{\"@type\":\"EntryPoint\",\"urlTemplate\":\"https:\\\/\\\/aconteceunovale.com.br\\\/portal\\\/?s={search_term_string}\"},\"query-input\":{\"@type\":\"PropertyValueSpecification\",\"valueRequired\":true,\"valueName\":\"search_term_string\"}}],\"inLanguage\":\"pt-BR\"},{\"@type\":\"Person\",\"@id\":\"https:\\\/\\\/aconteceunovale.com.br\\\/portal\\\/#\\\/schema\\\/person\\\/7d2f26d1483f8a63de73da1ee0754d35\",\"name\":\"Reda\u00e7\u00e3o Aconteceu no Vale\",\"description\":\"Equipe de reportagem do Aconteceu no Vale, portal de not\u00edcias do Vale do Jequitinhonha, em Minas Gerais. Cobrimos as 51 cidades do Vale desde 2013. Sugest\u00f5es de pauta e pedidos de corre\u00e7\u00e3o: contato@aconteceunovale.com.br\",\"url\":\"https:\\\/\\\/aconteceunovale.com.br\\\/portal\\\/?author=4\"}]}<\/script>\n<!-- \/ Yoast SEO plugin. -->","yoast_head_json":{"title":"Bombeiros buscam ocupantes de avi\u00e3o que caiu no mar entre S\u00e3o Paulo e o Rio de Janeiro - Aconteceu no Vale","robots":{"index":"index","follow":"follow","max-snippet":"max-snippet:-1","max-image-preview":"max-image-preview:large","max-video-preview":"max-video-preview:-1"},"canonical":"https:\/\/aconteceunovale.com.br\/portal\/?p=184120","og_locale":"pt_BR","og_type":"article","og_title":"Bombeiros buscam ocupantes de avi\u00e3o que caiu no mar entre S\u00e3o Paulo e o Rio de Janeiro - Aconteceu no Vale","og_description":"O Corpo de Bombeiros do Estado de S\u00e3o Paulo, em conjunto com a Marinha e a Capitania dos Portos, est\u00e1 realizando as buscas de tr\u00eas pessoas que estavam em um avi\u00e3o bimotor que caiu em mar aberto entre as cidades de Ubatuba, no litoral norte paulista, e Paraty (RJ). O voo saiu \u00e0s 20h30 do [&hellip;]","og_url":"https:\/\/aconteceunovale.com.br\/portal\/?p=184120","og_site_name":"Aconteceu no Vale","article_publisher":"https:\/\/www.facebook.com\/aconteceunovale\/","article_published_time":"2021-11-25T14:34:39+00:00","article_modified_time":"2021-11-26T00:55:56+00:00","og_image":[{"width":678,"height":369,"url":"https:\/\/aconteceunovale.com.br\/portal\/wp-content\/uploads\/2021\/11\/aviao_queda_ubatuba.png","type":"image\/png"}],"author":"Reda\u00e7\u00e3o Aconteceu no Vale","twitter_card":"summary_large_image","twitter_creator":"@noticiadosvales","twitter_site":"@noticiadosvales","twitter_misc":{"Escrito por":"Reda\u00e7\u00e3o Aconteceu no Vale","Est. tempo de leitura":"1 minuto"},"schema":{"@context":"https:\/\/schema.org","@graph":[{"@type":"Article","@id":"https:\/\/aconteceunovale.com.br\/portal\/?p=184120#article","isPartOf":{"@id":"https:\/\/aconteceunovale.com.br\/portal\/?p=184120"},"author":{"name":"Reda\u00e7\u00e3o Aconteceu no Vale","@id":"https:\/\/aconteceunovale.com.br\/portal\/#\/schema\/person\/7d2f26d1483f8a63de73da1ee0754d35"},"headline":"Bombeiros buscam ocupantes de avi\u00e3o que caiu no mar entre S\u00e3o Paulo e o Rio de Janeiro","datePublished":"2021-11-25T14:34:39+00:00","dateModified":"2021-11-26T00:55:56+00:00","mainEntityOfPage":{"@id":"https:\/\/aconteceunovale.com.br\/portal\/?p=184120"},"wordCount":221,"commentCount":0,"image":{"@id":"https:\/\/aconteceunovale.com.br\/portal\/?p=184120#primaryimage"},"thumbnailUrl":"https:\/\/aconteceunovale.com.br\/portal\/wp-content\/uploads\/2021\/11\/aviao_queda_ubatuba.png","keywords":["Acidente com avi\u00e3o entre S\u00e3o Paulo e Rio de Janeiro","Acidente com avi\u00e3o entre Ubatuba e Paraty","Campinas","Capitania dos Portos","Corpo de Bombeiros de S\u00e3o Paulo","Jacarepagu\u00e1","Marinha","Paraty","Queda de avi\u00e3o entre S\u00e3o Paulo e Rio de Janeiro","Rio de Janeiro","S\u00e3o Paulo","Ubatuba"],"articleSection":["Brasil"],"inLanguage":"pt-BR","potentialAction":[{"@type":"CommentAction","name":"Comment","target":["https:\/\/aconteceunovale.com.br\/portal\/?p=184120#respond"]}]},{"@type":"WebPage","@id":"https:\/\/aconteceunovale.com.br\/portal\/?p=184120","url":"https:\/\/aconteceunovale.com.br\/portal\/?p=184120","name":"Bombeiros buscam ocupantes de avi\u00e3o que caiu no mar entre S\u00e3o Paulo e o Rio de Janeiro - Aconteceu no Vale","isPartOf":{"@id":"https:\/\/aconteceunovale.com.br\/portal\/#website"},"primaryImageOfPage":{"@id":"https:\/\/aconteceunovale.com.br\/portal\/?p=184120#primaryimage"},"image":{"@id":"https:\/\/aconteceunovale.com.br\/portal\/?p=184120#primaryimage"},"thumbnailUrl":"https:\/\/aconteceunovale.com.br\/portal\/wp-content\/uploads\/2021\/11\/aviao_queda_ubatuba.png","datePublished":"2021-11-25T14:34:39+00:00","dateModified":"2021-11-26T00:55:56+00:00","author":{"@id":"https:\/\/aconteceunovale.com.br\/portal\/#\/schema\/person\/7d2f26d1483f8a63de73da1ee0754d35"},"breadcrumb":{"@id":"https:\/\/aconteceunovale.com.br\/portal\/?p=184120#breadcrumb"},"inLanguage":"pt-BR","potentialAction":[{"@type":"ReadAction","target":["https:\/\/aconteceunovale.com.br\/portal\/?p=184120"]}]},{"@type":"ImageObject","inLanguage":"pt-BR","@id":"https:\/\/aconteceunovale.com.br\/portal\/?p=184120#primaryimage","url":"https:\/\/aconteceunovale.com.br\/portal\/wp-content\/uploads\/2021\/11\/aviao_queda_ubatuba.png","contentUrl":"https:\/\/aconteceunovale.com.br\/portal\/wp-content\/uploads\/2021\/11\/aviao_queda_ubatuba.png","width":678,"height":369},{"@type":"BreadcrumbList","@id":"https:\/\/aconteceunovale.com.br\/portal\/?p=184120#breadcrumb","itemListElement":[{"@type":"ListItem","position":1,"name":"In\u00edcio","item":"https:\/\/aconteceunovale.com.br\/portal\/"},{"@type":"ListItem","position":2,"name":"Bombeiros buscam ocupantes de avi\u00e3o que caiu no mar entre S\u00e3o Paulo e o Rio de Janeiro"}]},{"@type":"WebSite","@id":"https:\/\/aconteceunovale.com.br\/portal\/#website","url":"https:\/\/aconteceunovale.com.br\/portal\/","name":"Aconteceu no Vale","description":"Portal de Not\u00edcias","potentialAction":[{"@type":"SearchAction","target":{"@type":"EntryPoint","urlTemplate":"https:\/\/aconteceunovale.com.br\/portal\/?s={search_term_string}"},"query-input":{"@type":"PropertyValueSpecification","valueRequired":true,"valueName":"search_term_string"}}],"inLanguage":"pt-BR"},{"@type":"Person","@id":"https:\/\/aconteceunovale.com.br\/portal\/#\/schema\/person\/7d2f26d1483f8a63de73da1ee0754d35","name":"Reda\u00e7\u00e3o Aconteceu no Vale","description":"Equipe de reportagem do Aconteceu no Vale, portal de not\u00edcias do Vale do Jequitinhonha, em Minas Gerais. Cobrimos as 51 cidades do Vale desde 2013. Sugest\u00f5es de pauta e pedidos de corre\u00e7\u00e3o: contato@aconteceunovale.com.br","url":"https:\/\/aconteceunovale.com.br\/portal\/?author=4"}]}},"_links":{"self":[{"href":"https:\/\/aconteceunovale.com.br\/portal\/index.php?rest_route=\/wp\/v2\/posts\/184120","targetHints":{"allow":["GET"]}}],"collection":[{"href":"https:\/\/aconteceunovale.com.br\/portal\/index.php?rest_route=\/wp\/v2\/posts"}],"about":[{"href":"https:\/\/aconteceunovale.com.br\/portal\/index.php?rest_route=\/wp\/v2\/types\/post"}],"author":[{"embeddable":true,"href":"https:\/\/aconteceunovale.com.br\/portal\/index.php?rest_route=\/wp\/v2\/users\/4"}],"replies":[{"embeddable":true,"href":"https:\/\/aconteceunovale.com.br\/portal\/index.php?rest_route=%2Fwp%2Fv2%2Fcomments&post=184120"}],"version-history":[{"count":3,"href":"https:\/\/aconteceunovale.com.br\/portal\/index.php?rest_route=\/wp\/v2\/posts\/184120\/revisions"}],"predecessor-version":[{"id":184128,"href":"https:\/\/aconteceunovale.com.br\/portal\/index.php?rest_route=\/wp\/v2\/posts\/184120\/revisions\/184128"}],"wp:featuredmedia":[{"embeddable":true,"href":"https:\/\/aconteceunovale.com.br\/portal\/index.php?rest_route=\/wp\/v2\/media\/184122"}],"wp:attachment":[{"href":"https:\/\/aconteceunovale.com.br\/portal\/index.php?rest_route=%2Fwp%2Fv2%2Fmedia&parent=184120"}],"wp:term":[{"taxonomy":"category","embeddable":true,"href":"https:\/\/aconteceunovale.com.br\/portal\/index.php?rest_route=%2Fwp%2Fv2%2Fcategories&post=184120"},{"taxonomy":"post_tag","embeddable":true,"href":"https:\/\/aconteceunovale.com.br\/portal\/index.php?rest_route=%2Fwp%2Fv2%2Ftags&post=184120"}],"curies":[{"name":"wp","href":"https:\/\/api.w.org\/{rel}","templated":true}]}}