{"id":184114,"date":"2021-11-25T09:12:08","date_gmt":"2021-11-25T12:12:08","guid":{"rendered":"https:\/\/aconteceunovale.com.br\/portal\/?p=184114"},"modified":"2021-11-25T11:26:06","modified_gmt":"2021-11-25T14:26:06","slug":"expectativa-de-vida-no-brasil-sobe-para-768-anos","status":"publish","type":"post","link":"https:\/\/aconteceunovale.com.br\/portal\/?p=184114","title":{"rendered":"Aumento da expectativa de vida no Brasil n\u00e3o considera efeitos da pandemia"},"content":{"rendered":"\n<p class=\"wp-block-paragraph\">O aumento da expectativa de vida ao nascer no pa\u00eds em 2020 era de 76,8 anos, uma alta de 2 meses e 26 dias em rela\u00e7\u00e3o ao ano anterior (76,6 anos). Segundo o Instituto Brasileiro de Geografia e Estat\u00edstica (IBGE), no entanto, a idade foi estimada caso o pa\u00eds n\u00e3o tivesse passado pela pandemia de covid-19. Portanto, o IBGE n\u00e3o considera a crise de mortalidade provocada pela doen\u00e7a naquele ano.<\/p>\n\n\n\n<p class=\"wp-block-paragraph\">De acordo com o IBGE, sem considerar os efeitos da covid-19, a expectativa de vida para os homens era de 73,3 anos em 2020. J\u00e1 para as mulheres, a esperan\u00e7a de vida era de 80,3 anos, no ano.<\/p>\n\n\n\n<p class=\"wp-block-paragraph\">O IBGE explicou que uma an\u00e1lise do aumento de \u00f3bitos acarretado pela pandemia para o Brasil e cada unidade da federa\u00e7\u00e3o foi feita na publica\u00e7\u00e3o das&nbsp;<em>Estat\u00edsticas do Registro Civil<\/em>, na semana passada.<\/p>\n\n\n\n<p class=\"wp-block-paragraph\">A expectativa de vida \u00e9 parte da pesquisa chamada&nbsp;<em>T\u00e1buas de Mortalidade<\/em>, que s\u00e3o calculadas a partir de proje\u00e7\u00f5es populacionais, baseadas nos dados dos censos demogr\u00e1ficos.<\/p>\n\n\n\n<p class=\"wp-block-paragraph\">\u201cAp\u00f3s a divulga\u00e7\u00e3o dos resultados de cada Censo Demogr\u00e1fico, o IBGE elabora novas t\u00e1buas de mortalidade projetadas. As \u00faltimas t\u00e1buas foram constru\u00eddas e projetadas a partir dos dados de 2010, ano de realiza\u00e7\u00e3o da \u00faltima opera\u00e7\u00e3o censit\u00e1ria no Brasil. Da mesma forma, um novo conjunto de t\u00e1buas de mortalidade ser\u00e1 elaborado ap\u00f3s a publica\u00e7\u00e3o dos resultados do Censo 2022, quando o IBGE ter\u00e1 uma estimativa mais precisa da popula\u00e7\u00e3o exposta ao risco de falecer e dos \u00f3bitos observados na \u00faltima d\u00e9cada\u201d, informa nota do IBGE.<\/p>\n\n\n\n<p class=\"wp-block-paragraph\">&#8212;&#8212;&#8212;&#8212;&#8212;&#8212;<br><em>Quer receber as not\u00edcias do <strong>Aconteceu no Vale<\/strong> em primeira m\u00e3o? Siga-nos no Facebook <a rel=\"noreferrer noopener\" href=\"http:\/\/facebook.com\/aconteceunovale\" target=\"_blank\">@aconteceunovale<\/a>, Twitter <a rel=\"noreferrer noopener\" href=\"https:\/\/twitter.com\/noticiadosvales\" target=\"_blank\">@noticiadosvales<\/a> e Instagram <a rel=\"noreferrer noopener\" href=\"https:\/\/www.instagram.com\/aconteceunovale\" target=\"_blank\">@aconteceunovale<\/a>.<\/em><\/p>\n","protected":false},"excerpt":{"rendered":"<p>O aumento da expectativa de vida ao nascer no pa\u00eds em 2020 era de 76,8 anos, uma alta de 2 meses e 26 dias em rela\u00e7\u00e3o ao ano anterior (76,6 anos). Segundo o Instituto Brasileiro de Geografia e Estat\u00edstica (IBGE), no entanto, a idade foi estimada caso o pa\u00eds n\u00e3o tivesse passado pela pandemia de [&hellip;]<\/p>\n","protected":false},"author":4,"featured_media":156717,"comment_status":"open","ping_status":"closed","sticky":false,"template":"","format":"standard","meta":{"amp_status":"","footnotes":""},"categories":[6],"tags":[254874,4785,113043,25112,1062],"class_list":["post-184114","post","type-post","status-publish","format-standard","has-post-thumbnail","hentry","category-br","tag-aumento-da-expectativa-de-vida-no-brasil","tag-brasil","tag-expectativa-de-vida-dos-brasileiros","tag-expectativa-de-vida-no-brasil","tag-ibge"],"yoast_head":"<!-- This site is optimized with the Yoast SEO plugin v28.3 - https:\/\/yoast.com\/product\/yoast-seo-wordpress\/ -->\n<title>Aumento da expectativa de vida no Brasil n\u00e3o considera efeitos da pandemia - Aconteceu no Vale<\/title>\n<meta name=\"robots\" content=\"index, follow, max-snippet:-1, max-image-preview:large, max-video-preview:-1\" \/>\n<link rel=\"canonical\" href=\"https:\/\/aconteceunovale.com.br\/portal\/?p=184114\" \/>\n<meta property=\"og:locale\" content=\"pt_BR\" \/>\n<meta property=\"og:type\" content=\"article\" \/>\n<meta property=\"og:title\" content=\"Aumento da expectativa de vida no Brasil n\u00e3o considera efeitos da pandemia - Aconteceu no Vale\" \/>\n<meta property=\"og:description\" content=\"O aumento da expectativa de vida ao nascer no pa\u00eds em 2020 era de 76,8 anos, uma alta de 2 meses e 26 dias em rela\u00e7\u00e3o ao ano anterior (76,6 anos). Segundo o Instituto Brasileiro de Geografia e Estat\u00edstica (IBGE), no entanto, a idade foi estimada caso o pa\u00eds n\u00e3o tivesse passado pela pandemia de [&hellip;]\" \/>\n<meta property=\"og:url\" content=\"https:\/\/aconteceunovale.com.br\/portal\/?p=184114\" \/>\n<meta property=\"og:site_name\" content=\"Aconteceu no Vale\" \/>\n<meta property=\"article:publisher\" content=\"https:\/\/www.facebook.com\/aconteceunovale\/\" \/>\n<meta property=\"article:published_time\" content=\"2021-11-25T12:12:08+00:00\" \/>\n<meta property=\"article:modified_time\" content=\"2021-11-25T14:26:06+00:00\" \/>\n<meta property=\"og:image\" content=\"https:\/\/aconteceunovale.com.br\/portal\/wp-content\/uploads\/2020\/01\/bandeira_brasil.jpg\" \/>\n\t<meta property=\"og:image:width\" content=\"675\" \/>\n\t<meta property=\"og:image:height\" content=\"450\" \/>\n\t<meta property=\"og:image:type\" content=\"image\/jpeg\" \/>\n<meta name=\"author\" content=\"Reda\u00e7\u00e3o Aconteceu no Vale\" \/>\n<meta name=\"twitter:card\" content=\"summary_large_image\" \/>\n<meta name=\"twitter:creator\" content=\"@noticiadosvales\" \/>\n<meta name=\"twitter:site\" content=\"@noticiadosvales\" \/>\n<meta name=\"twitter:label1\" content=\"Escrito por\" \/>\n\t<meta name=\"twitter:data1\" content=\"Reda\u00e7\u00e3o Aconteceu no Vale\" \/>\n\t<meta name=\"twitter:label2\" content=\"Est. tempo de leitura\" \/>\n\t<meta name=\"twitter:data2\" content=\"1 minuto\" \/>\n<script type=\"application\/ld+json\" class=\"yoast-schema-graph\">{\"@context\":\"https:\\\/\\\/schema.org\",\"@graph\":[{\"@type\":\"Article\",\"@id\":\"https:\\\/\\\/aconteceunovale.com.br\\\/portal\\\/?p=184114#article\",\"isPartOf\":{\"@id\":\"https:\\\/\\\/aconteceunovale.com.br\\\/portal\\\/?p=184114\"},\"author\":{\"name\":\"Reda\u00e7\u00e3o Aconteceu no Vale\",\"@id\":\"https:\\\/\\\/aconteceunovale.com.br\\\/portal\\\/#\\\/schema\\\/person\\\/7d2f26d1483f8a63de73da1ee0754d35\"},\"headline\":\"Aumento da expectativa de vida no Brasil n\u00e3o considera efeitos da pandemia\",\"datePublished\":\"2021-11-25T12:12:08+00:00\",\"dateModified\":\"2021-11-25T14:26:06+00:00\",\"mainEntityOfPage\":{\"@id\":\"https:\\\/\\\/aconteceunovale.com.br\\\/portal\\\/?p=184114\"},\"wordCount\":309,\"commentCount\":0,\"image\":{\"@id\":\"https:\\\/\\\/aconteceunovale.com.br\\\/portal\\\/?p=184114#primaryimage\"},\"thumbnailUrl\":\"https:\\\/\\\/aconteceunovale.com.br\\\/portal\\\/wp-content\\\/uploads\\\/2020\\\/01\\\/bandeira_brasil.jpg\",\"keywords\":[\"Aumento da Expectativa de vida no Brasil\",\"brasil\",\"Expectativa de vida dos brasileiros\",\"expectativa de vida no Brasil\",\"ibge\"],\"articleSection\":[\"Brasil\"],\"inLanguage\":\"pt-BR\",\"potentialAction\":[{\"@type\":\"CommentAction\",\"name\":\"Comment\",\"target\":[\"https:\\\/\\\/aconteceunovale.com.br\\\/portal\\\/?p=184114#respond\"]}]},{\"@type\":\"WebPage\",\"@id\":\"https:\\\/\\\/aconteceunovale.com.br\\\/portal\\\/?p=184114\",\"url\":\"https:\\\/\\\/aconteceunovale.com.br\\\/portal\\\/?p=184114\",\"name\":\"Aumento da expectativa de vida no Brasil n\u00e3o considera efeitos da pandemia - Aconteceu no Vale\",\"isPartOf\":{\"@id\":\"https:\\\/\\\/aconteceunovale.com.br\\\/portal\\\/#website\"},\"primaryImageOfPage\":{\"@id\":\"https:\\\/\\\/aconteceunovale.com.br\\\/portal\\\/?p=184114#primaryimage\"},\"image\":{\"@id\":\"https:\\\/\\\/aconteceunovale.com.br\\\/portal\\\/?p=184114#primaryimage\"},\"thumbnailUrl\":\"https:\\\/\\\/aconteceunovale.com.br\\\/portal\\\/wp-content\\\/uploads\\\/2020\\\/01\\\/bandeira_brasil.jpg\",\"datePublished\":\"2021-11-25T12:12:08+00:00\",\"dateModified\":\"2021-11-25T14:26:06+00:00\",\"author\":{\"@id\":\"https:\\\/\\\/aconteceunovale.com.br\\\/portal\\\/#\\\/schema\\\/person\\\/7d2f26d1483f8a63de73da1ee0754d35\"},\"breadcrumb\":{\"@id\":\"https:\\\/\\\/aconteceunovale.com.br\\\/portal\\\/?p=184114#breadcrumb\"},\"inLanguage\":\"pt-BR\",\"potentialAction\":[{\"@type\":\"ReadAction\",\"target\":[\"https:\\\/\\\/aconteceunovale.com.br\\\/portal\\\/?p=184114\"]}]},{\"@type\":\"ImageObject\",\"inLanguage\":\"pt-BR\",\"@id\":\"https:\\\/\\\/aconteceunovale.com.br\\\/portal\\\/?p=184114#primaryimage\",\"url\":\"https:\\\/\\\/aconteceunovale.com.br\\\/portal\\\/wp-content\\\/uploads\\\/2020\\\/01\\\/bandeira_brasil.jpg\",\"contentUrl\":\"https:\\\/\\\/aconteceunovale.com.br\\\/portal\\\/wp-content\\\/uploads\\\/2020\\\/01\\\/bandeira_brasil.jpg\",\"width\":675,\"height\":450},{\"@type\":\"BreadcrumbList\",\"@id\":\"https:\\\/\\\/aconteceunovale.com.br\\\/portal\\\/?p=184114#breadcrumb\",\"itemListElement\":[{\"@type\":\"ListItem\",\"position\":1,\"name\":\"In\u00edcio\",\"item\":\"https:\\\/\\\/aconteceunovale.com.br\\\/portal\\\/\"},{\"@type\":\"ListItem\",\"position\":2,\"name\":\"Aumento da expectativa de vida no Brasil n\u00e3o considera efeitos da pandemia\"}]},{\"@type\":\"WebSite\",\"@id\":\"https:\\\/\\\/aconteceunovale.com.br\\\/portal\\\/#website\",\"url\":\"https:\\\/\\\/aconteceunovale.com.br\\\/portal\\\/\",\"name\":\"Aconteceu no Vale\",\"description\":\"Portal de Not\u00edcias\",\"potentialAction\":[{\"@type\":\"SearchAction\",\"target\":{\"@type\":\"EntryPoint\",\"urlTemplate\":\"https:\\\/\\\/aconteceunovale.com.br\\\/portal\\\/?s={search_term_string}\"},\"query-input\":{\"@type\":\"PropertyValueSpecification\",\"valueRequired\":true,\"valueName\":\"search_term_string\"}}],\"inLanguage\":\"pt-BR\"},{\"@type\":\"Person\",\"@id\":\"https:\\\/\\\/aconteceunovale.com.br\\\/portal\\\/#\\\/schema\\\/person\\\/7d2f26d1483f8a63de73da1ee0754d35\",\"name\":\"Reda\u00e7\u00e3o Aconteceu no Vale\",\"description\":\"Equipe de reportagem do Aconteceu no Vale, portal de not\u00edcias do Vale do Jequitinhonha, em Minas Gerais. Cobrimos as 51 cidades do Vale desde 2013. Sugest\u00f5es de pauta e pedidos de corre\u00e7\u00e3o: contato@aconteceunovale.com.br\",\"url\":\"https:\\\/\\\/aconteceunovale.com.br\\\/portal\\\/?author=4\"}]}<\/script>\n<!-- \/ Yoast SEO plugin. -->","yoast_head_json":{"title":"Aumento da expectativa de vida no Brasil n\u00e3o considera efeitos da pandemia - Aconteceu no Vale","robots":{"index":"index","follow":"follow","max-snippet":"max-snippet:-1","max-image-preview":"max-image-preview:large","max-video-preview":"max-video-preview:-1"},"canonical":"https:\/\/aconteceunovale.com.br\/portal\/?p=184114","og_locale":"pt_BR","og_type":"article","og_title":"Aumento da expectativa de vida no Brasil n\u00e3o considera efeitos da pandemia - Aconteceu no Vale","og_description":"O aumento da expectativa de vida ao nascer no pa\u00eds em 2020 era de 76,8 anos, uma alta de 2 meses e 26 dias em rela\u00e7\u00e3o ao ano anterior (76,6 anos). Segundo o Instituto Brasileiro de Geografia e Estat\u00edstica (IBGE), no entanto, a idade foi estimada caso o pa\u00eds n\u00e3o tivesse passado pela pandemia de [&hellip;]","og_url":"https:\/\/aconteceunovale.com.br\/portal\/?p=184114","og_site_name":"Aconteceu no Vale","article_publisher":"https:\/\/www.facebook.com\/aconteceunovale\/","article_published_time":"2021-11-25T12:12:08+00:00","article_modified_time":"2021-11-25T14:26:06+00:00","og_image":[{"width":675,"height":450,"url":"https:\/\/aconteceunovale.com.br\/portal\/wp-content\/uploads\/2020\/01\/bandeira_brasil.jpg","type":"image\/jpeg"}],"author":"Reda\u00e7\u00e3o Aconteceu no Vale","twitter_card":"summary_large_image","twitter_creator":"@noticiadosvales","twitter_site":"@noticiadosvales","twitter_misc":{"Escrito por":"Reda\u00e7\u00e3o Aconteceu no Vale","Est. tempo de leitura":"1 minuto"},"schema":{"@context":"https:\/\/schema.org","@graph":[{"@type":"Article","@id":"https:\/\/aconteceunovale.com.br\/portal\/?p=184114#article","isPartOf":{"@id":"https:\/\/aconteceunovale.com.br\/portal\/?p=184114"},"author":{"name":"Reda\u00e7\u00e3o Aconteceu no Vale","@id":"https:\/\/aconteceunovale.com.br\/portal\/#\/schema\/person\/7d2f26d1483f8a63de73da1ee0754d35"},"headline":"Aumento da expectativa de vida no Brasil n\u00e3o considera efeitos da pandemia","datePublished":"2021-11-25T12:12:08+00:00","dateModified":"2021-11-25T14:26:06+00:00","mainEntityOfPage":{"@id":"https:\/\/aconteceunovale.com.br\/portal\/?p=184114"},"wordCount":309,"commentCount":0,"image":{"@id":"https:\/\/aconteceunovale.com.br\/portal\/?p=184114#primaryimage"},"thumbnailUrl":"https:\/\/aconteceunovale.com.br\/portal\/wp-content\/uploads\/2020\/01\/bandeira_brasil.jpg","keywords":["Aumento da Expectativa de vida no Brasil","brasil","Expectativa de vida dos brasileiros","expectativa de vida no Brasil","ibge"],"articleSection":["Brasil"],"inLanguage":"pt-BR","potentialAction":[{"@type":"CommentAction","name":"Comment","target":["https:\/\/aconteceunovale.com.br\/portal\/?p=184114#respond"]}]},{"@type":"WebPage","@id":"https:\/\/aconteceunovale.com.br\/portal\/?p=184114","url":"https:\/\/aconteceunovale.com.br\/portal\/?p=184114","name":"Aumento da expectativa de vida no Brasil n\u00e3o considera efeitos da pandemia - Aconteceu no Vale","isPartOf":{"@id":"https:\/\/aconteceunovale.com.br\/portal\/#website"},"primaryImageOfPage":{"@id":"https:\/\/aconteceunovale.com.br\/portal\/?p=184114#primaryimage"},"image":{"@id":"https:\/\/aconteceunovale.com.br\/portal\/?p=184114#primaryimage"},"thumbnailUrl":"https:\/\/aconteceunovale.com.br\/portal\/wp-content\/uploads\/2020\/01\/bandeira_brasil.jpg","datePublished":"2021-11-25T12:12:08+00:00","dateModified":"2021-11-25T14:26:06+00:00","author":{"@id":"https:\/\/aconteceunovale.com.br\/portal\/#\/schema\/person\/7d2f26d1483f8a63de73da1ee0754d35"},"breadcrumb":{"@id":"https:\/\/aconteceunovale.com.br\/portal\/?p=184114#breadcrumb"},"inLanguage":"pt-BR","potentialAction":[{"@type":"ReadAction","target":["https:\/\/aconteceunovale.com.br\/portal\/?p=184114"]}]},{"@type":"ImageObject","inLanguage":"pt-BR","@id":"https:\/\/aconteceunovale.com.br\/portal\/?p=184114#primaryimage","url":"https:\/\/aconteceunovale.com.br\/portal\/wp-content\/uploads\/2020\/01\/bandeira_brasil.jpg","contentUrl":"https:\/\/aconteceunovale.com.br\/portal\/wp-content\/uploads\/2020\/01\/bandeira_brasil.jpg","width":675,"height":450},{"@type":"BreadcrumbList","@id":"https:\/\/aconteceunovale.com.br\/portal\/?p=184114#breadcrumb","itemListElement":[{"@type":"ListItem","position":1,"name":"In\u00edcio","item":"https:\/\/aconteceunovale.com.br\/portal\/"},{"@type":"ListItem","position":2,"name":"Aumento da expectativa de vida no Brasil n\u00e3o considera efeitos da pandemia"}]},{"@type":"WebSite","@id":"https:\/\/aconteceunovale.com.br\/portal\/#website","url":"https:\/\/aconteceunovale.com.br\/portal\/","name":"Aconteceu no Vale","description":"Portal de Not\u00edcias","potentialAction":[{"@type":"SearchAction","target":{"@type":"EntryPoint","urlTemplate":"https:\/\/aconteceunovale.com.br\/portal\/?s={search_term_string}"},"query-input":{"@type":"PropertyValueSpecification","valueRequired":true,"valueName":"search_term_string"}}],"inLanguage":"pt-BR"},{"@type":"Person","@id":"https:\/\/aconteceunovale.com.br\/portal\/#\/schema\/person\/7d2f26d1483f8a63de73da1ee0754d35","name":"Reda\u00e7\u00e3o Aconteceu no Vale","description":"Equipe de reportagem do Aconteceu no Vale, portal de not\u00edcias do Vale do Jequitinhonha, em Minas Gerais. Cobrimos as 51 cidades do Vale desde 2013. Sugest\u00f5es de pauta e pedidos de corre\u00e7\u00e3o: contato@aconteceunovale.com.br","url":"https:\/\/aconteceunovale.com.br\/portal\/?author=4"}]}},"_links":{"self":[{"href":"https:\/\/aconteceunovale.com.br\/portal\/index.php?rest_route=\/wp\/v2\/posts\/184114","targetHints":{"allow":["GET"]}}],"collection":[{"href":"https:\/\/aconteceunovale.com.br\/portal\/index.php?rest_route=\/wp\/v2\/posts"}],"about":[{"href":"https:\/\/aconteceunovale.com.br\/portal\/index.php?rest_route=\/wp\/v2\/types\/post"}],"author":[{"embeddable":true,"href":"https:\/\/aconteceunovale.com.br\/portal\/index.php?rest_route=\/wp\/v2\/users\/4"}],"replies":[{"embeddable":true,"href":"https:\/\/aconteceunovale.com.br\/portal\/index.php?rest_route=%2Fwp%2Fv2%2Fcomments&post=184114"}],"version-history":[{"count":2,"href":"https:\/\/aconteceunovale.com.br\/portal\/index.php?rest_route=\/wp\/v2\/posts\/184114\/revisions"}],"predecessor-version":[{"id":184117,"href":"https:\/\/aconteceunovale.com.br\/portal\/index.php?rest_route=\/wp\/v2\/posts\/184114\/revisions\/184117"}],"wp:featuredmedia":[{"embeddable":true,"href":"https:\/\/aconteceunovale.com.br\/portal\/index.php?rest_route=\/wp\/v2\/media\/156717"}],"wp:attachment":[{"href":"https:\/\/aconteceunovale.com.br\/portal\/index.php?rest_route=%2Fwp%2Fv2%2Fmedia&parent=184114"}],"wp:term":[{"taxonomy":"category","embeddable":true,"href":"https:\/\/aconteceunovale.com.br\/portal\/index.php?rest_route=%2Fwp%2Fv2%2Fcategories&post=184114"},{"taxonomy":"post_tag","embeddable":true,"href":"https:\/\/aconteceunovale.com.br\/portal\/index.php?rest_route=%2Fwp%2Fv2%2Ftags&post=184114"}],"curies":[{"name":"wp","href":"https:\/\/api.w.org\/{rel}","templated":true}]}}