{"id":184108,"date":"2021-11-25T00:04:39","date_gmt":"2021-11-25T03:04:39","guid":{"rendered":"https:\/\/aconteceunovale.com.br\/portal\/?p=184108"},"modified":"2021-11-25T11:26:47","modified_gmt":"2021-11-25T14:26:47","slug":"pilotos-e-comissarios-de-voo-decidem-entrar-em-greve","status":"publish","type":"post","link":"https:\/\/aconteceunovale.com.br\/portal\/?p=184108","title":{"rendered":"Pilotos e comiss\u00e1rios de voo decidem entrar em greve"},"content":{"rendered":"\n<p class=\"wp-block-paragraph\">Pilotos e comiss\u00e1rios de voo entrar\u00e3o em greve a partir da 0h do dia 29 pr\u00f3ximo (segunda-feira), por tempo indeterminado, em todo o pa\u00eds, conforme decidido em assembleia realizada ontem (24). Em nota, o Sindicato Nacional dos Aeronautas (SNA) informou que a decis\u00e3o pela paralisa\u00e7\u00e3o \u00e9 em consequ\u00eancia da &#8220;intransig\u00eancia das companhias a\u00e9reas nas negocia\u00e7\u00f5es da renova\u00e7\u00e3o da Conven\u00e7\u00e3o Coletiva de Trabalho (CCT)\u201d.<\/p>\n\n\n\n<p class=\"wp-block-paragraph\">\u201cEm respeito \u00e0 sociedade e aos usu\u00e1rios do sistema de transporte a\u00e9reo, os aeronautas far\u00e3o a paralisa\u00e7\u00e3o de 50% dos tripulantes por dia, enquanto os outros 50% permanecer\u00e3o em servi\u00e7o. A categoria reivindica unicamente reajuste salarial que contemple a reposi\u00e7\u00e3o das perdas inflacion\u00e1rias nos \u00faltimos dois anos \u2014 INPC [\u00cdndice Nacional de Pre\u00e7os ao Consumidor] do per\u00edodo de 1\u00ba de dezembro de 2019 a 30 de novembro de 2021\u201d, disse nota do SNA.<\/p>\n\n\n\n<p class=\"wp-block-paragraph\">Tamb\u00e9m em nota, o Sindicato Nacional das Empresas Aerovi\u00e1rias (SNEA) afirmou que a greve foi incentivada pelo SNA que, segundo a entidade representante das empresas, estaria, \u201cdesde a primeira reuni\u00e3o de negocia\u00e7\u00e3o para a conven\u00e7\u00e3o coletiva\u201d, desconsiderando \u201ccontraproposta ou caminho alternativo para as pautas apresentadas pelas empresas\u201d, al\u00e9m de insistir \u201cna reposi\u00e7\u00e3o integral da infla\u00e7\u00e3o dos \u00faltimos 24 meses, ignorando a conven\u00e7\u00e3o coletiva vigente e a realidade financeira do setor\u201d.<\/p>\n\n\n\n<p class=\"wp-block-paragraph\">O Sindicato Nacional dos Aeronautas argumentou que, conforme informes publicados pelas empresas e mat\u00e9rias veiculadas na m\u00eddia, as finan\u00e7as das companhias a\u00e9reas j\u00e1 se encontram em processo &#8220;acelerado&#8221; de recupera\u00e7\u00e3o, a ponto de projetar crescimento para o futuro pr\u00f3ximo, \u201co que n\u00e3o condiz com a intransig\u00eancia de impor achatamento salarial de toda uma categoria\u201d.<\/p>\n\n\n\n<h2 class=\"wp-block-heading\">Perdas salariais<\/h2>\n\n\n\n<p class=\"wp-block-paragraph\">Na avalia\u00e7\u00e3o da entidade que representa os aeronautas, a proposta apresentada pelas empresas est\u00e1 \u201cmuito aqu\u00e9m de recompor as perdas salariais, j\u00e1 rejeitada pela categoria\u201d. Afirmou, ainda, que o sindicato patronal \u201cnegou a ultratividade da atual CCT\u201d, n\u00e3o garantindo a manuten\u00e7\u00e3o das cl\u00e1usulas atuais da conven\u00e7\u00e3o em caso de um novo acordo n\u00e3o ter sido fechado at\u00e9 a data-base (1\u00ba de dezembro).<\/p>\n\n\n\n<p class=\"wp-block-paragraph\">\u201cDesde o in\u00edcio da pandemia a categoria nunca parou de trabalhar, tendo enfrentado graves riscos de contamina\u00e7\u00e3o por covid-19, e deu sua contribui\u00e7\u00e3o no combate \u00e0 doen\u00e7a transportando vacinas, insumos e equipamentos. Al\u00e9m disso, pilotos e comiss\u00e1rios deram colabora\u00e7\u00e3o importante para a recupera\u00e7\u00e3o das empresas a\u00e9reas ao aceitar, de maneira correta, redu\u00e7\u00f5es salariais e remunerat\u00f3rias que perduram at\u00e9 hoje\u201d, argumenta o SNA.<\/p>\n\n\n\n<p class=\"wp-block-paragraph\">O Sindicato Nacional das Empresas Aerovi\u00e1rias &nbsp;informou que os 50% de tripulantes que permanecer\u00e3o em servi\u00e7o n\u00e3o ser\u00e3o suficientes para garantir a presta\u00e7\u00e3o de servi\u00e7os. \u201cVale destacar ainda que o envio de listas nominais de empregados que estariam \u2018indispon\u00edveis\u2019 fere a liberdade individual de escolha de cada empregado, que pode decidir aderir ou n\u00e3o ao movimento\u201d, acrescentou a entidade representante das empresas, ao defender que as categorias profissionais defendam seus interesses \u201cpor todos os meios leg\u00edtimos, inclusive a greve, desde que esgotada a via negocial e observada a legalidade\u201d.<\/p>\n\n\n\n<p class=\"wp-block-paragraph\">&#8212;&#8212;&#8212;&#8212;&#8212;&#8212;<br><em>Quer receber as not\u00edcias do <strong>Aconteceu no Vale<\/strong> em primeira m\u00e3o? Siga-nos no Facebook <a rel=\"noreferrer noopener\" href=\"http:\/\/facebook.com\/aconteceunovale\" target=\"_blank\">@aconteceunovale<\/a>, Twitter <a rel=\"noreferrer noopener\" href=\"https:\/\/twitter.com\/noticiadosvales\" target=\"_blank\">@noticiadosvales<\/a> e Instagram <a rel=\"noreferrer noopener\" href=\"https:\/\/www.instagram.com\/aconteceunovale\" target=\"_blank\">@aconteceunovale<\/a>.<\/em><\/p>\n","protected":false},"excerpt":{"rendered":"<p>Pilotos e comiss\u00e1rios de voo entrar\u00e3o em greve a partir da 0h do dia 29 pr\u00f3ximo (segunda-feira), por tempo indeterminado, em todo o pa\u00eds, conforme decidido em assembleia realizada ontem (24). Em nota, o Sindicato Nacional dos Aeronautas (SNA) informou que a decis\u00e3o pela paralisa\u00e7\u00e3o \u00e9 em consequ\u00eancia da &#8220;intransig\u00eancia das companhias a\u00e9reas nas negocia\u00e7\u00f5es [&hellip;]<\/p>\n","protected":false},"author":4,"featured_media":184109,"comment_status":"open","ping_status":"closed","sticky":false,"template":"","format":"standard","meta":{"amp_status":"","footnotes":""},"categories":[6,40236],"tags":[254863,254862,254860,254861,254864,226889,226890,254865],"class_list":["post-184108","post","type-post","status-publish","format-standard","has-post-thumbnail","hentry","category-br","category-empregos-2","tag-greve-dos-aeronautas","tag-greve-dos-pilotos-e-comissarios-de-voo","tag-pilotos-e-comissarios-de-voo-decidem-entrar-em-greve","tag-pilotos-e-comissarios-de-voo-decretam-greve-nacional","tag-sindicato-nacional-das-empresas-aeroviarias","tag-sindicato-nacional-dos-aeronautas","tag-sna","tag-snea"],"yoast_head":"<!-- This site is optimized with the Yoast SEO plugin v28.3 - https:\/\/yoast.com\/product\/yoast-seo-wordpress\/ -->\n<title>Pilotos e comiss\u00e1rios de voo decidem entrar em greve - Aconteceu no Vale<\/title>\n<meta name=\"robots\" content=\"index, follow, max-snippet:-1, max-image-preview:large, max-video-preview:-1\" \/>\n<link rel=\"canonical\" href=\"https:\/\/aconteceunovale.com.br\/portal\/?p=184108\" \/>\n<meta property=\"og:locale\" content=\"pt_BR\" \/>\n<meta property=\"og:type\" content=\"article\" \/>\n<meta property=\"og:title\" content=\"Pilotos e comiss\u00e1rios de voo decidem entrar em greve - Aconteceu no Vale\" \/>\n<meta property=\"og:description\" content=\"Pilotos e comiss\u00e1rios de voo entrar\u00e3o em greve a partir da 0h do dia 29 pr\u00f3ximo (segunda-feira), por tempo indeterminado, em todo o pa\u00eds, conforme decidido em assembleia realizada ontem (24). Em nota, o Sindicato Nacional dos Aeronautas (SNA) informou que a decis\u00e3o pela paralisa\u00e7\u00e3o \u00e9 em consequ\u00eancia da &#8220;intransig\u00eancia das companhias a\u00e9reas nas negocia\u00e7\u00f5es [&hellip;]\" \/>\n<meta property=\"og:url\" content=\"https:\/\/aconteceunovale.com.br\/portal\/?p=184108\" \/>\n<meta property=\"og:site_name\" content=\"Aconteceu no Vale\" \/>\n<meta property=\"article:publisher\" content=\"https:\/\/www.facebook.com\/aconteceunovale\/\" \/>\n<meta property=\"article:published_time\" content=\"2021-11-25T03:04:39+00:00\" \/>\n<meta property=\"article:modified_time\" content=\"2021-11-25T14:26:47+00:00\" \/>\n<meta property=\"og:image\" content=\"https:\/\/aconteceunovale.com.br\/portal\/wp-content\/uploads\/2021\/11\/roupa_piloto.png\" \/>\n\t<meta property=\"og:image:width\" content=\"675\" \/>\n\t<meta property=\"og:image:height\" content=\"450\" \/>\n\t<meta property=\"og:image:type\" content=\"image\/png\" \/>\n<meta name=\"author\" content=\"Reda\u00e7\u00e3o Aconteceu no Vale\" \/>\n<meta name=\"twitter:card\" content=\"summary_large_image\" \/>\n<meta name=\"twitter:creator\" content=\"@noticiadosvales\" \/>\n<meta name=\"twitter:site\" content=\"@noticiadosvales\" \/>\n<meta name=\"twitter:label1\" content=\"Escrito por\" \/>\n\t<meta name=\"twitter:data1\" content=\"Reda\u00e7\u00e3o Aconteceu no Vale\" \/>\n\t<meta name=\"twitter:label2\" content=\"Est. tempo de leitura\" \/>\n\t<meta name=\"twitter:data2\" content=\"3 minutos\" \/>\n<script type=\"application\/ld+json\" class=\"yoast-schema-graph\">{\"@context\":\"https:\\\/\\\/schema.org\",\"@graph\":[{\"@type\":\"Article\",\"@id\":\"https:\\\/\\\/aconteceunovale.com.br\\\/portal\\\/?p=184108#article\",\"isPartOf\":{\"@id\":\"https:\\\/\\\/aconteceunovale.com.br\\\/portal\\\/?p=184108\"},\"author\":{\"name\":\"Reda\u00e7\u00e3o Aconteceu no Vale\",\"@id\":\"https:\\\/\\\/aconteceunovale.com.br\\\/portal\\\/#\\\/schema\\\/person\\\/7d2f26d1483f8a63de73da1ee0754d35\"},\"headline\":\"Pilotos e comiss\u00e1rios de voo decidem entrar em greve\",\"datePublished\":\"2021-11-25T03:04:39+00:00\",\"dateModified\":\"2021-11-25T14:26:47+00:00\",\"mainEntityOfPage\":{\"@id\":\"https:\\\/\\\/aconteceunovale.com.br\\\/portal\\\/?p=184108\"},\"wordCount\":561,\"commentCount\":0,\"image\":{\"@id\":\"https:\\\/\\\/aconteceunovale.com.br\\\/portal\\\/?p=184108#primaryimage\"},\"thumbnailUrl\":\"https:\\\/\\\/aconteceunovale.com.br\\\/portal\\\/wp-content\\\/uploads\\\/2021\\\/11\\\/roupa_piloto.png\",\"keywords\":[\"Greve dos aeronautas\",\"Greve dos pilotos e comiss\u00e1rios de voo\",\"Pilotos e comiss\u00e1rios de voo decidem entrar em greve\",\"Pilotos e comiss\u00e1rios de voo decretam greve nacional\",\"Sindicato Nacional das Empresas Aerovi\u00e1rias\",\"Sindicato Nacional dos Aeronautas\",\"SNA\",\"SNEA\"],\"articleSection\":[\"Brasil\",\"Empregos\"],\"inLanguage\":\"pt-BR\",\"potentialAction\":[{\"@type\":\"CommentAction\",\"name\":\"Comment\",\"target\":[\"https:\\\/\\\/aconteceunovale.com.br\\\/portal\\\/?p=184108#respond\"]}]},{\"@type\":\"WebPage\",\"@id\":\"https:\\\/\\\/aconteceunovale.com.br\\\/portal\\\/?p=184108\",\"url\":\"https:\\\/\\\/aconteceunovale.com.br\\\/portal\\\/?p=184108\",\"name\":\"Pilotos e comiss\u00e1rios de voo decidem entrar em greve - Aconteceu no Vale\",\"isPartOf\":{\"@id\":\"https:\\\/\\\/aconteceunovale.com.br\\\/portal\\\/#website\"},\"primaryImageOfPage\":{\"@id\":\"https:\\\/\\\/aconteceunovale.com.br\\\/portal\\\/?p=184108#primaryimage\"},\"image\":{\"@id\":\"https:\\\/\\\/aconteceunovale.com.br\\\/portal\\\/?p=184108#primaryimage\"},\"thumbnailUrl\":\"https:\\\/\\\/aconteceunovale.com.br\\\/portal\\\/wp-content\\\/uploads\\\/2021\\\/11\\\/roupa_piloto.png\",\"datePublished\":\"2021-11-25T03:04:39+00:00\",\"dateModified\":\"2021-11-25T14:26:47+00:00\",\"author\":{\"@id\":\"https:\\\/\\\/aconteceunovale.com.br\\\/portal\\\/#\\\/schema\\\/person\\\/7d2f26d1483f8a63de73da1ee0754d35\"},\"breadcrumb\":{\"@id\":\"https:\\\/\\\/aconteceunovale.com.br\\\/portal\\\/?p=184108#breadcrumb\"},\"inLanguage\":\"pt-BR\",\"potentialAction\":[{\"@type\":\"ReadAction\",\"target\":[\"https:\\\/\\\/aconteceunovale.com.br\\\/portal\\\/?p=184108\"]}]},{\"@type\":\"ImageObject\",\"inLanguage\":\"pt-BR\",\"@id\":\"https:\\\/\\\/aconteceunovale.com.br\\\/portal\\\/?p=184108#primaryimage\",\"url\":\"https:\\\/\\\/aconteceunovale.com.br\\\/portal\\\/wp-content\\\/uploads\\\/2021\\\/11\\\/roupa_piloto.png\",\"contentUrl\":\"https:\\\/\\\/aconteceunovale.com.br\\\/portal\\\/wp-content\\\/uploads\\\/2021\\\/11\\\/roupa_piloto.png\",\"width\":675,\"height\":450},{\"@type\":\"BreadcrumbList\",\"@id\":\"https:\\\/\\\/aconteceunovale.com.br\\\/portal\\\/?p=184108#breadcrumb\",\"itemListElement\":[{\"@type\":\"ListItem\",\"position\":1,\"name\":\"In\u00edcio\",\"item\":\"https:\\\/\\\/aconteceunovale.com.br\\\/portal\\\/\"},{\"@type\":\"ListItem\",\"position\":2,\"name\":\"Pilotos e comiss\u00e1rios de voo decidem entrar em greve\"}]},{\"@type\":\"WebSite\",\"@id\":\"https:\\\/\\\/aconteceunovale.com.br\\\/portal\\\/#website\",\"url\":\"https:\\\/\\\/aconteceunovale.com.br\\\/portal\\\/\",\"name\":\"Aconteceu no Vale\",\"description\":\"Portal de Not\u00edcias\",\"potentialAction\":[{\"@type\":\"SearchAction\",\"target\":{\"@type\":\"EntryPoint\",\"urlTemplate\":\"https:\\\/\\\/aconteceunovale.com.br\\\/portal\\\/?s={search_term_string}\"},\"query-input\":{\"@type\":\"PropertyValueSpecification\",\"valueRequired\":true,\"valueName\":\"search_term_string\"}}],\"inLanguage\":\"pt-BR\"},{\"@type\":\"Person\",\"@id\":\"https:\\\/\\\/aconteceunovale.com.br\\\/portal\\\/#\\\/schema\\\/person\\\/7d2f26d1483f8a63de73da1ee0754d35\",\"name\":\"Reda\u00e7\u00e3o Aconteceu no Vale\",\"description\":\"Equipe de reportagem do Aconteceu no Vale, portal de not\u00edcias do Vale do Jequitinhonha, em Minas Gerais. Cobrimos as 51 cidades do Vale desde 2013. Sugest\u00f5es de pauta e pedidos de corre\u00e7\u00e3o: contato@aconteceunovale.com.br\",\"url\":\"https:\\\/\\\/aconteceunovale.com.br\\\/portal\\\/?author=4\"}]}<\/script>\n<!-- \/ Yoast SEO plugin. -->","yoast_head_json":{"title":"Pilotos e comiss\u00e1rios de voo decidem entrar em greve - Aconteceu no Vale","robots":{"index":"index","follow":"follow","max-snippet":"max-snippet:-1","max-image-preview":"max-image-preview:large","max-video-preview":"max-video-preview:-1"},"canonical":"https:\/\/aconteceunovale.com.br\/portal\/?p=184108","og_locale":"pt_BR","og_type":"article","og_title":"Pilotos e comiss\u00e1rios de voo decidem entrar em greve - Aconteceu no Vale","og_description":"Pilotos e comiss\u00e1rios de voo entrar\u00e3o em greve a partir da 0h do dia 29 pr\u00f3ximo (segunda-feira), por tempo indeterminado, em todo o pa\u00eds, conforme decidido em assembleia realizada ontem (24). Em nota, o Sindicato Nacional dos Aeronautas (SNA) informou que a decis\u00e3o pela paralisa\u00e7\u00e3o \u00e9 em consequ\u00eancia da &#8220;intransig\u00eancia das companhias a\u00e9reas nas negocia\u00e7\u00f5es [&hellip;]","og_url":"https:\/\/aconteceunovale.com.br\/portal\/?p=184108","og_site_name":"Aconteceu no Vale","article_publisher":"https:\/\/www.facebook.com\/aconteceunovale\/","article_published_time":"2021-11-25T03:04:39+00:00","article_modified_time":"2021-11-25T14:26:47+00:00","og_image":[{"width":675,"height":450,"url":"https:\/\/aconteceunovale.com.br\/portal\/wp-content\/uploads\/2021\/11\/roupa_piloto.png","type":"image\/png"}],"author":"Reda\u00e7\u00e3o Aconteceu no Vale","twitter_card":"summary_large_image","twitter_creator":"@noticiadosvales","twitter_site":"@noticiadosvales","twitter_misc":{"Escrito por":"Reda\u00e7\u00e3o Aconteceu no Vale","Est. tempo de leitura":"3 minutos"},"schema":{"@context":"https:\/\/schema.org","@graph":[{"@type":"Article","@id":"https:\/\/aconteceunovale.com.br\/portal\/?p=184108#article","isPartOf":{"@id":"https:\/\/aconteceunovale.com.br\/portal\/?p=184108"},"author":{"name":"Reda\u00e7\u00e3o Aconteceu no Vale","@id":"https:\/\/aconteceunovale.com.br\/portal\/#\/schema\/person\/7d2f26d1483f8a63de73da1ee0754d35"},"headline":"Pilotos e comiss\u00e1rios de voo decidem entrar em greve","datePublished":"2021-11-25T03:04:39+00:00","dateModified":"2021-11-25T14:26:47+00:00","mainEntityOfPage":{"@id":"https:\/\/aconteceunovale.com.br\/portal\/?p=184108"},"wordCount":561,"commentCount":0,"image":{"@id":"https:\/\/aconteceunovale.com.br\/portal\/?p=184108#primaryimage"},"thumbnailUrl":"https:\/\/aconteceunovale.com.br\/portal\/wp-content\/uploads\/2021\/11\/roupa_piloto.png","keywords":["Greve dos aeronautas","Greve dos pilotos e comiss\u00e1rios de voo","Pilotos e comiss\u00e1rios de voo decidem entrar em greve","Pilotos e comiss\u00e1rios de voo decretam greve nacional","Sindicato Nacional das Empresas Aerovi\u00e1rias","Sindicato Nacional dos Aeronautas","SNA","SNEA"],"articleSection":["Brasil","Empregos"],"inLanguage":"pt-BR","potentialAction":[{"@type":"CommentAction","name":"Comment","target":["https:\/\/aconteceunovale.com.br\/portal\/?p=184108#respond"]}]},{"@type":"WebPage","@id":"https:\/\/aconteceunovale.com.br\/portal\/?p=184108","url":"https:\/\/aconteceunovale.com.br\/portal\/?p=184108","name":"Pilotos e comiss\u00e1rios de voo decidem entrar em greve - Aconteceu no Vale","isPartOf":{"@id":"https:\/\/aconteceunovale.com.br\/portal\/#website"},"primaryImageOfPage":{"@id":"https:\/\/aconteceunovale.com.br\/portal\/?p=184108#primaryimage"},"image":{"@id":"https:\/\/aconteceunovale.com.br\/portal\/?p=184108#primaryimage"},"thumbnailUrl":"https:\/\/aconteceunovale.com.br\/portal\/wp-content\/uploads\/2021\/11\/roupa_piloto.png","datePublished":"2021-11-25T03:04:39+00:00","dateModified":"2021-11-25T14:26:47+00:00","author":{"@id":"https:\/\/aconteceunovale.com.br\/portal\/#\/schema\/person\/7d2f26d1483f8a63de73da1ee0754d35"},"breadcrumb":{"@id":"https:\/\/aconteceunovale.com.br\/portal\/?p=184108#breadcrumb"},"inLanguage":"pt-BR","potentialAction":[{"@type":"ReadAction","target":["https:\/\/aconteceunovale.com.br\/portal\/?p=184108"]}]},{"@type":"ImageObject","inLanguage":"pt-BR","@id":"https:\/\/aconteceunovale.com.br\/portal\/?p=184108#primaryimage","url":"https:\/\/aconteceunovale.com.br\/portal\/wp-content\/uploads\/2021\/11\/roupa_piloto.png","contentUrl":"https:\/\/aconteceunovale.com.br\/portal\/wp-content\/uploads\/2021\/11\/roupa_piloto.png","width":675,"height":450},{"@type":"BreadcrumbList","@id":"https:\/\/aconteceunovale.com.br\/portal\/?p=184108#breadcrumb","itemListElement":[{"@type":"ListItem","position":1,"name":"In\u00edcio","item":"https:\/\/aconteceunovale.com.br\/portal\/"},{"@type":"ListItem","position":2,"name":"Pilotos e comiss\u00e1rios de voo decidem entrar em greve"}]},{"@type":"WebSite","@id":"https:\/\/aconteceunovale.com.br\/portal\/#website","url":"https:\/\/aconteceunovale.com.br\/portal\/","name":"Aconteceu no Vale","description":"Portal de Not\u00edcias","potentialAction":[{"@type":"SearchAction","target":{"@type":"EntryPoint","urlTemplate":"https:\/\/aconteceunovale.com.br\/portal\/?s={search_term_string}"},"query-input":{"@type":"PropertyValueSpecification","valueRequired":true,"valueName":"search_term_string"}}],"inLanguage":"pt-BR"},{"@type":"Person","@id":"https:\/\/aconteceunovale.com.br\/portal\/#\/schema\/person\/7d2f26d1483f8a63de73da1ee0754d35","name":"Reda\u00e7\u00e3o Aconteceu no Vale","description":"Equipe de reportagem do Aconteceu no Vale, portal de not\u00edcias do Vale do Jequitinhonha, em Minas Gerais. Cobrimos as 51 cidades do Vale desde 2013. Sugest\u00f5es de pauta e pedidos de corre\u00e7\u00e3o: contato@aconteceunovale.com.br","url":"https:\/\/aconteceunovale.com.br\/portal\/?author=4"}]}},"_links":{"self":[{"href":"https:\/\/aconteceunovale.com.br\/portal\/index.php?rest_route=\/wp\/v2\/posts\/184108","targetHints":{"allow":["GET"]}}],"collection":[{"href":"https:\/\/aconteceunovale.com.br\/portal\/index.php?rest_route=\/wp\/v2\/posts"}],"about":[{"href":"https:\/\/aconteceunovale.com.br\/portal\/index.php?rest_route=\/wp\/v2\/types\/post"}],"author":[{"embeddable":true,"href":"https:\/\/aconteceunovale.com.br\/portal\/index.php?rest_route=\/wp\/v2\/users\/4"}],"replies":[{"embeddable":true,"href":"https:\/\/aconteceunovale.com.br\/portal\/index.php?rest_route=%2Fwp%2Fv2%2Fcomments&post=184108"}],"version-history":[{"count":2,"href":"https:\/\/aconteceunovale.com.br\/portal\/index.php?rest_route=\/wp\/v2\/posts\/184108\/revisions"}],"predecessor-version":[{"id":184118,"href":"https:\/\/aconteceunovale.com.br\/portal\/index.php?rest_route=\/wp\/v2\/posts\/184108\/revisions\/184118"}],"wp:featuredmedia":[{"embeddable":true,"href":"https:\/\/aconteceunovale.com.br\/portal\/index.php?rest_route=\/wp\/v2\/media\/184109"}],"wp:attachment":[{"href":"https:\/\/aconteceunovale.com.br\/portal\/index.php?rest_route=%2Fwp%2Fv2%2Fmedia&parent=184108"}],"wp:term":[{"taxonomy":"category","embeddable":true,"href":"https:\/\/aconteceunovale.com.br\/portal\/index.php?rest_route=%2Fwp%2Fv2%2Fcategories&post=184108"},{"taxonomy":"post_tag","embeddable":true,"href":"https:\/\/aconteceunovale.com.br\/portal\/index.php?rest_route=%2Fwp%2Fv2%2Ftags&post=184108"}],"curies":[{"name":"wp","href":"https:\/\/api.w.org\/{rel}","templated":true}]}}