{"id":184105,"date":"2021-11-24T19:37:06","date_gmt":"2021-11-24T22:37:06","guid":{"rendered":"https:\/\/aconteceunovale.com.br\/portal\/?p=184105"},"modified":"2021-11-24T19:37:47","modified_gmt":"2021-11-24T22:37:47","slug":"minas-gerais-e-arcelormittal-assinam-protocolo-de-intencoes-para-r-43-bilhoes-em-investimentos","status":"publish","type":"post","link":"https:\/\/aconteceunovale.com.br\/portal\/?p=184105","title":{"rendered":"Minas Gerais e ArcelorMittal assinam protocolo de inten\u00e7\u00f5es para R$ 4,3 bilh\u00f5es em investimentos"},"content":{"rendered":"\n<p class=\"wp-block-paragraph\">O governador Romeu Zema assinou, nesta quarta-feira (24\/11\/2021), protocolo de inten\u00e7\u00e3o com a empresa ArcelorMittal para investimentos de R$ 4,3 bilh\u00f5es em Minas Gerais. Os aportes ser\u00e3o feitos at\u00e9 2024, na unidade de Monlevade, no munic\u00edpio\u00a0de Jo\u00e3o Monlevade, e na Mina de Serra Azul, em Itatiaiu\u00e7u, na regi\u00e3o Central. A previs\u00e3o \u00e9 de que sejam gerados 1.350 novos postos de trabalho.<\/p>\n\n\n\n<figure class=\"wp-block-gallery columns-1 is-cropped wp-block-gallery-1 is-layout-flex wp-block-gallery-is-layout-flex\"><ul class=\"blocks-gallery-grid\"><li class=\"blocks-gallery-item\"><figure><img loading=\"lazy\" decoding=\"async\" width=\"678\" height=\"373\" src=\"https:\/\/aconteceunovale.com.br\/portal\/wp-content\/uploads\/2021\/11\/minas_arcelor_protocolo.jpg\" alt=\"\" data-id=\"184106\" data-full-url=\"https:\/\/aconteceunovale.com.br\/portal\/wp-content\/uploads\/2021\/11\/minas_arcelor_protocolo.jpg\" data-link=\"https:\/\/aconteceunovale.com.br\/portal\/?attachment_id=184106\" class=\"wp-image-184106\" srcset=\"https:\/\/aconteceunovale.com.br\/portal\/wp-content\/uploads\/2021\/11\/minas_arcelor_protocolo.jpg 678w, https:\/\/aconteceunovale.com.br\/portal\/wp-content\/uploads\/2021\/11\/minas_arcelor_protocolo-300x165.jpg 300w\" sizes=\"auto, (max-width: 678px) 100vw, 678px\" \/><figcaption class=\"blocks-gallery-item__caption\"><em>Foto: Cristiano Machado \/ Imprensa MG<\/em><\/figcaption><\/figure><\/li><\/ul><\/figure>\n\n\n\n<p class=\"wp-block-paragraph\">Com os recursos, a planta de Monlevade quase dobrar\u00e1 a capacidade produtiva, passando&nbsp;de 1,2 milh\u00e3o de toneladas\/ano de a\u00e7o bruto para 2,2 milh\u00f5es de toneladas\/ano em 2024. J\u00e1 a Mina de Serra Azul ter\u00e1 sua produ\u00e7\u00e3o praticamente triplicada, saindo&nbsp;de 1,6 milh\u00e3o de toneladas\/ano para 4,5 milh\u00f5es de toneladas\/ano de min\u00e9rio de ferro.<\/p>\n\n\n\n<p class=\"wp-block-paragraph\">Zema destacou as a\u00e7\u00f5es de seu governo para transformar Minas Gerais no estado mais atraente e prop\u00edcio para novos investimentos. Durante a sua gest\u00e3o, foram atra\u00eddos mais de R$ 150 bilh\u00f5es em investimentos privados para Minas Gerais.<\/p>\n\n\n\n<p class=\"wp-block-paragraph\">\u201cFico muito satisfeito em assistir empresas como a ArcelorMittal, que est\u00e1 h\u00e1 mais de cem anos operando em Minas Gerais, acreditarem e investirem no nosso estado. S\u00e3o mais de R$ 4,3 bilh\u00f5es que ser\u00e3o investidos para aumentar a capacidade de produ\u00e7\u00e3o de a\u00e7o e tamb\u00e9m de minera\u00e7\u00e3o. O nosso governo tem trabalhado no sentido de atrair novos investimentos e gerar empregos, porque \u00e9 o que o mineiro mais almeja: ter um emprego digno. Temos avan\u00e7ado naquilo que \u00e9 poss\u00edvel para desburocratizar v\u00e1rios procedimentos, atender o setor privado com mais agilidade e simplificarmos muitas normas. Minas Gerais est\u00e1 caminhando de forma acelerada para ser o estado onde ser\u00e1 mais f\u00e1cil empreender\u201d, ressaltou o governador.<\/p>\n\n\n\n<p class=\"wp-block-paragraph\">O investimento realizado pela ArcelorMittal, l\u00edder mundial em produ\u00e7\u00e3o de a\u00e7o, refor\u00e7a o comprometimento da empresa com Minas Gerais, com o Brasil e com as comunidades que abrigam suas opera\u00e7\u00f5es.\u00a0&#8220;Tamb\u00e9m refor\u00e7amos nossa confian\u00e7a no crescimento da demanda de a\u00e7o por parte do mercado. Como consequ\u00eancia de todos esses investimentos, haver\u00e1 nova oferta de vagas de empregos permanentes e um impacto positivo para sociedade&#8221;, declara o\u00a0presidente da ArcelorMittal Brasil e CEO ArcelorMittal Acos Longos Latam\u00a0e Minera\u00e7\u00e3o Brasil,\u00a0Jefferson de Paula.<\/p>\n\n\n\n<h2 class=\"wp-block-heading\"><strong>Empregos<\/strong><\/h2>\n\n\n\n<p class=\"wp-block-paragraph\">Quando as plantas estiverem operando com plena capacidade, em 2024, ser\u00e3o 1.350&nbsp;novos postos de trabalho a serem preenchidos, preferencialmente, pelos moradores das comunidades que abrigam as unidades. Do total de posi\u00e7\u00f5es, 650 novos trabalhadores ser\u00e3o contratados para a Usina de Monlevade e 330 para a Mina do Andrade, enquanto 370 novos profissionais ir\u00e3o atuar na Mina de Serra Azul.<\/p>\n\n\n\n<p class=\"wp-block-paragraph\">As obras de amplia\u00e7\u00e3o da unidade de Monlevade e da Mina de Serra Azul tamb\u00e9m v\u00e3o gerar empregos tempor\u00e1rios pelas construtoras e empresas terceirizadas contratadas. A previs\u00e3o \u00e9&nbsp;que, no pico das obras, 5 mil pessoas estejam trabalhando em Monlevade e 2,5 mil em Serra Azul, totalizando 7,5 mil trabalhadores.<\/p>\n\n\n\n<h2 class=\"wp-block-heading\"><strong>Workplace<\/strong><\/h2>\n\n\n\n<p class=\"wp-block-paragraph\">Na oportunidade, o governador Romeu Zema tamb\u00e9m conheceu o novo workplace da produtora de a\u00e7o. O novo espa\u00e7o &#8211; localizado no bairro Funcion\u00e1rios, na capital mineira &#8211; \u00e9 s\u00edmbolo do processo de moderniza\u00e7\u00e3o e mudan\u00e7a cultural pelo qual a empresa est\u00e1 passando, que contempla agora esta\u00e7\u00f5es de trabalho compartilhadas e mais modernas. O projeto arquitet\u00f4nico foi planejado para desenvolver atividades criativas e colaborativas, com locais especiais de reuni\u00e3o, treinamentos, desenvolvimento e conv\u00edvio social, al\u00e9m da \u00e1rea espec\u00edfica para refeit\u00f3rios.<\/p>\n\n\n\n<h2 class=\"wp-block-heading\"><strong>100 anos de ArcelorMittal<\/strong><\/h2>\n\n\n\n<p class=\"wp-block-paragraph\">O an\u00fancio dos investimentos em Minas Gerais coincide com o anivers\u00e1rio de 100 anos do segmento de a\u00e7os longos da ArcelorMittal no Brasil, que teve sua hist\u00f3ria iniciada em dezembro de 1921, na Usina de Sabar\u00e1, a primeira usina integrada da Am\u00e9rica do Sul e pioneira na fabrica\u00e7\u00e3o de laminados com a\u00e7o 100% brasileiro.<\/p>\n\n\n\n<p class=\"wp-block-paragraph\">&#8212;&#8212;&#8212;&#8212;&#8212;&#8212;<br><em>Quer receber as not\u00edcias do <strong>Aconteceu no Vale<\/strong> em primeira m\u00e3o? Siga-nos no Facebook <a rel=\"noreferrer noopener\" href=\"http:\/\/facebook.com\/aconteceunovale\" target=\"_blank\">@aconteceunovale<\/a>, Twitter <a rel=\"noreferrer noopener\" href=\"https:\/\/twitter.com\/noticiadosvales\" target=\"_blank\">@noticiadosvales<\/a> e Instagram <a rel=\"noreferrer noopener\" href=\"https:\/\/www.instagram.com\/aconteceunovale\" target=\"_blank\">@aconteceunovale<\/a>.<\/em><\/p>\n","protected":false},"excerpt":{"rendered":"<p>O governador Romeu Zema assinou, nesta quarta-feira (24\/11\/2021), protocolo de inten\u00e7\u00e3o com a empresa ArcelorMittal para investimentos de R$ 4,3 bilh\u00f5es em Minas Gerais. Os aportes ser\u00e3o feitos at\u00e9 2024, na unidade de Monlevade, no munic\u00edpio\u00a0de Jo\u00e3o Monlevade, e na Mina de Serra Azul, em Itatiaiu\u00e7u, na regi\u00e3o Central. A previs\u00e3o \u00e9 de que sejam [&hellip;]<\/p>\n","protected":false},"author":4,"featured_media":184106,"comment_status":"open","ping_status":"closed","sticky":false,"template":"","format":"standard","meta":{"amp_status":"","footnotes":""},"categories":[123],"tags":[254858,254849,254848,74775,254857,176869,254856,254854,254853,184213,254852,193572,122436,1102,254855,254847,254850,254851,178207,1779],"class_list":["post-184105","post","type-post","status-publish","format-standard","has-post-thumbnail","hentry","category-gerais","tag-100-anos-de-arcelormittal","tag-acordo-entre-governo-de-minas-gerais-e-arcelormittal","tag-acordo-entre-minas-gerais-e-arcelormittal","tag-arcelormittal","tag-arcelormittal-acos-longos-latam-e-mineracao-brasil","tag-arcelormittal-brasil","tag-arcelormittal-em-itatiaiucu","tag-arcelormittal-em-joao-monlevade","tag-arcelormittal-em-minas-gerais","tag-governador-romeu-zema","tag-investimentos-da-arcelormittal-em-minas-gerais","tag-itatiaucu","tag-jefferson-de-paula","tag-joao-monlevade","tag-mina-de-serra-azul","tag-minas-gerais-e-arcelormittal","tag-protocolo-assinado-entre-minas-gerais-e-arcelormittal","tag-protocolo-entre-minas-gerais-e-arcelormittal","tag-romeu-zema","tag-sabara"],"yoast_head":"<!-- This site is optimized with the Yoast SEO plugin v28.3 - https:\/\/yoast.com\/product\/yoast-seo-wordpress\/ -->\n<title>Minas Gerais e ArcelorMittal assinam protocolo de inten\u00e7\u00f5es para R$ 4,3 bilh\u00f5es em investimentos - Aconteceu no Vale<\/title>\n<meta name=\"robots\" content=\"index, follow, max-snippet:-1, max-image-preview:large, max-video-preview:-1\" \/>\n<link rel=\"canonical\" href=\"https:\/\/aconteceunovale.com.br\/portal\/?p=184105\" \/>\n<meta property=\"og:locale\" content=\"pt_BR\" \/>\n<meta property=\"og:type\" content=\"article\" \/>\n<meta property=\"og:title\" content=\"Minas Gerais e ArcelorMittal assinam protocolo de inten\u00e7\u00f5es para R$ 4,3 bilh\u00f5es em investimentos - Aconteceu no Vale\" \/>\n<meta property=\"og:description\" content=\"O governador Romeu Zema assinou, nesta quarta-feira (24\/11\/2021), protocolo de inten\u00e7\u00e3o com a empresa ArcelorMittal para investimentos de R$ 4,3 bilh\u00f5es em Minas Gerais. Os aportes ser\u00e3o feitos at\u00e9 2024, na unidade de Monlevade, no munic\u00edpio\u00a0de Jo\u00e3o Monlevade, e na Mina de Serra Azul, em Itatiaiu\u00e7u, na regi\u00e3o Central. A previs\u00e3o \u00e9 de que sejam [&hellip;]\" \/>\n<meta property=\"og:url\" content=\"https:\/\/aconteceunovale.com.br\/portal\/?p=184105\" \/>\n<meta property=\"og:site_name\" content=\"Aconteceu no Vale\" \/>\n<meta property=\"article:publisher\" content=\"https:\/\/www.facebook.com\/aconteceunovale\/\" \/>\n<meta property=\"article:published_time\" content=\"2021-11-24T22:37:06+00:00\" \/>\n<meta property=\"article:modified_time\" content=\"2021-11-24T22:37:47+00:00\" \/>\n<meta property=\"og:image\" content=\"https:\/\/aconteceunovale.com.br\/portal\/wp-content\/uploads\/2021\/11\/minas_arcelor_protocolo.jpg\" \/>\n\t<meta property=\"og:image:width\" content=\"678\" \/>\n\t<meta property=\"og:image:height\" content=\"373\" \/>\n\t<meta property=\"og:image:type\" content=\"image\/jpeg\" \/>\n<meta name=\"author\" content=\"Reda\u00e7\u00e3o Aconteceu no Vale\" \/>\n<meta name=\"twitter:card\" content=\"summary_large_image\" \/>\n<meta name=\"twitter:creator\" content=\"@noticiadosvales\" \/>\n<meta name=\"twitter:site\" content=\"@noticiadosvales\" \/>\n<meta name=\"twitter:label1\" content=\"Escrito por\" \/>\n\t<meta name=\"twitter:data1\" content=\"Reda\u00e7\u00e3o Aconteceu no Vale\" \/>\n\t<meta name=\"twitter:label2\" content=\"Est. tempo de leitura\" \/>\n\t<meta name=\"twitter:data2\" content=\"3 minutos\" \/>\n<script type=\"application\/ld+json\" class=\"yoast-schema-graph\">{\"@context\":\"https:\\\/\\\/schema.org\",\"@graph\":[{\"@type\":\"Article\",\"@id\":\"https:\\\/\\\/aconteceunovale.com.br\\\/portal\\\/?p=184105#article\",\"isPartOf\":{\"@id\":\"https:\\\/\\\/aconteceunovale.com.br\\\/portal\\\/?p=184105\"},\"author\":{\"name\":\"Reda\u00e7\u00e3o Aconteceu no Vale\",\"@id\":\"https:\\\/\\\/aconteceunovale.com.br\\\/portal\\\/#\\\/schema\\\/person\\\/7d2f26d1483f8a63de73da1ee0754d35\"},\"headline\":\"Minas Gerais e ArcelorMittal assinam protocolo de inten\u00e7\u00f5es para R$ 4,3 bilh\u00f5es em investimentos\",\"datePublished\":\"2021-11-24T22:37:06+00:00\",\"dateModified\":\"2021-11-24T22:37:47+00:00\",\"mainEntityOfPage\":{\"@id\":\"https:\\\/\\\/aconteceunovale.com.br\\\/portal\\\/?p=184105\"},\"wordCount\":692,\"commentCount\":0,\"image\":{\"@id\":\"https:\\\/\\\/aconteceunovale.com.br\\\/portal\\\/?p=184105#primaryimage\"},\"thumbnailUrl\":\"https:\\\/\\\/aconteceunovale.com.br\\\/portal\\\/wp-content\\\/uploads\\\/2021\\\/11\\\/minas_arcelor_protocolo.jpg\",\"keywords\":[\"100 anos de ArcelorMittal\",\"Acordo entre Governo de Minas Gerais e ArcelorMittal\",\"Acordo entre Minas Gerais e ArcelorMittal\",\"ArcelorMittal\",\"ArcelorMittal Acos Longos Latam e Minera\u00e7\u00e3o Brasil\",\"ArcelorMittal Brasil\",\"ArcelorMittal em Itatiaiu\u00e7u\",\"ArcelorMittal em Jo\u00e3o Monlevade\",\"ArcelorMittal em Minas Gerais\",\"Governador Romeu Zema\",\"Investimentos da ArcelorMittal em Minas Gerais\",\"Itatiau\u00e7u\",\"Jefferson de Paula\",\"Jo\u00e3o Monlevade\",\"Mina de Serra Azul\",\"Minas Gerais e ArcelorMittal\",\"Protocolo assinado entre Minas Gerais e ArcelorMittal\",\"Protocolo entre Minas Gerais e ArcelorMittal\",\"Romeu Zema\",\"Sabar\u00e1\"],\"articleSection\":[\"Minas Gerais\"],\"inLanguage\":\"pt-BR\",\"potentialAction\":[{\"@type\":\"CommentAction\",\"name\":\"Comment\",\"target\":[\"https:\\\/\\\/aconteceunovale.com.br\\\/portal\\\/?p=184105#respond\"]}]},{\"@type\":\"WebPage\",\"@id\":\"https:\\\/\\\/aconteceunovale.com.br\\\/portal\\\/?p=184105\",\"url\":\"https:\\\/\\\/aconteceunovale.com.br\\\/portal\\\/?p=184105\",\"name\":\"Minas Gerais e ArcelorMittal assinam protocolo de inten\u00e7\u00f5es para R$ 4,3 bilh\u00f5es em investimentos - Aconteceu no Vale\",\"isPartOf\":{\"@id\":\"https:\\\/\\\/aconteceunovale.com.br\\\/portal\\\/#website\"},\"primaryImageOfPage\":{\"@id\":\"https:\\\/\\\/aconteceunovale.com.br\\\/portal\\\/?p=184105#primaryimage\"},\"image\":{\"@id\":\"https:\\\/\\\/aconteceunovale.com.br\\\/portal\\\/?p=184105#primaryimage\"},\"thumbnailUrl\":\"https:\\\/\\\/aconteceunovale.com.br\\\/portal\\\/wp-content\\\/uploads\\\/2021\\\/11\\\/minas_arcelor_protocolo.jpg\",\"datePublished\":\"2021-11-24T22:37:06+00:00\",\"dateModified\":\"2021-11-24T22:37:47+00:00\",\"author\":{\"@id\":\"https:\\\/\\\/aconteceunovale.com.br\\\/portal\\\/#\\\/schema\\\/person\\\/7d2f26d1483f8a63de73da1ee0754d35\"},\"breadcrumb\":{\"@id\":\"https:\\\/\\\/aconteceunovale.com.br\\\/portal\\\/?p=184105#breadcrumb\"},\"inLanguage\":\"pt-BR\",\"potentialAction\":[{\"@type\":\"ReadAction\",\"target\":[\"https:\\\/\\\/aconteceunovale.com.br\\\/portal\\\/?p=184105\"]}]},{\"@type\":\"ImageObject\",\"inLanguage\":\"pt-BR\",\"@id\":\"https:\\\/\\\/aconteceunovale.com.br\\\/portal\\\/?p=184105#primaryimage\",\"url\":\"https:\\\/\\\/aconteceunovale.com.br\\\/portal\\\/wp-content\\\/uploads\\\/2021\\\/11\\\/minas_arcelor_protocolo.jpg\",\"contentUrl\":\"https:\\\/\\\/aconteceunovale.com.br\\\/portal\\\/wp-content\\\/uploads\\\/2021\\\/11\\\/minas_arcelor_protocolo.jpg\",\"width\":678,\"height\":373},{\"@type\":\"BreadcrumbList\",\"@id\":\"https:\\\/\\\/aconteceunovale.com.br\\\/portal\\\/?p=184105#breadcrumb\",\"itemListElement\":[{\"@type\":\"ListItem\",\"position\":1,\"name\":\"In\u00edcio\",\"item\":\"https:\\\/\\\/aconteceunovale.com.br\\\/portal\\\/\"},{\"@type\":\"ListItem\",\"position\":2,\"name\":\"Minas Gerais e ArcelorMittal assinam protocolo de inten\u00e7\u00f5es para R$ 4,3 bilh\u00f5es em investimentos\"}]},{\"@type\":\"WebSite\",\"@id\":\"https:\\\/\\\/aconteceunovale.com.br\\\/portal\\\/#website\",\"url\":\"https:\\\/\\\/aconteceunovale.com.br\\\/portal\\\/\",\"name\":\"Aconteceu no Vale\",\"description\":\"Portal de Not\u00edcias\",\"potentialAction\":[{\"@type\":\"SearchAction\",\"target\":{\"@type\":\"EntryPoint\",\"urlTemplate\":\"https:\\\/\\\/aconteceunovale.com.br\\\/portal\\\/?s={search_term_string}\"},\"query-input\":{\"@type\":\"PropertyValueSpecification\",\"valueRequired\":true,\"valueName\":\"search_term_string\"}}],\"inLanguage\":\"pt-BR\"},{\"@type\":\"Person\",\"@id\":\"https:\\\/\\\/aconteceunovale.com.br\\\/portal\\\/#\\\/schema\\\/person\\\/7d2f26d1483f8a63de73da1ee0754d35\",\"name\":\"Reda\u00e7\u00e3o Aconteceu no Vale\",\"description\":\"Equipe de reportagem do Aconteceu no Vale, portal de not\u00edcias do Vale do Jequitinhonha, em Minas Gerais. Cobrimos as 51 cidades do Vale desde 2013. Sugest\u00f5es de pauta e pedidos de corre\u00e7\u00e3o: contato@aconteceunovale.com.br\",\"url\":\"https:\\\/\\\/aconteceunovale.com.br\\\/portal\\\/?author=4\"}]}<\/script>\n<!-- \/ Yoast SEO plugin. -->","yoast_head_json":{"title":"Minas Gerais e ArcelorMittal assinam protocolo de inten\u00e7\u00f5es para R$ 4,3 bilh\u00f5es em investimentos - Aconteceu no Vale","robots":{"index":"index","follow":"follow","max-snippet":"max-snippet:-1","max-image-preview":"max-image-preview:large","max-video-preview":"max-video-preview:-1"},"canonical":"https:\/\/aconteceunovale.com.br\/portal\/?p=184105","og_locale":"pt_BR","og_type":"article","og_title":"Minas Gerais e ArcelorMittal assinam protocolo de inten\u00e7\u00f5es para R$ 4,3 bilh\u00f5es em investimentos - Aconteceu no Vale","og_description":"O governador Romeu Zema assinou, nesta quarta-feira (24\/11\/2021), protocolo de inten\u00e7\u00e3o com a empresa ArcelorMittal para investimentos de R$ 4,3 bilh\u00f5es em Minas Gerais. Os aportes ser\u00e3o feitos at\u00e9 2024, na unidade de Monlevade, no munic\u00edpio\u00a0de Jo\u00e3o Monlevade, e na Mina de Serra Azul, em Itatiaiu\u00e7u, na regi\u00e3o Central. A previs\u00e3o \u00e9 de que sejam [&hellip;]","og_url":"https:\/\/aconteceunovale.com.br\/portal\/?p=184105","og_site_name":"Aconteceu no Vale","article_publisher":"https:\/\/www.facebook.com\/aconteceunovale\/","article_published_time":"2021-11-24T22:37:06+00:00","article_modified_time":"2021-11-24T22:37:47+00:00","og_image":[{"width":678,"height":373,"url":"https:\/\/aconteceunovale.com.br\/portal\/wp-content\/uploads\/2021\/11\/minas_arcelor_protocolo.jpg","type":"image\/jpeg"}],"author":"Reda\u00e7\u00e3o Aconteceu no Vale","twitter_card":"summary_large_image","twitter_creator":"@noticiadosvales","twitter_site":"@noticiadosvales","twitter_misc":{"Escrito por":"Reda\u00e7\u00e3o Aconteceu no Vale","Est. tempo de leitura":"3 minutos"},"schema":{"@context":"https:\/\/schema.org","@graph":[{"@type":"Article","@id":"https:\/\/aconteceunovale.com.br\/portal\/?p=184105#article","isPartOf":{"@id":"https:\/\/aconteceunovale.com.br\/portal\/?p=184105"},"author":{"name":"Reda\u00e7\u00e3o Aconteceu no Vale","@id":"https:\/\/aconteceunovale.com.br\/portal\/#\/schema\/person\/7d2f26d1483f8a63de73da1ee0754d35"},"headline":"Minas Gerais e ArcelorMittal assinam protocolo de inten\u00e7\u00f5es para R$ 4,3 bilh\u00f5es em investimentos","datePublished":"2021-11-24T22:37:06+00:00","dateModified":"2021-11-24T22:37:47+00:00","mainEntityOfPage":{"@id":"https:\/\/aconteceunovale.com.br\/portal\/?p=184105"},"wordCount":692,"commentCount":0,"image":{"@id":"https:\/\/aconteceunovale.com.br\/portal\/?p=184105#primaryimage"},"thumbnailUrl":"https:\/\/aconteceunovale.com.br\/portal\/wp-content\/uploads\/2021\/11\/minas_arcelor_protocolo.jpg","keywords":["100 anos de ArcelorMittal","Acordo entre Governo de Minas Gerais e ArcelorMittal","Acordo entre Minas Gerais e ArcelorMittal","ArcelorMittal","ArcelorMittal Acos Longos Latam e Minera\u00e7\u00e3o Brasil","ArcelorMittal Brasil","ArcelorMittal em Itatiaiu\u00e7u","ArcelorMittal em Jo\u00e3o Monlevade","ArcelorMittal em Minas Gerais","Governador Romeu Zema","Investimentos da ArcelorMittal em Minas Gerais","Itatiau\u00e7u","Jefferson de Paula","Jo\u00e3o Monlevade","Mina de Serra Azul","Minas Gerais e ArcelorMittal","Protocolo assinado entre Minas Gerais e ArcelorMittal","Protocolo entre Minas Gerais e ArcelorMittal","Romeu Zema","Sabar\u00e1"],"articleSection":["Minas Gerais"],"inLanguage":"pt-BR","potentialAction":[{"@type":"CommentAction","name":"Comment","target":["https:\/\/aconteceunovale.com.br\/portal\/?p=184105#respond"]}]},{"@type":"WebPage","@id":"https:\/\/aconteceunovale.com.br\/portal\/?p=184105","url":"https:\/\/aconteceunovale.com.br\/portal\/?p=184105","name":"Minas Gerais e ArcelorMittal assinam protocolo de inten\u00e7\u00f5es para R$ 4,3 bilh\u00f5es em investimentos - Aconteceu no Vale","isPartOf":{"@id":"https:\/\/aconteceunovale.com.br\/portal\/#website"},"primaryImageOfPage":{"@id":"https:\/\/aconteceunovale.com.br\/portal\/?p=184105#primaryimage"},"image":{"@id":"https:\/\/aconteceunovale.com.br\/portal\/?p=184105#primaryimage"},"thumbnailUrl":"https:\/\/aconteceunovale.com.br\/portal\/wp-content\/uploads\/2021\/11\/minas_arcelor_protocolo.jpg","datePublished":"2021-11-24T22:37:06+00:00","dateModified":"2021-11-24T22:37:47+00:00","author":{"@id":"https:\/\/aconteceunovale.com.br\/portal\/#\/schema\/person\/7d2f26d1483f8a63de73da1ee0754d35"},"breadcrumb":{"@id":"https:\/\/aconteceunovale.com.br\/portal\/?p=184105#breadcrumb"},"inLanguage":"pt-BR","potentialAction":[{"@type":"ReadAction","target":["https:\/\/aconteceunovale.com.br\/portal\/?p=184105"]}]},{"@type":"ImageObject","inLanguage":"pt-BR","@id":"https:\/\/aconteceunovale.com.br\/portal\/?p=184105#primaryimage","url":"https:\/\/aconteceunovale.com.br\/portal\/wp-content\/uploads\/2021\/11\/minas_arcelor_protocolo.jpg","contentUrl":"https:\/\/aconteceunovale.com.br\/portal\/wp-content\/uploads\/2021\/11\/minas_arcelor_protocolo.jpg","width":678,"height":373},{"@type":"BreadcrumbList","@id":"https:\/\/aconteceunovale.com.br\/portal\/?p=184105#breadcrumb","itemListElement":[{"@type":"ListItem","position":1,"name":"In\u00edcio","item":"https:\/\/aconteceunovale.com.br\/portal\/"},{"@type":"ListItem","position":2,"name":"Minas Gerais e ArcelorMittal assinam protocolo de inten\u00e7\u00f5es para R$ 4,3 bilh\u00f5es em investimentos"}]},{"@type":"WebSite","@id":"https:\/\/aconteceunovale.com.br\/portal\/#website","url":"https:\/\/aconteceunovale.com.br\/portal\/","name":"Aconteceu no Vale","description":"Portal de Not\u00edcias","potentialAction":[{"@type":"SearchAction","target":{"@type":"EntryPoint","urlTemplate":"https:\/\/aconteceunovale.com.br\/portal\/?s={search_term_string}"},"query-input":{"@type":"PropertyValueSpecification","valueRequired":true,"valueName":"search_term_string"}}],"inLanguage":"pt-BR"},{"@type":"Person","@id":"https:\/\/aconteceunovale.com.br\/portal\/#\/schema\/person\/7d2f26d1483f8a63de73da1ee0754d35","name":"Reda\u00e7\u00e3o Aconteceu no Vale","description":"Equipe de reportagem do Aconteceu no Vale, portal de not\u00edcias do Vale do Jequitinhonha, em Minas Gerais. Cobrimos as 51 cidades do Vale desde 2013. Sugest\u00f5es de pauta e pedidos de corre\u00e7\u00e3o: contato@aconteceunovale.com.br","url":"https:\/\/aconteceunovale.com.br\/portal\/?author=4"}]}},"_links":{"self":[{"href":"https:\/\/aconteceunovale.com.br\/portal\/index.php?rest_route=\/wp\/v2\/posts\/184105","targetHints":{"allow":["GET"]}}],"collection":[{"href":"https:\/\/aconteceunovale.com.br\/portal\/index.php?rest_route=\/wp\/v2\/posts"}],"about":[{"href":"https:\/\/aconteceunovale.com.br\/portal\/index.php?rest_route=\/wp\/v2\/types\/post"}],"author":[{"embeddable":true,"href":"https:\/\/aconteceunovale.com.br\/portal\/index.php?rest_route=\/wp\/v2\/users\/4"}],"replies":[{"embeddable":true,"href":"https:\/\/aconteceunovale.com.br\/portal\/index.php?rest_route=%2Fwp%2Fv2%2Fcomments&post=184105"}],"version-history":[{"count":1,"href":"https:\/\/aconteceunovale.com.br\/portal\/index.php?rest_route=\/wp\/v2\/posts\/184105\/revisions"}],"predecessor-version":[{"id":184107,"href":"https:\/\/aconteceunovale.com.br\/portal\/index.php?rest_route=\/wp\/v2\/posts\/184105\/revisions\/184107"}],"wp:featuredmedia":[{"embeddable":true,"href":"https:\/\/aconteceunovale.com.br\/portal\/index.php?rest_route=\/wp\/v2\/media\/184106"}],"wp:attachment":[{"href":"https:\/\/aconteceunovale.com.br\/portal\/index.php?rest_route=%2Fwp%2Fv2%2Fmedia&parent=184105"}],"wp:term":[{"taxonomy":"category","embeddable":true,"href":"https:\/\/aconteceunovale.com.br\/portal\/index.php?rest_route=%2Fwp%2Fv2%2Fcategories&post=184105"},{"taxonomy":"post_tag","embeddable":true,"href":"https:\/\/aconteceunovale.com.br\/portal\/index.php?rest_route=%2Fwp%2Fv2%2Ftags&post=184105"}],"curies":[{"name":"wp","href":"https:\/\/api.w.org\/{rel}","templated":true}]}}